{"id":5612,"date":"2026-01-23T13:09:59","date_gmt":"2026-01-23T13:09:59","guid":{"rendered":"https:\/\/www.orangecosta.com\/blog\/?p=5612"},"modified":"2026-03-12T12:01:18","modified_gmt":"2026-03-12T12:01:18","slug":"el-biarritz-valenciano","status":"publish","type":"post","link":"https:\/\/www.orangecosta.com\/blog\/el-biarritz-valenciano\/","title":{"rendered":"El Biarritz valenciano: por qu\u00e9 Benic\u00e0ssim se gan\u00f3 ese apodo\u00a0"},"content":{"rendered":"\t\t<div data-elementor-type=\"wp-post\" data-elementor-id=\"5612\" class=\"elementor elementor-5612\" data-elementor-post-type=\"post\">\n\t\t\t\t\t\t<section class=\"elementor-section elementor-top-section elementor-element elementor-element-3e2a8f53 elementor-section-boxed elementor-section-height-default elementor-section-height-default\" data-id=\"3e2a8f53\" data-element_type=\"section\" data-e-type=\"section\">\n\t\t\t\t\t\t<div class=\"elementor-container elementor-column-gap-default\">\n\t\t\t\t\t<div class=\"elementor-column elementor-col-100 elementor-top-column elementor-element elementor-element-3bf517ab\" data-id=\"3bf517ab\" data-element_type=\"column\" data-e-type=\"column\">\n\t\t\t<div class=\"elementor-widget-wrap elementor-element-populated\">\n\t\t\t\t\t\t<div class=\"elementor-element elementor-element-2e386648 elementor-widget elementor-widget-text-editor\" data-id=\"2e386648\" data-element_type=\"widget\" data-e-type=\"widget\" data-widget_type=\"text-editor.default\">\n\t\t\t\t<div class=\"elementor-widget-container\">\n\t\t\t\t\t\t\t\t\t<p style=\"font-weight: 400;\">Cuando alguien habla del Biarritz valenciano, est\u00e1 hablando de Benic\u00e0ssim. Y no, no es una etiqueta puesta al azar. <strong>Este rinc\u00f3n de la costa de Castell\u00f3n lleva d\u00e9cadas asoci\u00e1ndose con ese aire elegante y vacacional que recuerda al norte.<\/strong>\u00bfLa diferencia? El clima mediterr\u00e1neo, mucho m\u00e1s c\u00e1lido.<\/p><p style=\"font-weight: 400;\">Si quieres saber m\u00e1s curiosidades sobre el Biarritz valenciano, qu\u00e9 ver aqu\u00ed y qu\u00e9 hacer sigue leyendo, que te contamos esto y mucho m\u00e1s.<\/p>\t\t\t\t\t\t\t\t<\/div>\n\t\t\t\t<\/div>\n\t\t\t\t\t<\/div>\n\t\t<\/div>\n\t\t\t\t\t<\/div>\n\t\t<\/section>\n\t\t\t\t<section class=\"elementor-section elementor-top-section elementor-element elementor-element-3c97760f elementor-section-boxed elementor-section-height-default elementor-section-height-default\" data-id=\"3c97760f\" data-element_type=\"section\" data-e-type=\"section\">\n\t\t\t\t\t\t<div class=\"elementor-container elementor-column-gap-default\">\n\t\t\t\t\t<div class=\"elementor-column elementor-col-100 elementor-top-column elementor-element elementor-element-4e38fccb\" data-id=\"4e38fccb\" data-element_type=\"column\" data-e-type=\"column\">\n\t\t\t<div class=\"elementor-widget-wrap elementor-element-populated\">\n\t\t\t\t\t\t<div class=\"elementor-element elementor-element-71efcad elementor-widget elementor-widget-table-of-contents\" data-id=\"71efcad\" data-element_type=\"widget\" data-e-type=\"widget\" data-settings=\"{&quot;headings_by_tags&quot;:[&quot;h2&quot;],&quot;exclude_headings_by_selector&quot;:[],&quot;marker_view&quot;:&quot;bullets&quot;,&quot;icon&quot;:{&quot;value&quot;:&quot;&quot;,&quot;library&quot;:&quot;&quot;},&quot;no_headings_message&quot;:&quot;No se ha encontrado ning\\u00fan encabezado en esta p\\u00e1gina.&quot;,&quot;hierarchical_view&quot;:&quot;yes&quot;,&quot;min_height&quot;:{&quot;unit&quot;:&quot;px&quot;,&quot;size&quot;:&quot;&quot;,&quot;sizes&quot;:[]},&quot;min_height_tablet&quot;:{&quot;unit&quot;:&quot;px&quot;,&quot;size&quot;:&quot;&quot;,&quot;sizes&quot;:[]},&quot;min_height_mobile&quot;:{&quot;unit&quot;:&quot;px&quot;,&quot;size&quot;:&quot;&quot;,&quot;sizes&quot;:[]}}\" data-widget_type=\"table-of-contents.default\">\n\t\t\t\t<div class=\"elementor-widget-container\">\n\t\t\t\t\t\t\t\t\t<div class=\"elementor-toc__header\">\n\t\t\t\t\t\t<div class=\"elementor-toc__header-title\">\n\t\t\t\t\u00cdNDICE\t\t\t<\/div>\n\t\t\t\t\t\t\t\t<\/div>\n\t\t\t\t<div id=\"elementor-toc__71efcad\" class=\"elementor-toc__body\">\n\t\t\t<div class=\"elementor-toc__spinner-container\">\n\t\t\t\t<i class=\"elementor-toc__spinner eicon-animation-spin eicon-loading\" aria-hidden=\"true\"><\/i>\t\t\t<\/div>\n\t\t<\/div>\n\t\t\t\t\t\t<\/div>\n\t\t\t\t<\/div>\n\t\t\t\t\t<\/div>\n\t\t<\/div>\n\t\t\t\t\t<\/div>\n\t\t<\/section>\n\t\t\t\t<section class=\"elementor-section elementor-top-section elementor-element elementor-element-40ba034c elementor-section-boxed elementor-section-height-default elementor-section-height-default\" data-id=\"40ba034c\" data-element_type=\"section\" data-e-type=\"section\">\n\t\t\t\t\t\t<div class=\"elementor-container elementor-column-gap-default\">\n\t\t\t\t\t<div class=\"elementor-column elementor-col-100 elementor-top-column elementor-element elementor-element-1e11e791\" data-id=\"1e11e791\" data-element_type=\"column\" data-e-type=\"column\">\n\t\t\t<div class=\"elementor-widget-wrap elementor-element-populated\">\n\t\t\t\t\t\t<div class=\"elementor-element elementor-element-4ca9b78 elementor-widget elementor-widget-heading\" data-id=\"4ca9b78\" data-element_type=\"widget\" data-e-type=\"widget\" data-widget_type=\"heading.default\">\n\t\t\t\t<div class=\"elementor-widget-container\">\n\t\t\t\t\t<h2 class=\"elementor-heading-title elementor-size-default\">Un poco de historia<\/h2>\t\t\t\t<\/div>\n\t\t\t\t<\/div>\n\t\t\t\t<div class=\"elementor-element elementor-element-6e96b41f elementor-widget elementor-widget-text-editor\" data-id=\"6e96b41f\" data-element_type=\"widget\" data-e-type=\"widget\" data-widget_type=\"text-editor.default\">\n\t\t\t\t<div class=\"elementor-widget-container\">\n\t\t\t\t\t\t\t\t\t<p style=\"font-weight: 400;\">Benic\u00e0ssim fue, desde finales del siglo XIX y principios del XX, un <strong>lugar de veraneo de la alta sociedad.<\/strong> Por eso cuenta con un mont\u00f3n de villas se\u00f1oriales muy cerca del mar, muchas de ellas todav\u00eda en pie y formando parte del paisaje urbano.<\/p><p style=\"font-weight: 400;\">Ese pasado es el que hizo que muchos empezaran a llamarlo as\u00ed, y lo cierto es que todav\u00eda hoy se sigue escuchando este apelativo en sus calles.<\/p><p style=\"font-weight: 400;\">\u00bfDe d\u00f3nde viene el nombre? <strong>De Biarritz (Francia), un destino glamuroso ligado a la realeza y a la alta sociedad europea<\/strong> que, con el tiempo, se convirti\u00f3 en la meca del surf. Ese paralelismo entre elegancia, mar y veraneo es el que acab\u00f3 bautizando a Benic\u00e0ssim como el Biarritz valenciano.<\/p><p style=\"font-weight: 400;\">Hist\u00f3ricamente se distinguen <strong>dos zonas muy diferentes<\/strong>, separadas por los Jardines de Com\u00edn, conocidos popularmente como el \u00abLimbo\u00bb.<\/p><p style=\"font-weight: 400;\">Por un lado est\u00e1 la \u00abRuta del Infierno\u00bb, poblada por casas en las que sol\u00edan celebrarse fiestas escandalosas y muy animadas; y por otro, la \u00abRuta de la Corte Celestial\u00bb, con viviendas tranquilas, pensadas para el descanso y la calma.<\/p>\t\t\t\t\t\t\t\t<\/div>\n\t\t\t\t<\/div>\n\t\t\t\t<div class=\"elementor-element elementor-element-58be0c4 elementor-widget elementor-widget-google_maps\" data-id=\"58be0c4\" data-element_type=\"widget\" data-e-type=\"widget\" data-widget_type=\"google_maps.default\">\n\t\t\t\t<div class=\"elementor-widget-container\">\n\t\t\t\t\t\t\t<div class=\"elementor-custom-embed\">\n\t\t\t<iframe loading=\"lazy\"\n\t\t\t\t\tsrc=\"https:\/\/maps.google.com\/maps?q=Benicasim%20&#038;t=m&#038;z=13&#038;output=embed&#038;iwloc=near\"\n\t\t\t\t\ttitle=\"Benicasim \"\n\t\t\t\t\taria-label=\"Benicasim \"\n\t\t\t><\/iframe>\n\t\t<\/div>\n\t\t\t\t\t\t<\/div>\n\t\t\t\t<\/div>\n\t\t\t\t\t<\/div>\n\t\t<\/div>\n\t\t\t\t\t<\/div>\n\t\t<\/section>\n\t\t\t\t<section class=\"elementor-section elementor-top-section elementor-element elementor-element-a0e6e2d elementor-section-boxed elementor-section-height-default elementor-section-height-default\" data-id=\"a0e6e2d\" data-element_type=\"section\" data-e-type=\"section\">\n\t\t\t\t\t\t<div class=\"elementor-container elementor-column-gap-default\">\n\t\t\t\t\t<div class=\"elementor-column elementor-col-100 elementor-top-column elementor-element elementor-element-35d8605\" data-id=\"35d8605\" data-element_type=\"column\" data-e-type=\"column\">\n\t\t\t<div class=\"elementor-widget-wrap elementor-element-populated\">\n\t\t\t\t\t\t<div class=\"elementor-element elementor-element-06b0689 elementor-widget elementor-widget-heading\" data-id=\"06b0689\" data-element_type=\"widget\" data-e-type=\"widget\" data-widget_type=\"heading.default\">\n\t\t\t\t<div class=\"elementor-widget-container\">\n\t\t\t\t\t<h2 class=\"elementor-heading-title elementor-size-default\">Villas y arquitectura: el alma del Biarritz valenciano<\/h2>\t\t\t\t<\/div>\n\t\t\t\t<\/div>\n\t\t\t\t<div class=\"elementor-element elementor-element-9ffe487 elementor-widget elementor-widget-text-editor\" data-id=\"9ffe487\" data-element_type=\"widget\" data-e-type=\"widget\" data-widget_type=\"text-editor.default\">\n\t\t\t\t<div class=\"elementor-widget-container\">\n\t\t\t\t\t\t\t\t\t<p style=\"font-weight: 400;\">Si hay algo que termina de explicar por qu\u00e9 a Benic\u00e0ssim se le conoce como el Biarritz valenciano es su arquitectura. Pasear por su litoral es hacerlo entre antiguas residencias de verano construidas por familias acomodadas que buscaban tranquilidad y pasar largas estancias lejos de la ciudad.<\/p><p style=\"font-weight: 400;\">Estas villas se caracterizan por una arquitectura claramente modernista: <strong>fachadas coloridas, porches amplios, balcones abiertos al Mediterr\u00e1neo, detalles ornamentales y una clara intenci\u00f3n de disfrutar del exterior y del buen <\/strong><a href=\"https:\/\/www.orangecosta.com\/blog\/el-tiempo-en-benicasim-un-clima-perfecto-todo-el-ano\/\"><strong>tiempo de Benic\u00e0ssim<\/strong><\/a><strong>.<\/strong><\/p><p style=\"font-weight: 400;\">Entre las m\u00e1s conocidas est\u00e1 <strong>Villa Elisa<\/strong>, una de las m\u00e1s emblem\u00e1ticas y mejor conservadas, que hoy en d\u00eda sigue siendo un referente cultural y uno de los grandes s\u00edmbolos que ver en Benic\u00e0ssim. Muy cerca se encuentran <strong>Villa Pilar y Villa Victoria<\/strong>, otros ejemplos claros de esta arquitectura de veraneo.<\/p><p style=\"font-weight: 400;\"><strong>\u00a1Y as\u00ed hasta 51 villas!<\/strong> Muchas de ellas siguen recibiendo a sus inquilinos durante la temporada de verano y otras pertenecen a instituciones o se han reconvertido en restaurantes y espacios culturales como el Restaurante Voramar.<\/p>\t\t\t\t\t\t\t\t<\/div>\n\t\t\t\t<\/div>\n\t\t\t\t<div class=\"elementor-element elementor-element-66f55d9 elementor-widget elementor-widget-image\" data-id=\"66f55d9\" data-element_type=\"widget\" data-e-type=\"widget\" data-widget_type=\"image.default\">\n\t\t\t\t<div class=\"elementor-widget-container\">\n\t\t\t\t\t\t\t\t\t\t\t\t\t\t\t<img fetchpriority=\"high\" decoding=\"async\" width=\"1377\" height=\"688\" src=\"https:\/\/www.orangecosta.com\/blog\/wp-content\/uploads\/2026\/01\/el-biarritz-valenciano.jpg\" class=\"attachment-full size-full wp-image-5669\" alt=\"el-biarritz-valenciano.jpg\" srcset=\"https:\/\/www.orangecosta.com\/blog\/wp-content\/uploads\/2026\/01\/el-biarritz-valenciano.jpg 1377w, https:\/\/www.orangecosta.com\/blog\/wp-content\/uploads\/2026\/01\/el-biarritz-valenciano-768x384.jpg 768w\" sizes=\"(max-width: 1377px) 100vw, 1377px\" \/>\t\t\t\t\t\t\t\t\t\t\t\t\t\t\t<\/div>\n\t\t\t\t<\/div>\n\t\t\t\t\t<\/div>\n\t\t<\/div>\n\t\t\t\t\t<\/div>\n\t\t<\/section>\n\t\t\t\t<section class=\"elementor-section elementor-top-section elementor-element elementor-element-e815493 elementor-section-boxed elementor-section-height-default elementor-section-height-default\" data-id=\"e815493\" data-element_type=\"section\" data-e-type=\"section\">\n\t\t\t\t\t\t<div class=\"elementor-container elementor-column-gap-default\">\n\t\t\t\t\t<div class=\"elementor-column elementor-col-100 elementor-top-column elementor-element elementor-element-728b4bc\" data-id=\"728b4bc\" data-element_type=\"column\" data-e-type=\"column\">\n\t\t\t<div class=\"elementor-widget-wrap elementor-element-populated\">\n\t\t\t\t\t\t<div class=\"elementor-element elementor-element-e88cf92 elementor-widget elementor-widget-heading\" data-id=\"e88cf92\" data-element_type=\"widget\" data-e-type=\"widget\" data-widget_type=\"heading.default\">\n\t\t\t\t<div class=\"elementor-widget-container\">\n\t\t\t\t\t<h2 class=\"elementor-heading-title elementor-size-default\">Las mejores playas del Biarritz valenciano<\/h2>\t\t\t\t<\/div>\n\t\t\t\t<\/div>\n\t\t\t\t<div class=\"elementor-element elementor-element-8f0afcd elementor-widget elementor-widget-text-editor\" data-id=\"8f0afcd\" data-element_type=\"widget\" data-e-type=\"widget\" data-widget_type=\"text-editor.default\">\n\t\t\t\t<div class=\"elementor-widget-container\">\n\t\t\t\t\t\t\t\t\t<p style=\"font-weight: 400;\">Algo que caracteriza al Biarritz valenciano son sus playas: largas, cuidadas y muy distintas entre s\u00ed.<\/p><p style=\"font-weight: 400;\"><strong>La <\/strong><a href=\"https:\/\/www.orangecosta.com\/blog\/playa-voramar-benicassim\/?\"><strong>Playa Voramar<\/strong><\/a><strong> es, probablemente, la m\u00e1s ic\u00f3nica.<\/strong> Aqu\u00ed se concentran muchas de las villas hist\u00f3ricas que explican ese pasado del que habl\u00e1bamos antes. Pasear por su orilla o por el paseo mar\u00edtimo es hacerlo entre el mar y la historia de la localidad.<\/p><p style=\"font-weight: 400;\">Muy cerca est\u00e1 <strong>la <\/strong><a href=\"https:\/\/www.orangecosta.com\/blog\/descubre-la-playa-de-la-almadraba\/?\"><strong>Playa Almadraba<\/strong><\/a><strong>, algo m\u00e1s tranquila, libre de oleaje y sin apenas aglomeraciones.<\/strong> Y si lo que te apetece es espacio \u2014mucho espacio\u2014, apunta la <a href=\"https:\/\/www.orangecosta.com\/blog\/playa-heliopolis-benicassim\/\"><strong>Playa Heli\u00f3polis<\/strong><\/a><strong>. Es la m\u00e1s larga de Benic\u00e0ssim y una de las favoritas para caminar, hacer deporte o simplemente extender la toalla.<\/strong><\/p>\t\t\t\t\t\t\t\t<\/div>\n\t\t\t\t<\/div>\n\t\t\t\t<div class=\"elementor-element elementor-element-92275f2 elementor-widget elementor-widget-image\" data-id=\"92275f2\" data-element_type=\"widget\" data-e-type=\"widget\" data-widget_type=\"image.default\">\n\t\t\t\t<div class=\"elementor-widget-container\">\n\t\t\t\t\t\t\t\t\t\t\t\t\t\t\t<img decoding=\"async\" width=\"1253\" height=\"626\" src=\"https:\/\/www.orangecosta.com\/blog\/wp-content\/uploads\/2026\/01\/biarritz-valencia.jpg\" class=\"attachment-full size-full wp-image-5663\" alt=\"biarritz-valencia.jpg\" srcset=\"https:\/\/www.orangecosta.com\/blog\/wp-content\/uploads\/2026\/01\/biarritz-valencia.jpg 1253w, https:\/\/www.orangecosta.com\/blog\/wp-content\/uploads\/2026\/01\/biarritz-valencia-768x384.jpg 768w\" sizes=\"(max-width: 1253px) 100vw, 1253px\" \/>\t\t\t\t\t\t\t\t\t\t\t\t\t\t\t<\/div>\n\t\t\t\t<\/div>\n\t\t\t\t\t<\/div>\n\t\t<\/div>\n\t\t\t\t\t<\/div>\n\t\t<\/section>\n\t\t\t\t<section class=\"elementor-section elementor-top-section elementor-element elementor-element-3172471f elementor-section-boxed elementor-section-height-default elementor-section-height-default\" data-id=\"3172471f\" data-element_type=\"section\" data-e-type=\"section\">\n\t\t\t\t\t\t<div class=\"elementor-container elementor-column-gap-default\">\n\t\t\t\t\t<div class=\"elementor-column elementor-col-100 elementor-top-column elementor-element elementor-element-72c87b6c\" data-id=\"72c87b6c\" data-element_type=\"column\" data-e-type=\"column\">\n\t\t\t<div class=\"elementor-widget-wrap elementor-element-populated\">\n\t\t\t\t\t\t<div class=\"elementor-element elementor-element-7c5bb9a5 elementor-widget elementor-widget-heading\" data-id=\"7c5bb9a5\" data-element_type=\"widget\" data-e-type=\"widget\" data-widget_type=\"heading.default\">\n\t\t\t\t<div class=\"elementor-widget-container\">\n\t\t\t\t\t<h2 class=\"elementor-heading-title elementor-size-default\">En el Biarritz no faltan los deportes acu\u00e1ticos<\/h2>\t\t\t\t<\/div>\n\t\t\t\t<\/div>\n\t\t\t\t<div class=\"elementor-element elementor-element-249bf0d1 elementor-widget elementor-widget-text-editor\" data-id=\"249bf0d1\" data-element_type=\"widget\" data-e-type=\"widget\" data-widget_type=\"text-editor.default\">\n\t\t\t\t<div class=\"elementor-widget-container\">\n\t\t\t\t\t\t\t\t\t<p style=\"font-weight: 400;\">Y como no, estando tan cerca del mar, quienes se alojaban en el Biarritz valenciano aprovechaban tambi\u00e9n para <strong>disfrutar del Mediterr\u00e1neo practicando deporte<\/strong>. Y hoy en d\u00eda, si vienes a visitarlo, tienes todav\u00eda m\u00e1s variedad que entonces.<\/p><p style=\"font-weight: 400;\">El <strong>buceo<\/strong> es una de las actividades m\u00e1s atractivas, sobre todo para descubrir los fondos marinos de esta parte de la costa. <strong>Tambi\u00e9n hay espacio para el kayak, el paddle surf y la vela.<\/strong><\/p><p style=\"font-weight: 400;\">Y ojo, que la playa no solo funciona de maravilla como escenario para deportes acu\u00e1ticos, tambi\u00e9n es una gran aliada para practicar yoga con el mar de fondo, hacer estiramientos, entrenar o simplemente pasear por la orilla.<\/p>\t\t\t\t\t\t\t\t<\/div>\n\t\t\t\t<\/div>\n\t\t\t\t\t<\/div>\n\t\t<\/div>\n\t\t\t\t\t<\/div>\n\t\t<\/section>\n\t\t\t\t<section class=\"elementor-section elementor-top-section elementor-element elementor-element-36dcbe8 elementor-section-boxed elementor-section-height-default elementor-section-height-default\" data-id=\"36dcbe8\" data-element_type=\"section\" data-e-type=\"section\">\n\t\t\t\t\t\t<div class=\"elementor-container elementor-column-gap-default\">\n\t\t\t\t\t<div class=\"elementor-column elementor-col-100 elementor-top-column elementor-element elementor-element-3824171\" data-id=\"3824171\" data-element_type=\"column\" data-e-type=\"column\">\n\t\t\t<div class=\"elementor-widget-wrap elementor-element-populated\">\n\t\t\t\t\t\t<div class=\"elementor-element elementor-element-4f024a7 elementor-widget elementor-widget-heading\" data-id=\"4f024a7\" data-element_type=\"widget\" data-e-type=\"widget\" data-widget_type=\"heading.default\">\n\t\t\t\t<div class=\"elementor-widget-container\">\n\t\t\t\t\t<h2 class=\"elementor-heading-title elementor-size-default\">Qu\u00e9 ver cerca del Biarritz valenciano <\/h2>\t\t\t\t<\/div>\n\t\t\t\t<\/div>\n\t\t\t\t<div class=\"elementor-element elementor-element-a96809b elementor-widget elementor-widget-text-editor\" data-id=\"a96809b\" data-element_type=\"widget\" data-e-type=\"widget\" data-widget_type=\"text-editor.default\">\n\t\t\t\t<div class=\"elementor-widget-container\">\n\t\t\t\t\t\t\t\t\t<p style=\"font-weight: 400;\">Adem\u00e1s de playas, villas y deporte, Benic\u00e0ssim tiene la suerte de estar rodeado de planes muy variados, perfectos para completar tu escapada a la <a href=\"https:\/\/www.orangecosta.com\/blog\/costa-azahar\/\">Costa del Azahar<\/a>.<\/p><p style=\"font-weight: 400;\">Uno de los imprescindibles <a href=\"https:\/\/www.orangecosta.com\/blog\/que-hacer-en-benicasim\/\">qu\u00e9 hacer en Benic\u00e0ssim<\/a> es <strong>atravesar la <\/strong><a href=\"https:\/\/www.orangecosta.com\/blog\/via-verde-benicassim-oropesa\/\"><strong>V\u00eda Verde del Mar<\/strong><\/a>, una antigua v\u00eda ferroviaria reconvertida en un agradable recorrido para caminar o ir en bici. Es un sendero f\u00e1cil, apto para todos los p\u00fablicos y con vistas al Mediterr\u00e1neo en muchos tramos, \u00a1ideal para ir de Benic\u00e0ssim a Oropesa del Mar!<\/p><p style=\"font-weight: 400;\">Muy cerca tambi\u00e9n tienes el <a href=\"https:\/\/www.orangecosta.com\/blog\/desierto-de-las-palmas-benicassim\/\"><strong>Parque Natural del Desierto de las Palmas<\/strong><\/a><strong>, perfecto si te apetece cambiar la toalla por unas zapatillas de senderismo y disfrutar de rutas y miradores espectaculares.<\/strong><\/p><p style=\"font-weight: 400;\">Y si te apetece hacer unas compras, p\u00e1sate por el <strong>mercadillo de Benic\u00e0ssim<\/strong>, que se celebra todos los jueves de 8:00 a 14:00 h en la Calle Miguel Peris y Segarra. Aqu\u00ed encontrar\u00e1s productos frescos, ropa, artesan\u00eda y mucho m\u00e1s.<\/p><p style=\"font-weight: 400;\">Y si viajas en familia, <strong>Aquarama<\/strong> es uno de los grandes cl\u00e1sicos. Toboganes, piscinas y atracciones acu\u00e1ticas para pasar un d\u00eda divertid\u00edsimo.<\/p>\t\t\t\t\t\t\t\t<\/div>\n\t\t\t\t<\/div>\n\t\t\t\t<div class=\"elementor-element elementor-element-a6b6ec8 elementor-widget elementor-widget-image\" data-id=\"a6b6ec8\" data-element_type=\"widget\" data-e-type=\"widget\" data-widget_type=\"image.default\">\n\t\t\t\t<div class=\"elementor-widget-container\">\n\t\t\t\t\t\t\t\t\t\t\t\t\t\t\t<img decoding=\"async\" width=\"1254\" height=\"626\" src=\"https:\/\/www.orangecosta.com\/blog\/wp-content\/uploads\/2026\/01\/biarritz-valenciano.jpg\" class=\"attachment-full size-full wp-image-5666\" alt=\"biarritz-valenciano.jpg\" srcset=\"https:\/\/www.orangecosta.com\/blog\/wp-content\/uploads\/2026\/01\/biarritz-valenciano.jpg 1254w, https:\/\/www.orangecosta.com\/blog\/wp-content\/uploads\/2026\/01\/biarritz-valenciano-768x383.jpg 768w\" sizes=\"(max-width: 1254px) 100vw, 1254px\" \/>\t\t\t\t\t\t\t\t\t\t\t\t\t\t\t<\/div>\n\t\t\t\t<\/div>\n\t\t\t\t\t<\/div>\n\t\t<\/div>\n\t\t\t\t\t<\/div>\n\t\t<\/section>\n\t\t\t\t<section class=\"elementor-section elementor-top-section elementor-element elementor-element-0dba29c elementor-section-boxed elementor-section-height-default elementor-section-height-default\" data-id=\"0dba29c\" data-element_type=\"section\" data-e-type=\"section\">\n\t\t\t\t\t\t<div class=\"elementor-container elementor-column-gap-default\">\n\t\t\t\t\t<div class=\"elementor-column elementor-col-100 elementor-top-column elementor-element elementor-element-f84eb75\" data-id=\"f84eb75\" data-element_type=\"column\" data-e-type=\"column\">\n\t\t\t<div class=\"elementor-widget-wrap elementor-element-populated\">\n\t\t\t\t\t\t<div class=\"elementor-element elementor-element-0a64f81 elementor-widget elementor-widget-heading\" data-id=\"0a64f81\" data-element_type=\"widget\" data-e-type=\"widget\" data-widget_type=\"heading.default\">\n\t\t\t\t<div class=\"elementor-widget-container\">\n\t\t\t\t\t<h2 class=\"elementor-heading-title elementor-size-default\">D\u00f3nde alojarte para disfrutar del Biarritz valenciano<\/h2>\t\t\t\t<\/div>\n\t\t\t\t<\/div>\n\t\t\t\t<div class=\"elementor-element elementor-element-2fc8e25 elementor-widget elementor-widget-text-editor\" data-id=\"2fc8e25\" data-element_type=\"widget\" data-e-type=\"widget\" data-widget_type=\"text-editor.default\">\n\t\t\t\t<div class=\"elementor-widget-container\">\n\t\t\t\t\t\t\t\t\t<p style=\"font-weight: 400;\">Si despu\u00e9s de leer todo esto te han entrado ganas de venir al Biarritz valenciano, conocer todo lo que hay que hacer, disfrutar de sus playas, su historia y su entorno natural, hay algo que no puede faltar: <strong>un buen alojamiento<\/strong>.<\/p><p style=\"font-weight: 400;\"><strong>Puedes empezar buscando entre los apartamentos y casas que tenemos en <\/strong><a href=\"https:\/\/www.orangecosta.com\/\"><strong>Orange Costa<\/strong><\/a><strong>. Y si quieres ir un paso m\u00e1s all\u00e1 y convertir tu estancia en una experiencia especial, apunta la <\/strong><a href=\"https:\/\/www.orangecosta.com\/alquiler\/villa-benicassim-quatre-vents-436313.html\"><strong>Villa Quatre Vents<\/strong><\/a><strong>.<\/strong><\/p><p style=\"font-weight: 400;\">Esta villa en Benic\u00e0ssim cuenta con cinco dormitorios, capacidad para hasta nueve personas y un gran jard\u00edn privado, ideal para disfrutar del buen tiempo y de comidas y cenas al aire libre. T\u00fa decides c\u00f3mo hacer tu escapada al Biarritz valenciano\u2026 \u00a1pero tienes que venir a conocerlo!<\/p>\t\t\t\t\t\t\t\t<\/div>\n\t\t\t\t<\/div>\n\t\t\t\t\t<\/div>\n\t\t<\/div>\n\t\t\t\t\t<\/div>\n\t\t<\/section>\n\t\t\t\t<section class=\"elementor-section elementor-top-section elementor-element elementor-element-4f4703c4 elementor-section-boxed elementor-section-height-default elementor-section-height-default\" data-id=\"4f4703c4\" data-element_type=\"section\" data-e-type=\"section\">\n\t\t\t\t\t\t<div class=\"elementor-container elementor-column-gap-default\">\n\t\t\t\t\t<div class=\"elementor-column elementor-col-100 elementor-top-column elementor-element elementor-element-5db608d6\" data-id=\"5db608d6\" data-element_type=\"column\" data-e-type=\"column\">\n\t\t\t<div class=\"elementor-widget-wrap elementor-element-populated\">\n\t\t\t\t\t\t<div class=\"elementor-element elementor-element-532567ed elementor-widget elementor-widget-shortcode\" data-id=\"532567ed\" data-element_type=\"widget\" data-e-type=\"widget\" data-widget_type=\"shortcode.default\">\n\t\t\t\t<div class=\"elementor-widget-container\">\n\t\t\t\t\t\t\t<div class=\"elementor-shortcode\">\t\t<div data-elementor-type=\"section\" data-elementor-id=\"1261\" class=\"elementor elementor-1261\" data-elementor-post-type=\"elementor_library\">\n\t\t\t\t\t<section class=\"elementor-section elementor-top-section elementor-element elementor-element-7923d13d elementor-section-boxed elementor-section-height-default elementor-section-height-default\" data-id=\"7923d13d\" data-element_type=\"section\" data-e-type=\"section\">\n\t\t\t\t\t\t<div class=\"elementor-container elementor-column-gap-default\">\n\t\t\t\t\t<div class=\"elementor-column elementor-col-33 elementor-top-column elementor-element elementor-element-2399bb3d\" data-id=\"2399bb3d\" data-element_type=\"column\" data-e-type=\"column\">\n\t\t\t<div class=\"elementor-widget-wrap elementor-element-populated\">\n\t\t\t\t\t\t<div class=\"elementor-element elementor-element-3cd27281 elementor-align-center elementor-widget elementor-widget-button\" data-id=\"3cd27281\" data-element_type=\"widget\" data-e-type=\"widget\" data-widget_type=\"button.default\">\n\t\t\t\t<div class=\"elementor-widget-container\">\n\t\t\t\t\t\t\t\t\t<div class=\"elementor-button-wrapper\">\n\t\t\t\t\t<a class=\"elementor-button elementor-button-link elementor-size-sm\" href=\"https:\/\/www.orangecosta.com\/alquiler\/alquileres-alcoceber-alcossebre-d100\/\">\n\t\t\t\t\t\t<span class=\"elementor-button-content-wrapper\">\n\t\t\t\t\t\t\t\t\t<span class=\"elementor-button-text\">ALOJAMIENTOS BENIC\u00c0SSIM<\/span>\n\t\t\t\t\t<\/span>\n\t\t\t\t\t<\/a>\n\t\t\t\t<\/div>\n\t\t\t\t\t\t\t\t<\/div>\n\t\t\t\t<\/div>\n\t\t\t\t\t<\/div>\n\t\t<\/div>\n\t\t\t\t<div class=\"elementor-column elementor-col-33 elementor-top-column elementor-element elementor-element-71f06007\" data-id=\"71f06007\" data-element_type=\"column\" data-e-type=\"column\">\n\t\t\t<div class=\"elementor-widget-wrap elementor-element-populated\">\n\t\t\t\t\t\t<div class=\"elementor-element elementor-element-3853f49c elementor-align-center elementor-widget elementor-widget-button\" data-id=\"3853f49c\" data-element_type=\"widget\" data-e-type=\"widget\" data-widget_type=\"button.default\">\n\t\t\t\t<div class=\"elementor-widget-container\">\n\t\t\t\t\t\t\t\t\t<div class=\"elementor-button-wrapper\">\n\t\t\t\t\t<a class=\"elementor-button elementor-button-link elementor-size-sm\" href=\"https:\/\/www.orangecosta.com\/alquiler\/alquileres-benicassim-d139\/\">\n\t\t\t\t\t\t<span class=\"elementor-button-content-wrapper\">\n\t\t\t\t\t\t\t\t\t<span class=\"elementor-button-text\">APARTAMENTOS BENIC\u00c0SSIM<\/span>\n\t\t\t\t\t<\/span>\n\t\t\t\t\t<\/a>\n\t\t\t\t<\/div>\n\t\t\t\t\t\t\t\t<\/div>\n\t\t\t\t<\/div>\n\t\t\t\t\t<\/div>\n\t\t<\/div>\n\t\t\t\t<div class=\"elementor-column elementor-col-33 elementor-top-column elementor-element elementor-element-65fee8a\" data-id=\"65fee8a\" data-element_type=\"column\" data-e-type=\"column\">\n\t\t\t<div class=\"elementor-widget-wrap elementor-element-populated\">\n\t\t\t\t\t\t<div class=\"elementor-element elementor-element-2915e807 elementor-align-center elementor-widget elementor-widget-button\" data-id=\"2915e807\" data-element_type=\"widget\" data-e-type=\"widget\" data-widget_type=\"button.default\">\n\t\t\t\t<div class=\"elementor-widget-container\">\n\t\t\t\t\t\t\t\t\t<div class=\"elementor-button-wrapper\">\n\t\t\t\t\t<a class=\"elementor-button elementor-button-link elementor-size-sm\" href=\"https:\/\/www.orangecosta.com\/alquiler\/bungalows-benicassim-c21d139\/\">\n\t\t\t\t\t\t<span class=\"elementor-button-content-wrapper\">\n\t\t\t\t\t\t\t\t\t<span class=\"elementor-button-text\">BUNGALOWS BENIC\u00c0SSIM<\/span>\n\t\t\t\t\t<\/span>\n\t\t\t\t\t<\/a>\n\t\t\t\t<\/div>\n\t\t\t\t\t\t\t\t<\/div>\n\t\t\t\t<\/div>\n\t\t\t\t\t<\/div>\n\t\t<\/div>\n\t\t\t\t\t<\/div>\n\t\t<\/section>\n\t\t\t\t<\/div>\n\t\t<\/div>\n\t\t\t\t\t\t<\/div>\n\t\t\t\t<\/div>\n\t\t\t\t\t<\/div>\n\t\t<\/div>\n\t\t\t\t\t<\/div>\n\t\t<\/section>\n\t\t\t\t<\/div>\n\t\t","protected":false},"excerpt":{"rendered":"<p>Cuando alguien habla del Biarritz valenciano, est\u00e1 hablando de Benic\u00e0ssim. Y no, no es una etiqueta puesta al azar. Este&#8230;<\/p>\n","protected":false},"author":6,"featured_media":5672,"comment_status":"open","ping_status":"open","sticky":false,"template":"","format":"standard","meta":{"footnotes":""},"categories":[18,1],"tags":[169],"class_list":["post-5612","post","type-post","status-publish","format-standard","has-post-thumbnail","hentry","category-benicasim","category-sin-categorizar","tag-no-template"],"yoast_head":"<!-- This site is optimized with the Yoast SEO plugin v27.5 - https:\/\/yoast.com\/product\/yoast-seo-wordpress\/ -->\n<title>El Biarritz valenciano: por qu\u00e9 Benic\u00e0ssim se gan\u00f3 ese apodo\u00a0 - Blog turismo Orange Costa<\/title>\n<meta name=\"description\" content=\"Descubre por qu\u00e9 Benic\u00e0ssim es el Biarritz valenciano y cu\u00e1les son las playas, villas modernistas y los planes que no te puedes perder en la zona.\" \/>\n<meta name=\"robots\" content=\"index, follow, max-snippet:-1, max-image-preview:large, max-video-preview:-1\" \/>\n<link rel=\"canonical\" href=\"https:\/\/www.orangecosta.com\/blog\/el-biarritz-valenciano\/\" \/>\n<meta property=\"og:locale\" content=\"es_ES\" \/>\n<meta property=\"og:type\" content=\"article\" \/>\n<meta property=\"og:title\" content=\"El Biarritz valenciano: por qu\u00e9 Benic\u00e0ssim se gan\u00f3 ese apodo\u00a0 - Blog turismo Orange Costa\" \/>\n<meta property=\"og:description\" content=\"Descubre por qu\u00e9 Benic\u00e0ssim es el Biarritz valenciano y cu\u00e1les son las playas, villas modernistas y los planes que no te puedes perder en la zona.\" \/>\n<meta property=\"og:url\" content=\"https:\/\/www.orangecosta.com\/blog\/el-biarritz-valenciano\/\" \/>\n<meta property=\"og:site_name\" content=\"Blog turismo Orange Costa\" \/>\n<meta property=\"article:published_time\" content=\"2026-01-23T13:09:59+00:00\" \/>\n<meta property=\"article:modified_time\" content=\"2026-03-12T12:01:18+00:00\" \/>\n<meta property=\"og:image\" content=\"https:\/\/www.orangecosta.com\/blog\/wp-content\/uploads\/2026\/01\/el-biarritz-valenciano-castellon.jpg\" \/>\n\t<meta property=\"og:image:width\" content=\"2121\" \/>\n\t<meta property=\"og:image:height\" content=\"707\" \/>\n\t<meta property=\"og:image:type\" content=\"image\/jpeg\" \/>\n<meta name=\"author\" content=\"Laura\" \/>\n<meta name=\"twitter:card\" content=\"summary_large_image\" \/>\n<meta name=\"twitter:label1\" content=\"Escrito por\" \/>\n\t<meta name=\"twitter:data1\" content=\"Laura\" \/>\n\t<meta name=\"twitter:label2\" content=\"Tiempo de lectura\" \/>\n\t<meta name=\"twitter:data2\" content=\"6 minutos\" \/>\n<script type=\"application\/ld+json\" class=\"yoast-schema-graph\">{\"@context\":\"https:\\\/\\\/schema.org\",\"@graph\":[{\"@type\":\"Article\",\"@id\":\"https:\\\/\\\/www.orangecosta.com\\\/blog\\\/el-biarritz-valenciano\\\/#article\",\"isPartOf\":{\"@id\":\"https:\\\/\\\/www.orangecosta.com\\\/blog\\\/el-biarritz-valenciano\\\/\"},\"author\":{\"name\":\"Laura\",\"@id\":\"https:\\\/\\\/www.orangecosta.com\\\/blog\\\/#\\\/schema\\\/person\\\/a7ca15a09bbee143432bcd80d4eda51b\"},\"headline\":\"El Biarritz valenciano: por qu\u00e9 Benic\u00e0ssim se gan\u00f3 ese apodo\u00a0\",\"datePublished\":\"2026-01-23T13:09:59+00:00\",\"dateModified\":\"2026-03-12T12:01:18+00:00\",\"mainEntityOfPage\":{\"@id\":\"https:\\\/\\\/www.orangecosta.com\\\/blog\\\/el-biarritz-valenciano\\\/\"},\"wordCount\":1057,\"commentCount\":0,\"image\":{\"@id\":\"https:\\\/\\\/www.orangecosta.com\\\/blog\\\/el-biarritz-valenciano\\\/#primaryimage\"},\"thumbnailUrl\":\"https:\\\/\\\/www.orangecosta.com\\\/blog\\\/wp-content\\\/uploads\\\/2026\\\/01\\\/el-biarritz-valenciano-castellon.jpg\",\"keywords\":[\"No template\"],\"articleSection\":[\"Benic\u00e1ssim\",\"Sin categorizar\"],\"inLanguage\":\"es\",\"potentialAction\":[{\"@type\":\"CommentAction\",\"name\":\"Comment\",\"target\":[\"https:\\\/\\\/www.orangecosta.com\\\/blog\\\/el-biarritz-valenciano\\\/#respond\"]}]},{\"@type\":\"WebPage\",\"@id\":\"https:\\\/\\\/www.orangecosta.com\\\/blog\\\/el-biarritz-valenciano\\\/\",\"url\":\"https:\\\/\\\/www.orangecosta.com\\\/blog\\\/el-biarritz-valenciano\\\/\",\"name\":\"El Biarritz valenciano: por qu\u00e9 Benic\u00e0ssim se gan\u00f3 ese apodo\u00a0 - Blog turismo Orange Costa\",\"isPartOf\":{\"@id\":\"https:\\\/\\\/www.orangecosta.com\\\/blog\\\/#website\"},\"primaryImageOfPage\":{\"@id\":\"https:\\\/\\\/www.orangecosta.com\\\/blog\\\/el-biarritz-valenciano\\\/#primaryimage\"},\"image\":{\"@id\":\"https:\\\/\\\/www.orangecosta.com\\\/blog\\\/el-biarritz-valenciano\\\/#primaryimage\"},\"thumbnailUrl\":\"https:\\\/\\\/www.orangecosta.com\\\/blog\\\/wp-content\\\/uploads\\\/2026\\\/01\\\/el-biarritz-valenciano-castellon.jpg\",\"datePublished\":\"2026-01-23T13:09:59+00:00\",\"dateModified\":\"2026-03-12T12:01:18+00:00\",\"author\":{\"@id\":\"https:\\\/\\\/www.orangecosta.com\\\/blog\\\/#\\\/schema\\\/person\\\/a7ca15a09bbee143432bcd80d4eda51b\"},\"description\":\"Descubre por qu\u00e9 Benic\u00e0ssim es el Biarritz valenciano y cu\u00e1les son las playas, villas modernistas y los planes que no te puedes perder en la zona.\",\"breadcrumb\":{\"@id\":\"https:\\\/\\\/www.orangecosta.com\\\/blog\\\/el-biarritz-valenciano\\\/#breadcrumb\"},\"inLanguage\":\"es\",\"potentialAction\":[{\"@type\":\"ReadAction\",\"target\":[\"https:\\\/\\\/www.orangecosta.com\\\/blog\\\/el-biarritz-valenciano\\\/\"]}]},{\"@type\":\"ImageObject\",\"inLanguage\":\"es\",\"@id\":\"https:\\\/\\\/www.orangecosta.com\\\/blog\\\/el-biarritz-valenciano\\\/#primaryimage\",\"url\":\"https:\\\/\\\/www.orangecosta.com\\\/blog\\\/wp-content\\\/uploads\\\/2026\\\/01\\\/el-biarritz-valenciano-castellon.jpg\",\"contentUrl\":\"https:\\\/\\\/www.orangecosta.com\\\/blog\\\/wp-content\\\/uploads\\\/2026\\\/01\\\/el-biarritz-valenciano-castellon.jpg\",\"width\":2121,\"height\":707,\"caption\":\"Palm trees, apartment houses and mountains in background.\"},{\"@type\":\"BreadcrumbList\",\"@id\":\"https:\\\/\\\/www.orangecosta.com\\\/blog\\\/el-biarritz-valenciano\\\/#breadcrumb\",\"itemListElement\":[{\"@type\":\"ListItem\",\"position\":1,\"name\":\"Home\",\"item\":\"https:\\\/\\\/www.orangecosta.com\\\/blog\\\/\"},{\"@type\":\"ListItem\",\"position\":2,\"name\":\"El Biarritz valenciano: por qu\u00e9 Benic\u00e0ssim se gan\u00f3 ese apodo\u00a0\"}]},{\"@type\":\"WebSite\",\"@id\":\"https:\\\/\\\/www.orangecosta.com\\\/blog\\\/#website\",\"url\":\"https:\\\/\\\/www.orangecosta.com\\\/blog\\\/\",\"name\":\"Blog turismo Orange Costa\",\"description\":\"Orangecosta\",\"potentialAction\":[{\"@type\":\"SearchAction\",\"target\":{\"@type\":\"EntryPoint\",\"urlTemplate\":\"https:\\\/\\\/www.orangecosta.com\\\/blog\\\/?s={search_term_string}\"},\"query-input\":{\"@type\":\"PropertyValueSpecification\",\"valueRequired\":true,\"valueName\":\"search_term_string\"}}],\"inLanguage\":\"es\"},{\"@type\":\"Person\",\"@id\":\"https:\\\/\\\/www.orangecosta.com\\\/blog\\\/#\\\/schema\\\/person\\\/a7ca15a09bbee143432bcd80d4eda51b\",\"name\":\"Laura\",\"image\":{\"@type\":\"ImageObject\",\"inLanguage\":\"es\",\"@id\":\"https:\\\/\\\/secure.gravatar.com\\\/avatar\\\/38b396224481eeb6edadb558d7e4a6d1ff1c8ba1e6abd3951e451527e107c96b?s=96&d=mm&r=g\",\"url\":\"https:\\\/\\\/secure.gravatar.com\\\/avatar\\\/38b396224481eeb6edadb558d7e4a6d1ff1c8ba1e6abd3951e451527e107c96b?s=96&d=mm&r=g\",\"contentUrl\":\"https:\\\/\\\/secure.gravatar.com\\\/avatar\\\/38b396224481eeb6edadb558d7e4a6d1ff1c8ba1e6abd3951e451527e107c96b?s=96&d=mm&r=g\",\"caption\":\"Laura\"},\"url\":\"https:\\\/\\\/www.orangecosta.com\\\/blog\\\/author\\\/laura\\\/\"}]}<\/script>\n<!-- \/ Yoast SEO plugin. -->","yoast_head_json":{"title":"El Biarritz valenciano: por qu\u00e9 Benic\u00e0ssim se gan\u00f3 ese apodo\u00a0 - Blog turismo Orange Costa","description":"Descubre por qu\u00e9 Benic\u00e0ssim es el Biarritz valenciano y cu\u00e1les son las playas, villas modernistas y los planes que no te puedes perder en la zona.","robots":{"index":"index","follow":"follow","max-snippet":"max-snippet:-1","max-image-preview":"max-image-preview:large","max-video-preview":"max-video-preview:-1"},"canonical":"https:\/\/www.orangecosta.com\/blog\/el-biarritz-valenciano\/","og_locale":"es_ES","og_type":"article","og_title":"El Biarritz valenciano: por qu\u00e9 Benic\u00e0ssim se gan\u00f3 ese apodo\u00a0 - Blog turismo Orange Costa","og_description":"Descubre por qu\u00e9 Benic\u00e0ssim es el Biarritz valenciano y cu\u00e1les son las playas, villas modernistas y los planes que no te puedes perder en la zona.","og_url":"https:\/\/www.orangecosta.com\/blog\/el-biarritz-valenciano\/","og_site_name":"Blog turismo Orange Costa","article_published_time":"2026-01-23T13:09:59+00:00","article_modified_time":"2026-03-12T12:01:18+00:00","og_image":[{"width":2121,"height":707,"url":"https:\/\/www.orangecosta.com\/blog\/wp-content\/uploads\/2026\/01\/el-biarritz-valenciano-castellon.jpg","type":"image\/jpeg"}],"author":"Laura","twitter_card":"summary_large_image","twitter_misc":{"Escrito por":"Laura","Tiempo de lectura":"6 minutos"},"schema":{"@context":"https:\/\/schema.org","@graph":[{"@type":"Article","@id":"https:\/\/www.orangecosta.com\/blog\/el-biarritz-valenciano\/#article","isPartOf":{"@id":"https:\/\/www.orangecosta.com\/blog\/el-biarritz-valenciano\/"},"author":{"name":"Laura","@id":"https:\/\/www.orangecosta.com\/blog\/#\/schema\/person\/a7ca15a09bbee143432bcd80d4eda51b"},"headline":"El Biarritz valenciano: por qu\u00e9 Benic\u00e0ssim se gan\u00f3 ese apodo\u00a0","datePublished":"2026-01-23T13:09:59+00:00","dateModified":"2026-03-12T12:01:18+00:00","mainEntityOfPage":{"@id":"https:\/\/www.orangecosta.com\/blog\/el-biarritz-valenciano\/"},"wordCount":1057,"commentCount":0,"image":{"@id":"https:\/\/www.orangecosta.com\/blog\/el-biarritz-valenciano\/#primaryimage"},"thumbnailUrl":"https:\/\/www.orangecosta.com\/blog\/wp-content\/uploads\/2026\/01\/el-biarritz-valenciano-castellon.jpg","keywords":["No template"],"articleSection":["Benic\u00e1ssim","Sin categorizar"],"inLanguage":"es","potentialAction":[{"@type":"CommentAction","name":"Comment","target":["https:\/\/www.orangecosta.com\/blog\/el-biarritz-valenciano\/#respond"]}]},{"@type":"WebPage","@id":"https:\/\/www.orangecosta.com\/blog\/el-biarritz-valenciano\/","url":"https:\/\/www.orangecosta.com\/blog\/el-biarritz-valenciano\/","name":"El Biarritz valenciano: por qu\u00e9 Benic\u00e0ssim se gan\u00f3 ese apodo\u00a0 - Blog turismo Orange Costa","isPartOf":{"@id":"https:\/\/www.orangecosta.com\/blog\/#website"},"primaryImageOfPage":{"@id":"https:\/\/www.orangecosta.com\/blog\/el-biarritz-valenciano\/#primaryimage"},"image":{"@id":"https:\/\/www.orangecosta.com\/blog\/el-biarritz-valenciano\/#primaryimage"},"thumbnailUrl":"https:\/\/www.orangecosta.com\/blog\/wp-content\/uploads\/2026\/01\/el-biarritz-valenciano-castellon.jpg","datePublished":"2026-01-23T13:09:59+00:00","dateModified":"2026-03-12T12:01:18+00:00","author":{"@id":"https:\/\/www.orangecosta.com\/blog\/#\/schema\/person\/a7ca15a09bbee143432bcd80d4eda51b"},"description":"Descubre por qu\u00e9 Benic\u00e0ssim es el Biarritz valenciano y cu\u00e1les son las playas, villas modernistas y los planes que no te puedes perder en la zona.","breadcrumb":{"@id":"https:\/\/www.orangecosta.com\/blog\/el-biarritz-valenciano\/#breadcrumb"},"inLanguage":"es","potentialAction":[{"@type":"ReadAction","target":["https:\/\/www.orangecosta.com\/blog\/el-biarritz-valenciano\/"]}]},{"@type":"ImageObject","inLanguage":"es","@id":"https:\/\/www.orangecosta.com\/blog\/el-biarritz-valenciano\/#primaryimage","url":"https:\/\/www.orangecosta.com\/blog\/wp-content\/uploads\/2026\/01\/el-biarritz-valenciano-castellon.jpg","contentUrl":"https:\/\/www.orangecosta.com\/blog\/wp-content\/uploads\/2026\/01\/el-biarritz-valenciano-castellon.jpg","width":2121,"height":707,"caption":"Palm trees, apartment houses and mountains in background."},{"@type":"BreadcrumbList","@id":"https:\/\/www.orangecosta.com\/blog\/el-biarritz-valenciano\/#breadcrumb","itemListElement":[{"@type":"ListItem","position":1,"name":"Home","item":"https:\/\/www.orangecosta.com\/blog\/"},{"@type":"ListItem","position":2,"name":"El Biarritz valenciano: por qu\u00e9 Benic\u00e0ssim se gan\u00f3 ese apodo\u00a0"}]},{"@type":"WebSite","@id":"https:\/\/www.orangecosta.com\/blog\/#website","url":"https:\/\/www.orangecosta.com\/blog\/","name":"Blog turismo Orange Costa","description":"Orangecosta","potentialAction":[{"@type":"SearchAction","target":{"@type":"EntryPoint","urlTemplate":"https:\/\/www.orangecosta.com\/blog\/?s={search_term_string}"},"query-input":{"@type":"PropertyValueSpecification","valueRequired":true,"valueName":"search_term_string"}}],"inLanguage":"es"},{"@type":"Person","@id":"https:\/\/www.orangecosta.com\/blog\/#\/schema\/person\/a7ca15a09bbee143432bcd80d4eda51b","name":"Laura","image":{"@type":"ImageObject","inLanguage":"es","@id":"https:\/\/secure.gravatar.com\/avatar\/38b396224481eeb6edadb558d7e4a6d1ff1c8ba1e6abd3951e451527e107c96b?s=96&d=mm&r=g","url":"https:\/\/secure.gravatar.com\/avatar\/38b396224481eeb6edadb558d7e4a6d1ff1c8ba1e6abd3951e451527e107c96b?s=96&d=mm&r=g","contentUrl":"https:\/\/secure.gravatar.com\/avatar\/38b396224481eeb6edadb558d7e4a6d1ff1c8ba1e6abd3951e451527e107c96b?s=96&d=mm&r=g","caption":"Laura"},"url":"https:\/\/www.orangecosta.com\/blog\/author\/laura\/"}]}},"_links":{"self":[{"href":"https:\/\/www.orangecosta.com\/blog\/wp-json\/wp\/v2\/posts\/5612","targetHints":{"allow":["GET"]}}],"collection":[{"href":"https:\/\/www.orangecosta.com\/blog\/wp-json\/wp\/v2\/posts"}],"about":[{"href":"https:\/\/www.orangecosta.com\/blog\/wp-json\/wp\/v2\/types\/post"}],"author":[{"embeddable":true,"href":"https:\/\/www.orangecosta.com\/blog\/wp-json\/wp\/v2\/users\/6"}],"replies":[{"embeddable":true,"href":"https:\/\/www.orangecosta.com\/blog\/wp-json\/wp\/v2\/comments?post=5612"}],"version-history":[{"count":8,"href":"https:\/\/www.orangecosta.com\/blog\/wp-json\/wp\/v2\/posts\/5612\/revisions"}],"predecessor-version":[{"id":5678,"href":"https:\/\/www.orangecosta.com\/blog\/wp-json\/wp\/v2\/posts\/5612\/revisions\/5678"}],"wp:featuredmedia":[{"embeddable":true,"href":"https:\/\/www.orangecosta.com\/blog\/wp-json\/wp\/v2\/media\/5672"}],"wp:attachment":[{"href":"https:\/\/www.orangecosta.com\/blog\/wp-json\/wp\/v2\/media?parent=5612"}],"wp:term":[{"taxonomy":"category","embeddable":true,"href":"https:\/\/www.orangecosta.com\/blog\/wp-json\/wp\/v2\/categories?post=5612"},{"taxonomy":"post_tag","embeddable":true,"href":"https:\/\/www.orangecosta.com\/blog\/wp-json\/wp\/v2\/tags?post=5612"}],"curies":[{"name":"wp","href":"https:\/\/api.w.org\/{rel}","templated":true}]}}