{"id":5607,"date":"2026-01-23T12:03:41","date_gmt":"2026-01-23T12:03:41","guid":{"rendered":"https:\/\/www.orangecosta.com\/blog\/?p=5607"},"modified":"2026-03-12T12:01:18","modified_gmt":"2026-03-12T12:01:18","slug":"parques-naturales-de-castellon","status":"publish","type":"post","link":"https:\/\/www.orangecosta.com\/blog\/parques-naturales-de-castellon\/","title":{"rendered":"Parques naturales de Castell\u00f3n que debes conocer\u00a0"},"content":{"rendered":"\t\t<div data-elementor-type=\"wp-post\" data-elementor-id=\"5607\" class=\"elementor elementor-5607\" data-elementor-post-type=\"post\">\n\t\t\t\t\t\t<section class=\"elementor-section elementor-top-section elementor-element elementor-element-442b89f6 elementor-section-boxed elementor-section-height-default elementor-section-height-default\" data-id=\"442b89f6\" data-element_type=\"section\" data-e-type=\"section\">\n\t\t\t\t\t\t<div class=\"elementor-container elementor-column-gap-default\">\n\t\t\t\t\t<div class=\"elementor-column elementor-col-100 elementor-top-column elementor-element elementor-element-2fc53c5a\" data-id=\"2fc53c5a\" data-element_type=\"column\" data-e-type=\"column\">\n\t\t\t<div class=\"elementor-widget-wrap elementor-element-populated\">\n\t\t\t\t\t\t<div class=\"elementor-element elementor-element-4608a4cf elementor-widget elementor-widget-text-editor\" data-id=\"4608a4cf\" data-element_type=\"widget\" data-e-type=\"widget\" data-widget_type=\"text-editor.default\">\n\t\t\t\t<div class=\"elementor-widget-container\">\n\t\t\t\t\t\t\t\t\t<p style=\"font-weight: 400;\">Hablar de parques naturales en Castell\u00f3n es hablar de una provincia sorprendente con, nada m\u00e1s y nada menos que, <strong>ocho espacios naturales diferentes<\/strong>.<\/p><p style=\"font-weight: 400;\">Aqu\u00ed puedes pasar del mar a la monta\u00f1a en muy pocos kil\u00f3metros, caminar por humedales llenos de aves, perderte por sierras cubiertas de bosques o incluso navegar hasta un archipi\u00e9lago volc\u00e1nico en pleno Mediterr\u00e1neo. Y todo sin desplazarte demasiado, lo cual es un gran punto a favor.<\/p><p style=\"font-weight: 400;\"><strong>La mayor\u00eda dispone de senderos se\u00f1alizados, centros de interpretaci\u00f3n y rutas muy f\u00e1ciles de seguir<\/strong>, as\u00ed que no hace falta ser un experto en monta\u00f1ismo para disfrutar de ellos.<\/p><p style=\"font-weight: 400;\">Y para m\u00e1s alegr\u00eda, gracias al clima mediterr\u00e1neo, estos espacios naturales se pueden visitar pr\u00e1cticamente durante todo el a\u00f1o. Ahora s\u00ed, vamos a conocerlos uno a uno.<\/p>\t\t\t\t\t\t\t\t<\/div>\n\t\t\t\t<\/div>\n\t\t\t\t\t<\/div>\n\t\t<\/div>\n\t\t\t\t\t<\/div>\n\t\t<\/section>\n\t\t\t\t<section class=\"elementor-section elementor-top-section elementor-element elementor-element-5e4e8735 elementor-section-boxed elementor-section-height-default elementor-section-height-default\" data-id=\"5e4e8735\" data-element_type=\"section\" data-e-type=\"section\">\n\t\t\t\t\t\t<div class=\"elementor-container elementor-column-gap-default\">\n\t\t\t\t\t<div class=\"elementor-column elementor-col-100 elementor-top-column elementor-element elementor-element-19530c64\" data-id=\"19530c64\" data-element_type=\"column\" data-e-type=\"column\">\n\t\t\t<div class=\"elementor-widget-wrap elementor-element-populated\">\n\t\t\t\t\t\t<div class=\"elementor-element elementor-element-43e5b9eb elementor-widget elementor-widget-table-of-contents\" data-id=\"43e5b9eb\" data-element_type=\"widget\" data-e-type=\"widget\" data-settings=\"{&quot;headings_by_tags&quot;:[&quot;h2&quot;],&quot;exclude_headings_by_selector&quot;:[],&quot;marker_view&quot;:&quot;bullets&quot;,&quot;icon&quot;:{&quot;value&quot;:&quot;&quot;,&quot;library&quot;:&quot;&quot;},&quot;no_headings_message&quot;:&quot;No se ha encontrado ning\\u00fan encabezado en esta p\\u00e1gina.&quot;,&quot;hierarchical_view&quot;:&quot;yes&quot;,&quot;min_height&quot;:{&quot;unit&quot;:&quot;px&quot;,&quot;size&quot;:&quot;&quot;,&quot;sizes&quot;:[]},&quot;min_height_tablet&quot;:{&quot;unit&quot;:&quot;px&quot;,&quot;size&quot;:&quot;&quot;,&quot;sizes&quot;:[]},&quot;min_height_mobile&quot;:{&quot;unit&quot;:&quot;px&quot;,&quot;size&quot;:&quot;&quot;,&quot;sizes&quot;:[]}}\" data-widget_type=\"table-of-contents.default\">\n\t\t\t\t<div class=\"elementor-widget-container\">\n\t\t\t\t\t\t\t\t\t<div class=\"elementor-toc__header\">\n\t\t\t\t\t\t<div class=\"elementor-toc__header-title\">\n\t\t\t\t\u00cdNDICE\t\t\t<\/div>\n\t\t\t\t\t\t\t\t<\/div>\n\t\t\t\t<div id=\"elementor-toc__43e5b9eb\" class=\"elementor-toc__body\">\n\t\t\t<div class=\"elementor-toc__spinner-container\">\n\t\t\t\t<i class=\"elementor-toc__spinner eicon-animation-spin eicon-loading\" aria-hidden=\"true\"><\/i>\t\t\t<\/div>\n\t\t<\/div>\n\t\t\t\t\t\t<\/div>\n\t\t\t\t<\/div>\n\t\t\t\t\t<\/div>\n\t\t<\/div>\n\t\t\t\t\t<\/div>\n\t\t<\/section>\n\t\t\t\t<section class=\"elementor-section elementor-top-section elementor-element elementor-element-2cd664d1 elementor-section-boxed elementor-section-height-default elementor-section-height-default\" data-id=\"2cd664d1\" data-element_type=\"section\" data-e-type=\"section\">\n\t\t\t\t\t\t<div class=\"elementor-container elementor-column-gap-default\">\n\t\t\t\t\t<div class=\"elementor-column elementor-col-100 elementor-top-column elementor-element elementor-element-4ef459b9\" data-id=\"4ef459b9\" data-element_type=\"column\" data-e-type=\"column\">\n\t\t\t<div class=\"elementor-widget-wrap elementor-element-populated\">\n\t\t\t\t\t\t<div class=\"elementor-element elementor-element-408eb1af elementor-widget elementor-widget-heading\" data-id=\"408eb1af\" data-element_type=\"widget\" data-e-type=\"widget\" data-widget_type=\"heading.default\">\n\t\t\t\t<div class=\"elementor-widget-container\">\n\t\t\t\t\t<h2 class=\"elementor-heading-title elementor-size-default\">#1 Parque Natural de la Serra d\u2019Irta <\/h2>\t\t\t\t<\/div>\n\t\t\t\t<\/div>\n\t\t\t\t<div class=\"elementor-element elementor-element-16521260 elementor-widget elementor-widget-text-editor\" data-id=\"16521260\" data-element_type=\"widget\" data-e-type=\"widget\" data-widget_type=\"text-editor.default\">\n\t\t\t\t<div class=\"elementor-widget-container\">\n\t\t\t\t\t\t\t\t\t<p style=\"font-weight: 400;\">El <a href=\"https:\/\/www.orangecosta.com\/blog\/parque-natural-sierra-irta\/\">Parque Natural de la Serra d\u2019Irta<\/a> es uno de esos lugares que ya casi no existen en la costa mediterr\u00e1nea. Se trata de una sierra litoral protegida, sin urbanizar, <strong>situada entre Pe\u00f1\u00edscola, Alcal\u00e0 de Xivert y Alcossebre<\/strong>. A lo largo de sus kil\u00f3metros de costa se alternan acantilados de roca blanca, calas y playas como <a href=\"https:\/\/www.orangecosta.com\/blog\/platja-del-pebret\/\">El Pebret<\/a> y peque\u00f1os tramos de sendero con vistas constantes al mar.<\/p><p style=\"font-weight: 400;\">Su vegetaci\u00f3n es la t\u00edpica del clima mediterr\u00e1neo seco: pinares, romero, palmito y plantas adaptadas a la salinidad como el hinojo marino.<\/p><p style=\"font-weight: 400;\">Adem\u00e1s, <strong>el parque conserva un interesante patrimonio hist\u00f3rico como el <\/strong><a href=\"https:\/\/www.orangecosta.com\/blog\/castillo-santa-magdalena-pulpis\/\"><strong>Castillo de Santa Magdalena de Pulpis<\/strong><\/a><strong>, el <\/strong><a href=\"https:\/\/www.orangecosta.com\/blog\/castillo-alcala-de-xivert\/\"><strong>Castillo de Alcal\u00e1 de Xivert<\/strong><\/a><strong> y puestos de vigilancia costera como la <\/strong><a href=\"https:\/\/www.orangecosta.com\/blog\/torre-badum\/\"><strong>Torre Badum<\/strong><\/a><strong>.<\/strong><\/p><p style=\"font-weight: 400;\">Es un parque ideal para hacer rutas a pie, en bici y tambi\u00e9n para visitarlo con la idea de disfrutar de sus calas m\u00e1s escondidas y menos conocidas como <a href=\"https:\/\/www.orangecosta.com\/blog\/cala-argilaga\/\">Cala Argilaga<\/a>.<\/p>\t\t\t\t\t\t\t\t<\/div>\n\t\t\t\t<\/div>\n\t\t\t\t<div class=\"elementor-element elementor-element-76e15b7 elementor-widget elementor-widget-image\" data-id=\"76e15b7\" data-element_type=\"widget\" data-e-type=\"widget\" data-widget_type=\"image.default\">\n\t\t\t\t<div class=\"elementor-widget-container\">\n\t\t\t\t\t\t\t\t\t\t\t\t\t\t\t<img decoding=\"async\" src=\"https:\/\/www.orangecosta.com\/blog\/wp-content\/uploads\/elementor\/thumbs\/Sierra-irta-qb8avtc1fuhn67ic66pegtf4wv6kc655mynswudq40.jpg\" title=\"Sierra irta\" alt=\"Sierra irta\" loading=\"lazy\" \/>\t\t\t\t\t\t\t\t\t\t\t\t\t\t\t<\/div>\n\t\t\t\t<\/div>\n\t\t\t\t\t<\/div>\n\t\t<\/div>\n\t\t\t\t\t<\/div>\n\t\t<\/section>\n\t\t\t\t<section class=\"elementor-section elementor-top-section elementor-element elementor-element-185838c elementor-section-boxed elementor-section-height-default elementor-section-height-default\" data-id=\"185838c\" data-element_type=\"section\" data-e-type=\"section\">\n\t\t\t\t\t\t<div class=\"elementor-container elementor-column-gap-default\">\n\t\t\t\t\t<div class=\"elementor-column elementor-col-100 elementor-top-column elementor-element elementor-element-9054d9f\" data-id=\"9054d9f\" data-element_type=\"column\" data-e-type=\"column\">\n\t\t\t<div class=\"elementor-widget-wrap elementor-element-populated\">\n\t\t\t\t\t\t<div class=\"elementor-element elementor-element-d421237 elementor-widget elementor-widget-heading\" data-id=\"d421237\" data-element_type=\"widget\" data-e-type=\"widget\" data-widget_type=\"heading.default\">\n\t\t\t\t<div class=\"elementor-widget-container\">\n\t\t\t\t\t<h2 class=\"elementor-heading-title elementor-size-default\">#2 Parque Natural del Desierto de las Palmas <\/h2>\t\t\t\t<\/div>\n\t\t\t\t<\/div>\n\t\t\t\t<div class=\"elementor-element elementor-element-470fdb6 elementor-widget elementor-widget-text-editor\" data-id=\"470fdb6\" data-element_type=\"widget\" data-e-type=\"widget\" data-widget_type=\"text-editor.default\">\n\t\t\t\t<div class=\"elementor-widget-container\">\n\t\t\t\t\t\t\t\t\t<p style=\"font-weight: 400;\">Muy cerca de la costa y de la ciudad de Castell\u00f3n se encuentra el <a href=\"https:\/\/www.orangecosta.com\/blog\/desierto-de-las-palmas-benicassim\/\">Desierto de las Palmas<\/a>, un parque que, pese a su nombre, <strong>no tiene nada de \u00e1rido<\/strong>. El t\u00e9rmino \u00abdesierto\u00bb hace referencia al aislamiento buscado por los carmelitas hace a\u00f1os y \u00abLas Palmas\u00bb al abundante palmito que crece en la zona. No te lo esperabas, \u00bfeh?<\/p><p style=\"font-weight: 400;\"><strong>Su cercan\u00eda al mar genera nieblas y microclimas que favorecen una vegetaci\u00f3n muy particular y, aunque el parque todav\u00eda est\u00e1 en proceso de regeneraci\u00f3n tras el gran incendio que sufri\u00f3 en 1992, merece mucho la pena visitarlo.<\/strong><\/p><p style=\"font-weight: 400;\">Es un lugar perfecto para hacer algunas de las <a href=\"https:\/\/www.orangecosta.com\/blog\/rutas-senderismo-castellon\/\">mejores rutas de senderismo de Castell\u00f3n<\/a>.<\/p>\t\t\t\t\t\t\t\t<\/div>\n\t\t\t\t<\/div>\n\t\t\t\t<div class=\"elementor-element elementor-element-a5ffe4c elementor-widget elementor-widget-image\" data-id=\"a5ffe4c\" data-element_type=\"widget\" data-e-type=\"widget\" data-widget_type=\"image.default\">\n\t\t\t\t<div class=\"elementor-widget-container\">\n\t\t\t\t\t\t\t\t\t\t\t\t\t\t\t<img fetchpriority=\"high\" decoding=\"async\" width=\"1200\" height=\"678\" src=\"https:\/\/www.orangecosta.com\/blog\/wp-content\/uploads\/2023\/11\/rutas-desierto-de-las-palmas-benicassim.jpeg\" class=\"attachment-full size-full wp-image-2060\" alt=\"rutas desierto de las palmas benicassim\" srcset=\"https:\/\/www.orangecosta.com\/blog\/wp-content\/uploads\/2023\/11\/rutas-desierto-de-las-palmas-benicassim.jpeg 1200w, https:\/\/www.orangecosta.com\/blog\/wp-content\/uploads\/2023\/11\/rutas-desierto-de-las-palmas-benicassim-768x434.jpeg 768w\" sizes=\"(max-width: 1200px) 100vw, 1200px\" \/>\t\t\t\t\t\t\t\t\t\t\t\t\t\t\t<\/div>\n\t\t\t\t<\/div>\n\t\t\t\t\t<\/div>\n\t\t<\/div>\n\t\t\t\t\t<\/div>\n\t\t<\/section>\n\t\t\t\t<section class=\"elementor-section elementor-top-section elementor-element elementor-element-cdc5178 elementor-section-boxed elementor-section-height-default elementor-section-height-default\" data-id=\"cdc5178\" data-element_type=\"section\" data-e-type=\"section\">\n\t\t\t\t\t\t<div class=\"elementor-container elementor-column-gap-default\">\n\t\t\t\t\t<div class=\"elementor-column elementor-col-100 elementor-top-column elementor-element elementor-element-5f70f18\" data-id=\"5f70f18\" data-element_type=\"column\" data-e-type=\"column\">\n\t\t\t<div class=\"elementor-widget-wrap elementor-element-populated\">\n\t\t\t\t\t\t<div class=\"elementor-element elementor-element-0c9abdc elementor-widget elementor-widget-heading\" data-id=\"0c9abdc\" data-element_type=\"widget\" data-e-type=\"widget\" data-widget_type=\"heading.default\">\n\t\t\t\t<div class=\"elementor-widget-container\">\n\t\t\t\t\t<h2 class=\"elementor-heading-title elementor-size-default\">#3 Parque Natural del Penyagolosa<\/h2>\t\t\t\t<\/div>\n\t\t\t\t<\/div>\n\t\t\t\t<div class=\"elementor-element elementor-element-ee6d507 elementor-widget elementor-widget-text-editor\" data-id=\"ee6d507\" data-element_type=\"widget\" data-e-type=\"widget\" data-widget_type=\"text-editor.default\">\n\t\t\t\t<div class=\"elementor-widget-container\">\n\t\t\t\t\t\t\t\t\t<p style=\"font-weight: 400;\">El Penyagolosa es el gran icono del interior de Castell\u00f3n. Con sus <strong>1.814 metros de altitud<\/strong>, es una de las cumbres m\u00e1s altas de la Comunitat Valenciana.<\/p><p style=\"font-weight: 400;\">Aqu\u00ed dominan los bosques de pinos, encinas, robles y arces, y <strong>es habitual encontrar cabras montesas, gatos monteses y numerosas aves rapaces sobrevolando el macizo<\/strong>.<\/p><p style=\"font-weight: 400;\">A los pies de la monta\u00f1a se encuentra el Santuario de San Juan Bautista de Penyagolosa, un lugar que durante siglos ha sido punto de encuentro de peregrinos y senderistas.<\/p>\t\t\t\t\t\t\t\t<\/div>\n\t\t\t\t<\/div>\n\t\t\t\t<div class=\"elementor-element elementor-element-02302e1 elementor-widget elementor-widget-image\" data-id=\"02302e1\" data-element_type=\"widget\" data-e-type=\"widget\" data-widget_type=\"image.default\">\n\t\t\t\t<div class=\"elementor-widget-container\">\n\t\t\t\t\t\t\t\t\t\t\t\t\t\t\t<img decoding=\"async\" width=\"1254\" height=\"627\" src=\"https:\/\/www.orangecosta.com\/blog\/wp-content\/uploads\/2026\/01\/Penyagolosa.jpg\" class=\"attachment-full size-full wp-image-5638\" alt=\"Penyagolosa.jpg\" srcset=\"https:\/\/www.orangecosta.com\/blog\/wp-content\/uploads\/2026\/01\/Penyagolosa.jpg 1254w, https:\/\/www.orangecosta.com\/blog\/wp-content\/uploads\/2026\/01\/Penyagolosa-768x384.jpg 768w\" sizes=\"(max-width: 1254px) 100vw, 1254px\" \/>\t\t\t\t\t\t\t\t\t\t\t\t\t\t\t<\/div>\n\t\t\t\t<\/div>\n\t\t\t\t\t<\/div>\n\t\t<\/div>\n\t\t\t\t\t<\/div>\n\t\t<\/section>\n\t\t\t\t<section class=\"elementor-section elementor-top-section elementor-element elementor-element-84f7422 elementor-section-boxed elementor-section-height-default elementor-section-height-default\" data-id=\"84f7422\" data-element_type=\"section\" data-e-type=\"section\">\n\t\t\t\t\t\t<div class=\"elementor-container elementor-column-gap-default\">\n\t\t\t\t\t<div class=\"elementor-column elementor-col-100 elementor-top-column elementor-element elementor-element-659cb58\" data-id=\"659cb58\" data-element_type=\"column\" data-e-type=\"column\">\n\t\t\t<div class=\"elementor-widget-wrap elementor-element-populated\">\n\t\t\t\t\t\t<div class=\"elementor-element elementor-element-08c823d elementor-widget elementor-widget-heading\" data-id=\"08c823d\" data-element_type=\"widget\" data-e-type=\"widget\" data-widget_type=\"heading.default\">\n\t\t\t\t<div class=\"elementor-widget-container\">\n\t\t\t\t\t<h2 class=\"elementor-heading-title elementor-size-default\">#4 Parque Natural de las Islas Columbretes<\/h2>\t\t\t\t<\/div>\n\t\t\t\t<\/div>\n\t\t\t\t<div class=\"elementor-element elementor-element-f201a34 elementor-widget elementor-widget-text-editor\" data-id=\"f201a34\" data-element_type=\"widget\" data-e-type=\"widget\" data-widget_type=\"text-editor.default\">\n\t\t\t\t<div class=\"elementor-widget-container\">\n\t\t\t\t\t\t\t\t\t<p style=\"font-weight: 400;\">Mar adentro se encuentra uno de los parques naturales de la provincia de Castell\u00f3n m\u00e1s especiales del Mediterr\u00e1neo: las Islas Columbretes. <strong>Se trata de un peque\u00f1o archipi\u00e9lago de origen volc\u00e1nico con un enorme valor ecol\u00f3gico, tanto terrestre como marino.<\/strong><\/p><p style=\"font-weight: 400;\">Aqu\u00ed se protegen especies \u00fanicas de flora y fauna; tambi\u00e9n bajo el agua, por lo que una de las actividades m\u00e1s chulas que puedes hacer es bucear.<\/p><p style=\"font-weight: 400;\"><strong>Entre la Illa Grossa, La Ferrera, La Foradada y El Carallot el archipi\u00e9lago suma una superficie aproximada de 19 hect\u00e1reas. \u00a1Poca superficie, pero con muchas sorpresas!<\/strong><\/p><p style=\"font-weight: 400;\">Las visitas est\u00e1n muy reguladas para proteger el entorno, pero si te organizas con tiempo puedes apuntarte a una excursi\u00f3n en barco.<\/p>\t\t\t\t\t\t\t\t<\/div>\n\t\t\t\t<\/div>\n\t\t\t\t<div class=\"elementor-element elementor-element-c4bb743 elementor-widget elementor-widget-image\" data-id=\"c4bb743\" data-element_type=\"widget\" data-e-type=\"widget\" data-widget_type=\"image.default\">\n\t\t\t\t<div class=\"elementor-widget-container\">\n\t\t\t\t\t\t\t\t\t\t\t\t\t\t\t<img decoding=\"async\" width=\"1252\" height=\"625\" src=\"https:\/\/www.orangecosta.com\/blog\/wp-content\/uploads\/2026\/01\/parque-islas-columbrete.jpg\" class=\"attachment-full size-full wp-image-5641\" alt=\"parque-islas-columbrete.jpg\" srcset=\"https:\/\/www.orangecosta.com\/blog\/wp-content\/uploads\/2026\/01\/parque-islas-columbrete.jpg 1252w, https:\/\/www.orangecosta.com\/blog\/wp-content\/uploads\/2026\/01\/parque-islas-columbrete-768x383.jpg 768w\" sizes=\"(max-width: 1252px) 100vw, 1252px\" \/>\t\t\t\t\t\t\t\t\t\t\t\t\t\t\t<\/div>\n\t\t\t\t<\/div>\n\t\t\t\t\t<\/div>\n\t\t<\/div>\n\t\t\t\t\t<\/div>\n\t\t<\/section>\n\t\t\t\t<section class=\"elementor-section elementor-top-section elementor-element elementor-element-6ecaa5e elementor-section-boxed elementor-section-height-default elementor-section-height-default\" data-id=\"6ecaa5e\" data-element_type=\"section\" data-e-type=\"section\">\n\t\t\t\t\t\t<div class=\"elementor-container elementor-column-gap-default\">\n\t\t\t\t\t<div class=\"elementor-column elementor-col-100 elementor-top-column elementor-element elementor-element-2fbf03a\" data-id=\"2fbf03a\" data-element_type=\"column\" data-e-type=\"column\">\n\t\t\t<div class=\"elementor-widget-wrap elementor-element-populated\">\n\t\t\t\t\t\t<div class=\"elementor-element elementor-element-2e67cae elementor-widget elementor-widget-heading\" data-id=\"2e67cae\" data-element_type=\"widget\" data-e-type=\"widget\" data-widget_type=\"heading.default\">\n\t\t\t\t<div class=\"elementor-widget-container\">\n\t\t\t\t\t<h2 class=\"elementor-heading-title elementor-size-default\">#5 Parque Natural de la Tinen\u00e7a de Benifass\u00e0 <\/h2>\t\t\t\t<\/div>\n\t\t\t\t<\/div>\n\t\t\t\t<div class=\"elementor-element elementor-element-4eec311 elementor-widget elementor-widget-text-editor\" data-id=\"4eec311\" data-element_type=\"widget\" data-e-type=\"widget\" data-widget_type=\"text-editor.default\">\n\t\t\t\t<div class=\"elementor-widget-container\">\n\t\t\t\t\t\t\t\t\t<p style=\"font-weight: 400;\">En el extremo norte de la provincia se encuentra uno de los espacios m\u00e1s salvajes de Castell\u00f3n: la Tinen\u00e7a de Benifass\u00e0.<\/p><p style=\"font-weight: 400;\">Aqu\u00ed el paisaje cambia por completo \u2014respecto a lo que hemos ido cont\u00e1ndote\u2014 y da paso a <strong>bosques bien conservados, repletos de barrancos, carrascales y quejigares.<\/strong> Muchas especies como cabras montesas, corzos, buitres y \u00e1guilas reales encuentran aqu\u00ed su refugio.<\/p><p style=\"font-weight: 400;\">Adem\u00e1s, este parque esconde <strong>pinturas rupestres declaradas Patrimonio de la Humanidad y el Real Convento de Santa Mar\u00eda de Benifass\u00e0<\/strong>, uno de los conjuntos hist\u00f3ricos m\u00e1s antiguos de la Comunitat Valenciana.<\/p>\t\t\t\t\t\t\t\t<\/div>\n\t\t\t\t<\/div>\n\t\t\t\t<div class=\"elementor-element elementor-element-8034676 elementor-widget elementor-widget-image\" data-id=\"8034676\" data-element_type=\"widget\" data-e-type=\"widget\" data-widget_type=\"image.default\">\n\t\t\t\t<div class=\"elementor-widget-container\">\n\t\t\t\t\t\t\t\t\t\t\t\t\t\t\t<img loading=\"lazy\" decoding=\"async\" width=\"1254\" height=\"627\" src=\"https:\/\/www.orangecosta.com\/blog\/wp-content\/uploads\/2026\/01\/Parque-Natural-de-la-Tinenca-de-Benifassa.jpg\" class=\"attachment-full size-full wp-image-5644\" alt=\"Parque-Natural-de-la-Tinenca-de-Benifassa.jpg\" srcset=\"https:\/\/www.orangecosta.com\/blog\/wp-content\/uploads\/2026\/01\/Parque-Natural-de-la-Tinenca-de-Benifassa.jpg 1254w, https:\/\/www.orangecosta.com\/blog\/wp-content\/uploads\/2026\/01\/Parque-Natural-de-la-Tinenca-de-Benifassa-768x384.jpg 768w\" sizes=\"(max-width: 1254px) 100vw, 1254px\" \/>\t\t\t\t\t\t\t\t\t\t\t\t\t\t\t<\/div>\n\t\t\t\t<\/div>\n\t\t\t\t\t<\/div>\n\t\t<\/div>\n\t\t\t\t\t<\/div>\n\t\t<\/section>\n\t\t\t\t<section class=\"elementor-section elementor-top-section elementor-element elementor-element-54ee427 elementor-section-boxed elementor-section-height-default elementor-section-height-default\" data-id=\"54ee427\" data-element_type=\"section\" data-e-type=\"section\">\n\t\t\t\t\t\t<div class=\"elementor-container elementor-column-gap-default\">\n\t\t\t\t\t<div class=\"elementor-column elementor-col-100 elementor-top-column elementor-element elementor-element-55662fb\" data-id=\"55662fb\" data-element_type=\"column\" data-e-type=\"column\">\n\t\t\t<div class=\"elementor-widget-wrap elementor-element-populated\">\n\t\t\t\t\t\t<div class=\"elementor-element elementor-element-397bd9f elementor-widget elementor-widget-heading\" data-id=\"397bd9f\" data-element_type=\"widget\" data-e-type=\"widget\" data-widget_type=\"heading.default\">\n\t\t\t\t<div class=\"elementor-widget-container\">\n\t\t\t\t\t<h2 class=\"elementor-heading-title elementor-size-default\">#6 Parque Natural del Prat de Cabanes-Torreblanca <\/h2>\t\t\t\t<\/div>\n\t\t\t\t<\/div>\n\t\t\t\t<div class=\"elementor-element elementor-element-fa63afa elementor-widget elementor-widget-text-editor\" data-id=\"fa63afa\" data-element_type=\"widget\" data-e-type=\"widget\" data-widget_type=\"text-editor.default\">\n\t\t\t\t<div class=\"elementor-widget-container\">\n\t\t\t\t\t\t\t\t\t<p style=\"font-weight: 400;\">El Prat de Cabanes-Torreblanca es una franja costera de marjales y humedales de gran valor ecol\u00f3gico. <strong>\u00a1Aqu\u00ed la protagonista es la biodiversidad!<\/strong><\/p><p style=\"font-weight: 400;\">Es hogar de especies protegidas como el <em>fartet<\/em> \u2014un pez bastante curioso\u2014 y el samarugo \u2014el renacuajo de la rana\u2014, adem\u00e1s de una gran variedad de aves acu\u00e1ticas. <strong>Tambi\u00e9n alberga plantas muy poco comunes y endemismos exclusivos de la Comunitat Valenciana.<\/strong> Un lugar ideal para observar fauna y flora y llevarte unas fotos de esc\u00e1ndalo.<\/p>\t\t\t\t\t\t\t\t<\/div>\n\t\t\t\t<\/div>\n\t\t\t\t<div class=\"elementor-element elementor-element-2715ac2 elementor-widget elementor-widget-image\" data-id=\"2715ac2\" data-element_type=\"widget\" data-e-type=\"widget\" data-widget_type=\"image.default\">\n\t\t\t\t<div class=\"elementor-widget-container\">\n\t\t\t\t\t\t\t\t\t\t\t\t\t\t\t<img decoding=\"async\" src=\"https:\/\/www.orangecosta.com\/blog\/wp-content\/uploads\/elementor\/thumbs\/Parque-Natural-del-Prat-de-Cabanes-Torreblanca-ri2stmfwknaxwpgeu2f4dzu5l146f9h0bg94lvscxc.jpg\" title=\"Mountain landscape\" alt=\"Mountain landscape with clear sky and few clouds in the Jump of Poveda, Guadalajara, Spain.\" loading=\"lazy\" \/>\t\t\t\t\t\t\t\t\t\t\t\t\t\t\t<\/div>\n\t\t\t\t<\/div>\n\t\t\t\t\t<\/div>\n\t\t<\/div>\n\t\t\t\t\t<\/div>\n\t\t<\/section>\n\t\t\t\t<section class=\"elementor-section elementor-top-section elementor-element elementor-element-6b18654 elementor-section-boxed elementor-section-height-default elementor-section-height-default\" data-id=\"6b18654\" data-element_type=\"section\" data-e-type=\"section\">\n\t\t\t\t\t\t<div class=\"elementor-container elementor-column-gap-default\">\n\t\t\t\t\t<div class=\"elementor-column elementor-col-100 elementor-top-column elementor-element elementor-element-8fef690\" data-id=\"8fef690\" data-element_type=\"column\" data-e-type=\"column\">\n\t\t\t<div class=\"elementor-widget-wrap elementor-element-populated\">\n\t\t\t\t\t\t<div class=\"elementor-element elementor-element-7cd0797 elementor-widget elementor-widget-heading\" data-id=\"7cd0797\" data-element_type=\"widget\" data-e-type=\"widget\" data-widget_type=\"heading.default\">\n\t\t\t\t<div class=\"elementor-widget-container\">\n\t\t\t\t\t<h2 class=\"elementor-heading-title elementor-size-default\">#7 Parque Natural de la Sierra de Espad\u00e1n<\/h2>\t\t\t\t<\/div>\n\t\t\t\t<\/div>\n\t\t\t\t<div class=\"elementor-element elementor-element-6c30376 elementor-widget elementor-widget-text-editor\" data-id=\"6c30376\" data-element_type=\"widget\" data-e-type=\"widget\" data-widget_type=\"text-editor.default\">\n\t\t\t\t<div class=\"elementor-widget-container\">\n\t\t\t\t\t\t\t\t\t<p style=\"font-weight: 400;\"><strong>La Sierra de Espad\u00e1n destaca por albergar la mayor masa de alcornoques de la Comunitat Valenciana.<\/strong> Su relieve es abrupto con barrancos, fuentes y pueblos que conservan una estructura medieval muy bien preservada.<\/p><p style=\"font-weight: 400;\">Es un parque ideal para hacer <a href=\"https:\/\/parquesnaturales.gva.es\/es\/web\/pn-serra-d-espada\/rutas-del-parque-natural\">rutas de monta\u00f1a de dificultad baja-media<\/a> y, de paso, visitar pueblos encantadores como L\u2019Alc\u00fadia de Veo.<\/p>\t\t\t\t\t\t\t\t<\/div>\n\t\t\t\t<\/div>\n\t\t\t\t<div class=\"elementor-element elementor-element-5a8bab7 elementor-widget elementor-widget-image\" data-id=\"5a8bab7\" data-element_type=\"widget\" data-e-type=\"widget\" data-widget_type=\"image.default\">\n\t\t\t\t<div class=\"elementor-widget-container\">\n\t\t\t\t\t\t\t\t\t\t\t\t\t\t\t<img decoding=\"async\" src=\"https:\/\/www.orangecosta.com\/blog\/wp-content\/uploads\/elementor\/thumbs\/Parque-Natural-de-la-Sierra-de-Espadan-ri2swjptu3b2117hrbxc599s46padd2y1xbicvg9kg.webp\" title=\"Parque-Natural-de-la-Sierra-de-Espadan\" alt=\"Parque-Natural-de-la-Sierra-de-Espadan.webp\" loading=\"lazy\" \/>\t\t\t\t\t\t\t\t\t\t\t\t\t\t\t<\/div>\n\t\t\t\t<\/div>\n\t\t\t\t\t<\/div>\n\t\t<\/div>\n\t\t\t\t\t<\/div>\n\t\t<\/section>\n\t\t\t\t<section class=\"elementor-section elementor-top-section elementor-element elementor-element-ca65fc5 elementor-section-boxed elementor-section-height-default elementor-section-height-default\" data-id=\"ca65fc5\" data-element_type=\"section\" data-e-type=\"section\">\n\t\t\t\t\t\t<div class=\"elementor-container elementor-column-gap-default\">\n\t\t\t\t\t<div class=\"elementor-column elementor-col-100 elementor-top-column elementor-element elementor-element-80bc897\" data-id=\"80bc897\" data-element_type=\"column\" data-e-type=\"column\">\n\t\t\t<div class=\"elementor-widget-wrap elementor-element-populated\">\n\t\t\t\t\t\t<div class=\"elementor-element elementor-element-8ac8c52 elementor-widget elementor-widget-heading\" data-id=\"8ac8c52\" data-element_type=\"widget\" data-e-type=\"widget\" data-widget_type=\"heading.default\">\n\t\t\t\t<div class=\"elementor-widget-container\">\n\t\t\t\t\t<h2 class=\"elementor-heading-title elementor-size-default\">#8 Parque Natural de la Sierra Calderona <\/h2>\t\t\t\t<\/div>\n\t\t\t\t<\/div>\n\t\t\t\t<div class=\"elementor-element elementor-element-3db8b8f elementor-widget elementor-widget-text-editor\" data-id=\"3db8b8f\" data-element_type=\"widget\" data-e-type=\"widget\" data-widget_type=\"text-editor.default\">\n\t\t\t\t<div class=\"elementor-widget-container\">\n\t\t\t\t\t\t\t\t\t<p style=\"font-weight: 400;\">Este parque natural de Castell\u00f3n tiene truco, y es que est\u00e1 compartido con la provincia de Val\u00e8ncia. Aunque est\u00e9 un poco m\u00e1s alejado, tienes que hacerle una visita.<\/p><p style=\"font-weight: 400;\"><strong>La Sierra Calderona cuenta con pinares, carrascas y una fauna muy diversa, pero su punto fuerte son las vistas.<\/strong>Desde el Mirador del Garb\u00ed vas a disfrutar de unas panor\u00e1micas espectaculares.<\/p><p style=\"font-weight: 400;\">Tambi\u00e9n destaca por su patrimonio hist\u00f3rico, con cartujas, monasterios y yacimientos ib\u00e9ricos repartidos por todo el parque.<\/p>\t\t\t\t\t\t\t\t<\/div>\n\t\t\t\t<\/div>\n\t\t\t\t<div class=\"elementor-element elementor-element-0f9d7ce elementor-widget elementor-widget-image\" data-id=\"0f9d7ce\" data-element_type=\"widget\" data-e-type=\"widget\" data-widget_type=\"image.default\">\n\t\t\t\t<div class=\"elementor-widget-container\">\n\t\t\t\t\t\t\t\t\t\t\t\t\t\t\t<img loading=\"lazy\" decoding=\"async\" width=\"1360\" height=\"765\" src=\"https:\/\/www.orangecosta.com\/blog\/wp-content\/uploads\/2026\/01\/Parque-Natural-de-la-Sierra-Calderona.webp\" class=\"attachment-full size-full wp-image-5653\" alt=\"Parque-Natural-de-la-Sierra-Calderona.webp\" srcset=\"https:\/\/www.orangecosta.com\/blog\/wp-content\/uploads\/2026\/01\/Parque-Natural-de-la-Sierra-Calderona.webp 1360w, https:\/\/www.orangecosta.com\/blog\/wp-content\/uploads\/2026\/01\/Parque-Natural-de-la-Sierra-Calderona-768x432.webp 768w\" sizes=\"(max-width: 1360px) 100vw, 1360px\" \/>\t\t\t\t\t\t\t\t\t\t\t\t\t\t\t<\/div>\n\t\t\t\t<\/div>\n\t\t\t\t\t<\/div>\n\t\t<\/div>\n\t\t\t\t\t<\/div>\n\t\t<\/section>\n\t\t<div class=\"elementor-element elementor-element-20341c9 e-flex e-con-boxed e-con e-parent\" data-id=\"20341c9\" data-element_type=\"container\" data-e-type=\"container\">\n\t\t\t\t\t<div class=\"e-con-inner\">\n\t\t\t\t<div class=\"elementor-element elementor-element-e65b29c elementor-widget elementor-widget-html\" data-id=\"e65b29c\" data-element_type=\"widget\" data-e-type=\"widget\" data-widget_type=\"html.default\">\n\t\t\t\t<div class=\"elementor-widget-container\">\n\t\t\t\t\t<iframe src=\"https:\/\/www.google.com\/maps\/d\/u\/0\/embed?mid=1Ueiw75-jhhv_ZZYnbzAC4puWXvZMcyg&ehbc=2E312F&noprof=1\" width=\"640\" height=\"480\"><\/iframe>\t\t\t\t<\/div>\n\t\t\t\t<\/div>\n\t\t\t\t\t<\/div>\n\t\t\t\t<\/div>\n\t\t\t\t<section class=\"elementor-section elementor-top-section elementor-element elementor-element-6391072e elementor-section-boxed elementor-section-height-default elementor-section-height-default\" data-id=\"6391072e\" data-element_type=\"section\" data-e-type=\"section\">\n\t\t\t\t\t\t<div class=\"elementor-container elementor-column-gap-default\">\n\t\t\t\t\t<div class=\"elementor-column elementor-col-100 elementor-top-column elementor-element elementor-element-6b438ba1\" data-id=\"6b438ba1\" data-element_type=\"column\" data-e-type=\"column\">\n\t\t\t<div class=\"elementor-widget-wrap elementor-element-populated\">\n\t\t\t\t\t\t<div class=\"elementor-element elementor-element-6507e765 elementor-widget elementor-widget-heading\" data-id=\"6507e765\" data-element_type=\"widget\" data-e-type=\"widget\" data-widget_type=\"heading.default\">\n\t\t\t\t<div class=\"elementor-widget-container\">\n\t\t\t\t\t<h2 class=\"elementor-heading-title elementor-size-default\">\u00bfVienes a conocer todos los parques naturales de Castell\u00f3n?<\/h2>\t\t\t\t<\/div>\n\t\t\t\t<\/div>\n\t\t\t\t<div class=\"elementor-element elementor-element-78d648ee elementor-widget elementor-widget-text-editor\" data-id=\"78d648ee\" data-element_type=\"widget\" data-e-type=\"widget\" data-widget_type=\"text-editor.default\">\n\t\t\t\t<div class=\"elementor-widget-container\">\n\t\t\t\t\t\t\t\t\t<p style=\"font-weight: 400;\">Con las descripciones de estos ocho parques naturales de Castell\u00f3n ya puedes hacerte una idea de que es una de las <strong>provincias m\u00e1s monta\u00f1osas y diversas de Espa\u00f1a<\/strong>. Y lo mejor de todo es que todos ellos permiten disfrutar de la naturaleza, tanto a locales como a viajeros, durante casi todo el a\u00f1o.<\/p><p style=\"font-weight: 400;\">Ahora solo te queda reservar un alojamiento cerca con <a href=\"https:\/\/www.orangecosta.com\/\">Orange Costa<\/a> y lanzarte a conocer todos los parques naturales de Castell\u00f3n. \u00bfA qu\u00e9 esperas?<\/p>\t\t\t\t\t\t\t\t<\/div>\n\t\t\t\t<\/div>\n\t\t\t\t\t<\/div>\n\t\t<\/div>\n\t\t\t\t\t<\/div>\n\t\t<\/section>\n\t\t\t\t<section class=\"elementor-section elementor-top-section elementor-element elementor-element-1dedfd8 elementor-section-boxed elementor-section-height-default elementor-section-height-default\" data-id=\"1dedfd8\" data-element_type=\"section\" data-e-type=\"section\">\n\t\t\t\t\t\t<div class=\"elementor-container elementor-column-gap-default\">\n\t\t\t\t\t<div class=\"elementor-column elementor-col-100 elementor-top-column elementor-element elementor-element-1cbcb672\" data-id=\"1cbcb672\" data-element_type=\"column\" data-e-type=\"column\">\n\t\t\t<div class=\"elementor-widget-wrap elementor-element-populated\">\n\t\t\t\t\t\t<div class=\"elementor-element elementor-element-3f2cd32f elementor-widget elementor-widget-shortcode\" data-id=\"3f2cd32f\" data-element_type=\"widget\" data-e-type=\"widget\" data-widget_type=\"shortcode.default\">\n\t\t\t\t<div class=\"elementor-widget-container\">\n\t\t\t\t\t\t\t<div class=\"elementor-shortcode\">\t\t<div data-elementor-type=\"section\" data-elementor-id=\"1105\" class=\"elementor elementor-1105\" data-elementor-post-type=\"elementor_library\">\n\t\t\t\t\t<section class=\"elementor-section elementor-top-section elementor-element elementor-element-4a08aa5a elementor-section-boxed elementor-section-height-default elementor-section-height-default\" data-id=\"4a08aa5a\" data-element_type=\"section\" data-e-type=\"section\">\n\t\t\t\t\t\t<div class=\"elementor-container elementor-column-gap-default\">\n\t\t\t\t\t<div class=\"elementor-column elementor-col-33 elementor-top-column elementor-element elementor-element-414dac85\" data-id=\"414dac85\" data-element_type=\"column\" data-e-type=\"column\">\n\t\t\t<div class=\"elementor-widget-wrap elementor-element-populated\">\n\t\t\t\t\t\t<div class=\"elementor-element elementor-element-24d0545 elementor-align-center elementor-widget elementor-widget-button\" data-id=\"24d0545\" data-element_type=\"widget\" data-e-type=\"widget\" data-widget_type=\"button.default\">\n\t\t\t\t<div class=\"elementor-widget-container\">\n\t\t\t\t\t\t\t\t\t<div class=\"elementor-button-wrapper\">\n\t\t\t\t\t<a class=\"elementor-button elementor-button-link elementor-size-sm\" href=\"https:\/\/www.orangecosta.com\/alquiler\/alquileres-peniscola-d400\/\">\n\t\t\t\t\t\t<span class=\"elementor-button-content-wrapper\">\n\t\t\t\t\t\t\t\t\t<span class=\"elementor-button-text\">ALOJAMIENTOS PE\u00d1\u00cdSCOLA<\/span>\n\t\t\t\t\t<\/span>\n\t\t\t\t\t<\/a>\n\t\t\t\t<\/div>\n\t\t\t\t\t\t\t\t<\/div>\n\t\t\t\t<\/div>\n\t\t\t\t\t<\/div>\n\t\t<\/div>\n\t\t\t\t<div class=\"elementor-column elementor-col-33 elementor-top-column elementor-element elementor-element-240c45bd\" data-id=\"240c45bd\" data-element_type=\"column\" data-e-type=\"column\">\n\t\t\t<div class=\"elementor-widget-wrap elementor-element-populated\">\n\t\t\t\t\t\t<div class=\"elementor-element elementor-element-22e02692 elementor-align-center elementor-widget elementor-widget-button\" data-id=\"22e02692\" data-element_type=\"widget\" data-e-type=\"widget\" data-widget_type=\"button.default\">\n\t\t\t\t<div class=\"elementor-widget-container\">\n\t\t\t\t\t\t\t\t\t<div class=\"elementor-button-wrapper\">\n\t\t\t\t\t<a class=\"elementor-button elementor-button-link elementor-size-sm\" href=\"https:\/\/www.orangecosta.com\/alquiler\/alquileres-benicassim-d139\/\">\n\t\t\t\t\t\t<span class=\"elementor-button-content-wrapper\">\n\t\t\t\t\t\t\t\t\t<span class=\"elementor-button-text\">ALOJAMIENTOS BENICASSIM<\/span>\n\t\t\t\t\t<\/span>\n\t\t\t\t\t<\/a>\n\t\t\t\t<\/div>\n\t\t\t\t\t\t\t\t<\/div>\n\t\t\t\t<\/div>\n\t\t\t\t\t<\/div>\n\t\t<\/div>\n\t\t\t\t<div class=\"elementor-column elementor-col-33 elementor-top-column elementor-element elementor-element-505ec5e4\" data-id=\"505ec5e4\" data-element_type=\"column\" data-e-type=\"column\">\n\t\t\t<div class=\"elementor-widget-wrap elementor-element-populated\">\n\t\t\t\t\t\t<div class=\"elementor-element elementor-element-7420ef3d elementor-align-center elementor-widget elementor-widget-button\" data-id=\"7420ef3d\" data-element_type=\"widget\" data-e-type=\"widget\" data-widget_type=\"button.default\">\n\t\t\t\t<div class=\"elementor-widget-container\">\n\t\t\t\t\t\t\t\t\t<div class=\"elementor-button-wrapper\">\n\t\t\t\t\t<a class=\"elementor-button elementor-button-link elementor-size-sm\" href=\"https:\/\/www.orangecosta.com\/alquiler\/alquileres-alcoceber-alcossebre-d100\/\">\n\t\t\t\t\t\t<span class=\"elementor-button-content-wrapper\">\n\t\t\t\t\t\t\t\t\t<span class=\"elementor-button-text\">ALOJAMIENTOS ALCOSSEBRE<\/span>\n\t\t\t\t\t<\/span>\n\t\t\t\t\t<\/a>\n\t\t\t\t<\/div>\n\t\t\t\t\t\t\t\t<\/div>\n\t\t\t\t<\/div>\n\t\t\t\t\t<\/div>\n\t\t<\/div>\n\t\t\t\t\t<\/div>\n\t\t<\/section>\n\t\t\t\t<\/div>\n\t\t<\/div>\n\t\t\t\t\t\t<\/div>\n\t\t\t\t<\/div>\n\t\t\t\t\t<\/div>\n\t\t<\/div>\n\t\t\t\t\t<\/div>\n\t\t<\/section>\n\t\t\t\t<\/div>\n\t\t","protected":false},"excerpt":{"rendered":"<p>Hablar de parques naturales en Castell\u00f3n es hablar de una provincia sorprendente con, nada m\u00e1s y nada menos que, ocho&#8230;<\/p>\n","protected":false},"author":6,"featured_media":5656,"comment_status":"open","ping_status":"open","sticky":false,"template":"","format":"standard","meta":{"footnotes":""},"categories":[105],"tags":[169],"class_list":["post-5607","post","type-post","status-publish","format-standard","has-post-thumbnail","hentry","category-costa-azahar","tag-no-template"],"yoast_head":"<!-- This site is optimized with the Yoast SEO plugin v27.5 - https:\/\/yoast.com\/product\/yoast-seo-wordpress\/ -->\n<title>Parques naturales de Castell\u00f3n que debes conocer\u00a0 - Blog turismo Orange Costa<\/title>\n<meta name=\"description\" content=\"Descubre todos los parques naturales de Castell\u00f3n: sierras, humedales, calas, islas volc\u00e1nicas y rutas para disfrutar de la naturaleza.\" \/>\n<meta name=\"robots\" content=\"index, follow, max-snippet:-1, max-image-preview:large, max-video-preview:-1\" \/>\n<link rel=\"canonical\" href=\"https:\/\/www.orangecosta.com\/blog\/parques-naturales-de-castellon\/\" \/>\n<meta property=\"og:locale\" content=\"es_ES\" \/>\n<meta property=\"og:type\" content=\"article\" \/>\n<meta property=\"og:title\" content=\"Parques naturales de Castell\u00f3n que debes conocer\u00a0 - Blog turismo Orange Costa\" \/>\n<meta property=\"og:description\" content=\"Descubre todos los parques naturales de Castell\u00f3n: sierras, humedales, calas, islas volc\u00e1nicas y rutas para disfrutar de la naturaleza.\" \/>\n<meta property=\"og:url\" content=\"https:\/\/www.orangecosta.com\/blog\/parques-naturales-de-castellon\/\" \/>\n<meta property=\"og:site_name\" content=\"Blog turismo Orange Costa\" \/>\n<meta property=\"article:published_time\" content=\"2026-01-23T12:03:41+00:00\" \/>\n<meta property=\"article:modified_time\" content=\"2026-03-12T12:01:18+00:00\" \/>\n<meta property=\"og:image\" content=\"https:\/\/www.orangecosta.com\/blog\/wp-content\/uploads\/2026\/01\/parques-naturales-castellon.jpg\" \/>\n\t<meta property=\"og:image:width\" content=\"2120\" \/>\n\t<meta property=\"og:image:height\" content=\"707\" \/>\n\t<meta property=\"og:image:type\" content=\"image\/jpeg\" \/>\n<meta name=\"author\" content=\"Laura\" \/>\n<meta name=\"twitter:card\" content=\"summary_large_image\" \/>\n<meta name=\"twitter:label1\" content=\"Escrito por\" \/>\n\t<meta name=\"twitter:data1\" content=\"Laura\" \/>\n\t<meta name=\"twitter:label2\" content=\"Tiempo de lectura\" \/>\n\t<meta name=\"twitter:data2\" content=\"7 minutos\" \/>\n<script type=\"application\/ld+json\" class=\"yoast-schema-graph\">{\"@context\":\"https:\\\/\\\/schema.org\",\"@graph\":[{\"@type\":\"Article\",\"@id\":\"https:\\\/\\\/www.orangecosta.com\\\/blog\\\/parques-naturales-de-castellon\\\/#article\",\"isPartOf\":{\"@id\":\"https:\\\/\\\/www.orangecosta.com\\\/blog\\\/parques-naturales-de-castellon\\\/\"},\"author\":{\"name\":\"Laura\",\"@id\":\"https:\\\/\\\/www.orangecosta.com\\\/blog\\\/#\\\/schema\\\/person\\\/a7ca15a09bbee143432bcd80d4eda51b\"},\"headline\":\"Parques naturales de Castell\u00f3n que debes conocer\u00a0\",\"datePublished\":\"2026-01-23T12:03:41+00:00\",\"dateModified\":\"2026-03-12T12:01:18+00:00\",\"mainEntityOfPage\":{\"@id\":\"https:\\\/\\\/www.orangecosta.com\\\/blog\\\/parques-naturales-de-castellon\\\/\"},\"wordCount\":1115,\"commentCount\":0,\"image\":{\"@id\":\"https:\\\/\\\/www.orangecosta.com\\\/blog\\\/parques-naturales-de-castellon\\\/#primaryimage\"},\"thumbnailUrl\":\"https:\\\/\\\/www.orangecosta.com\\\/blog\\\/wp-content\\\/uploads\\\/2026\\\/01\\\/parques-naturales-castellon.jpg\",\"keywords\":[\"No template\"],\"articleSection\":[\"Costa Azahar\"],\"inLanguage\":\"es\",\"potentialAction\":[{\"@type\":\"CommentAction\",\"name\":\"Comment\",\"target\":[\"https:\\\/\\\/www.orangecosta.com\\\/blog\\\/parques-naturales-de-castellon\\\/#respond\"]}]},{\"@type\":\"WebPage\",\"@id\":\"https:\\\/\\\/www.orangecosta.com\\\/blog\\\/parques-naturales-de-castellon\\\/\",\"url\":\"https:\\\/\\\/www.orangecosta.com\\\/blog\\\/parques-naturales-de-castellon\\\/\",\"name\":\"Parques naturales de Castell\u00f3n que debes conocer\u00a0 - Blog turismo Orange Costa\",\"isPartOf\":{\"@id\":\"https:\\\/\\\/www.orangecosta.com\\\/blog\\\/#website\"},\"primaryImageOfPage\":{\"@id\":\"https:\\\/\\\/www.orangecosta.com\\\/blog\\\/parques-naturales-de-castellon\\\/#primaryimage\"},\"image\":{\"@id\":\"https:\\\/\\\/www.orangecosta.com\\\/blog\\\/parques-naturales-de-castellon\\\/#primaryimage\"},\"thumbnailUrl\":\"https:\\\/\\\/www.orangecosta.com\\\/blog\\\/wp-content\\\/uploads\\\/2026\\\/01\\\/parques-naturales-castellon.jpg\",\"datePublished\":\"2026-01-23T12:03:41+00:00\",\"dateModified\":\"2026-03-12T12:01:18+00:00\",\"author\":{\"@id\":\"https:\\\/\\\/www.orangecosta.com\\\/blog\\\/#\\\/schema\\\/person\\\/a7ca15a09bbee143432bcd80d4eda51b\"},\"description\":\"Descubre todos los parques naturales de Castell\u00f3n: sierras, humedales, calas, islas volc\u00e1nicas y rutas para disfrutar de la naturaleza.\",\"breadcrumb\":{\"@id\":\"https:\\\/\\\/www.orangecosta.com\\\/blog\\\/parques-naturales-de-castellon\\\/#breadcrumb\"},\"inLanguage\":\"es\",\"potentialAction\":[{\"@type\":\"ReadAction\",\"target\":[\"https:\\\/\\\/www.orangecosta.com\\\/blog\\\/parques-naturales-de-castellon\\\/\"]}]},{\"@type\":\"ImageObject\",\"inLanguage\":\"es\",\"@id\":\"https:\\\/\\\/www.orangecosta.com\\\/blog\\\/parques-naturales-de-castellon\\\/#primaryimage\",\"url\":\"https:\\\/\\\/www.orangecosta.com\\\/blog\\\/wp-content\\\/uploads\\\/2026\\\/01\\\/parques-naturales-castellon.jpg\",\"contentUrl\":\"https:\\\/\\\/www.orangecosta.com\\\/blog\\\/wp-content\\\/uploads\\\/2026\\\/01\\\/parques-naturales-castellon.jpg\",\"width\":2120,\"height\":707,\"caption\":\"Pine and Cork tree forest in the Sierra de Espadan Natural Park, Region of Valencia, Spain.\"},{\"@type\":\"BreadcrumbList\",\"@id\":\"https:\\\/\\\/www.orangecosta.com\\\/blog\\\/parques-naturales-de-castellon\\\/#breadcrumb\",\"itemListElement\":[{\"@type\":\"ListItem\",\"position\":1,\"name\":\"Home\",\"item\":\"https:\\\/\\\/www.orangecosta.com\\\/blog\\\/\"},{\"@type\":\"ListItem\",\"position\":2,\"name\":\"Parques naturales de Castell\u00f3n que debes conocer\u00a0\"}]},{\"@type\":\"WebSite\",\"@id\":\"https:\\\/\\\/www.orangecosta.com\\\/blog\\\/#website\",\"url\":\"https:\\\/\\\/www.orangecosta.com\\\/blog\\\/\",\"name\":\"Blog turismo Orange Costa\",\"description\":\"Orangecosta\",\"potentialAction\":[{\"@type\":\"SearchAction\",\"target\":{\"@type\":\"EntryPoint\",\"urlTemplate\":\"https:\\\/\\\/www.orangecosta.com\\\/blog\\\/?s={search_term_string}\"},\"query-input\":{\"@type\":\"PropertyValueSpecification\",\"valueRequired\":true,\"valueName\":\"search_term_string\"}}],\"inLanguage\":\"es\"},{\"@type\":\"Person\",\"@id\":\"https:\\\/\\\/www.orangecosta.com\\\/blog\\\/#\\\/schema\\\/person\\\/a7ca15a09bbee143432bcd80d4eda51b\",\"name\":\"Laura\",\"image\":{\"@type\":\"ImageObject\",\"inLanguage\":\"es\",\"@id\":\"https:\\\/\\\/secure.gravatar.com\\\/avatar\\\/38b396224481eeb6edadb558d7e4a6d1ff1c8ba1e6abd3951e451527e107c96b?s=96&d=mm&r=g\",\"url\":\"https:\\\/\\\/secure.gravatar.com\\\/avatar\\\/38b396224481eeb6edadb558d7e4a6d1ff1c8ba1e6abd3951e451527e107c96b?s=96&d=mm&r=g\",\"contentUrl\":\"https:\\\/\\\/secure.gravatar.com\\\/avatar\\\/38b396224481eeb6edadb558d7e4a6d1ff1c8ba1e6abd3951e451527e107c96b?s=96&d=mm&r=g\",\"caption\":\"Laura\"},\"url\":\"https:\\\/\\\/www.orangecosta.com\\\/blog\\\/author\\\/laura\\\/\"}]}<\/script>\n<!-- \/ Yoast SEO plugin. -->","yoast_head_json":{"title":"Parques naturales de Castell\u00f3n que debes conocer\u00a0 - Blog turismo Orange Costa","description":"Descubre todos los parques naturales de Castell\u00f3n: sierras, humedales, calas, islas volc\u00e1nicas y rutas para disfrutar de la naturaleza.","robots":{"index":"index","follow":"follow","max-snippet":"max-snippet:-1","max-image-preview":"max-image-preview:large","max-video-preview":"max-video-preview:-1"},"canonical":"https:\/\/www.orangecosta.com\/blog\/parques-naturales-de-castellon\/","og_locale":"es_ES","og_type":"article","og_title":"Parques naturales de Castell\u00f3n que debes conocer\u00a0 - Blog turismo Orange Costa","og_description":"Descubre todos los parques naturales de Castell\u00f3n: sierras, humedales, calas, islas volc\u00e1nicas y rutas para disfrutar de la naturaleza.","og_url":"https:\/\/www.orangecosta.com\/blog\/parques-naturales-de-castellon\/","og_site_name":"Blog turismo Orange Costa","article_published_time":"2026-01-23T12:03:41+00:00","article_modified_time":"2026-03-12T12:01:18+00:00","og_image":[{"width":2120,"height":707,"url":"https:\/\/www.orangecosta.com\/blog\/wp-content\/uploads\/2026\/01\/parques-naturales-castellon.jpg","type":"image\/jpeg"}],"author":"Laura","twitter_card":"summary_large_image","twitter_misc":{"Escrito por":"Laura","Tiempo de lectura":"7 minutos"},"schema":{"@context":"https:\/\/schema.org","@graph":[{"@type":"Article","@id":"https:\/\/www.orangecosta.com\/blog\/parques-naturales-de-castellon\/#article","isPartOf":{"@id":"https:\/\/www.orangecosta.com\/blog\/parques-naturales-de-castellon\/"},"author":{"name":"Laura","@id":"https:\/\/www.orangecosta.com\/blog\/#\/schema\/person\/a7ca15a09bbee143432bcd80d4eda51b"},"headline":"Parques naturales de Castell\u00f3n que debes conocer\u00a0","datePublished":"2026-01-23T12:03:41+00:00","dateModified":"2026-03-12T12:01:18+00:00","mainEntityOfPage":{"@id":"https:\/\/www.orangecosta.com\/blog\/parques-naturales-de-castellon\/"},"wordCount":1115,"commentCount":0,"image":{"@id":"https:\/\/www.orangecosta.com\/blog\/parques-naturales-de-castellon\/#primaryimage"},"thumbnailUrl":"https:\/\/www.orangecosta.com\/blog\/wp-content\/uploads\/2026\/01\/parques-naturales-castellon.jpg","keywords":["No template"],"articleSection":["Costa Azahar"],"inLanguage":"es","potentialAction":[{"@type":"CommentAction","name":"Comment","target":["https:\/\/www.orangecosta.com\/blog\/parques-naturales-de-castellon\/#respond"]}]},{"@type":"WebPage","@id":"https:\/\/www.orangecosta.com\/blog\/parques-naturales-de-castellon\/","url":"https:\/\/www.orangecosta.com\/blog\/parques-naturales-de-castellon\/","name":"Parques naturales de Castell\u00f3n que debes conocer\u00a0 - Blog turismo Orange Costa","isPartOf":{"@id":"https:\/\/www.orangecosta.com\/blog\/#website"},"primaryImageOfPage":{"@id":"https:\/\/www.orangecosta.com\/blog\/parques-naturales-de-castellon\/#primaryimage"},"image":{"@id":"https:\/\/www.orangecosta.com\/blog\/parques-naturales-de-castellon\/#primaryimage"},"thumbnailUrl":"https:\/\/www.orangecosta.com\/blog\/wp-content\/uploads\/2026\/01\/parques-naturales-castellon.jpg","datePublished":"2026-01-23T12:03:41+00:00","dateModified":"2026-03-12T12:01:18+00:00","author":{"@id":"https:\/\/www.orangecosta.com\/blog\/#\/schema\/person\/a7ca15a09bbee143432bcd80d4eda51b"},"description":"Descubre todos los parques naturales de Castell\u00f3n: sierras, humedales, calas, islas volc\u00e1nicas y rutas para disfrutar de la naturaleza.","breadcrumb":{"@id":"https:\/\/www.orangecosta.com\/blog\/parques-naturales-de-castellon\/#breadcrumb"},"inLanguage":"es","potentialAction":[{"@type":"ReadAction","target":["https:\/\/www.orangecosta.com\/blog\/parques-naturales-de-castellon\/"]}]},{"@type":"ImageObject","inLanguage":"es","@id":"https:\/\/www.orangecosta.com\/blog\/parques-naturales-de-castellon\/#primaryimage","url":"https:\/\/www.orangecosta.com\/blog\/wp-content\/uploads\/2026\/01\/parques-naturales-castellon.jpg","contentUrl":"https:\/\/www.orangecosta.com\/blog\/wp-content\/uploads\/2026\/01\/parques-naturales-castellon.jpg","width":2120,"height":707,"caption":"Pine and Cork tree forest in the Sierra de Espadan Natural Park, Region of Valencia, Spain."},{"@type":"BreadcrumbList","@id":"https:\/\/www.orangecosta.com\/blog\/parques-naturales-de-castellon\/#breadcrumb","itemListElement":[{"@type":"ListItem","position":1,"name":"Home","item":"https:\/\/www.orangecosta.com\/blog\/"},{"@type":"ListItem","position":2,"name":"Parques naturales de Castell\u00f3n que debes conocer\u00a0"}]},{"@type":"WebSite","@id":"https:\/\/www.orangecosta.com\/blog\/#website","url":"https:\/\/www.orangecosta.com\/blog\/","name":"Blog turismo Orange Costa","description":"Orangecosta","potentialAction":[{"@type":"SearchAction","target":{"@type":"EntryPoint","urlTemplate":"https:\/\/www.orangecosta.com\/blog\/?s={search_term_string}"},"query-input":{"@type":"PropertyValueSpecification","valueRequired":true,"valueName":"search_term_string"}}],"inLanguage":"es"},{"@type":"Person","@id":"https:\/\/www.orangecosta.com\/blog\/#\/schema\/person\/a7ca15a09bbee143432bcd80d4eda51b","name":"Laura","image":{"@type":"ImageObject","inLanguage":"es","@id":"https:\/\/secure.gravatar.com\/avatar\/38b396224481eeb6edadb558d7e4a6d1ff1c8ba1e6abd3951e451527e107c96b?s=96&d=mm&r=g","url":"https:\/\/secure.gravatar.com\/avatar\/38b396224481eeb6edadb558d7e4a6d1ff1c8ba1e6abd3951e451527e107c96b?s=96&d=mm&r=g","contentUrl":"https:\/\/secure.gravatar.com\/avatar\/38b396224481eeb6edadb558d7e4a6d1ff1c8ba1e6abd3951e451527e107c96b?s=96&d=mm&r=g","caption":"Laura"},"url":"https:\/\/www.orangecosta.com\/blog\/author\/laura\/"}]}},"_links":{"self":[{"href":"https:\/\/www.orangecosta.com\/blog\/wp-json\/wp\/v2\/posts\/5607","targetHints":{"allow":["GET"]}}],"collection":[{"href":"https:\/\/www.orangecosta.com\/blog\/wp-json\/wp\/v2\/posts"}],"about":[{"href":"https:\/\/www.orangecosta.com\/blog\/wp-json\/wp\/v2\/types\/post"}],"author":[{"embeddable":true,"href":"https:\/\/www.orangecosta.com\/blog\/wp-json\/wp\/v2\/users\/6"}],"replies":[{"embeddable":true,"href":"https:\/\/www.orangecosta.com\/blog\/wp-json\/wp\/v2\/comments?post=5607"}],"version-history":[{"count":10,"href":"https:\/\/www.orangecosta.com\/blog\/wp-json\/wp\/v2\/posts\/5607\/revisions"}],"predecessor-version":[{"id":5681,"href":"https:\/\/www.orangecosta.com\/blog\/wp-json\/wp\/v2\/posts\/5607\/revisions\/5681"}],"wp:featuredmedia":[{"embeddable":true,"href":"https:\/\/www.orangecosta.com\/blog\/wp-json\/wp\/v2\/media\/5656"}],"wp:attachment":[{"href":"https:\/\/www.orangecosta.com\/blog\/wp-json\/wp\/v2\/media?parent=5607"}],"wp:term":[{"taxonomy":"category","embeddable":true,"href":"https:\/\/www.orangecosta.com\/blog\/wp-json\/wp\/v2\/categories?post=5607"},{"taxonomy":"post_tag","embeddable":true,"href":"https:\/\/www.orangecosta.com\/blog\/wp-json\/wp\/v2\/tags?post=5607"}],"curies":[{"name":"wp","href":"https:\/\/api.w.org\/{rel}","templated":true}]}}