{"id":5237,"date":"2025-08-22T07:01:09","date_gmt":"2025-08-22T07:01:09","guid":{"rendered":"https:\/\/www.orangecosta.com\/blog\/?p=5237"},"modified":"2026-03-12T12:02:35","modified_gmt":"2026-03-12T12:02:35","slug":"torre-de-san-vicente","status":"publish","type":"post","link":"https:\/\/www.orangecosta.com\/blog\/torre-de-san-vicente\/","title":{"rendered":"La Torre de San Vicente y su playa te van a enamorar"},"content":{"rendered":"\t\t<div data-elementor-type=\"wp-post\" data-elementor-id=\"5237\" class=\"elementor elementor-5237\" data-elementor-post-type=\"post\">\n\t\t\t\t\t\t<section class=\"elementor-section elementor-top-section elementor-element elementor-element-4c428ac elementor-section-boxed elementor-section-height-default elementor-section-height-default\" data-id=\"4c428ac\" data-element_type=\"section\" data-e-type=\"section\">\n\t\t\t\t\t\t<div class=\"elementor-container elementor-column-gap-default\">\n\t\t\t\t\t<div class=\"elementor-column elementor-col-100 elementor-top-column elementor-element elementor-element-61d3aecd\" data-id=\"61d3aecd\" data-element_type=\"column\" data-e-type=\"column\">\n\t\t\t<div class=\"elementor-widget-wrap elementor-element-populated\">\n\t\t\t\t\t\t<div class=\"elementor-element elementor-element-39b36c2 elementor-widget elementor-widget-text-editor\" data-id=\"39b36c2\" data-element_type=\"widget\" data-e-type=\"widget\" data-widget_type=\"text-editor.default\">\n\t\t\t\t<div class=\"elementor-widget-container\">\n\t\t\t\t\t\t\t\t\t<p style=\"font-weight: 400;\">Ac\u00e9rcate a la Torre de San Vicente, <strong>la antigua vig\u00eda del siglo XVI\u00a0que defend\u00eda la costa de corsarios y que hoy es el icono de una de las playas m\u00e1s din\u00e1micas y animadas que vas a encontrar en Benic\u00e0ssim. <\/strong>Un espacio seguro y rebosante de actividades para pasar unas vacaciones inolvidables en familia y aprender una pizca de la historia de la zona.<\/p><p style=\"font-weight: 400;\">\u00bfListo para pisar su arena, mirar la torre y exprimir la zona al m\u00e1ximo?<\/p>\t\t\t\t\t\t\t\t<\/div>\n\t\t\t\t<\/div>\n\t\t\t\t\t<\/div>\n\t\t<\/div>\n\t\t\t\t\t<\/div>\n\t\t<\/section>\n\t\t\t\t<section class=\"elementor-section elementor-top-section elementor-element elementor-element-4b1bfdb6 elementor-section-boxed elementor-section-height-default elementor-section-height-default\" data-id=\"4b1bfdb6\" data-element_type=\"section\" data-e-type=\"section\">\n\t\t\t\t\t\t<div class=\"elementor-container elementor-column-gap-default\">\n\t\t\t\t\t<div class=\"elementor-column elementor-col-100 elementor-top-column elementor-element elementor-element-1455ac91\" data-id=\"1455ac91\" data-element_type=\"column\" data-e-type=\"column\">\n\t\t\t<div class=\"elementor-widget-wrap elementor-element-populated\">\n\t\t\t\t\t\t<div class=\"elementor-element elementor-element-261daaf8 elementor-widget elementor-widget-table-of-contents\" data-id=\"261daaf8\" data-element_type=\"widget\" data-e-type=\"widget\" data-settings=\"{&quot;headings_by_tags&quot;:[&quot;h2&quot;],&quot;exclude_headings_by_selector&quot;:[],&quot;marker_view&quot;:&quot;bullets&quot;,&quot;icon&quot;:{&quot;value&quot;:&quot;&quot;,&quot;library&quot;:&quot;&quot;},&quot;no_headings_message&quot;:&quot;No se ha encontrado ning\\u00fan encabezado en esta p\\u00e1gina.&quot;,&quot;hierarchical_view&quot;:&quot;yes&quot;,&quot;min_height&quot;:{&quot;unit&quot;:&quot;px&quot;,&quot;size&quot;:&quot;&quot;,&quot;sizes&quot;:[]},&quot;min_height_tablet&quot;:{&quot;unit&quot;:&quot;px&quot;,&quot;size&quot;:&quot;&quot;,&quot;sizes&quot;:[]},&quot;min_height_mobile&quot;:{&quot;unit&quot;:&quot;px&quot;,&quot;size&quot;:&quot;&quot;,&quot;sizes&quot;:[]}}\" data-widget_type=\"table-of-contents.default\">\n\t\t\t\t<div class=\"elementor-widget-container\">\n\t\t\t\t\t\t\t\t\t<div class=\"elementor-toc__header\">\n\t\t\t\t\t\t<div class=\"elementor-toc__header-title\">\n\t\t\t\t\u00cdNDICE\t\t\t<\/div>\n\t\t\t\t\t\t\t\t<\/div>\n\t\t\t\t<div id=\"elementor-toc__261daaf8\" class=\"elementor-toc__body\">\n\t\t\t<div class=\"elementor-toc__spinner-container\">\n\t\t\t\t<i class=\"elementor-toc__spinner eicon-animation-spin eicon-loading\" aria-hidden=\"true\"><\/i>\t\t\t<\/div>\n\t\t<\/div>\n\t\t\t\t\t\t<\/div>\n\t\t\t\t<\/div>\n\t\t\t\t\t<\/div>\n\t\t<\/div>\n\t\t\t\t\t<\/div>\n\t\t<\/section>\n\t\t\t\t<section class=\"elementor-section elementor-top-section elementor-element elementor-element-78c38eef elementor-section-content-bottom elementor-section-boxed elementor-section-height-default elementor-section-height-default\" data-id=\"78c38eef\" data-element_type=\"section\" data-e-type=\"section\">\n\t\t\t\t\t\t<div class=\"elementor-container elementor-column-gap-default\">\n\t\t\t\t\t<div class=\"elementor-column elementor-col-50 elementor-top-column elementor-element elementor-element-11cddd97\" data-id=\"11cddd97\" data-element_type=\"column\" data-e-type=\"column\">\n\t\t\t<div class=\"elementor-widget-wrap elementor-element-populated\">\n\t\t\t\t\t\t<div class=\"elementor-element elementor-element-3e1c70bb elementor-widget elementor-widget-heading\" data-id=\"3e1c70bb\" data-element_type=\"widget\" data-e-type=\"widget\" data-widget_type=\"heading.default\">\n\t\t\t\t<div class=\"elementor-widget-container\">\n\t\t\t\t\t<h2 class=\"elementor-heading-title elementor-size-default\">Antes\u2026 \u00a1un poco de historia!<\/h2>\t\t\t\t<\/div>\n\t\t\t\t<\/div>\n\t\t\t\t<div class=\"elementor-element elementor-element-35018d1a elementor-widget elementor-widget-text-editor\" data-id=\"35018d1a\" data-element_type=\"widget\" data-e-type=\"widget\" data-widget_type=\"text-editor.default\">\n\t\t\t\t<div class=\"elementor-widget-container\">\n\t\t\t\t\t\t\t\t\t<p style=\"font-weight: 400;\">A finales del siglo XVI, la costa valenciana \u2014m\u00e1s concretamente la llamada Olla de Benic\u00e0ssim\u2014 era un lugar de f\u00e1cil desembarco para corsarios y piratas. Los constantes ataques atemorizaban a los lugare\u00f1os y provocaron la despoblaci\u00f3n de las villas costeras, por lo que se construy\u00f3 un <strong>sistema de vigilancia formado por 18 torres repartidas a lo largo de la costa de la provincia de Castell\u00f3n.\u00a0<\/strong><\/p><p style=\"font-weight: 400;\"><strong>Una de ellas es la Torre de San Vicente<\/strong>, que se erige sobre la playa Torre de San Vicente, en Benic\u00e0ssim. Este puesto vig\u00eda lleg\u00f3 a estar custodiado por hasta cinco hombres y todav\u00eda se pueden apreciar en su estructura las muestras t\u00edpicas de estas construcciones como las torrecillas, aspilleras y ca\u00f1oneras.\u00a0<\/p><p style=\"font-weight: 400;\">Actualmente, la torre<strong> se ha convertido en un centro de interpretaci\u00f3n<\/strong> en el que podr\u00e1s descubrir su historia al completo y los cambios que atraves\u00f3 a lo largo de los siglos, as\u00ed como sentarte a la sombra en sus jardines.<\/p>\t\t\t\t\t\t\t\t<\/div>\n\t\t\t\t<\/div>\n\t\t\t\t\t<\/div>\n\t\t<\/div>\n\t\t\t\t<div class=\"elementor-column elementor-col-50 elementor-top-column elementor-element elementor-element-a6dd37c\" data-id=\"a6dd37c\" data-element_type=\"column\" data-e-type=\"column\">\n\t\t\t<div class=\"elementor-widget-wrap elementor-element-populated\">\n\t\t\t\t\t\t<div class=\"elementor-element elementor-element-24c6c94 elementor-widget elementor-widget-image\" data-id=\"24c6c94\" data-element_type=\"widget\" data-e-type=\"widget\" data-widget_type=\"image.default\">\n\t\t\t\t<div class=\"elementor-widget-container\">\n\t\t\t\t\t\t\t\t\t\t\t\t\t\t\t<img fetchpriority=\"high\" decoding=\"async\" width=\"1360\" height=\"1020\" src=\"https:\/\/www.orangecosta.com\/blog\/wp-content\/uploads\/2025\/08\/Visitar-Torre-de-San-Vicente-benicassim.webp\" class=\"attachment-full size-full wp-image-5243\" alt=\"Visitar-Torre-de-San-Vicente-benicassim\" srcset=\"https:\/\/www.orangecosta.com\/blog\/wp-content\/uploads\/2025\/08\/Visitar-Torre-de-San-Vicente-benicassim.webp 1360w, https:\/\/www.orangecosta.com\/blog\/wp-content\/uploads\/2025\/08\/Visitar-Torre-de-San-Vicente-benicassim-768x576.webp 768w\" sizes=\"(max-width: 1360px) 100vw, 1360px\" \/>\t\t\t\t\t\t\t\t\t\t\t\t\t\t\t<\/div>\n\t\t\t\t<\/div>\n\t\t\t\t\t<\/div>\n\t\t<\/div>\n\t\t\t\t\t<\/div>\n\t\t<\/section>\n\t\t\t\t<section class=\"elementor-section elementor-top-section elementor-element elementor-element-4d622e5 elementor-section-boxed elementor-section-height-default elementor-section-height-default\" data-id=\"4d622e5\" data-element_type=\"section\" data-e-type=\"section\">\n\t\t\t\t\t\t<div class=\"elementor-container elementor-column-gap-default\">\n\t\t\t\t\t<div class=\"elementor-column elementor-col-100 elementor-top-column elementor-element elementor-element-5663a0a\" data-id=\"5663a0a\" data-element_type=\"column\" data-e-type=\"column\">\n\t\t\t<div class=\"elementor-widget-wrap elementor-element-populated\">\n\t\t\t\t\t\t<div class=\"elementor-element elementor-element-2b6995e elementor-widget elementor-widget-heading\" data-id=\"2b6995e\" data-element_type=\"widget\" data-e-type=\"widget\" data-widget_type=\"heading.default\">\n\t\t\t\t<div class=\"elementor-widget-container\">\n\t\t\t\t\t<h2 class=\"elementor-heading-title elementor-size-default\">Hay mucho que hacer cerca de la Torre de San Vicente<\/h2>\t\t\t\t<\/div>\n\t\t\t\t<\/div>\n\t\t\t\t<div class=\"elementor-element elementor-element-2292d6a elementor-widget elementor-widget-text-editor\" data-id=\"2292d6a\" data-element_type=\"widget\" data-e-type=\"widget\" data-widget_type=\"text-editor.default\">\n\t\t\t\t<div class=\"elementor-widget-container\">\n\t\t\t\t\t\t\t\t\t<p style=\"font-weight: 400;\"><strong>A la izquierda de<\/strong> <strong>la torre se extiende la playa de la Torre de San Vicente<\/strong>. Es una c\u00e1lida extensi\u00f3n de <strong>arena y agua clara <\/strong>con posibilidades infinitas. No solo vas a disfrutar de unas puestas de sol espectaculares, sino que lo har\u00e1s en una zona costera que dispone de todo lo que puedas necesitar para pasar unas vacaciones perfectas y animadas solo, en familia, en pareja o con amigos.<\/p><p style=\"font-weight: 400;\">Galardonada con el distintivo de <strong>Bandera Azul<\/strong>, la playa de la Torre de San Vicente cuenta con un <strong>gran n\u00famero de servicios, incluyendo accesos para personas con movilidad reducida, vigilancia y alquiler de sombrillas, tumbonas \u00a1e incluso patines!<\/strong> Hay zonas de juegos para el disfrute de los m\u00e1s peque\u00f1os, canchas de voleibol y espacios con masajistas por si aspiras a un descanso de lo m\u00e1s reposado.<\/p><p style=\"font-weight: 400;\">Adem\u00e1s, <strong>justo desde la Torre de San Vicente parte el camino hasta el mirador<\/strong>, desde el que conseguir\u00e1s las mejores vistas \u00ad\u2014y fotos\u2014 del horizonte mediterr\u00e1neo.\u00a0<\/p>\t\t\t\t\t\t\t\t<\/div>\n\t\t\t\t<\/div>\n\t\t\t\t<div class=\"elementor-element elementor-element-519499d elementor-widget elementor-widget-image\" data-id=\"519499d\" data-element_type=\"widget\" data-e-type=\"widget\" data-widget_type=\"image.default\">\n\t\t\t\t<div class=\"elementor-widget-container\">\n\t\t\t\t\t\t\t\t\t\t\t\t\t\t\t<img decoding=\"async\" src=\"https:\/\/www.orangecosta.com\/blog\/wp-content\/uploads\/elementor\/thumbs\/Torre-de-San-Vicente-ramdtlb94e6zfb6ht732sa4ts6d49ji1kk1l376oa8.webp\" title=\"Torre-de-San-Vicente\" alt=\"Torre-de-San-Vicente\" loading=\"lazy\" \/>\t\t\t\t\t\t\t\t\t\t\t\t\t\t\t<\/div>\n\t\t\t\t<\/div>\n\t\t\t\t\t<\/div>\n\t\t<\/div>\n\t\t\t\t\t<\/div>\n\t\t<\/section>\n\t\t\t\t<section class=\"elementor-section elementor-top-section elementor-element elementor-element-0cb8da7 elementor-section-boxed elementor-section-height-default elementor-section-height-default\" data-id=\"0cb8da7\" data-element_type=\"section\" data-e-type=\"section\">\n\t\t\t\t\t\t<div class=\"elementor-container elementor-column-gap-default\">\n\t\t\t\t\t<div class=\"elementor-column elementor-col-100 elementor-top-column elementor-element elementor-element-6095e65\" data-id=\"6095e65\" data-element_type=\"column\" data-e-type=\"column\">\n\t\t\t<div class=\"elementor-widget-wrap elementor-element-populated\">\n\t\t\t\t\t\t<div class=\"elementor-element elementor-element-1405aac elementor-widget elementor-widget-heading\" data-id=\"1405aac\" data-element_type=\"widget\" data-e-type=\"widget\" data-widget_type=\"heading.default\">\n\t\t\t\t<div class=\"elementor-widget-container\">\n\t\t\t\t\t<h2 class=\"elementor-heading-title elementor-size-default\">Actividades y eventos en Torre de San Vicente<\/h2>\t\t\t\t<\/div>\n\t\t\t\t<\/div>\n\t\t\t\t<div class=\"elementor-element elementor-element-ecc15d3 elementor-widget elementor-widget-text-editor\" data-id=\"ecc15d3\" data-element_type=\"widget\" data-e-type=\"widget\" data-widget_type=\"text-editor.default\">\n\t\t\t\t<div class=\"elementor-widget-container\">\n\t\t\t\t\t\t\t\t\t<p style=\"font-weight: 400;\">En los alrededores de la <strong>playa Torre de San Vicente<\/strong> en Benic\u00e0ssim, hay una gran variedad de actividades y eventos para complementar tu plan por la costa. El <strong>Centro de Visitantes <\/strong>de la torre te va a permitir descubrir la historia de esta construcci\u00f3n defensiva del siglo XVI mediante exposiciones y <a href=\"https:\/\/turismo.benicassim.es\/evento\/visita-guiada-a-la-torre-de-sant-vicent-para-personas-con-diversidad-funcional-de-tipo-intelectual\/\">visitas guiadas<\/a>.<\/p><p style=\"font-weight: 400;\">En temporada estival, la zona se llena de vida con <strong>mercadillos artesanales, conciertos al aire libre y festivales<\/strong> que forman parte de la <a href=\"https:\/\/turismo.benicassim.es\/eventos\/\">programaci\u00f3n cultural de Benic\u00e0ssim<\/a>. El lugar tambi\u00e9n acoge actividades familiares como cuentacuentos y espect\u00e1culos en la plaza del paseo mar\u00edtimo.<\/p><p style=\"font-weight: 400;\">A pocos pasos, parten rutas senderistas y ciclistas que enlazan con otras playas y con el <a href=\"https:\/\/www.orangecosta.com\/blog\/desierto-de-las-palmas-benicassim\/\"><strong>Parque Natural del Desierto de las Palmas<\/strong><\/a>, ofreci\u00e9ndote un plan perfecto que combina mar, naturaleza, cultura y, por qu\u00e9 no, un poco de ejercicio f\u00edsico.<\/p><p style=\"font-weight: 400;\">As\u00ed y todo, te recomendamos investigar <a href=\"https:\/\/www.orangecosta.com\/blog\/que-ver-en-benicasim-una-localidad-encantadora\/\">qu\u00e9 ver en Benic\u00e0ssim<\/a> antes de llegar, ya que hay mucho \u00a1y no queremos que te pierdas nada!<\/p><p>Texto introductorio del tema del que vamos a hablar en este art\u00edculo.<\/p>\t\t\t\t\t\t\t\t<\/div>\n\t\t\t\t<\/div>\n\t\t\t\t\t<\/div>\n\t\t<\/div>\n\t\t\t\t\t<\/div>\n\t\t<\/section>\n\t\t\t\t<section class=\"elementor-section elementor-top-section elementor-element elementor-element-193bc72 elementor-section-content-bottom elementor-section-boxed elementor-section-height-default elementor-section-height-default\" data-id=\"193bc72\" data-element_type=\"section\" data-e-type=\"section\">\n\t\t\t\t\t\t<div class=\"elementor-container elementor-column-gap-default\">\n\t\t\t\t\t<div class=\"elementor-column elementor-col-50 elementor-top-column elementor-element elementor-element-4baff82\" data-id=\"4baff82\" data-element_type=\"column\" data-e-type=\"column\">\n\t\t\t<div class=\"elementor-widget-wrap elementor-element-populated\">\n\t\t\t\t\t\t<div class=\"elementor-element elementor-element-c6083b4 elementor-widget elementor-widget-heading\" data-id=\"c6083b4\" data-element_type=\"widget\" data-e-type=\"widget\" data-widget_type=\"heading.default\">\n\t\t\t\t<div class=\"elementor-widget-container\">\n\t\t\t\t\t<h2 class=\"elementor-heading-title elementor-size-default\">C\u00f3mo llegar a Torre de San Vicente<\/h2>\t\t\t\t<\/div>\n\t\t\t\t<\/div>\n\t\t\t\t<div class=\"elementor-element elementor-element-d12b740 elementor-widget elementor-widget-text-editor\" data-id=\"d12b740\" data-element_type=\"widget\" data-e-type=\"widget\" data-widget_type=\"text-editor.default\">\n\t\t\t\t<div class=\"elementor-widget-container\">\n\t\t\t\t\t\t\t\t\t<p style=\"font-weight: 400;\">Llegar hasta la Torre de San Vicente es muy sencillo tanto en coche como en transporte p\u00fablico. <strong>Si viajas en tu propio veh\u00edculo podr\u00e1s acceder por la N-340 o por la AP-7<\/strong> \u2014salida 46 hacia Benic\u00e0ssim\u2014. Despu\u00e9s sigue las indicaciones hacia el paseo mar\u00edtimo. <strong>Encontrar\u00e1s varios <em>parkings<\/em> p\u00fablicos y zonas de estacionamiento cercanas<\/strong>, aunque en verano lo suyo es que llegues temprano para evitar atascos y el quebradero de cabeza de tener que rebuscar d\u00f3nde aparcar.<\/p><p style=\"font-weight: 400;\"><strong>Para llegar en autob\u00fas urbano puedes utilizar las l\u00edneas L1 y L2. <\/strong>Estas conectan el centro de Benic\u00e0ssim con la playa. La L1 te dejar\u00e1 cerca de la Torre de San Vicente, mientras que la L2 recorre toda la costa. En temporada alta, la frecuencia es de unos 30 minutos, ideal para moverte sin necesidad de sacar el coche.<\/p><p style=\"font-weight: 400;\">Una ubicaci\u00f3n accesible y bien comunicada para que disfrutes del mar y el ambiente mediterr\u00e1neo de Benic\u00e0ssim, \u00bfse puede pedir m\u00e1s?<\/p>\t\t\t\t\t\t\t\t<\/div>\n\t\t\t\t<\/div>\n\t\t\t\t\t<\/div>\n\t\t<\/div>\n\t\t\t\t<div class=\"elementor-column elementor-col-50 elementor-top-column elementor-element elementor-element-92ed5ff\" data-id=\"92ed5ff\" data-element_type=\"column\" data-e-type=\"column\">\n\t\t\t<div class=\"elementor-widget-wrap elementor-element-populated\">\n\t\t\t\t\t\t<div class=\"elementor-element elementor-element-72c007e elementor-widget elementor-widget-google_maps\" data-id=\"72c007e\" data-element_type=\"widget\" data-e-type=\"widget\" data-widget_type=\"google_maps.default\">\n\t\t\t\t<div class=\"elementor-widget-container\">\n\t\t\t\t\t\t\t<div class=\"elementor-custom-embed\">\n\t\t\t<iframe loading=\"lazy\"\n\t\t\t\t\tsrc=\"https:\/\/maps.google.com\/maps?q=torre%20san%20vicente&#038;t=m&#038;z=10&#038;output=embed&#038;iwloc=near\"\n\t\t\t\t\ttitle=\"torre san vicente\"\n\t\t\t\t\taria-label=\"torre san vicente\"\n\t\t\t><\/iframe>\n\t\t<\/div>\n\t\t\t\t\t\t<\/div>\n\t\t\t\t<\/div>\n\t\t\t\t\t<\/div>\n\t\t<\/div>\n\t\t\t\t\t<\/div>\n\t\t<\/section>\n\t\t\t\t<section class=\"elementor-section elementor-top-section elementor-element elementor-element-439e564 elementor-section-boxed elementor-section-height-default elementor-section-height-default\" data-id=\"439e564\" data-element_type=\"section\" data-e-type=\"section\">\n\t\t\t\t\t\t<div class=\"elementor-container elementor-column-gap-default\">\n\t\t\t\t\t<div class=\"elementor-column elementor-col-100 elementor-top-column elementor-element elementor-element-724ced1\" data-id=\"724ced1\" data-element_type=\"column\" data-e-type=\"column\">\n\t\t\t<div class=\"elementor-widget-wrap elementor-element-populated\">\n\t\t\t\t\t\t<div class=\"elementor-element elementor-element-2a1a6e9 elementor-widget elementor-widget-heading\" data-id=\"2a1a6e9\" data-element_type=\"widget\" data-e-type=\"widget\" data-widget_type=\"heading.default\">\n\t\t\t\t<div class=\"elementor-widget-container\">\n\t\t\t\t\t<h2 class=\"elementor-heading-title elementor-size-default\">Otros puntos de inter\u00e9s cerca de la Torre de San Vicente<\/h2>\t\t\t\t<\/div>\n\t\t\t\t<\/div>\n\t\t\t\t<div class=\"elementor-element elementor-element-5d05fd6 elementor-widget elementor-widget-text-editor\" data-id=\"5d05fd6\" data-element_type=\"widget\" data-e-type=\"widget\" data-widget_type=\"text-editor.default\">\n\t\t\t\t<div class=\"elementor-widget-container\">\n\t\t\t\t\t\t\t\t\t<p style=\"font-weight: 400;\">La Torre de San Vicente y su playa, situadas en pleno paseo mar\u00edtimo de Benic\u00e0ssim, son un punto de partida ideal para descubrir muchos otros atractivos de la localidad.\u00a0<\/p><p style=\"font-weight: 400;\">A pocos minutos a pie se encuentra el <strong>casco antiguo<\/strong>, con sus calles peatonales llenas de tiendas, caf\u00e9s y la <strong>Iglesia de Santo Tom\u00e1s de Villanueva<\/strong>. Siguiendo el paseo hacia el sur, vas a llegar a la <a href=\"https:\/\/www.orangecosta.com\/blog\/playa-els-terrers\/\"><strong>playa de Els Terrers<\/strong><\/a>, perfecta para practicar deportes n\u00e1uticos y disfrutar de un ambiente algo m\u00e1s tranquilo.<\/p><p style=\"font-weight: 400;\">En cuanto a gastronom\u00eda, <strong>Benic\u00e0ssim ofrece una variada selecci\u00f3n de locales donde probar cocina mediterr\u00e1nea, tapas y platos creativos<\/strong>. Consulta nuestra gu\u00eda de los <a href=\"https:\/\/www.orangecosta.com\/blog\/mejores-restaurantes-benicasim\/\"><strong>mejores restaurantes en Benic\u00e0ssim<\/strong><\/a> para elegir d\u00f3nde comer cerca del mar y no tan cerca.<\/p><p style=\"font-weight: 400;\">Adem\u00e1s, su proximidad a <strong>Castell\u00f3n de la Plana<\/strong> te va a permitir combinar la visita con rutas culturales y tur\u00edsticas en la capital de la provincia.<\/p><p style=\"font-weight: 400;\">Sin embargo, si no quieres salir de la localidad y buscas <strong>m\u00e1s planes <\/strong><a href=\"https:\/\/www.orangecosta.com\/blog\/que-hacer-en-benicasim\/\"><strong>que hacer en Benic\u00e0ssim<\/strong><\/a>, ya te adelantamos que hay un mont\u00f3n como visitar su mercadillo semanal o pas\u00e1rtelo en grande en su parque acu\u00e1tico.<\/p>\t\t\t\t\t\t\t\t<\/div>\n\t\t\t\t<\/div>\n\t\t\t\t\t<\/div>\n\t\t<\/div>\n\t\t\t\t\t<\/div>\n\t\t<\/section>\n\t\t<div class=\"elementor-element elementor-element-50c232a e-flex e-con-boxed e-con e-parent\" data-id=\"50c232a\" data-element_type=\"container\" data-e-type=\"container\">\n\t\t\t\t\t<div class=\"e-con-inner\">\n\t\t\t\t<div class=\"elementor-element elementor-element-241d92f elementor-widget elementor-widget-image\" data-id=\"241d92f\" data-element_type=\"widget\" data-e-type=\"widget\" data-widget_type=\"image.default\">\n\t\t\t\t<div class=\"elementor-widget-container\">\n\t\t\t\t\t\t\t\t\t\t\t\t\t\t\t<img decoding=\"async\" width=\"1360\" height=\"755\" src=\"https:\/\/www.orangecosta.com\/blog\/wp-content\/uploads\/2025\/08\/Torre-de-San-Vicente-visitar.jpg\" class=\"attachment-full size-full wp-image-5252\" alt=\"Torre-de-San-Vicente-visitar\" srcset=\"https:\/\/www.orangecosta.com\/blog\/wp-content\/uploads\/2025\/08\/Torre-de-San-Vicente-visitar.jpg 1360w, https:\/\/www.orangecosta.com\/blog\/wp-content\/uploads\/2025\/08\/Torre-de-San-Vicente-visitar-768x426.jpg 768w\" sizes=\"(max-width: 1360px) 100vw, 1360px\" \/>\t\t\t\t\t\t\t\t\t\t\t\t\t\t\t<\/div>\n\t\t\t\t<\/div>\n\t\t\t\t\t<\/div>\n\t\t\t\t<\/div>\n\t\t\t\t<section class=\"elementor-section elementor-top-section elementor-element elementor-element-454249b5 elementor-section-boxed elementor-section-height-default elementor-section-height-default\" data-id=\"454249b5\" data-element_type=\"section\" data-e-type=\"section\">\n\t\t\t\t\t\t<div class=\"elementor-container elementor-column-gap-default\">\n\t\t\t\t\t<div class=\"elementor-column elementor-col-100 elementor-top-column elementor-element elementor-element-1929b6bb\" data-id=\"1929b6bb\" data-element_type=\"column\" data-e-type=\"column\">\n\t\t\t<div class=\"elementor-widget-wrap elementor-element-populated\">\n\t\t\t\t\t\t<div class=\"elementor-element elementor-element-16326d00 elementor-widget elementor-widget-heading\" data-id=\"16326d00\" data-element_type=\"widget\" data-e-type=\"widget\" data-widget_type=\"heading.default\">\n\t\t\t\t<div class=\"elementor-widget-container\">\n\t\t\t\t\t<h2 class=\"elementor-heading-title elementor-size-default\">\u00bfPor qu\u00e9 visitar la Torre de San Vicente y su playa?<\/h2>\t\t\t\t<\/div>\n\t\t\t\t<\/div>\n\t\t\t\t<div class=\"elementor-element elementor-element-699295b3 elementor-widget elementor-widget-text-editor\" data-id=\"699295b3\" data-element_type=\"widget\" data-e-type=\"widget\" data-widget_type=\"text-editor.default\">\n\t\t\t\t<div class=\"elementor-widget-container\">\n\t\t\t\t\t\t\t\t\t<p style=\"font-weight: 400;\">Venir a conocer la Torre de San Vicente en Benic\u00e0ssim es ideal si buscas combinar ocio, cultura y planes en familia, en pareja o con amigos.<\/p><p style=\"font-weight: 400;\"><strong>La zona tiene historia \u2014es una torre vig\u00eda del siglo XVI, ni m\u00e1s ni menos\u2014 y, encima, a su alrededor se vive un ambiente animado durante todo el a\u00f1o<\/strong>. Aqu\u00ed vas a encontrar actividades para todas las edades y gustos, rutas, conciertos y planes que animan las noches de verano y tambi\u00e9n las de invierno.<\/p><p style=\"font-weight: 400;\">Y como no pod\u00eda ser de otra manera, <strong>cerca de la Torre de San Vicente y en todo Benic\u00e0ssim vas a poder encontrar varios alojamientos acogedores y con todo lo necesario para completar esas vacaciones que tanto esperas.<\/strong><\/p><p style=\"font-weight: 400;\">S\u00ed, te hablamos de los apartamentos, <em>bungalows<\/em> y estudios que tenemos en <a href=\"https:\/\/www.orangecosta.com\/\">Orange Costa<\/a>.<\/p><p style=\"font-weight: 400;\">Qu\u00e9 menos que dormir a pierna suelta, con comodidad y estar bien comunicado para disfrutar del Mediterr\u00e1neo y de la Torre de San Vicente como se merecen, \u00bfno?<\/p>\t\t\t\t\t\t\t\t<\/div>\n\t\t\t\t<\/div>\n\t\t\t\t\t<\/div>\n\t\t<\/div>\n\t\t\t\t\t<\/div>\n\t\t<\/section>\n\t\t\t\t<section class=\"elementor-section elementor-top-section elementor-element elementor-element-20aa257f elementor-section-boxed elementor-section-height-default elementor-section-height-default\" data-id=\"20aa257f\" data-element_type=\"section\" data-e-type=\"section\">\n\t\t\t\t\t\t<div class=\"elementor-container elementor-column-gap-default\">\n\t\t\t\t\t<div class=\"elementor-column elementor-col-100 elementor-top-column elementor-element elementor-element-2cba1e49\" data-id=\"2cba1e49\" data-element_type=\"column\" data-e-type=\"column\">\n\t\t\t<div class=\"elementor-widget-wrap elementor-element-populated\">\n\t\t\t\t\t\t<div class=\"elementor-element elementor-element-3bfb8170 elementor-widget elementor-widget-shortcode\" data-id=\"3bfb8170\" data-element_type=\"widget\" data-e-type=\"widget\" data-widget_type=\"shortcode.default\">\n\t\t\t\t<div class=\"elementor-widget-container\">\n\t\t\t\t\t\t\t<div class=\"elementor-shortcode\">\t\t<div data-elementor-type=\"section\" data-elementor-id=\"1261\" class=\"elementor elementor-1261\" data-elementor-post-type=\"elementor_library\">\n\t\t\t\t\t<section class=\"elementor-section elementor-top-section elementor-element elementor-element-7923d13d elementor-section-boxed elementor-section-height-default elementor-section-height-default\" data-id=\"7923d13d\" data-element_type=\"section\" data-e-type=\"section\">\n\t\t\t\t\t\t<div class=\"elementor-container elementor-column-gap-default\">\n\t\t\t\t\t<div class=\"elementor-column elementor-col-33 elementor-top-column elementor-element elementor-element-2399bb3d\" data-id=\"2399bb3d\" data-element_type=\"column\" data-e-type=\"column\">\n\t\t\t<div class=\"elementor-widget-wrap elementor-element-populated\">\n\t\t\t\t\t\t<div class=\"elementor-element elementor-element-3cd27281 elementor-align-center elementor-widget elementor-widget-button\" data-id=\"3cd27281\" data-element_type=\"widget\" data-e-type=\"widget\" data-widget_type=\"button.default\">\n\t\t\t\t<div class=\"elementor-widget-container\">\n\t\t\t\t\t\t\t\t\t<div class=\"elementor-button-wrapper\">\n\t\t\t\t\t<a class=\"elementor-button elementor-button-link elementor-size-sm\" href=\"https:\/\/www.orangecosta.com\/alquiler\/alquileres-alcoceber-alcossebre-d100\/\">\n\t\t\t\t\t\t<span class=\"elementor-button-content-wrapper\">\n\t\t\t\t\t\t\t\t\t<span class=\"elementor-button-text\">ALOJAMIENTOS BENIC\u00c0SSIM<\/span>\n\t\t\t\t\t<\/span>\n\t\t\t\t\t<\/a>\n\t\t\t\t<\/div>\n\t\t\t\t\t\t\t\t<\/div>\n\t\t\t\t<\/div>\n\t\t\t\t\t<\/div>\n\t\t<\/div>\n\t\t\t\t<div class=\"elementor-column elementor-col-33 elementor-top-column elementor-element elementor-element-71f06007\" data-id=\"71f06007\" data-element_type=\"column\" data-e-type=\"column\">\n\t\t\t<div class=\"elementor-widget-wrap elementor-element-populated\">\n\t\t\t\t\t\t<div class=\"elementor-element elementor-element-3853f49c elementor-align-center elementor-widget elementor-widget-button\" data-id=\"3853f49c\" data-element_type=\"widget\" data-e-type=\"widget\" data-widget_type=\"button.default\">\n\t\t\t\t<div class=\"elementor-widget-container\">\n\t\t\t\t\t\t\t\t\t<div class=\"elementor-button-wrapper\">\n\t\t\t\t\t<a class=\"elementor-button elementor-button-link elementor-size-sm\" href=\"https:\/\/www.orangecosta.com\/alquiler\/alquileres-benicassim-d139\/\">\n\t\t\t\t\t\t<span class=\"elementor-button-content-wrapper\">\n\t\t\t\t\t\t\t\t\t<span class=\"elementor-button-text\">APARTAMENTOS BENIC\u00c0SSIM<\/span>\n\t\t\t\t\t<\/span>\n\t\t\t\t\t<\/a>\n\t\t\t\t<\/div>\n\t\t\t\t\t\t\t\t<\/div>\n\t\t\t\t<\/div>\n\t\t\t\t\t<\/div>\n\t\t<\/div>\n\t\t\t\t<div class=\"elementor-column elementor-col-33 elementor-top-column elementor-element elementor-element-65fee8a\" data-id=\"65fee8a\" data-element_type=\"column\" data-e-type=\"column\">\n\t\t\t<div class=\"elementor-widget-wrap elementor-element-populated\">\n\t\t\t\t\t\t<div class=\"elementor-element elementor-element-2915e807 elementor-align-center elementor-widget elementor-widget-button\" data-id=\"2915e807\" data-element_type=\"widget\" data-e-type=\"widget\" data-widget_type=\"button.default\">\n\t\t\t\t<div class=\"elementor-widget-container\">\n\t\t\t\t\t\t\t\t\t<div class=\"elementor-button-wrapper\">\n\t\t\t\t\t<a class=\"elementor-button elementor-button-link elementor-size-sm\" href=\"https:\/\/www.orangecosta.com\/alquiler\/bungalows-benicassim-c21d139\/\">\n\t\t\t\t\t\t<span class=\"elementor-button-content-wrapper\">\n\t\t\t\t\t\t\t\t\t<span class=\"elementor-button-text\">BUNGALOWS BENIC\u00c0SSIM<\/span>\n\t\t\t\t\t<\/span>\n\t\t\t\t\t<\/a>\n\t\t\t\t<\/div>\n\t\t\t\t\t\t\t\t<\/div>\n\t\t\t\t<\/div>\n\t\t\t\t\t<\/div>\n\t\t<\/div>\n\t\t\t\t\t<\/div>\n\t\t<\/section>\n\t\t\t\t<\/div>\n\t\t<\/div>\n\t\t\t\t\t\t<\/div>\n\t\t\t\t<\/div>\n\t\t\t\t\t<\/div>\n\t\t<\/div>\n\t\t\t\t\t<\/div>\n\t\t<\/section>\n\t\t\t\t<\/div>\n\t\t","protected":false},"excerpt":{"rendered":"<p>Ac\u00e9rcate a la Torre de San Vicente, la antigua vig\u00eda del siglo XVI\u00a0que defend\u00eda la costa de corsarios y que&#8230;<\/p>\n","protected":false},"author":6,"featured_media":5255,"comment_status":"open","ping_status":"open","sticky":false,"template":"","format":"standard","meta":{"footnotes":""},"categories":[18,66,161],"tags":[169],"class_list":["post-5237","post","type-post","status-publish","format-standard","has-post-thumbnail","hentry","category-benicasim","category-playas","category-playas-benicassim","tag-no-template"],"yoast_head":"<!-- This site is optimized with the Yoast SEO plugin v27.5 - https:\/\/yoast.com\/product\/yoast-seo-wordpress\/ -->\n<title>La Torre de San Vicente y su playa te van a enamorar - Blog turismo Orange Costa<\/title>\n<meta name=\"description\" content=\"Ven a conocer la torre de San Vicente y su playa a la localidad de Benic\u00e0ssim y disfruta de unas vacaciones llenas de actividades en pleno Mediterr\u00e1neo.\" \/>\n<meta name=\"robots\" content=\"index, follow, max-snippet:-1, max-image-preview:large, max-video-preview:-1\" \/>\n<link rel=\"canonical\" href=\"https:\/\/www.orangecosta.com\/blog\/torre-de-san-vicente\/\" \/>\n<meta property=\"og:locale\" content=\"es_ES\" \/>\n<meta property=\"og:type\" content=\"article\" \/>\n<meta property=\"og:title\" content=\"La Torre de San Vicente y su playa te van a enamorar - Blog turismo Orange Costa\" \/>\n<meta property=\"og:description\" content=\"Ven a conocer la torre de San Vicente y su playa a la localidad de Benic\u00e0ssim y disfruta de unas vacaciones llenas de actividades en pleno Mediterr\u00e1neo.\" \/>\n<meta property=\"og:url\" content=\"https:\/\/www.orangecosta.com\/blog\/torre-de-san-vicente\/\" \/>\n<meta property=\"og:site_name\" content=\"Blog turismo Orange Costa\" \/>\n<meta property=\"article:published_time\" content=\"2025-08-22T07:01:09+00:00\" \/>\n<meta property=\"article:modified_time\" content=\"2026-03-12T12:02:35+00:00\" \/>\n<meta property=\"og:image\" content=\"https:\/\/www.orangecosta.com\/blog\/wp-content\/uploads\/2025\/08\/Torre-de-San-Vicente-benicassim.webp\" \/>\n\t<meta property=\"og:image:width\" content=\"1360\" \/>\n\t<meta property=\"og:image:height\" content=\"1020\" \/>\n\t<meta property=\"og:image:type\" content=\"image\/webp\" \/>\n<meta name=\"author\" content=\"Laura\" \/>\n<meta name=\"twitter:card\" content=\"summary_large_image\" \/>\n<meta name=\"twitter:label1\" content=\"Escrito por\" \/>\n\t<meta name=\"twitter:data1\" content=\"Laura\" \/>\n\t<meta name=\"twitter:label2\" content=\"Tiempo de lectura\" \/>\n\t<meta name=\"twitter:data2\" content=\"7 minutos\" \/>\n<script type=\"application\/ld+json\" class=\"yoast-schema-graph\">{\"@context\":\"https:\\\/\\\/schema.org\",\"@graph\":[{\"@type\":\"Article\",\"@id\":\"https:\\\/\\\/www.orangecosta.com\\\/blog\\\/torre-de-san-vicente\\\/#article\",\"isPartOf\":{\"@id\":\"https:\\\/\\\/www.orangecosta.com\\\/blog\\\/torre-de-san-vicente\\\/\"},\"author\":{\"name\":\"Laura\",\"@id\":\"https:\\\/\\\/www.orangecosta.com\\\/blog\\\/#\\\/schema\\\/person\\\/a7ca15a09bbee143432bcd80d4eda51b\"},\"headline\":\"La Torre de San Vicente y su playa te van a enamorar\",\"datePublished\":\"2025-08-22T07:01:09+00:00\",\"dateModified\":\"2026-03-12T12:02:35+00:00\",\"mainEntityOfPage\":{\"@id\":\"https:\\\/\\\/www.orangecosta.com\\\/blog\\\/torre-de-san-vicente\\\/\"},\"wordCount\":1225,\"commentCount\":0,\"image\":{\"@id\":\"https:\\\/\\\/www.orangecosta.com\\\/blog\\\/torre-de-san-vicente\\\/#primaryimage\"},\"thumbnailUrl\":\"https:\\\/\\\/www.orangecosta.com\\\/blog\\\/wp-content\\\/uploads\\\/2025\\\/08\\\/Torre-de-San-Vicente-benicassim.webp\",\"keywords\":[\"No template\"],\"articleSection\":[\"Benic\u00e1ssim\",\"Playas\",\"Playas Benicassim\"],\"inLanguage\":\"es\",\"potentialAction\":[{\"@type\":\"CommentAction\",\"name\":\"Comment\",\"target\":[\"https:\\\/\\\/www.orangecosta.com\\\/blog\\\/torre-de-san-vicente\\\/#respond\"]}]},{\"@type\":\"WebPage\",\"@id\":\"https:\\\/\\\/www.orangecosta.com\\\/blog\\\/torre-de-san-vicente\\\/\",\"url\":\"https:\\\/\\\/www.orangecosta.com\\\/blog\\\/torre-de-san-vicente\\\/\",\"name\":\"La Torre de San Vicente y su playa te van a enamorar - Blog turismo Orange Costa\",\"isPartOf\":{\"@id\":\"https:\\\/\\\/www.orangecosta.com\\\/blog\\\/#website\"},\"primaryImageOfPage\":{\"@id\":\"https:\\\/\\\/www.orangecosta.com\\\/blog\\\/torre-de-san-vicente\\\/#primaryimage\"},\"image\":{\"@id\":\"https:\\\/\\\/www.orangecosta.com\\\/blog\\\/torre-de-san-vicente\\\/#primaryimage\"},\"thumbnailUrl\":\"https:\\\/\\\/www.orangecosta.com\\\/blog\\\/wp-content\\\/uploads\\\/2025\\\/08\\\/Torre-de-San-Vicente-benicassim.webp\",\"datePublished\":\"2025-08-22T07:01:09+00:00\",\"dateModified\":\"2026-03-12T12:02:35+00:00\",\"author\":{\"@id\":\"https:\\\/\\\/www.orangecosta.com\\\/blog\\\/#\\\/schema\\\/person\\\/a7ca15a09bbee143432bcd80d4eda51b\"},\"description\":\"Ven a conocer la torre de San Vicente y su playa a la localidad de Benic\u00e0ssim y disfruta de unas vacaciones llenas de actividades en pleno Mediterr\u00e1neo.\",\"breadcrumb\":{\"@id\":\"https:\\\/\\\/www.orangecosta.com\\\/blog\\\/torre-de-san-vicente\\\/#breadcrumb\"},\"inLanguage\":\"es\",\"potentialAction\":[{\"@type\":\"ReadAction\",\"target\":[\"https:\\\/\\\/www.orangecosta.com\\\/blog\\\/torre-de-san-vicente\\\/\"]}]},{\"@type\":\"ImageObject\",\"inLanguage\":\"es\",\"@id\":\"https:\\\/\\\/www.orangecosta.com\\\/blog\\\/torre-de-san-vicente\\\/#primaryimage\",\"url\":\"https:\\\/\\\/www.orangecosta.com\\\/blog\\\/wp-content\\\/uploads\\\/2025\\\/08\\\/Torre-de-San-Vicente-benicassim.webp\",\"contentUrl\":\"https:\\\/\\\/www.orangecosta.com\\\/blog\\\/wp-content\\\/uploads\\\/2025\\\/08\\\/Torre-de-San-Vicente-benicassim.webp\",\"width\":1360,\"height\":1020,\"caption\":\"Torre de San Vicente benicassim\"},{\"@type\":\"BreadcrumbList\",\"@id\":\"https:\\\/\\\/www.orangecosta.com\\\/blog\\\/torre-de-san-vicente\\\/#breadcrumb\",\"itemListElement\":[{\"@type\":\"ListItem\",\"position\":1,\"name\":\"Home\",\"item\":\"https:\\\/\\\/www.orangecosta.com\\\/blog\\\/\"},{\"@type\":\"ListItem\",\"position\":2,\"name\":\"La Torre de San Vicente y su playa te van a enamorar\"}]},{\"@type\":\"WebSite\",\"@id\":\"https:\\\/\\\/www.orangecosta.com\\\/blog\\\/#website\",\"url\":\"https:\\\/\\\/www.orangecosta.com\\\/blog\\\/\",\"name\":\"Blog turismo Orange Costa\",\"description\":\"Orangecosta\",\"potentialAction\":[{\"@type\":\"SearchAction\",\"target\":{\"@type\":\"EntryPoint\",\"urlTemplate\":\"https:\\\/\\\/www.orangecosta.com\\\/blog\\\/?s={search_term_string}\"},\"query-input\":{\"@type\":\"PropertyValueSpecification\",\"valueRequired\":true,\"valueName\":\"search_term_string\"}}],\"inLanguage\":\"es\"},{\"@type\":\"Person\",\"@id\":\"https:\\\/\\\/www.orangecosta.com\\\/blog\\\/#\\\/schema\\\/person\\\/a7ca15a09bbee143432bcd80d4eda51b\",\"name\":\"Laura\",\"image\":{\"@type\":\"ImageObject\",\"inLanguage\":\"es\",\"@id\":\"https:\\\/\\\/secure.gravatar.com\\\/avatar\\\/38b396224481eeb6edadb558d7e4a6d1ff1c8ba1e6abd3951e451527e107c96b?s=96&d=mm&r=g\",\"url\":\"https:\\\/\\\/secure.gravatar.com\\\/avatar\\\/38b396224481eeb6edadb558d7e4a6d1ff1c8ba1e6abd3951e451527e107c96b?s=96&d=mm&r=g\",\"contentUrl\":\"https:\\\/\\\/secure.gravatar.com\\\/avatar\\\/38b396224481eeb6edadb558d7e4a6d1ff1c8ba1e6abd3951e451527e107c96b?s=96&d=mm&r=g\",\"caption\":\"Laura\"},\"url\":\"https:\\\/\\\/www.orangecosta.com\\\/blog\\\/author\\\/laura\\\/\"}]}<\/script>\n<!-- \/ Yoast SEO plugin. -->","yoast_head_json":{"title":"La Torre de San Vicente y su playa te van a enamorar - Blog turismo Orange Costa","description":"Ven a conocer la torre de San Vicente y su playa a la localidad de Benic\u00e0ssim y disfruta de unas vacaciones llenas de actividades en pleno Mediterr\u00e1neo.","robots":{"index":"index","follow":"follow","max-snippet":"max-snippet:-1","max-image-preview":"max-image-preview:large","max-video-preview":"max-video-preview:-1"},"canonical":"https:\/\/www.orangecosta.com\/blog\/torre-de-san-vicente\/","og_locale":"es_ES","og_type":"article","og_title":"La Torre de San Vicente y su playa te van a enamorar - Blog turismo Orange Costa","og_description":"Ven a conocer la torre de San Vicente y su playa a la localidad de Benic\u00e0ssim y disfruta de unas vacaciones llenas de actividades en pleno Mediterr\u00e1neo.","og_url":"https:\/\/www.orangecosta.com\/blog\/torre-de-san-vicente\/","og_site_name":"Blog turismo Orange Costa","article_published_time":"2025-08-22T07:01:09+00:00","article_modified_time":"2026-03-12T12:02:35+00:00","og_image":[{"width":1360,"height":1020,"url":"https:\/\/www.orangecosta.com\/blog\/wp-content\/uploads\/2025\/08\/Torre-de-San-Vicente-benicassim.webp","type":"image\/webp"}],"author":"Laura","twitter_card":"summary_large_image","twitter_misc":{"Escrito por":"Laura","Tiempo de lectura":"7 minutos"},"schema":{"@context":"https:\/\/schema.org","@graph":[{"@type":"Article","@id":"https:\/\/www.orangecosta.com\/blog\/torre-de-san-vicente\/#article","isPartOf":{"@id":"https:\/\/www.orangecosta.com\/blog\/torre-de-san-vicente\/"},"author":{"name":"Laura","@id":"https:\/\/www.orangecosta.com\/blog\/#\/schema\/person\/a7ca15a09bbee143432bcd80d4eda51b"},"headline":"La Torre de San Vicente y su playa te van a enamorar","datePublished":"2025-08-22T07:01:09+00:00","dateModified":"2026-03-12T12:02:35+00:00","mainEntityOfPage":{"@id":"https:\/\/www.orangecosta.com\/blog\/torre-de-san-vicente\/"},"wordCount":1225,"commentCount":0,"image":{"@id":"https:\/\/www.orangecosta.com\/blog\/torre-de-san-vicente\/#primaryimage"},"thumbnailUrl":"https:\/\/www.orangecosta.com\/blog\/wp-content\/uploads\/2025\/08\/Torre-de-San-Vicente-benicassim.webp","keywords":["No template"],"articleSection":["Benic\u00e1ssim","Playas","Playas Benicassim"],"inLanguage":"es","potentialAction":[{"@type":"CommentAction","name":"Comment","target":["https:\/\/www.orangecosta.com\/blog\/torre-de-san-vicente\/#respond"]}]},{"@type":"WebPage","@id":"https:\/\/www.orangecosta.com\/blog\/torre-de-san-vicente\/","url":"https:\/\/www.orangecosta.com\/blog\/torre-de-san-vicente\/","name":"La Torre de San Vicente y su playa te van a enamorar - Blog turismo Orange Costa","isPartOf":{"@id":"https:\/\/www.orangecosta.com\/blog\/#website"},"primaryImageOfPage":{"@id":"https:\/\/www.orangecosta.com\/blog\/torre-de-san-vicente\/#primaryimage"},"image":{"@id":"https:\/\/www.orangecosta.com\/blog\/torre-de-san-vicente\/#primaryimage"},"thumbnailUrl":"https:\/\/www.orangecosta.com\/blog\/wp-content\/uploads\/2025\/08\/Torre-de-San-Vicente-benicassim.webp","datePublished":"2025-08-22T07:01:09+00:00","dateModified":"2026-03-12T12:02:35+00:00","author":{"@id":"https:\/\/www.orangecosta.com\/blog\/#\/schema\/person\/a7ca15a09bbee143432bcd80d4eda51b"},"description":"Ven a conocer la torre de San Vicente y su playa a la localidad de Benic\u00e0ssim y disfruta de unas vacaciones llenas de actividades en pleno Mediterr\u00e1neo.","breadcrumb":{"@id":"https:\/\/www.orangecosta.com\/blog\/torre-de-san-vicente\/#breadcrumb"},"inLanguage":"es","potentialAction":[{"@type":"ReadAction","target":["https:\/\/www.orangecosta.com\/blog\/torre-de-san-vicente\/"]}]},{"@type":"ImageObject","inLanguage":"es","@id":"https:\/\/www.orangecosta.com\/blog\/torre-de-san-vicente\/#primaryimage","url":"https:\/\/www.orangecosta.com\/blog\/wp-content\/uploads\/2025\/08\/Torre-de-San-Vicente-benicassim.webp","contentUrl":"https:\/\/www.orangecosta.com\/blog\/wp-content\/uploads\/2025\/08\/Torre-de-San-Vicente-benicassim.webp","width":1360,"height":1020,"caption":"Torre de San Vicente benicassim"},{"@type":"BreadcrumbList","@id":"https:\/\/www.orangecosta.com\/blog\/torre-de-san-vicente\/#breadcrumb","itemListElement":[{"@type":"ListItem","position":1,"name":"Home","item":"https:\/\/www.orangecosta.com\/blog\/"},{"@type":"ListItem","position":2,"name":"La Torre de San Vicente y su playa te van a enamorar"}]},{"@type":"WebSite","@id":"https:\/\/www.orangecosta.com\/blog\/#website","url":"https:\/\/www.orangecosta.com\/blog\/","name":"Blog turismo Orange Costa","description":"Orangecosta","potentialAction":[{"@type":"SearchAction","target":{"@type":"EntryPoint","urlTemplate":"https:\/\/www.orangecosta.com\/blog\/?s={search_term_string}"},"query-input":{"@type":"PropertyValueSpecification","valueRequired":true,"valueName":"search_term_string"}}],"inLanguage":"es"},{"@type":"Person","@id":"https:\/\/www.orangecosta.com\/blog\/#\/schema\/person\/a7ca15a09bbee143432bcd80d4eda51b","name":"Laura","image":{"@type":"ImageObject","inLanguage":"es","@id":"https:\/\/secure.gravatar.com\/avatar\/38b396224481eeb6edadb558d7e4a6d1ff1c8ba1e6abd3951e451527e107c96b?s=96&d=mm&r=g","url":"https:\/\/secure.gravatar.com\/avatar\/38b396224481eeb6edadb558d7e4a6d1ff1c8ba1e6abd3951e451527e107c96b?s=96&d=mm&r=g","contentUrl":"https:\/\/secure.gravatar.com\/avatar\/38b396224481eeb6edadb558d7e4a6d1ff1c8ba1e6abd3951e451527e107c96b?s=96&d=mm&r=g","caption":"Laura"},"url":"https:\/\/www.orangecosta.com\/blog\/author\/laura\/"}]}},"_links":{"self":[{"href":"https:\/\/www.orangecosta.com\/blog\/wp-json\/wp\/v2\/posts\/5237","targetHints":{"allow":["GET"]}}],"collection":[{"href":"https:\/\/www.orangecosta.com\/blog\/wp-json\/wp\/v2\/posts"}],"about":[{"href":"https:\/\/www.orangecosta.com\/blog\/wp-json\/wp\/v2\/types\/post"}],"author":[{"embeddable":true,"href":"https:\/\/www.orangecosta.com\/blog\/wp-json\/wp\/v2\/users\/6"}],"replies":[{"embeddable":true,"href":"https:\/\/www.orangecosta.com\/blog\/wp-json\/wp\/v2\/comments?post=5237"}],"version-history":[{"count":10,"href":"https:\/\/www.orangecosta.com\/blog\/wp-json\/wp\/v2\/posts\/5237\/revisions"}],"predecessor-version":[{"id":5270,"href":"https:\/\/www.orangecosta.com\/blog\/wp-json\/wp\/v2\/posts\/5237\/revisions\/5270"}],"wp:featuredmedia":[{"embeddable":true,"href":"https:\/\/www.orangecosta.com\/blog\/wp-json\/wp\/v2\/media\/5255"}],"wp:attachment":[{"href":"https:\/\/www.orangecosta.com\/blog\/wp-json\/wp\/v2\/media?parent=5237"}],"wp:term":[{"taxonomy":"category","embeddable":true,"href":"https:\/\/www.orangecosta.com\/blog\/wp-json\/wp\/v2\/categories?post=5237"},{"taxonomy":"post_tag","embeddable":true,"href":"https:\/\/www.orangecosta.com\/blog\/wp-json\/wp\/v2\/tags?post=5237"}],"curies":[{"name":"wp","href":"https:\/\/api.w.org\/{rel}","templated":true}]}}