{"id":5130,"date":"2025-07-22T10:18:01","date_gmt":"2025-07-22T10:18:01","guid":{"rendered":"https:\/\/www.orangecosta.com\/blog\/?p=5130"},"modified":"2026-03-12T12:02:36","modified_gmt":"2026-03-12T12:02:36","slug":"cala-argilaga","status":"publish","type":"post","link":"https:\/\/www.orangecosta.com\/blog\/cala-argilaga\/","title":{"rendered":"Cala Argilaga: uno de los rincones secretos de Alcossebre"},"content":{"rendered":"\t\t<div data-elementor-type=\"wp-post\" data-elementor-id=\"5130\" class=\"elementor elementor-5130\" data-elementor-post-type=\"post\">\n\t\t\t\t\t\t<section class=\"elementor-section elementor-top-section elementor-element elementor-element-1cfcd4bd elementor-section-boxed elementor-section-height-default elementor-section-height-default\" data-id=\"1cfcd4bd\" data-element_type=\"section\" data-e-type=\"section\">\n\t\t\t\t\t\t<div class=\"elementor-container elementor-column-gap-default\">\n\t\t\t\t\t<div class=\"elementor-column elementor-col-100 elementor-top-column elementor-element elementor-element-1ee2294\" data-id=\"1ee2294\" data-element_type=\"column\" data-e-type=\"column\">\n\t\t\t<div class=\"elementor-widget-wrap elementor-element-populated\">\n\t\t\t\t\t\t<div class=\"elementor-element elementor-element-6c373181 elementor-widget elementor-widget-text-editor\" data-id=\"6c373181\" data-element_type=\"widget\" data-e-type=\"widget\" data-widget_type=\"text-editor.default\">\n\t\t\t\t<div class=\"elementor-widget-container\">\n\t\t\t\t\t\t\t\t\t<p style=\"font-weight: 400;\">\u00bfTe imaginas una cala escondida, rodeada de naturaleza y donde apenas hay gente incluso en pleno verano? As\u00ed es <strong>Cala Argilaga, un peque\u00f1o para\u00edso en la Costa Dorada que muy pocos conocen.<\/strong><\/p><p style=\"font-weight: 400;\">Y hoy venimos a descubr\u00edrtela y a contarte por qu\u00e9 esta cala de Alcossebre se ha ganado la fama de rinc\u00f3n secreto de la costa tarraconense.<\/p>\t\t\t\t\t\t\t\t<\/div>\n\t\t\t\t<\/div>\n\t\t\t\t\t<\/div>\n\t\t<\/div>\n\t\t\t\t\t<\/div>\n\t\t<\/section>\n\t\t\t\t<section class=\"elementor-section elementor-top-section elementor-element elementor-element-68031037 elementor-section-boxed elementor-section-height-default elementor-section-height-default\" data-id=\"68031037\" data-element_type=\"section\" data-e-type=\"section\">\n\t\t\t\t\t\t<div class=\"elementor-container elementor-column-gap-default\">\n\t\t\t\t\t<div class=\"elementor-column elementor-col-100 elementor-top-column elementor-element elementor-element-2d838577\" data-id=\"2d838577\" data-element_type=\"column\" data-e-type=\"column\">\n\t\t\t<div class=\"elementor-widget-wrap elementor-element-populated\">\n\t\t\t\t\t\t<div class=\"elementor-element elementor-element-90e77e7 elementor-widget elementor-widget-table-of-contents\" data-id=\"90e77e7\" data-element_type=\"widget\" data-e-type=\"widget\" data-settings=\"{&quot;headings_by_tags&quot;:[&quot;h2&quot;,&quot;h3&quot;],&quot;exclude_headings_by_selector&quot;:[],&quot;marker_view&quot;:&quot;bullets&quot;,&quot;icon&quot;:{&quot;value&quot;:&quot;&quot;,&quot;library&quot;:&quot;&quot;},&quot;no_headings_message&quot;:&quot;No se ha encontrado ning\\u00fan encabezado en esta p\\u00e1gina.&quot;,&quot;hierarchical_view&quot;:&quot;yes&quot;,&quot;min_height&quot;:{&quot;unit&quot;:&quot;px&quot;,&quot;size&quot;:&quot;&quot;,&quot;sizes&quot;:[]},&quot;min_height_tablet&quot;:{&quot;unit&quot;:&quot;px&quot;,&quot;size&quot;:&quot;&quot;,&quot;sizes&quot;:[]},&quot;min_height_mobile&quot;:{&quot;unit&quot;:&quot;px&quot;,&quot;size&quot;:&quot;&quot;,&quot;sizes&quot;:[]}}\" data-widget_type=\"table-of-contents.default\">\n\t\t\t\t<div class=\"elementor-widget-container\">\n\t\t\t\t\t\t\t\t\t<div class=\"elementor-toc__header\">\n\t\t\t\t\t\t<div class=\"elementor-toc__header-title\">\n\t\t\t\t\u00cdNDICE\t\t\t<\/div>\n\t\t\t\t\t\t\t\t<\/div>\n\t\t\t\t<div id=\"elementor-toc__90e77e7\" class=\"elementor-toc__body\">\n\t\t\t<div class=\"elementor-toc__spinner-container\">\n\t\t\t\t<i class=\"elementor-toc__spinner eicon-animation-spin eicon-loading\" aria-hidden=\"true\"><\/i>\t\t\t<\/div>\n\t\t<\/div>\n\t\t\t\t\t\t<\/div>\n\t\t\t\t<\/div>\n\t\t\t\t\t<\/div>\n\t\t<\/div>\n\t\t\t\t\t<\/div>\n\t\t<\/section>\n\t\t\t\t<section class=\"elementor-section elementor-top-section elementor-element elementor-element-12510a4 elementor-section-boxed elementor-section-height-default elementor-section-height-default\" data-id=\"12510a4\" data-element_type=\"section\" data-e-type=\"section\">\n\t\t\t\t\t\t<div class=\"elementor-container elementor-column-gap-default\">\n\t\t\t\t\t<div class=\"elementor-column elementor-col-100 elementor-top-column elementor-element elementor-element-685171f\" data-id=\"685171f\" data-element_type=\"column\" data-e-type=\"column\">\n\t\t\t<div class=\"elementor-widget-wrap elementor-element-populated\">\n\t\t\t\t\t\t<div class=\"elementor-element elementor-element-8e07853 elementor-widget elementor-widget-heading\" data-id=\"8e07853\" data-element_type=\"widget\" data-e-type=\"widget\" data-widget_type=\"heading.default\">\n\t\t\t\t<div class=\"elementor-widget-container\">\n\t\t\t\t\t<h2 class=\"elementor-heading-title elementor-size-default\">Todo lo que debes saber de Cala Argilaga<\/h2>\t\t\t\t<\/div>\n\t\t\t\t<\/div>\n\t\t\t\t<div class=\"elementor-element elementor-element-314f077 elementor-widget elementor-widget-text-editor\" data-id=\"314f077\" data-element_type=\"widget\" data-e-type=\"widget\" data-widget_type=\"text-editor.default\">\n\t\t\t\t<div class=\"elementor-widget-container\">\n\t\t\t\t\t\t\t\t\t<p style=\"font-weight: 400;\">Argilaga es una de esas peque\u00f1as calas que todav\u00eda conservan todo su encanto. No hay construcciones a la vista ni servicios tur\u00edsticos, solo mar, arena, rocas y tranquilidad. <strong>Tiene unos 150 metros de largo por 15 de ancho<\/strong>, y su suelo es de <strong>arena mezclada con grava y muchas conchas<\/strong>, lo que le da un aspecto singular y un tacto distinto al caminar.<\/p><p style=\"font-weight: 400;\">A ambos lados de la cala, las rocas y peque\u00f1os acantilados forman sub-calitas que aportan a\u00fan m\u00e1s sensaci\u00f3n de refugio. De hecho, podr\u00edamos decir que Cala Argilaga se divide en tres calas contiguas, separadas por rocas.<\/p><p style=\"font-weight: 400;\"><strong>\u00bfY el agua? Es de un bonito color azul turquesa y suele estar muy limpia y clara<\/strong>. Puede haber algo de oleaje los d\u00edas de viento, pero no es lo habitual.<\/p><p style=\"font-weight: 400;\">Y aunque no es una playa oficialmente nudista, <strong>por su entorno aislado es habitual encontrar gente sin ba\u00f1ador.<\/strong> Eso s\u00ed, aunque decidas ir sin nada, lo que no puedes olvidarte son los <strong>escarpines<\/strong>: la mezcla de arena y grava y las praderas de posidonia los hacen \u2014casi\u2014 imprescindibles.<\/p><p style=\"font-weight: 400;\">Por suerte, Cala Argilaga nunca se masifica, pero si prefieres total tranquilidad, lo ideal es que la visites durante los meses de junio y septiembre, cuando el clima sigue siendo excelente y hay todav\u00eda menos gente.<\/p>\t\t\t\t\t\t\t\t<\/div>\n\t\t\t\t<\/div>\n\t\t\t\t<div class=\"elementor-element elementor-element-015255c elementor-widget elementor-widget-image\" data-id=\"015255c\" data-element_type=\"widget\" data-e-type=\"widget\" data-widget_type=\"image.default\">\n\t\t\t\t<div class=\"elementor-widget-container\">\n\t\t\t\t\t\t\t\t\t\t\t\t\t\t\t<img fetchpriority=\"high\" decoding=\"async\" width=\"751\" height=\"354\" src=\"https:\/\/www.orangecosta.com\/blog\/wp-content\/uploads\/2025\/07\/Cala-Argilaga-Alcossebre-sierra-de-irta.jpg\" class=\"attachment-large size-large wp-image-5184\" alt=\"Cala-Argilaga-Alcossebre-sierra-de-irta\" srcset=\"https:\/\/www.orangecosta.com\/blog\/wp-content\/uploads\/2025\/07\/Cala-Argilaga-Alcossebre-sierra-de-irta.jpg 1200w, https:\/\/www.orangecosta.com\/blog\/wp-content\/uploads\/2025\/07\/Cala-Argilaga-Alcossebre-sierra-de-irta-768x362.jpg 768w\" sizes=\"(max-width: 751px) 100vw, 751px\" \/>\t\t\t\t\t\t\t\t\t\t\t\t\t\t\t<\/div>\n\t\t\t\t<\/div>\n\t\t\t\t\t<\/div>\n\t\t<\/div>\n\t\t\t\t\t<\/div>\n\t\t<\/section>\n\t\t\t\t<section class=\"elementor-section elementor-top-section elementor-element elementor-element-13613e09 elementor-section-boxed elementor-section-height-default elementor-section-height-default\" data-id=\"13613e09\" data-element_type=\"section\" data-e-type=\"section\">\n\t\t\t\t\t\t<div class=\"elementor-container elementor-column-gap-default\">\n\t\t\t\t\t<div class=\"elementor-column elementor-col-100 elementor-top-column elementor-element elementor-element-669b68cf\" data-id=\"669b68cf\" data-element_type=\"column\" data-e-type=\"column\">\n\t\t\t<div class=\"elementor-widget-wrap elementor-element-populated\">\n\t\t\t\t\t\t<div class=\"elementor-element elementor-element-43c42fd8 elementor-widget elementor-widget-heading\" data-id=\"43c42fd8\" data-element_type=\"widget\" data-e-type=\"widget\" data-widget_type=\"heading.default\">\n\t\t\t\t<div class=\"elementor-widget-container\">\n\t\t\t\t\t<h2 class=\"elementor-heading-title elementor-size-default\">D\u00f3nde est\u00e1 y c\u00f3mo llegar a Cala Argilaga<\/h2>\t\t\t\t<\/div>\n\t\t\t\t<\/div>\n\t\t\t\t<div class=\"elementor-element elementor-element-3e579667 elementor-widget elementor-widget-text-editor\" data-id=\"3e579667\" data-element_type=\"widget\" data-e-type=\"widget\" data-widget_type=\"text-editor.default\">\n\t\t\t\t<div class=\"elementor-widget-container\">\n\t\t\t\t\t\t\t\t\t<p style=\"font-weight: 400;\">Cala Argilaga est\u00e1 \u2014m\u00e1s o menos\u2014 a medio camino entre Alcossebre y Pe\u00f1\u00edscola, dentro del <a href=\"https:\/\/www.orangecosta.com\/blog\/parque-natural-sierra-irta\/\">Parque Natural de la Sierra de Irta<\/a>. <strong>Pertenece administrativamente al municipio de Pe\u00f1\u00edscola, aunque por su cercan\u00eda muchos la asocian m\u00e1s a Alcossebre. <\/strong>Aunque a donde pertenece, sin lugar a dudas, es al coraz\u00f3n del \u00e1rea protegida del parque natural.<\/p><p style=\"font-weight: 400;\">Y ahora vamos con lo importante: c\u00f3mo llegar. Si te alojas en Pe\u00f1\u00edscola o en Alcossebre, est\u00e1s muy cerca y llegar est\u00e1 chupado.<\/p>\t\t\t\t\t\t\t\t<\/div>\n\t\t\t\t<\/div>\n\t\t\t\t\t<\/div>\n\t\t<\/div>\n\t\t\t\t\t<\/div>\n\t\t<\/section>\n\t\t\t\t<section class=\"elementor-section elementor-top-section elementor-element elementor-element-7ac638a6 elementor-section-content-middle elementor-section-boxed elementor-section-height-default elementor-section-height-default\" data-id=\"7ac638a6\" data-element_type=\"section\" data-e-type=\"section\">\n\t\t\t\t\t\t<div class=\"elementor-container elementor-column-gap-default\">\n\t\t\t\t\t<div class=\"elementor-column elementor-col-50 elementor-top-column elementor-element elementor-element-5739db1\" data-id=\"5739db1\" data-element_type=\"column\" data-e-type=\"column\">\n\t\t\t<div class=\"elementor-widget-wrap elementor-element-populated\">\n\t\t\t\t\t\t<div class=\"elementor-element elementor-element-85773f0 elementor-view-default elementor-widget elementor-widget-icon\" data-id=\"85773f0\" data-element_type=\"widget\" data-e-type=\"widget\" data-widget_type=\"icon.default\">\n\t\t\t\t<div class=\"elementor-widget-container\">\n\t\t\t\t\t\t\t<div class=\"elementor-icon-wrapper\">\n\t\t\t<div class=\"elementor-icon\">\n\t\t\t<i aria-hidden=\"true\" class=\"fas fa-car\"><\/i>\t\t\t<\/div>\n\t\t<\/div>\n\t\t\t\t\t\t<\/div>\n\t\t\t\t<\/div>\n\t\t\t\t\t<\/div>\n\t\t<\/div>\n\t\t\t\t<div class=\"elementor-column elementor-col-50 elementor-top-column elementor-element elementor-element-13b8113b\" data-id=\"13b8113b\" data-element_type=\"column\" data-e-type=\"column\">\n\t\t\t<div class=\"elementor-widget-wrap elementor-element-populated\">\n\t\t\t\t\t\t<div class=\"elementor-element elementor-element-56048114 elementor-widget elementor-widget-heading\" data-id=\"56048114\" data-element_type=\"widget\" data-e-type=\"widget\" data-widget_type=\"heading.default\">\n\t\t\t\t<div class=\"elementor-widget-container\">\n\t\t\t\t\t<h3 class=\"elementor-heading-title elementor-size-default\">En coche<\/h3>\t\t\t\t<\/div>\n\t\t\t\t<\/div>\n\t\t\t\t<div class=\"elementor-element elementor-element-89b67c7 elementor-widget elementor-widget-text-editor\" data-id=\"89b67c7\" data-element_type=\"widget\" data-e-type=\"widget\" data-widget_type=\"text-editor.default\">\n\t\t\t\t<div class=\"elementor-widget-container\">\n\t\t\t\t\t\t\t\t\t<p style=\"font-weight: 400;\"><strong>Desde la carretera N-340<\/strong> \u2014la v\u00eda paralela a la costa\u2014 encontrar\u00e1s desv\u00edos se\u00f1alizados hacia el Parque Natural de la Sierra de Irta y la zona de Las Fuentes.<\/p><p style=\"font-weight: 400;\">A partir de ah\u00ed, un camino de tierra transitable te lleva hasta las cercan\u00edas de la cala. De hecho, existe una pista de tierra que conduce directamente a Cala Argilaga. S\u00ed, s\u00ed, <strong>puedes llegar en coche sin necesidad de caminar, pero ten en cuenta que es un camino sin asfaltar y con algunos baches.<\/strong> \u00a1Ah! Y cuidado, porque a veces en julio y agosto, el acceso al parque en coche est\u00e1 limitado.<\/p>\t\t\t\t\t\t\t\t<\/div>\n\t\t\t\t<\/div>\n\t\t\t\t\t<\/div>\n\t\t<\/div>\n\t\t\t\t\t<\/div>\n\t\t<\/section>\n\t\t\t\t<section class=\"elementor-section elementor-top-section elementor-element elementor-element-bf4de74 elementor-section-content-middle elementor-section-boxed elementor-section-height-default elementor-section-height-default\" data-id=\"bf4de74\" data-element_type=\"section\" data-e-type=\"section\">\n\t\t\t\t\t\t<div class=\"elementor-container elementor-column-gap-default\">\n\t\t\t\t\t<div class=\"elementor-column elementor-col-50 elementor-top-column elementor-element elementor-element-102fd65\" data-id=\"102fd65\" data-element_type=\"column\" data-e-type=\"column\">\n\t\t\t<div class=\"elementor-widget-wrap elementor-element-populated\">\n\t\t\t\t\t\t<div class=\"elementor-element elementor-element-d44a603 elementor-view-default elementor-widget elementor-widget-icon\" data-id=\"d44a603\" data-element_type=\"widget\" data-e-type=\"widget\" data-widget_type=\"icon.default\">\n\t\t\t\t<div class=\"elementor-widget-container\">\n\t\t\t\t\t\t\t<div class=\"elementor-icon-wrapper\">\n\t\t\t<div class=\"elementor-icon\">\n\t\t\t<i aria-hidden=\"true\" class=\"fas fa-taxi\"><\/i>\t\t\t<\/div>\n\t\t<\/div>\n\t\t\t\t\t\t<\/div>\n\t\t\t\t<\/div>\n\t\t\t\t\t<\/div>\n\t\t<\/div>\n\t\t\t\t<div class=\"elementor-column elementor-col-50 elementor-top-column elementor-element elementor-element-bb5e8a2\" data-id=\"bb5e8a2\" data-element_type=\"column\" data-e-type=\"column\">\n\t\t\t<div class=\"elementor-widget-wrap elementor-element-populated\">\n\t\t\t\t\t\t<div class=\"elementor-element elementor-element-7624777 elementor-widget elementor-widget-heading\" data-id=\"7624777\" data-element_type=\"widget\" data-e-type=\"widget\" data-widget_type=\"heading.default\">\n\t\t\t\t<div class=\"elementor-widget-container\">\n\t\t\t\t\t<h3 class=\"elementor-heading-title elementor-size-default\">En transporte p\u00fablico<\/h3>\t\t\t\t<\/div>\n\t\t\t\t<\/div>\n\t\t\t\t<div class=\"elementor-element elementor-element-bc8ed2b elementor-widget elementor-widget-text-editor\" data-id=\"bc8ed2b\" data-element_type=\"widget\" data-e-type=\"widget\" data-widget_type=\"text-editor.default\">\n\t\t\t\t<div class=\"elementor-widget-container\">\n\t\t\t\t\t\t\t\t\t<p style=\"font-weight: 400;\">No hay transporte p\u00fablico que llegue hasta la cala propiamente dicha \u2014\u00a1ya te hemos dicho que la frecuenta poca gente!<\/p><p style=\"font-weight: 400;\">Sin embargo, si est\u00e1s en Pe\u00f1\u00edscola, Benicarl\u00f3 o Alcossebre, puedes tomar un taxi hasta el inicio del camino sin asfaltar y desde all\u00ed seguir a pie.<\/p>\t\t\t\t\t\t\t\t<\/div>\n\t\t\t\t<\/div>\n\t\t\t\t\t<\/div>\n\t\t<\/div>\n\t\t\t\t\t<\/div>\n\t\t<\/section>\n\t\t\t\t<section class=\"elementor-section elementor-top-section elementor-element elementor-element-8022165 elementor-section-content-middle elementor-section-boxed elementor-section-height-default elementor-section-height-default\" data-id=\"8022165\" data-element_type=\"section\" data-e-type=\"section\">\n\t\t\t\t\t\t<div class=\"elementor-container elementor-column-gap-default\">\n\t\t\t\t\t<div class=\"elementor-column elementor-col-50 elementor-top-column elementor-element elementor-element-8c13771\" data-id=\"8c13771\" data-element_type=\"column\" data-e-type=\"column\">\n\t\t\t<div class=\"elementor-widget-wrap elementor-element-populated\">\n\t\t\t\t\t\t<div class=\"elementor-element elementor-element-d90017a elementor-view-default elementor-widget elementor-widget-icon\" data-id=\"d90017a\" data-element_type=\"widget\" data-e-type=\"widget\" data-widget_type=\"icon.default\">\n\t\t\t\t<div class=\"elementor-widget-container\">\n\t\t\t\t\t\t\t<div class=\"elementor-icon-wrapper\">\n\t\t\t<div class=\"elementor-icon\">\n\t\t\t<i aria-hidden=\"true\" class=\"fas fa-walking\"><\/i>\t\t\t<\/div>\n\t\t<\/div>\n\t\t\t\t\t\t<\/div>\n\t\t\t\t<\/div>\n\t\t\t\t\t<\/div>\n\t\t<\/div>\n\t\t\t\t<div class=\"elementor-column elementor-col-50 elementor-top-column elementor-element elementor-element-ca9e198\" data-id=\"ca9e198\" data-element_type=\"column\" data-e-type=\"column\">\n\t\t\t<div class=\"elementor-widget-wrap elementor-element-populated\">\n\t\t\t\t\t\t<div class=\"elementor-element elementor-element-1ac054b elementor-widget elementor-widget-heading\" data-id=\"1ac054b\" data-element_type=\"widget\" data-e-type=\"widget\" data-widget_type=\"heading.default\">\n\t\t\t\t<div class=\"elementor-widget-container\">\n\t\t\t\t\t<h3 class=\"elementor-heading-title elementor-size-default\">A pie o en bicicleta<\/h3>\t\t\t\t<\/div>\n\t\t\t\t<\/div>\n\t\t\t\t<div class=\"elementor-element elementor-element-bee14de elementor-widget elementor-widget-text-editor\" data-id=\"bee14de\" data-element_type=\"widget\" data-e-type=\"widget\" data-widget_type=\"text-editor.default\">\n\t\t\t\t<div class=\"elementor-widget-container\">\n\t\t\t\t\t\t\t\t\t<p style=\"font-weight: 400;\">Aprovechando las rutas senderistas y ciclistas que recorren la Sierra de Irta tambi\u00e9n puedes llegar a Cala Argilaga.<\/p><p style=\"font-weight: 400;\">Por ejemplo, desde la zona de Las Fuentes de Alcossebre puedes seguir la pista litoral o el sendero costero que lleva hacia el sur hasta la cala y, de paso, disfrutar del paseo con vistas panor\u00e1micas.<\/p>\t\t\t\t\t\t\t\t<\/div>\n\t\t\t\t<\/div>\n\t\t\t\t\t<\/div>\n\t\t<\/div>\n\t\t\t\t\t<\/div>\n\t\t<\/section>\n\t\t\t\t<section class=\"elementor-section elementor-top-section elementor-element elementor-element-63aca56 elementor-section-boxed elementor-section-height-default elementor-section-height-default\" data-id=\"63aca56\" data-element_type=\"section\" data-e-type=\"section\">\n\t\t\t\t\t\t<div class=\"elementor-container elementor-column-gap-default\">\n\t\t\t\t\t<div class=\"elementor-column elementor-col-100 elementor-top-column elementor-element elementor-element-797a54e\" data-id=\"797a54e\" data-element_type=\"column\" data-e-type=\"column\">\n\t\t\t<div class=\"elementor-widget-wrap elementor-element-populated\">\n\t\t\t\t\t\t<div class=\"elementor-element elementor-element-21fae69 elementor-widget elementor-widget-heading\" data-id=\"21fae69\" data-element_type=\"widget\" data-e-type=\"widget\" data-widget_type=\"heading.default\">\n\t\t\t\t<div class=\"elementor-widget-container\">\n\t\t\t\t\t<h2 class=\"elementor-heading-title elementor-size-default\">Cosas que hacer en Cala Argilaga en Alcoc\u00e9ber<\/h2>\t\t\t\t<\/div>\n\t\t\t\t<\/div>\n\t\t\t\t<div class=\"elementor-element elementor-element-9644ed0 elementor-widget elementor-widget-text-editor\" data-id=\"9644ed0\" data-element_type=\"widget\" data-e-type=\"widget\" data-widget_type=\"text-editor.default\">\n\t\t\t\t<div class=\"elementor-widget-container\">\n\t\t\t\t\t\t\t\t\t<p style=\"font-weight: 400;\">Como es una cala virgen dentro de un parque natural, aqu\u00ed no hay bares, duchas, hamacas, socorristas ni papeleras. Tampoco iluminaci\u00f3n ni agua potable. Eso significa que tendr\u00e1s que traerte de todo: agua, comida, protecci\u00f3n solar, etc.<\/p><p style=\"font-weight: 400;\">No queremos repetirnos, pero como el agua es cristalina \u2014muy, muy clara\u2014, <strong>Cala Argilaga es ideal para nadar y hacer snorkel<\/strong>. No olvides traer gafas y tubo.<\/p><p style=\"font-weight: 400;\">Tambi\u00e9n es un buen punto para <strong>practicar kayak o paddle surf<\/strong>, y desde el mar, llegar a lugares que de otra forma ser\u00edan imposibles de descubrir.<\/p><p style=\"font-weight: 400;\">Si te gusta pescar, las rocas son un lugar tranquilo donde puedes lanzar el sedal, siempre que hayas revisado antes la <a href=\"https:\/\/www.peniscola.org\/ver\/8482\/Normativa-del-PN-Serra-dIrta.html\">normativa<\/a>.<\/p><p style=\"font-weight: 400;\">Y si despu\u00e9s de la ma\u00f1ana, la tarde o el d\u00eda completo de playa todav\u00eda te quedan energ\u00edas, muy cerca puedes visitar el <a href=\"https:\/\/www.orangecosta.com\/blog\/faro-de-alcossebre\/\">Faro de Alcossebre<\/a>, el <a href=\"https:\/\/www.orangecosta.com\/blog\/castillo-de-peniscola\/\">Castillo de Pe\u00f1\u00edscola<\/a> o dirigirte a alguno de los <a href=\"https:\/\/www.orangecosta.com\/blog\/los-5-mejores-restaurantes-de-alcossebre\/\">cinco mejores restaurantes de Alcossebre<\/a>.<\/p>\t\t\t\t\t\t\t\t<\/div>\n\t\t\t\t<\/div>\n\t\t\t\t\t<\/div>\n\t\t<\/div>\n\t\t\t\t\t<\/div>\n\t\t<\/section>\n\t\t<div class=\"elementor-element elementor-element-3632191 e-flex e-con-boxed e-con e-parent\" data-id=\"3632191\" data-element_type=\"container\" data-e-type=\"container\">\n\t\t\t\t\t<div class=\"e-con-inner\">\n\t\t\t\t<div class=\"elementor-element elementor-element-12aa47f elementor-widget elementor-widget-video\" data-id=\"12aa47f\" data-element_type=\"widget\" data-e-type=\"widget\" data-settings=\"{&quot;youtube_url&quot;:&quot;https:\\\/\\\/www.youtube.com\\\/watch?v=AxBPA3MCg1c&quot;,&quot;video_type&quot;:&quot;youtube&quot;,&quot;controls&quot;:&quot;yes&quot;}\" data-widget_type=\"video.default\">\n\t\t\t\t<div class=\"elementor-widget-container\">\n\t\t\t\t\t\t\t<div class=\"elementor-wrapper elementor-open-inline\">\n\t\t\t<div class=\"elementor-video\"><\/div>\t\t<\/div>\n\t\t\t\t\t\t<\/div>\n\t\t\t\t<\/div>\n\t\t\t\t\t<\/div>\n\t\t\t\t<\/div>\n\t\t\t\t<section class=\"elementor-section elementor-top-section elementor-element elementor-element-5addeb0 elementor-section-boxed elementor-section-height-default elementor-section-height-default\" data-id=\"5addeb0\" data-element_type=\"section\" data-e-type=\"section\">\n\t\t\t\t\t\t<div class=\"elementor-container elementor-column-gap-default\">\n\t\t\t\t\t<div class=\"elementor-column elementor-col-100 elementor-top-column elementor-element elementor-element-a985a88\" data-id=\"a985a88\" data-element_type=\"column\" data-e-type=\"column\">\n\t\t\t<div class=\"elementor-widget-wrap elementor-element-populated\">\n\t\t\t\t\t\t<div class=\"elementor-element elementor-element-3c4889d elementor-widget elementor-widget-heading\" data-id=\"3c4889d\" data-element_type=\"widget\" data-e-type=\"widget\" data-widget_type=\"heading.default\">\n\t\t\t\t<div class=\"elementor-widget-container\">\n\t\t\t\t\t<h2 class=\"elementor-heading-title elementor-size-default\">La vegetaci\u00f3n de esta cala te va a sorprender<\/h2>\t\t\t\t<\/div>\n\t\t\t\t<\/div>\n\t\t\t\t<div class=\"elementor-element elementor-element-b7562f9 elementor-widget elementor-widget-text-editor\" data-id=\"b7562f9\" data-element_type=\"widget\" data-e-type=\"widget\" data-widget_type=\"text-editor.default\">\n\t\t\t\t<div class=\"elementor-widget-container\">\n\t\t\t\t\t\t\t\t\t<p style=\"font-weight: 400;\">La vegetaci\u00f3n t\u00edpica de los alrededores incluye <strong>pinos carrascos \u2014que crecen pr\u00e1cticamente hasta primera l\u00ednea de playa\u2014, palmitos, esparto y arbustos arom\u00e1ticos como el tomillo, el romero y\u2026 \u00a1la aliaga o argilaga!<\/strong> Este arbusto espinoso de flores amarillas es precisamente el que da nombre a la cala, por algo ser\u00e1, \u00bfno?<\/p><p style=\"font-weight: 400;\">Y tanta biodiversidad tiene premio: Cala Argilaga ha sido declarada <strong>Microrreserva de Flora <\/strong>por albergar poblaciones de plantas end\u00e9micas y singulares de alto valor ecol\u00f3gico.<\/p>\t\t\t\t\t\t\t\t<\/div>\n\t\t\t\t<\/div>\n\t\t\t\t\t<\/div>\n\t\t<\/div>\n\t\t\t\t\t<\/div>\n\t\t<\/section>\n\t\t\t\t<section class=\"elementor-section elementor-top-section elementor-element elementor-element-63e17cef elementor-section-boxed elementor-section-height-default elementor-section-height-default\" data-id=\"63e17cef\" data-element_type=\"section\" data-e-type=\"section\">\n\t\t\t\t\t\t<div class=\"elementor-container elementor-column-gap-default\">\n\t\t\t\t\t<div class=\"elementor-column elementor-col-100 elementor-top-column elementor-element elementor-element-1fb239f9\" data-id=\"1fb239f9\" data-element_type=\"column\" data-e-type=\"column\">\n\t\t\t<div class=\"elementor-widget-wrap elementor-element-populated\">\n\t\t\t\t\t\t<div class=\"elementor-element elementor-element-1354705e elementor-widget elementor-widget-heading\" data-id=\"1354705e\" data-element_type=\"widget\" data-e-type=\"widget\" data-widget_type=\"heading.default\">\n\t\t\t\t<div class=\"elementor-widget-container\">\n\t\t\t\t\t<h2 class=\"elementor-heading-title elementor-size-default\">Ven a visitar Cala Argilaga en Alcossebre<\/h2>\t\t\t\t<\/div>\n\t\t\t\t<\/div>\n\t\t\t\t<div class=\"elementor-element elementor-element-6a40e07d elementor-widget elementor-widget-text-editor\" data-id=\"6a40e07d\" data-element_type=\"widget\" data-e-type=\"widget\" data-widget_type=\"text-editor.default\">\n\t\t\t\t<div class=\"elementor-widget-container\">\n\t\t\t\t\t\t\t\t\t<p style=\"font-weight: 400;\">\u00bfEs o no es un tesoro este rinc\u00f3n de la Costa Dorada? Te ofrece todo lo que un amante de la naturaleza y la tranquilidad puede desear: <strong>aguas limpias, paisajes v\u00edrgenes y la posibilidad de conectar plenamente con el entorno.<\/strong><\/p><p style=\"font-weight: 400;\">Te hemos contado c\u00f3mo llegar, qu\u00e9 esperar y c\u00f3mo aprovechar al m\u00e1ximo tu visita, as\u00ed que ahora solo falta que la descubras por ti mismo.<\/p><p style=\"font-weight: 400;\">Bueno, eso\u2026 y que te busques un alojamiento cercano, <strong>que despu\u00e9s de un largo d\u00eda de playa el cuerpo tambi\u00e9n pide descanso. Por <\/strong><a href=\"https:\/\/www.orangecosta.com\/alquiler\/alquileres-alcoceber-alcossebre-d100\/\"><strong>aqu\u00ed<\/strong><\/a><strong> tenemos todo tipo de apartamentos para que repongas fuerzas antes de seguir disfrutando de todo lo que hay <\/strong><a href=\"https:\/\/www.orangecosta.com\/blog\/que-ver-en-alcossebre\/\"><strong>que ver en Alcossebre<\/strong><\/a><strong>.<\/strong><\/p><p style=\"font-weight: 400;\">\u00bfTe vienes a conocer Cala Argilaga y su entorno con <a href=\"https:\/\/www.orangecosta.com\/\">Orange Costa<\/a>?<\/p>\t\t\t\t\t\t\t\t<\/div>\n\t\t\t\t<\/div>\n\t\t\t\t\t<\/div>\n\t\t<\/div>\n\t\t\t\t\t<\/div>\n\t\t<\/section>\n\t\t\t\t<section class=\"elementor-section elementor-top-section elementor-element elementor-element-74d29d59 elementor-section-boxed elementor-section-height-default elementor-section-height-default\" data-id=\"74d29d59\" data-element_type=\"section\" data-e-type=\"section\">\n\t\t\t\t\t\t<div class=\"elementor-container elementor-column-gap-default\">\n\t\t\t\t\t<div class=\"elementor-column elementor-col-100 elementor-top-column elementor-element elementor-element-6159dd8d\" data-id=\"6159dd8d\" data-element_type=\"column\" data-e-type=\"column\">\n\t\t\t<div class=\"elementor-widget-wrap elementor-element-populated\">\n\t\t\t\t\t\t<div class=\"elementor-element elementor-element-66d9d081 elementor-widget elementor-widget-shortcode\" data-id=\"66d9d081\" data-element_type=\"widget\" data-e-type=\"widget\" data-widget_type=\"shortcode.default\">\n\t\t\t\t<div class=\"elementor-widget-container\">\n\t\t\t\t\t\t\t<div class=\"elementor-shortcode\">\t\t<div data-elementor-type=\"section\" data-elementor-id=\"1101\" class=\"elementor elementor-1101\" data-elementor-post-type=\"elementor_library\">\n\t\t\t\t\t<section class=\"elementor-section elementor-top-section elementor-element elementor-element-428cf098 elementor-section-boxed elementor-section-height-default elementor-section-height-default\" data-id=\"428cf098\" data-element_type=\"section\" data-e-type=\"section\">\n\t\t\t\t\t\t<div class=\"elementor-container elementor-column-gap-default\">\n\t\t\t\t\t<div class=\"elementor-column elementor-col-50 elementor-top-column elementor-element elementor-element-4ded857a\" data-id=\"4ded857a\" data-element_type=\"column\" data-e-type=\"column\">\n\t\t\t<div class=\"elementor-widget-wrap elementor-element-populated\">\n\t\t\t\t\t\t<div class=\"elementor-element elementor-element-552d7709 elementor-align-center elementor-widget elementor-widget-button\" data-id=\"552d7709\" data-element_type=\"widget\" data-e-type=\"widget\" data-widget_type=\"button.default\">\n\t\t\t\t<div class=\"elementor-widget-container\">\n\t\t\t\t\t\t\t\t\t<div class=\"elementor-button-wrapper\">\n\t\t\t\t\t<a class=\"elementor-button elementor-button-link elementor-size-sm\" href=\"https:\/\/www.orangecosta.com\/alquiler\/alquileres-alcoceber-alcossebre-d100\/\">\n\t\t\t\t\t\t<span class=\"elementor-button-content-wrapper\">\n\t\t\t\t\t\t\t\t\t<span class=\"elementor-button-text\">ALOJAMIENTOS ALCOSSEBRE<\/span>\n\t\t\t\t\t<\/span>\n\t\t\t\t\t<\/a>\n\t\t\t\t<\/div>\n\t\t\t\t\t\t\t\t<\/div>\n\t\t\t\t<\/div>\n\t\t\t\t\t<\/div>\n\t\t<\/div>\n\t\t\t\t<div class=\"elementor-column elementor-col-50 elementor-top-column elementor-element elementor-element-588e801d\" data-id=\"588e801d\" data-element_type=\"column\" data-e-type=\"column\">\n\t\t\t<div class=\"elementor-widget-wrap elementor-element-populated\">\n\t\t\t\t\t\t<div class=\"elementor-element elementor-element-32fe1017 elementor-align-center elementor-widget elementor-widget-button\" data-id=\"32fe1017\" data-element_type=\"widget\" data-e-type=\"widget\" data-widget_type=\"button.default\">\n\t\t\t\t<div class=\"elementor-widget-container\">\n\t\t\t\t\t\t\t\t\t<div class=\"elementor-button-wrapper\">\n\t\t\t\t\t<a class=\"elementor-button elementor-button-link elementor-size-sm\" href=\"https:\/\/www.orangecosta.com\/apartamentos-alcossebre\/\">\n\t\t\t\t\t\t<span class=\"elementor-button-content-wrapper\">\n\t\t\t\t\t\t\t\t\t<span class=\"elementor-button-text\">APARTAMENTOS ALCOSSEBRE<\/span>\n\t\t\t\t\t<\/span>\n\t\t\t\t\t<\/a>\n\t\t\t\t<\/div>\n\t\t\t\t\t\t\t\t<\/div>\n\t\t\t\t<\/div>\n\t\t\t\t\t<\/div>\n\t\t<\/div>\n\t\t\t\t\t<\/div>\n\t\t<\/section>\n\t\t\t\t<\/div>\n\t\t<\/div>\n\t\t\t\t\t\t<\/div>\n\t\t\t\t<\/div>\n\t\t\t\t\t<\/div>\n\t\t<\/div>\n\t\t\t\t\t<\/div>\n\t\t<\/section>\n\t\t\t\t<\/div>\n\t\t","protected":false},"excerpt":{"rendered":"<p>\u00bfTe imaginas una cala escondida, rodeada de naturaleza y donde apenas hay gente incluso en pleno verano? As\u00ed es Cala&#8230;<\/p>\n","protected":false},"author":6,"featured_media":5187,"comment_status":"open","ping_status":"open","sticky":false,"template":"","format":"standard","meta":{"footnotes":""},"categories":[19,1],"tags":[169],"class_list":["post-5130","post","type-post","status-publish","format-standard","has-post-thumbnail","hentry","category-alcoceber","category-sin-categorizar","tag-no-template"],"yoast_head":"<!-- This site is optimized with the Yoast SEO plugin v27.5 - https:\/\/yoast.com\/product\/yoast-seo-wordpress\/ -->\n<title>Cala Argilaga: uno de los rincones secretos de Alcossebre - Blog turismo Orange Costa<\/title>\n<meta name=\"description\" content=\"Ven a descubrir Cala Argilaga, la cala virgen m\u00e1s aut\u00e9ntica de la Costa Dorada. Te contamos c\u00f3mo llegar, qu\u00e9 hacer cerca y cu\u00e1les son sus encantos.\" \/>\n<meta name=\"robots\" content=\"index, follow, max-snippet:-1, max-image-preview:large, max-video-preview:-1\" \/>\n<link rel=\"canonical\" href=\"https:\/\/www.orangecosta.com\/blog\/cala-argilaga\/\" \/>\n<meta property=\"og:locale\" content=\"es_ES\" \/>\n<meta property=\"og:type\" content=\"article\" \/>\n<meta property=\"og:title\" content=\"Cala Argilaga: uno de los rincones secretos de Alcossebre - Blog turismo Orange Costa\" \/>\n<meta property=\"og:description\" content=\"Ven a descubrir Cala Argilaga, la cala virgen m\u00e1s aut\u00e9ntica de la Costa Dorada. Te contamos c\u00f3mo llegar, qu\u00e9 hacer cerca y cu\u00e1les son sus encantos.\" \/>\n<meta property=\"og:url\" content=\"https:\/\/www.orangecosta.com\/blog\/cala-argilaga\/\" \/>\n<meta property=\"og:site_name\" content=\"Blog turismo Orange Costa\" \/>\n<meta property=\"article:published_time\" content=\"2025-07-22T10:18:01+00:00\" \/>\n<meta property=\"article:modified_time\" content=\"2026-03-12T12:02:36+00:00\" \/>\n<meta property=\"og:image\" content=\"https:\/\/www.orangecosta.com\/blog\/wp-content\/uploads\/2025\/07\/Cala-Argilaga.jpg\" \/>\n\t<meta property=\"og:image:width\" content=\"1920\" \/>\n\t<meta property=\"og:image:height\" content=\"1019\" \/>\n\t<meta property=\"og:image:type\" content=\"image\/jpeg\" \/>\n<meta name=\"author\" content=\"Laura\" \/>\n<meta name=\"twitter:card\" content=\"summary_large_image\" \/>\n<meta name=\"twitter:label1\" content=\"Escrito por\" \/>\n\t<meta name=\"twitter:data1\" content=\"Laura\" \/>\n\t<meta name=\"twitter:label2\" content=\"Tiempo de lectura\" \/>\n\t<meta name=\"twitter:data2\" content=\"5 minutos\" \/>\n<script type=\"application\/ld+json\" class=\"yoast-schema-graph\">{\"@context\":\"https:\\\/\\\/schema.org\",\"@graph\":[{\"@type\":\"Article\",\"@id\":\"https:\\\/\\\/www.orangecosta.com\\\/blog\\\/cala-argilaga\\\/#article\",\"isPartOf\":{\"@id\":\"https:\\\/\\\/www.orangecosta.com\\\/blog\\\/cala-argilaga\\\/\"},\"author\":{\"name\":\"Laura\",\"@id\":\"https:\\\/\\\/www.orangecosta.com\\\/blog\\\/#\\\/schema\\\/person\\\/a7ca15a09bbee143432bcd80d4eda51b\"},\"headline\":\"Cala Argilaga: uno de los rincones secretos de Alcossebre\",\"datePublished\":\"2025-07-22T10:18:01+00:00\",\"dateModified\":\"2026-03-12T12:02:36+00:00\",\"mainEntityOfPage\":{\"@id\":\"https:\\\/\\\/www.orangecosta.com\\\/blog\\\/cala-argilaga\\\/\"},\"wordCount\":1036,\"commentCount\":0,\"image\":{\"@id\":\"https:\\\/\\\/www.orangecosta.com\\\/blog\\\/cala-argilaga\\\/#primaryimage\"},\"thumbnailUrl\":\"https:\\\/\\\/www.orangecosta.com\\\/blog\\\/wp-content\\\/uploads\\\/2025\\\/07\\\/Cala-Argilaga.jpg\",\"keywords\":[\"No template\"],\"articleSection\":[\"Alcoceber\",\"Sin categorizar\"],\"inLanguage\":\"es\",\"potentialAction\":[{\"@type\":\"CommentAction\",\"name\":\"Comment\",\"target\":[\"https:\\\/\\\/www.orangecosta.com\\\/blog\\\/cala-argilaga\\\/#respond\"]}]},{\"@type\":\"WebPage\",\"@id\":\"https:\\\/\\\/www.orangecosta.com\\\/blog\\\/cala-argilaga\\\/\",\"url\":\"https:\\\/\\\/www.orangecosta.com\\\/blog\\\/cala-argilaga\\\/\",\"name\":\"Cala Argilaga: uno de los rincones secretos de Alcossebre - Blog turismo Orange Costa\",\"isPartOf\":{\"@id\":\"https:\\\/\\\/www.orangecosta.com\\\/blog\\\/#website\"},\"primaryImageOfPage\":{\"@id\":\"https:\\\/\\\/www.orangecosta.com\\\/blog\\\/cala-argilaga\\\/#primaryimage\"},\"image\":{\"@id\":\"https:\\\/\\\/www.orangecosta.com\\\/blog\\\/cala-argilaga\\\/#primaryimage\"},\"thumbnailUrl\":\"https:\\\/\\\/www.orangecosta.com\\\/blog\\\/wp-content\\\/uploads\\\/2025\\\/07\\\/Cala-Argilaga.jpg\",\"datePublished\":\"2025-07-22T10:18:01+00:00\",\"dateModified\":\"2026-03-12T12:02:36+00:00\",\"author\":{\"@id\":\"https:\\\/\\\/www.orangecosta.com\\\/blog\\\/#\\\/schema\\\/person\\\/a7ca15a09bbee143432bcd80d4eda51b\"},\"description\":\"Ven a descubrir Cala Argilaga, la cala virgen m\u00e1s aut\u00e9ntica de la Costa Dorada. Te contamos c\u00f3mo llegar, qu\u00e9 hacer cerca y cu\u00e1les son sus encantos.\",\"breadcrumb\":{\"@id\":\"https:\\\/\\\/www.orangecosta.com\\\/blog\\\/cala-argilaga\\\/#breadcrumb\"},\"inLanguage\":\"es\",\"potentialAction\":[{\"@type\":\"ReadAction\",\"target\":[\"https:\\\/\\\/www.orangecosta.com\\\/blog\\\/cala-argilaga\\\/\"]}]},{\"@type\":\"ImageObject\",\"inLanguage\":\"es\",\"@id\":\"https:\\\/\\\/www.orangecosta.com\\\/blog\\\/cala-argilaga\\\/#primaryimage\",\"url\":\"https:\\\/\\\/www.orangecosta.com\\\/blog\\\/wp-content\\\/uploads\\\/2025\\\/07\\\/Cala-Argilaga.jpg\",\"contentUrl\":\"https:\\\/\\\/www.orangecosta.com\\\/blog\\\/wp-content\\\/uploads\\\/2025\\\/07\\\/Cala-Argilaga.jpg\",\"width\":1920,\"height\":1019,\"caption\":\"Cala Argilaga\"},{\"@type\":\"BreadcrumbList\",\"@id\":\"https:\\\/\\\/www.orangecosta.com\\\/blog\\\/cala-argilaga\\\/#breadcrumb\",\"itemListElement\":[{\"@type\":\"ListItem\",\"position\":1,\"name\":\"Home\",\"item\":\"https:\\\/\\\/www.orangecosta.com\\\/blog\\\/\"},{\"@type\":\"ListItem\",\"position\":2,\"name\":\"Cala Argilaga: uno de los rincones secretos de Alcossebre\"}]},{\"@type\":\"WebSite\",\"@id\":\"https:\\\/\\\/www.orangecosta.com\\\/blog\\\/#website\",\"url\":\"https:\\\/\\\/www.orangecosta.com\\\/blog\\\/\",\"name\":\"Blog turismo Orange Costa\",\"description\":\"Orangecosta\",\"potentialAction\":[{\"@type\":\"SearchAction\",\"target\":{\"@type\":\"EntryPoint\",\"urlTemplate\":\"https:\\\/\\\/www.orangecosta.com\\\/blog\\\/?s={search_term_string}\"},\"query-input\":{\"@type\":\"PropertyValueSpecification\",\"valueRequired\":true,\"valueName\":\"search_term_string\"}}],\"inLanguage\":\"es\"},{\"@type\":\"Person\",\"@id\":\"https:\\\/\\\/www.orangecosta.com\\\/blog\\\/#\\\/schema\\\/person\\\/a7ca15a09bbee143432bcd80d4eda51b\",\"name\":\"Laura\",\"image\":{\"@type\":\"ImageObject\",\"inLanguage\":\"es\",\"@id\":\"https:\\\/\\\/secure.gravatar.com\\\/avatar\\\/38b396224481eeb6edadb558d7e4a6d1ff1c8ba1e6abd3951e451527e107c96b?s=96&d=mm&r=g\",\"url\":\"https:\\\/\\\/secure.gravatar.com\\\/avatar\\\/38b396224481eeb6edadb558d7e4a6d1ff1c8ba1e6abd3951e451527e107c96b?s=96&d=mm&r=g\",\"contentUrl\":\"https:\\\/\\\/secure.gravatar.com\\\/avatar\\\/38b396224481eeb6edadb558d7e4a6d1ff1c8ba1e6abd3951e451527e107c96b?s=96&d=mm&r=g\",\"caption\":\"Laura\"},\"url\":\"https:\\\/\\\/www.orangecosta.com\\\/blog\\\/author\\\/laura\\\/\"}]}<\/script>\n<!-- \/ Yoast SEO plugin. -->","yoast_head_json":{"title":"Cala Argilaga: uno de los rincones secretos de Alcossebre - Blog turismo Orange Costa","description":"Ven a descubrir Cala Argilaga, la cala virgen m\u00e1s aut\u00e9ntica de la Costa Dorada. Te contamos c\u00f3mo llegar, qu\u00e9 hacer cerca y cu\u00e1les son sus encantos.","robots":{"index":"index","follow":"follow","max-snippet":"max-snippet:-1","max-image-preview":"max-image-preview:large","max-video-preview":"max-video-preview:-1"},"canonical":"https:\/\/www.orangecosta.com\/blog\/cala-argilaga\/","og_locale":"es_ES","og_type":"article","og_title":"Cala Argilaga: uno de los rincones secretos de Alcossebre - Blog turismo Orange Costa","og_description":"Ven a descubrir Cala Argilaga, la cala virgen m\u00e1s aut\u00e9ntica de la Costa Dorada. Te contamos c\u00f3mo llegar, qu\u00e9 hacer cerca y cu\u00e1les son sus encantos.","og_url":"https:\/\/www.orangecosta.com\/blog\/cala-argilaga\/","og_site_name":"Blog turismo Orange Costa","article_published_time":"2025-07-22T10:18:01+00:00","article_modified_time":"2026-03-12T12:02:36+00:00","og_image":[{"width":1920,"height":1019,"url":"https:\/\/www.orangecosta.com\/blog\/wp-content\/uploads\/2025\/07\/Cala-Argilaga.jpg","type":"image\/jpeg"}],"author":"Laura","twitter_card":"summary_large_image","twitter_misc":{"Escrito por":"Laura","Tiempo de lectura":"5 minutos"},"schema":{"@context":"https:\/\/schema.org","@graph":[{"@type":"Article","@id":"https:\/\/www.orangecosta.com\/blog\/cala-argilaga\/#article","isPartOf":{"@id":"https:\/\/www.orangecosta.com\/blog\/cala-argilaga\/"},"author":{"name":"Laura","@id":"https:\/\/www.orangecosta.com\/blog\/#\/schema\/person\/a7ca15a09bbee143432bcd80d4eda51b"},"headline":"Cala Argilaga: uno de los rincones secretos de Alcossebre","datePublished":"2025-07-22T10:18:01+00:00","dateModified":"2026-03-12T12:02:36+00:00","mainEntityOfPage":{"@id":"https:\/\/www.orangecosta.com\/blog\/cala-argilaga\/"},"wordCount":1036,"commentCount":0,"image":{"@id":"https:\/\/www.orangecosta.com\/blog\/cala-argilaga\/#primaryimage"},"thumbnailUrl":"https:\/\/www.orangecosta.com\/blog\/wp-content\/uploads\/2025\/07\/Cala-Argilaga.jpg","keywords":["No template"],"articleSection":["Alcoceber","Sin categorizar"],"inLanguage":"es","potentialAction":[{"@type":"CommentAction","name":"Comment","target":["https:\/\/www.orangecosta.com\/blog\/cala-argilaga\/#respond"]}]},{"@type":"WebPage","@id":"https:\/\/www.orangecosta.com\/blog\/cala-argilaga\/","url":"https:\/\/www.orangecosta.com\/blog\/cala-argilaga\/","name":"Cala Argilaga: uno de los rincones secretos de Alcossebre - Blog turismo Orange Costa","isPartOf":{"@id":"https:\/\/www.orangecosta.com\/blog\/#website"},"primaryImageOfPage":{"@id":"https:\/\/www.orangecosta.com\/blog\/cala-argilaga\/#primaryimage"},"image":{"@id":"https:\/\/www.orangecosta.com\/blog\/cala-argilaga\/#primaryimage"},"thumbnailUrl":"https:\/\/www.orangecosta.com\/blog\/wp-content\/uploads\/2025\/07\/Cala-Argilaga.jpg","datePublished":"2025-07-22T10:18:01+00:00","dateModified":"2026-03-12T12:02:36+00:00","author":{"@id":"https:\/\/www.orangecosta.com\/blog\/#\/schema\/person\/a7ca15a09bbee143432bcd80d4eda51b"},"description":"Ven a descubrir Cala Argilaga, la cala virgen m\u00e1s aut\u00e9ntica de la Costa Dorada. Te contamos c\u00f3mo llegar, qu\u00e9 hacer cerca y cu\u00e1les son sus encantos.","breadcrumb":{"@id":"https:\/\/www.orangecosta.com\/blog\/cala-argilaga\/#breadcrumb"},"inLanguage":"es","potentialAction":[{"@type":"ReadAction","target":["https:\/\/www.orangecosta.com\/blog\/cala-argilaga\/"]}]},{"@type":"ImageObject","inLanguage":"es","@id":"https:\/\/www.orangecosta.com\/blog\/cala-argilaga\/#primaryimage","url":"https:\/\/www.orangecosta.com\/blog\/wp-content\/uploads\/2025\/07\/Cala-Argilaga.jpg","contentUrl":"https:\/\/www.orangecosta.com\/blog\/wp-content\/uploads\/2025\/07\/Cala-Argilaga.jpg","width":1920,"height":1019,"caption":"Cala Argilaga"},{"@type":"BreadcrumbList","@id":"https:\/\/www.orangecosta.com\/blog\/cala-argilaga\/#breadcrumb","itemListElement":[{"@type":"ListItem","position":1,"name":"Home","item":"https:\/\/www.orangecosta.com\/blog\/"},{"@type":"ListItem","position":2,"name":"Cala Argilaga: uno de los rincones secretos de Alcossebre"}]},{"@type":"WebSite","@id":"https:\/\/www.orangecosta.com\/blog\/#website","url":"https:\/\/www.orangecosta.com\/blog\/","name":"Blog turismo Orange Costa","description":"Orangecosta","potentialAction":[{"@type":"SearchAction","target":{"@type":"EntryPoint","urlTemplate":"https:\/\/www.orangecosta.com\/blog\/?s={search_term_string}"},"query-input":{"@type":"PropertyValueSpecification","valueRequired":true,"valueName":"search_term_string"}}],"inLanguage":"es"},{"@type":"Person","@id":"https:\/\/www.orangecosta.com\/blog\/#\/schema\/person\/a7ca15a09bbee143432bcd80d4eda51b","name":"Laura","image":{"@type":"ImageObject","inLanguage":"es","@id":"https:\/\/secure.gravatar.com\/avatar\/38b396224481eeb6edadb558d7e4a6d1ff1c8ba1e6abd3951e451527e107c96b?s=96&d=mm&r=g","url":"https:\/\/secure.gravatar.com\/avatar\/38b396224481eeb6edadb558d7e4a6d1ff1c8ba1e6abd3951e451527e107c96b?s=96&d=mm&r=g","contentUrl":"https:\/\/secure.gravatar.com\/avatar\/38b396224481eeb6edadb558d7e4a6d1ff1c8ba1e6abd3951e451527e107c96b?s=96&d=mm&r=g","caption":"Laura"},"url":"https:\/\/www.orangecosta.com\/blog\/author\/laura\/"}]}},"_links":{"self":[{"href":"https:\/\/www.orangecosta.com\/blog\/wp-json\/wp\/v2\/posts\/5130","targetHints":{"allow":["GET"]}}],"collection":[{"href":"https:\/\/www.orangecosta.com\/blog\/wp-json\/wp\/v2\/posts"}],"about":[{"href":"https:\/\/www.orangecosta.com\/blog\/wp-json\/wp\/v2\/types\/post"}],"author":[{"embeddable":true,"href":"https:\/\/www.orangecosta.com\/blog\/wp-json\/wp\/v2\/users\/6"}],"replies":[{"embeddable":true,"href":"https:\/\/www.orangecosta.com\/blog\/wp-json\/wp\/v2\/comments?post=5130"}],"version-history":[{"count":11,"href":"https:\/\/www.orangecosta.com\/blog\/wp-json\/wp\/v2\/posts\/5130\/revisions"}],"predecessor-version":[{"id":5193,"href":"https:\/\/www.orangecosta.com\/blog\/wp-json\/wp\/v2\/posts\/5130\/revisions\/5193"}],"wp:featuredmedia":[{"embeddable":true,"href":"https:\/\/www.orangecosta.com\/blog\/wp-json\/wp\/v2\/media\/5187"}],"wp:attachment":[{"href":"https:\/\/www.orangecosta.com\/blog\/wp-json\/wp\/v2\/media?parent=5130"}],"wp:term":[{"taxonomy":"category","embeddable":true,"href":"https:\/\/www.orangecosta.com\/blog\/wp-json\/wp\/v2\/categories?post=5130"},{"taxonomy":"post_tag","embeddable":true,"href":"https:\/\/www.orangecosta.com\/blog\/wp-json\/wp\/v2\/tags?post=5130"}],"curies":[{"name":"wp","href":"https:\/\/api.w.org\/{rel}","templated":true}]}}