{"id":3543,"date":"2024-09-11T11:23:39","date_gmt":"2024-09-11T11:23:39","guid":{"rendered":"https:\/\/www.orangecosta.com\/blog\/?p=3543"},"modified":"2026-03-12T12:03:27","modified_gmt":"2026-03-12T12:03:27","slug":"bandera-azul-playas-castellon","status":"publish","type":"post","link":"https:\/\/www.orangecosta.com\/blog\/bandera-azul-playas-castellon\/","title":{"rendered":"Bandera Azul: el indicativo de las mejores playas de Castell\u00f3n"},"content":{"rendered":"\t\t<div data-elementor-type=\"wp-post\" data-elementor-id=\"3543\" class=\"elementor elementor-3543\" data-elementor-post-type=\"post\">\n\t\t\t\t\t\t<section class=\"elementor-section elementor-top-section elementor-element elementor-element-56c65d48 elementor-section-boxed elementor-section-height-default elementor-section-height-default\" data-id=\"56c65d48\" data-element_type=\"section\" data-e-type=\"section\">\n\t\t\t\t\t\t<div class=\"elementor-container elementor-column-gap-default\">\n\t\t\t\t\t<div class=\"elementor-column elementor-col-100 elementor-top-column elementor-element elementor-element-603d9800\" data-id=\"603d9800\" data-element_type=\"column\" data-e-type=\"column\">\n\t\t\t<div class=\"elementor-widget-wrap\">\n\t\t\t\t\t\t\t<\/div>\n\t\t<\/div>\n\t\t\t\t\t<\/div>\n\t\t<\/section>\n\t\t\t\t<section class=\"elementor-section elementor-top-section elementor-element elementor-element-c82b83b elementor-section-boxed elementor-section-height-default elementor-section-height-default\" data-id=\"c82b83b\" data-element_type=\"section\" data-e-type=\"section\">\n\t\t\t\t\t\t<div class=\"elementor-container elementor-column-gap-default\">\n\t\t\t\t\t<div class=\"elementor-column elementor-col-100 elementor-top-column elementor-element elementor-element-9f6bf12\" data-id=\"9f6bf12\" data-element_type=\"column\" data-e-type=\"column\">\n\t\t\t<div class=\"elementor-widget-wrap elementor-element-populated\">\n\t\t\t\t\t\t<div class=\"elementor-element elementor-element-17154ad elementor-widget elementor-widget-text-editor\" data-id=\"17154ad\" data-element_type=\"widget\" data-e-type=\"widget\" data-widget_type=\"text-editor.default\">\n\t\t\t\t<div class=\"elementor-widget-container\">\n\t\t\t\t\t\t\t\t\t<p style=\"font-weight: 400;\">Las playas de Castell\u00f3n, y las de cualquier otro lugar del mundo, que tengan una Bandera Azul son sin\u00f3nimo de calidad y excelencia, y para conseguir este distintivo deben cumplir con una serie de criterios: <strong>buena calidad del agua, seguridad, poseer muchos servicios, ser accesibles y hacer una gesti\u00f3n ambiental del entorno de primera.<\/strong> Esta etiqueta la otorga la Fundaci\u00f3n Europea de Educaci\u00f3n Ambiental y es un sello de garant\u00eda para que sepas que vas a disfrutar de una playa segura, limpia y respetuosa con el entorno.<\/p><p style=\"font-weight: 400;\">As\u00ed que, si ves una playa ondeando la Bandera Azul, puedes estar seguro de que est\u00e1s en uno de los mejores lugares para disfrutar del sol y del mar.<\/p>\t\t\t\t\t\t\t\t<\/div>\n\t\t\t\t<\/div>\n\t\t\t\t\t<\/div>\n\t\t<\/div>\n\t\t\t\t\t<\/div>\n\t\t<\/section>\n\t\t\t\t<section class=\"elementor-section elementor-top-section elementor-element elementor-element-2c3b6260 elementor-section-boxed elementor-section-height-default elementor-section-height-default\" data-id=\"2c3b6260\" data-element_type=\"section\" data-e-type=\"section\">\n\t\t\t\t\t\t<div class=\"elementor-container elementor-column-gap-default\">\n\t\t\t\t\t<div class=\"elementor-column elementor-col-100 elementor-top-column elementor-element elementor-element-2d4e2b90\" data-id=\"2d4e2b90\" data-element_type=\"column\" data-e-type=\"column\">\n\t\t\t<div class=\"elementor-widget-wrap elementor-element-populated\">\n\t\t\t\t\t\t<div class=\"elementor-element elementor-element-af5e6f4 elementor-widget elementor-widget-table-of-contents\" data-id=\"af5e6f4\" data-element_type=\"widget\" data-e-type=\"widget\" data-settings=\"{&quot;headings_by_tags&quot;:[&quot;h2&quot;],&quot;exclude_headings_by_selector&quot;:[],&quot;marker_view&quot;:&quot;bullets&quot;,&quot;icon&quot;:{&quot;value&quot;:&quot;&quot;,&quot;library&quot;:&quot;&quot;},&quot;no_headings_message&quot;:&quot;No se ha encontrado ning\\u00fan encabezado en esta p\\u00e1gina.&quot;,&quot;hierarchical_view&quot;:&quot;yes&quot;,&quot;min_height&quot;:{&quot;unit&quot;:&quot;px&quot;,&quot;size&quot;:&quot;&quot;,&quot;sizes&quot;:[]},&quot;min_height_tablet&quot;:{&quot;unit&quot;:&quot;px&quot;,&quot;size&quot;:&quot;&quot;,&quot;sizes&quot;:[]},&quot;min_height_mobile&quot;:{&quot;unit&quot;:&quot;px&quot;,&quot;size&quot;:&quot;&quot;,&quot;sizes&quot;:[]}}\" data-widget_type=\"table-of-contents.default\">\n\t\t\t\t<div class=\"elementor-widget-container\">\n\t\t\t\t\t\t\t\t\t<div class=\"elementor-toc__header\">\n\t\t\t\t\t\t<div class=\"elementor-toc__header-title\">\n\t\t\t\t\u00cdNDICE\t\t\t<\/div>\n\t\t\t\t\t\t\t\t<\/div>\n\t\t\t\t<div id=\"elementor-toc__af5e6f4\" class=\"elementor-toc__body\">\n\t\t\t<div class=\"elementor-toc__spinner-container\">\n\t\t\t\t<i class=\"elementor-toc__spinner eicon-animation-spin eicon-loading\" aria-hidden=\"true\"><\/i>\t\t\t<\/div>\n\t\t<\/div>\n\t\t\t\t\t\t<\/div>\n\t\t\t\t<\/div>\n\t\t\t\t\t<\/div>\n\t\t<\/div>\n\t\t\t\t\t<\/div>\n\t\t<\/section>\n\t\t\t\t<section class=\"elementor-section elementor-top-section elementor-element elementor-element-3e04970 elementor-section-boxed elementor-section-height-default elementor-section-height-default\" data-id=\"3e04970\" data-element_type=\"section\" data-e-type=\"section\">\n\t\t\t\t\t\t<div class=\"elementor-container elementor-column-gap-default\">\n\t\t\t\t\t<div class=\"elementor-column elementor-col-100 elementor-top-column elementor-element elementor-element-f702a5f\" data-id=\"f702a5f\" data-element_type=\"column\" data-e-type=\"column\">\n\t\t\t<div class=\"elementor-widget-wrap elementor-element-populated\">\n\t\t\t\t\t\t<div class=\"elementor-element elementor-element-386594a elementor-widget elementor-widget-heading\" data-id=\"386594a\" data-element_type=\"widget\" data-e-type=\"widget\" data-widget_type=\"heading.default\">\n\t\t\t\t<div class=\"elementor-widget-container\">\n\t\t\t\t\t<h2 class=\"elementor-heading-title elementor-size-default\">Las mejores playas con Bandera Azul de Castell\u00f3n<\/h2>\t\t\t\t<\/div>\n\t\t\t\t<\/div>\n\t\t\t\t\t<\/div>\n\t\t<\/div>\n\t\t\t\t\t<\/div>\n\t\t<\/section>\n\t\t\t\t<section class=\"elementor-section elementor-top-section elementor-element elementor-element-1994ace0 elementor-section-boxed elementor-section-height-default elementor-section-height-default\" data-id=\"1994ace0\" data-element_type=\"section\" data-e-type=\"section\">\n\t\t\t\t\t\t<div class=\"elementor-container elementor-column-gap-default\">\n\t\t\t\t\t<div class=\"elementor-column elementor-col-100 elementor-top-column elementor-element elementor-element-361d639d\" data-id=\"361d639d\" data-element_type=\"column\" data-e-type=\"column\">\n\t\t\t<div class=\"elementor-widget-wrap elementor-element-populated\">\n\t\t\t\t\t\t<div class=\"elementor-element elementor-element-517346d elementor-widget elementor-widget-text-editor\" data-id=\"517346d\" data-element_type=\"widget\" data-e-type=\"widget\" data-widget_type=\"text-editor.default\">\n\t\t\t\t<div class=\"elementor-widget-container\">\n\t\t\t\t\t\t\t\t\t<p style=\"font-weight: 400;\">La Costa Azahar es conocida por sus hermosas playas de agua cristalina, arena fina y por tener un mont\u00f3n de servicios de calidad. Y con estas caracter\u00edsticas\u2026 muchas de ellas tienen Bandera Azul. \u00a1Ah\u00ed van nuestras favoritas!<\/p>\t\t\t\t\t\t\t\t<\/div>\n\t\t\t\t<\/div>\n\t\t\t\t\t<\/div>\n\t\t<\/div>\n\t\t\t\t\t<\/div>\n\t\t<\/section>\n\t\t\t\t<section class=\"elementor-section elementor-top-section elementor-element elementor-element-28307ad8 elementor-section-boxed elementor-section-height-default elementor-section-height-default\" data-id=\"28307ad8\" data-element_type=\"section\" data-e-type=\"section\">\n\t\t\t\t\t\t<div class=\"elementor-container elementor-column-gap-default\">\n\t\t\t\t\t<div class=\"elementor-column elementor-col-100 elementor-top-column elementor-element elementor-element-3fdd8ef8\" data-id=\"3fdd8ef8\" data-element_type=\"column\" data-e-type=\"column\">\n\t\t\t<div class=\"elementor-widget-wrap elementor-element-populated\">\n\t\t\t\t\t\t<div class=\"elementor-element elementor-element-64d0a1d1 elementor-widget elementor-widget-heading\" data-id=\"64d0a1d1\" data-element_type=\"widget\" data-e-type=\"widget\" data-widget_type=\"heading.default\">\n\t\t\t\t<div class=\"elementor-widget-container\">\n\t\t\t\t\t<h3 class=\"elementor-heading-title elementor-size-default\">Playa del Gurug\u00fa en Castell\u00f3n<\/h3>\t\t\t\t<\/div>\n\t\t\t\t<\/div>\n\t\t\t\t\t<\/div>\n\t\t<\/div>\n\t\t\t\t\t<\/div>\n\t\t<\/section>\n\t\t\t\t<section class=\"elementor-section elementor-top-section elementor-element elementor-element-a86ba0b elementor-section-boxed elementor-section-height-default elementor-section-height-default\" data-id=\"a86ba0b\" data-element_type=\"section\" data-e-type=\"section\">\n\t\t\t\t\t\t<div class=\"elementor-container elementor-column-gap-default\">\n\t\t\t\t\t<div class=\"elementor-column elementor-col-50 elementor-top-column elementor-element elementor-element-7a24cf9\" data-id=\"7a24cf9\" data-element_type=\"column\" data-e-type=\"column\">\n\t\t\t<div class=\"elementor-widget-wrap elementor-element-populated\">\n\t\t\t\t\t\t<div class=\"elementor-element elementor-element-25b4b8a7 elementor-widget elementor-widget-text-editor\" data-id=\"25b4b8a7\" data-element_type=\"widget\" data-e-type=\"widget\" data-widget_type=\"text-editor.default\">\n\t\t\t\t<div class=\"elementor-widget-container\">\n\t\t\t\t\t\t\t\t\t<p style=\"font-weight: 400;\">Esta es una de las playas con Bandera Azul de Castell\u00f3n de las preferidas por los locales porque, adem\u00e1s de tener arena dorada y aguas tranquilas, tambi\u00e9n es el <strong>escenario de un mont\u00f3n de eventos, conciertos y actividades dirigidas<\/strong> como yoga o pilates; un habitual en temporada alta.<\/p><p style=\"font-weight: 400;\">Adem\u00e1s, cuenta con muchos servicios como duchas, \u00e1reas de juegos para los m\u00e1s peque\u00f1os de la casa y varios puntos de alquiler de tumbonas, parasoles y material para practicar actividades acu\u00e1ticas. Tambi\u00e9n es accesible para personas con discapacidad y est\u00e1 catalogada como una de las mejores <a href=\"https:\/\/www.orangecosta.com\/blog\/playas-perros-castellon\/\">playas para perros de Castell\u00f3n<\/a>, ya que tiene una zona solo para peludos. Y, para acabar bien el d\u00eda, en su paseo mar\u00edtimo puedes encontrar infinidad de bares y restaurantes donde puedes disfrutar de la gastronom\u00eda local con vistas al mar.<\/p>\t\t\t\t\t\t\t\t<\/div>\n\t\t\t\t<\/div>\n\t\t\t\t\t<\/div>\n\t\t<\/div>\n\t\t\t\t<div class=\"elementor-column elementor-col-50 elementor-top-column elementor-element elementor-element-4eca178\" data-id=\"4eca178\" data-element_type=\"column\" data-e-type=\"column\">\n\t\t\t<div class=\"elementor-widget-wrap elementor-element-populated\">\n\t\t\t\t\t\t<div class=\"elementor-element elementor-element-46b3553 elementor-widget elementor-widget-image\" data-id=\"46b3553\" data-element_type=\"widget\" data-e-type=\"widget\" data-widget_type=\"image.default\">\n\t\t\t\t<div class=\"elementor-widget-container\">\n\t\t\t\t\t\t\t\t\t\t\t\t\t\t\t<img fetchpriority=\"high\" decoding=\"async\" width=\"751\" height=\"430\" src=\"https:\/\/www.orangecosta.com\/blog\/wp-content\/uploads\/2024\/09\/plata-de-gurugu-perros-751x430.jpg\" class=\"attachment-post size-post wp-image-3527\" alt=\"plata-de-gurugu-perros\" \/>\t\t\t\t\t\t\t\t\t\t\t\t\t\t\t<\/div>\n\t\t\t\t<\/div>\n\t\t\t\t\t<\/div>\n\t\t<\/div>\n\t\t\t\t\t<\/div>\n\t\t<\/section>\n\t\t\t\t<section class=\"elementor-section elementor-top-section elementor-element elementor-element-482d366 elementor-section-boxed elementor-section-height-default elementor-section-height-default\" data-id=\"482d366\" data-element_type=\"section\" data-e-type=\"section\">\n\t\t\t\t\t\t<div class=\"elementor-container elementor-column-gap-default\">\n\t\t\t\t\t<div class=\"elementor-column elementor-col-100 elementor-top-column elementor-element elementor-element-9884a73\" data-id=\"9884a73\" data-element_type=\"column\" data-e-type=\"column\">\n\t\t\t<div class=\"elementor-widget-wrap elementor-element-populated\">\n\t\t\t\t\t\t<div class=\"elementor-element elementor-element-73a50bd elementor-widget elementor-widget-heading\" data-id=\"73a50bd\" data-element_type=\"widget\" data-e-type=\"widget\" data-widget_type=\"heading.default\">\n\t\t\t\t<div class=\"elementor-widget-container\">\n\t\t\t\t\t<h3 class=\"elementor-heading-title elementor-size-default\">Playa de Heli\u00f3polis en Benic\u00e0ssim\n<\/h3>\t\t\t\t<\/div>\n\t\t\t\t<\/div>\n\t\t\t\t\t<\/div>\n\t\t<\/div>\n\t\t\t\t\t<\/div>\n\t\t<\/section>\n\t\t\t\t<section class=\"elementor-section elementor-top-section elementor-element elementor-element-c67fee3 elementor-section-boxed elementor-section-height-default elementor-section-height-default\" data-id=\"c67fee3\" data-element_type=\"section\" data-e-type=\"section\">\n\t\t\t\t\t\t<div class=\"elementor-container elementor-column-gap-default\">\n\t\t\t\t\t<div class=\"elementor-column elementor-col-50 elementor-top-column elementor-element elementor-element-89ec7a7\" data-id=\"89ec7a7\" data-element_type=\"column\" data-e-type=\"column\">\n\t\t\t<div class=\"elementor-widget-wrap elementor-element-populated\">\n\t\t\t\t\t\t<div class=\"elementor-element elementor-element-308e3e1 elementor-widget elementor-widget-text-editor\" data-id=\"308e3e1\" data-element_type=\"widget\" data-e-type=\"widget\" data-widget_type=\"text-editor.default\">\n\t\t\t\t<div class=\"elementor-widget-container\">\n\t\t\t\t\t\t\t\t\t<p>Benic\u00e0ssim es el municipio de Castell\u00f3n que lidera con m\u00e1s playas galardonadas con la Bandera Azul. La <strong>Playa de Heli\u00f3polis<\/strong> es una de las m\u00e1s populares, con m\u00e1s de un kil\u00f3metro de largo y una amplia oferta de servicios. Es ideal tanto para pasear como para practicar deportes acu\u00e1ticos o simplemente relajarse al sol.<\/p><p>Heli\u00f3polis es accesible para personas con movilidad reducida y cuenta con duchas, aseos, alquiler de sombrillas y hamacas. Adem\u00e1s, su paseo mar\u00edtimo est\u00e1 lleno de tiendas, chiringuitos y actividades que te mantendr\u00e1n entretenido todo el d\u00eda.<\/p>\t\t\t\t\t\t\t\t<\/div>\n\t\t\t\t<\/div>\n\t\t\t\t\t<\/div>\n\t\t<\/div>\n\t\t\t\t<div class=\"elementor-column elementor-col-50 elementor-top-column elementor-element elementor-element-3aed424\" data-id=\"3aed424\" data-element_type=\"column\" data-e-type=\"column\">\n\t\t\t<div class=\"elementor-widget-wrap elementor-element-populated\">\n\t\t\t\t\t\t<div class=\"elementor-element elementor-element-44fb2da elementor-widget elementor-widget-image\" data-id=\"44fb2da\" data-element_type=\"widget\" data-e-type=\"widget\" data-widget_type=\"image.default\">\n\t\t\t\t<div class=\"elementor-widget-container\">\n\t\t\t\t\t\t\t\t\t\t\t\t\t\t\t<img decoding=\"async\" width=\"751\" height=\"430\" src=\"https:\/\/www.orangecosta.com\/blog\/wp-content\/uploads\/2024\/02\/Playa-heliopolis-Castellon-751x430.jpg\" class=\"attachment-post size-post wp-image-2480\" alt=\"Playa-heliopolis-Castellon\" \/>\t\t\t\t\t\t\t\t\t\t\t\t\t\t\t<\/div>\n\t\t\t\t<\/div>\n\t\t\t\t\t<\/div>\n\t\t<\/div>\n\t\t\t\t\t<\/div>\n\t\t<\/section>\n\t\t\t\t<section class=\"elementor-section elementor-top-section elementor-element elementor-element-9fdeff7 elementor-section-boxed elementor-section-height-default elementor-section-height-default\" data-id=\"9fdeff7\" data-element_type=\"section\" data-e-type=\"section\">\n\t\t\t\t\t\t<div class=\"elementor-container elementor-column-gap-default\">\n\t\t\t\t\t<div class=\"elementor-column elementor-col-100 elementor-top-column elementor-element elementor-element-ba3ec20\" data-id=\"ba3ec20\" data-element_type=\"column\" data-e-type=\"column\">\n\t\t\t<div class=\"elementor-widget-wrap elementor-element-populated\">\n\t\t\t\t\t\t<div class=\"elementor-element elementor-element-a642176 elementor-widget elementor-widget-heading\" data-id=\"a642176\" data-element_type=\"widget\" data-e-type=\"widget\" data-widget_type=\"heading.default\">\n\t\t\t\t<div class=\"elementor-widget-container\">\n\t\t\t\t\t<h3 class=\"elementor-heading-title elementor-size-default\">Playa de Las Fuentes en Alcossebre<\/h3>\t\t\t\t<\/div>\n\t\t\t\t<\/div>\n\t\t\t\t\t<\/div>\n\t\t<\/div>\n\t\t\t\t\t<\/div>\n\t\t<\/section>\n\t\t\t\t<section class=\"elementor-section elementor-top-section elementor-element elementor-element-4a057d2 elementor-section-boxed elementor-section-height-default elementor-section-height-default\" data-id=\"4a057d2\" data-element_type=\"section\" data-e-type=\"section\">\n\t\t\t\t\t\t<div class=\"elementor-container elementor-column-gap-default\">\n\t\t\t\t\t<div class=\"elementor-column elementor-col-50 elementor-top-column elementor-element elementor-element-23ecb00\" data-id=\"23ecb00\" data-element_type=\"column\" data-e-type=\"column\">\n\t\t\t<div class=\"elementor-widget-wrap elementor-element-populated\">\n\t\t\t\t\t\t<div class=\"elementor-element elementor-element-640e808 elementor-widget elementor-widget-text-editor\" data-id=\"640e808\" data-element_type=\"widget\" data-e-type=\"widget\" data-widget_type=\"text-editor.default\">\n\t\t\t\t<div class=\"elementor-widget-container\">\n\t\t\t\t\t\t\t\t\t<p style=\"font-weight: 400;\">Lo que hace realmente especial a esta playa con Bandera Azul son sus <strong>manantiales de agua dulce que brotan directamente en la arena<\/strong>, creando peque\u00f1as corrientes y charcos que desembocan en el mar.<\/p><p style=\"font-weight: 400;\">Es una playa peque\u00f1a de arena fina y dorada, de oleaje moderado y que tiene much\u00edsimo encanto, al estar rodeada de peque\u00f1as rocas. En algunos momentos del a\u00f1o, esta playa luce Bandera Roja, sobre todo cuando hay fuertes vientos y oleaje extremo.<\/p>\t\t\t\t\t\t\t\t<\/div>\n\t\t\t\t<\/div>\n\t\t\t\t\t<\/div>\n\t\t<\/div>\n\t\t\t\t<div class=\"elementor-column elementor-col-50 elementor-top-column elementor-element elementor-element-bf7a41f\" data-id=\"bf7a41f\" data-element_type=\"column\" data-e-type=\"column\">\n\t\t\t<div class=\"elementor-widget-wrap elementor-element-populated\">\n\t\t\t\t\t\t<div class=\"elementor-element elementor-element-9d7b3b2 elementor-widget elementor-widget-image\" data-id=\"9d7b3b2\" data-element_type=\"widget\" data-e-type=\"widget\" data-widget_type=\"image.default\">\n\t\t\t\t<div class=\"elementor-widget-container\">\n\t\t\t\t\t\t\t\t\t\t\t\t\t\t\t<img decoding=\"async\" width=\"723\" height=\"430\" src=\"https:\/\/www.orangecosta.com\/blog\/wp-content\/uploads\/2023\/09\/Playa-de-las-Fuentes-723x430.jpg\" class=\"attachment-post size-post wp-image-1781\" alt=\"Playa de las Fuentes\" \/>\t\t\t\t\t\t\t\t\t\t\t\t\t\t\t<\/div>\n\t\t\t\t<\/div>\n\t\t\t\t\t<\/div>\n\t\t<\/div>\n\t\t\t\t\t<\/div>\n\t\t<\/section>\n\t\t\t\t<section class=\"elementor-section elementor-top-section elementor-element elementor-element-5d709a5 elementor-section-boxed elementor-section-height-default elementor-section-height-default\" data-id=\"5d709a5\" data-element_type=\"section\" data-e-type=\"section\">\n\t\t\t\t\t\t<div class=\"elementor-container elementor-column-gap-default\">\n\t\t\t\t\t<div class=\"elementor-column elementor-col-100 elementor-top-column elementor-element elementor-element-0a7593b\" data-id=\"0a7593b\" data-element_type=\"column\" data-e-type=\"column\">\n\t\t\t<div class=\"elementor-widget-wrap elementor-element-populated\">\n\t\t\t\t\t\t<div class=\"elementor-element elementor-element-5dcef6b elementor-widget elementor-widget-heading\" data-id=\"5dcef6b\" data-element_type=\"widget\" data-e-type=\"widget\" data-widget_type=\"heading.default\">\n\t\t\t\t<div class=\"elementor-widget-container\">\n\t\t\t\t\t<h3 class=\"elementor-heading-title elementor-size-default\">Playa de Els Terrers en Benic\u00e0ssim\n<\/h3>\t\t\t\t<\/div>\n\t\t\t\t<\/div>\n\t\t\t\t\t<\/div>\n\t\t<\/div>\n\t\t\t\t\t<\/div>\n\t\t<\/section>\n\t\t\t\t<section class=\"elementor-section elementor-top-section elementor-element elementor-element-74e1f84 elementor-section-boxed elementor-section-height-default elementor-section-height-default\" data-id=\"74e1f84\" data-element_type=\"section\" data-e-type=\"section\">\n\t\t\t\t\t\t<div class=\"elementor-container elementor-column-gap-default\">\n\t\t\t\t\t<div class=\"elementor-column elementor-col-50 elementor-top-column elementor-element elementor-element-373bf36\" data-id=\"373bf36\" data-element_type=\"column\" data-e-type=\"column\">\n\t\t\t<div class=\"elementor-widget-wrap elementor-element-populated\">\n\t\t\t\t\t\t<div class=\"elementor-element elementor-element-b81660b elementor-widget elementor-widget-text-editor\" data-id=\"b81660b\" data-element_type=\"widget\" data-e-type=\"widget\" data-widget_type=\"text-editor.default\">\n\t\t\t\t<div class=\"elementor-widget-container\">\n\t\t\t\t\t\t\t\t\t<p>Otra playa con Bandera Azul en Benic\u00e0ssim es <strong>Els Terrers<\/strong>. Esta playa, m\u00e1s recogida que Heli\u00f3polis, es perfecta para aquellos que buscan una experiencia m\u00e1s tranquila pero sin renunciar a servicios de calidad. Tambi\u00e9n cuenta con instalaciones accesibles y una zona especial para la pr\u00e1ctica de deportes acu\u00e1ticos.<\/p><h4>\u00a0<\/h4>\t\t\t\t\t\t\t\t<\/div>\n\t\t\t\t<\/div>\n\t\t\t\t\t<\/div>\n\t\t<\/div>\n\t\t\t\t<div class=\"elementor-column elementor-col-50 elementor-top-column elementor-element elementor-element-943ccd0\" data-id=\"943ccd0\" data-element_type=\"column\" data-e-type=\"column\">\n\t\t\t<div class=\"elementor-widget-wrap elementor-element-populated\">\n\t\t\t\t\t\t<div class=\"elementor-element elementor-element-3b7e928 elementor-widget elementor-widget-image\" data-id=\"3b7e928\" data-element_type=\"widget\" data-e-type=\"widget\" data-widget_type=\"image.default\">\n\t\t\t\t<div class=\"elementor-widget-container\">\n\t\t\t\t\t\t\t\t\t\t\t\t\t\t\t<img loading=\"lazy\" decoding=\"async\" width=\"751\" height=\"430\" src=\"https:\/\/www.orangecosta.com\/blog\/wp-content\/uploads\/2024\/06\/playa-els-terrers-751x430.jpg\" class=\"attachment-post size-post wp-image-3191\" alt=\"playa-els-terrers\" \/>\t\t\t\t\t\t\t\t\t\t\t\t\t\t\t<\/div>\n\t\t\t\t<\/div>\n\t\t\t\t\t<\/div>\n\t\t<\/div>\n\t\t\t\t\t<\/div>\n\t\t<\/section>\n\t\t\t\t<section class=\"elementor-section elementor-top-section elementor-element elementor-element-829b675 elementor-section-boxed elementor-section-height-default elementor-section-height-default\" data-id=\"829b675\" data-element_type=\"section\" data-e-type=\"section\">\n\t\t\t\t\t\t<div class=\"elementor-container elementor-column-gap-default\">\n\t\t\t\t\t<div class=\"elementor-column elementor-col-100 elementor-top-column elementor-element elementor-element-dc0506a\" data-id=\"dc0506a\" data-element_type=\"column\" data-e-type=\"column\">\n\t\t\t<div class=\"elementor-widget-wrap elementor-element-populated\">\n\t\t\t\t\t\t<div class=\"elementor-element elementor-element-c6da978 elementor-widget elementor-widget-heading\" data-id=\"c6da978\" data-element_type=\"widget\" data-e-type=\"widget\" data-widget_type=\"heading.default\">\n\t\t\t\t<div class=\"elementor-widget-container\">\n\t\t\t\t\t<h3 class=\"elementor-heading-title elementor-size-default\">Playa Norte en Pe\u00f1\u00edscola\n<\/h3>\t\t\t\t<\/div>\n\t\t\t\t<\/div>\n\t\t\t\t\t<\/div>\n\t\t<\/div>\n\t\t\t\t\t<\/div>\n\t\t<\/section>\n\t\t\t\t<section class=\"elementor-section elementor-top-section elementor-element elementor-element-5aeac03 elementor-section-boxed elementor-section-height-default elementor-section-height-default\" data-id=\"5aeac03\" data-element_type=\"section\" data-e-type=\"section\">\n\t\t\t\t\t\t<div class=\"elementor-container elementor-column-gap-default\">\n\t\t\t\t\t<div class=\"elementor-column elementor-col-50 elementor-top-column elementor-element elementor-element-4e01ddc\" data-id=\"4e01ddc\" data-element_type=\"column\" data-e-type=\"column\">\n\t\t\t<div class=\"elementor-widget-wrap elementor-element-populated\">\n\t\t\t\t\t\t<div class=\"elementor-element elementor-element-9a152a0 elementor-widget elementor-widget-text-editor\" data-id=\"9a152a0\" data-element_type=\"widget\" data-e-type=\"widget\" data-widget_type=\"text-editor.default\">\n\t\t\t\t<div class=\"elementor-widget-container\">\n\t\t\t\t\t\t\t\t\t<p style=\"font-weight: 400;\">A contracorriente con la anterior, <strong>la \u00a0Playa Norte en Pe\u00f1\u00edscola<br \/>es un lugar con un ambiente muy animado y un mont\u00f3n de servicios<\/strong> a tiro de piedra. Ofrece alquiler de sombrillas y tumbonas, duchas, socorristas y \u00e1reas de juego para ni\u00f1os, accesos adaptados y, a lo largo de su paseo mar\u00edtimo, hay chiringuitos, restaurantes y tiendas, as\u00ed como un mercadillo muy popular y concurrido durante los meses de verano<\/p><p style=\"font-weight: 400;\">Adem\u00e1s, su proximidad al <a href=\"https:\/\/www.orangecosta.com\/blog\/historia-y-belleza-en-el-casco-antiguo-de-peniscola\/\">casco antiguo de Pe\u00f1\u00edscola<\/a> y a la Sierra de Irta te permite combinar tu d\u00eda de playa con una visita cultural o con una ruta de senderismo. \u00bfSuena a 2&#215;1?<\/p>\t\t\t\t\t\t\t\t<\/div>\n\t\t\t\t<\/div>\n\t\t\t\t\t<\/div>\n\t\t<\/div>\n\t\t\t\t<div class=\"elementor-column elementor-col-50 elementor-top-column elementor-element elementor-element-bf6328c\" data-id=\"bf6328c\" data-element_type=\"column\" data-e-type=\"column\">\n\t\t\t<div class=\"elementor-widget-wrap elementor-element-populated\">\n\t\t\t\t\t\t<div class=\"elementor-element elementor-element-341a09a elementor-widget elementor-widget-image\" data-id=\"341a09a\" data-element_type=\"widget\" data-e-type=\"widget\" data-widget_type=\"image.default\">\n\t\t\t\t<div class=\"elementor-widget-container\">\n\t\t\t\t\t\t\t\t\t\t\t\t\t\t\t<img loading=\"lazy\" decoding=\"async\" width=\"650\" height=\"400\" src=\"https:\/\/www.orangecosta.com\/blog\/wp-content\/uploads\/2022\/10\/playa-norte-peniscola.jpg\" class=\"attachment-post size-post wp-image-311\" alt=\"playa norte peniscola\" \/>\t\t\t\t\t\t\t\t\t\t\t\t\t\t\t<\/div>\n\t\t\t\t<\/div>\n\t\t\t\t\t<\/div>\n\t\t<\/div>\n\t\t\t\t\t<\/div>\n\t\t<\/section>\n\t\t\t\t<section class=\"elementor-section elementor-top-section elementor-element elementor-element-541c823 elementor-section-boxed elementor-section-height-default elementor-section-height-default\" data-id=\"541c823\" data-element_type=\"section\" data-e-type=\"section\">\n\t\t\t\t\t\t<div class=\"elementor-container elementor-column-gap-default\">\n\t\t\t\t\t<div class=\"elementor-column elementor-col-100 elementor-top-column elementor-element elementor-element-f4d2654\" data-id=\"f4d2654\" data-element_type=\"column\" data-e-type=\"column\">\n\t\t\t<div class=\"elementor-widget-wrap elementor-element-populated\">\n\t\t\t\t\t\t<div class=\"elementor-element elementor-element-411ce9e elementor-widget elementor-widget-heading\" data-id=\"411ce9e\" data-element_type=\"widget\" data-e-type=\"widget\" data-widget_type=\"heading.default\">\n\t\t\t\t<div class=\"elementor-widget-container\">\n\t\t\t\t\t<h2 class=\"elementor-heading-title elementor-size-default\">Otras playas de Bandera Azul en Castell\u00f3n<\/h2>\t\t\t\t<\/div>\n\t\t\t\t<\/div>\n\t\t\t\t<div class=\"elementor-element elementor-element-a18570b elementor-widget elementor-widget-text-editor\" data-id=\"a18570b\" data-element_type=\"widget\" data-e-type=\"widget\" data-widget_type=\"text-editor.default\">\n\t\t\t\t<div class=\"elementor-widget-container\">\n\t\t\t\t\t\t\t\t\t<p>Adem\u00e1s de las mencionadas, <strong>Benic\u00e0ssim<\/strong> cuenta con otras tres playas que ondear\u00e1n la Bandera Azul en 2024: <strong>Torre San Vicente<\/strong>, una playa c\u00e9ntrica ideal para familias por su ambiente animado y sus numerosos servicios; <strong>Almadrava<\/strong>, de aguas tranquilas y arena fina, perfecta para relajarse; y <strong>Voramar<\/strong>, una playa m\u00e1s peque\u00f1a y tranquila, rodeada de un entorno residencial y con un encanto m\u00e1s exclusivo. En <strong>Alcossebre<\/strong>, destacan tambi\u00e9n las playas <strong>Cargador<\/strong>, la m\u00e1s grande de la localidad, con servicios completos y accesibilidad; <strong>Romana<\/strong>, m\u00e1s tranquila y con amplias zonas de arena dorada; y <strong>Moro<\/strong>, una cala peque\u00f1a pero muy acogedora, ideal para quienes buscan un ambiente m\u00e1s \u00edntimo.<\/p>\t\t\t\t\t\t\t\t<\/div>\n\t\t\t\t<\/div>\n\t\t\t\t\t<\/div>\n\t\t<\/div>\n\t\t\t\t\t<\/div>\n\t\t<\/section>\n\t\t\t\t<section class=\"elementor-section elementor-top-section elementor-element elementor-element-f8357cc elementor-section-boxed elementor-section-height-default elementor-section-height-default\" data-id=\"f8357cc\" data-element_type=\"section\" data-e-type=\"section\">\n\t\t\t\t\t\t<div class=\"elementor-container elementor-column-gap-default\">\n\t\t\t\t\t<div class=\"elementor-column elementor-col-100 elementor-top-column elementor-element elementor-element-dd3d883\" data-id=\"dd3d883\" data-element_type=\"column\" data-e-type=\"column\">\n\t\t\t<div class=\"elementor-widget-wrap elementor-element-populated\">\n\t\t\t\t\t\t<div class=\"elementor-element elementor-element-05f3d74 elementor-widget elementor-widget-html\" data-id=\"05f3d74\" data-element_type=\"widget\" data-e-type=\"widget\" data-widget_type=\"html.default\">\n\t\t\t\t<div class=\"elementor-widget-container\">\n\t\t\t\t\t<iframe src=\"https:\/\/www.google.com\/maps\/d\/u\/0\/embed?mid=1zAC0329Vl2FKvZpbahpCNPVYd5FLe_0&ehbc=2E312F&noprof=1\" width=\"640\" height=\"480\"><\/iframe>\t\t\t\t<\/div>\n\t\t\t\t<\/div>\n\t\t\t\t\t<\/div>\n\t\t<\/div>\n\t\t\t\t\t<\/div>\n\t\t<\/section>\n\t\t\t\t<section class=\"elementor-section elementor-top-section elementor-element elementor-element-9371397 elementor-section-boxed elementor-section-height-default elementor-section-height-default\" data-id=\"9371397\" data-element_type=\"section\" data-e-type=\"section\">\n\t\t\t\t\t\t<div class=\"elementor-container elementor-column-gap-default\">\n\t\t\t\t\t<div class=\"elementor-column elementor-col-100 elementor-top-column elementor-element elementor-element-d03110c\" data-id=\"d03110c\" data-element_type=\"column\" data-e-type=\"column\">\n\t\t\t<div class=\"elementor-widget-wrap elementor-element-populated\">\n\t\t\t\t\t\t<div class=\"elementor-element elementor-element-4234ae0 elementor-widget elementor-widget-heading\" data-id=\"4234ae0\" data-element_type=\"widget\" data-e-type=\"widget\" data-widget_type=\"heading.default\">\n\t\t\t\t<div class=\"elementor-widget-container\">\n\t\t\t\t\t<h2 class=\"elementor-heading-title elementor-size-default\">\u00bfQu\u00e9 deben tener las playas para recibir una Bandera Azul?<\/h2>\t\t\t\t<\/div>\n\t\t\t\t<\/div>\n\t\t\t\t\t<\/div>\n\t\t<\/div>\n\t\t\t\t\t<\/div>\n\t\t<\/section>\n\t\t\t\t<section class=\"elementor-section elementor-top-section elementor-element elementor-element-ce43d6c elementor-section-boxed elementor-section-height-default elementor-section-height-default\" data-id=\"ce43d6c\" data-element_type=\"section\" data-e-type=\"section\">\n\t\t\t\t\t\t<div class=\"elementor-container elementor-column-gap-default\">\n\t\t\t\t\t<div class=\"elementor-column elementor-col-100 elementor-top-column elementor-element elementor-element-8cd6332\" data-id=\"8cd6332\" data-element_type=\"column\" data-e-type=\"column\">\n\t\t\t<div class=\"elementor-widget-wrap elementor-element-populated\">\n\t\t\t\t\t\t<div class=\"elementor-element elementor-element-c1e402b elementor-widget elementor-widget-text-editor\" data-id=\"c1e402b\" data-element_type=\"widget\" data-e-type=\"widget\" data-widget_type=\"text-editor.default\">\n\t\t\t\t<div class=\"elementor-widget-container\">\n\t\t\t\t\t\t\t\t\t<p style=\"font-weight: 400;\"><strong>Para que una playa luzca la famosa Bandera Azul, tiene que pasar un examen bastante exigente.<\/strong>Primero, la <strong>calidad del agua<\/strong> tiene que ser de diez: limpia, sin contaminantes y con controles peri\u00f3dicos para asegurar que no hay vertidos raros, ni microorganismos perjudiciales para la salud.<\/p><p style=\"font-weight: 400;\">Las playas con Bandera Azul tambi\u00e9n se toman en serio la limpieza, en ellas vas a poder encontrarte contenedores de <strong>reciclaje<\/strong> <strong>y planes de cuidado de los ecosistemas<\/strong>. Esto quiere decir que tienen que cuidar sus \u00e1reas naturales, como dunas y vegetaci\u00f3n.<\/p><p style=\"font-weight: 400;\">\u00bfY la seguridad? Imprescindible. <strong>Estas playas deben tener socorristas, equipos de primeros auxilios y se\u00f1alizaci\u00f3n clara para que nadie se pierda<\/strong>. Y de paso aseos, duchas y accesos adaptados para personas con movilidad reducida.<\/p><p style=\"font-weight: 400;\">Entonces, \u00bfqu\u00e9 significa la Bandera Azul en la playa? Que puedes disfrutar de ella sin preocuparte por nada, ni del agua, ni del entorno, ni de la escasez de servicios. Adem\u00e1s de la famosa Bandera Azul, <strong>tambi\u00e9n puedes encontrarte playas con Bandera Roja, Verde o Blanca<\/strong>. La Roja significa que est\u00e1 prohibido ba\u00f1arse porque las condiciones del mar son peligrosas; la Verde, hace referencia a que las condiciones del mar son \u00f3ptimas, con aguas tranquilas y sin peligro, y la Blanca, suele indicar la presencia de un servicio m\u00e9dico o un punto de primeros auxilios cercano. Y ojo, porque en casos extremos tambi\u00e9n puedes ver <strong>la temida Bandera Negra<\/strong>, que indica que la playa est\u00e1 cerrada por completo.<\/p>\t\t\t\t\t\t\t\t<\/div>\n\t\t\t\t<\/div>\n\t\t\t\t\t<\/div>\n\t\t<\/div>\n\t\t\t\t\t<\/div>\n\t\t<\/section>\n\t\t\t\t<section class=\"elementor-section elementor-top-section elementor-element elementor-element-6d75f58e elementor-section-boxed elementor-section-height-default elementor-section-height-default\" data-id=\"6d75f58e\" data-element_type=\"section\" data-e-type=\"section\">\n\t\t\t\t\t\t<div class=\"elementor-container elementor-column-gap-default\">\n\t\t\t\t\t<div class=\"elementor-column elementor-col-33 elementor-top-column elementor-element elementor-element-c63d9dc\" data-id=\"c63d9dc\" data-element_type=\"column\" data-e-type=\"column\">\n\t\t\t<div class=\"elementor-widget-wrap elementor-element-populated\">\n\t\t\t\t\t\t<div class=\"elementor-element elementor-element-601370d9 elementor-align-center elementor-widget elementor-widget-button\" data-id=\"601370d9\" data-element_type=\"widget\" data-e-type=\"widget\" data-widget_type=\"button.default\">\n\t\t\t\t<div class=\"elementor-widget-container\">\n\t\t\t\t\t\t\t\t\t<div class=\"elementor-button-wrapper\">\n\t\t\t\t\t<a class=\"elementor-button elementor-button-link elementor-size-sm\" href=\"https:\/\/www.orangecosta.com\/blog\/playas-de-peniscola\/\">\n\t\t\t\t\t\t<span class=\"elementor-button-content-wrapper\">\n\t\t\t\t\t\t\t\t\t<span class=\"elementor-button-text\">Playas de Pe\u00f1\u00edscola<\/span>\n\t\t\t\t\t<\/span>\n\t\t\t\t\t<\/a>\n\t\t\t\t<\/div>\n\t\t\t\t\t\t\t\t<\/div>\n\t\t\t\t<\/div>\n\t\t\t\t\t<\/div>\n\t\t<\/div>\n\t\t\t\t<div class=\"elementor-column elementor-col-33 elementor-top-column elementor-element elementor-element-31aed88f\" data-id=\"31aed88f\" data-element_type=\"column\" data-e-type=\"column\">\n\t\t\t<div class=\"elementor-widget-wrap elementor-element-populated\">\n\t\t\t\t\t\t<div class=\"elementor-element elementor-element-60cc2f42 elementor-align-center elementor-widget elementor-widget-button\" data-id=\"60cc2f42\" data-element_type=\"widget\" data-e-type=\"widget\" data-widget_type=\"button.default\">\n\t\t\t\t<div class=\"elementor-widget-container\">\n\t\t\t\t\t\t\t\t\t<div class=\"elementor-button-wrapper\">\n\t\t\t\t\t<a class=\"elementor-button elementor-button-link elementor-size-sm\" href=\"https:\/\/www.orangecosta.com\/blog\/mejor-playa-de-benicasim\/\">\n\t\t\t\t\t\t<span class=\"elementor-button-content-wrapper\">\n\t\t\t\t\t\t\t\t\t<span class=\"elementor-button-text\">Playas de Benicassim<\/span>\n\t\t\t\t\t<\/span>\n\t\t\t\t\t<\/a>\n\t\t\t\t<\/div>\n\t\t\t\t\t\t\t\t<\/div>\n\t\t\t\t<\/div>\n\t\t\t\t\t<\/div>\n\t\t<\/div>\n\t\t\t\t<div class=\"elementor-column elementor-col-33 elementor-top-column elementor-element elementor-element-508f897d\" data-id=\"508f897d\" data-element_type=\"column\" data-e-type=\"column\">\n\t\t\t<div class=\"elementor-widget-wrap elementor-element-populated\">\n\t\t\t\t\t\t<div class=\"elementor-element elementor-element-57e7a65 elementor-align-center elementor-widget elementor-widget-button\" data-id=\"57e7a65\" data-element_type=\"widget\" data-e-type=\"widget\" data-widget_type=\"button.default\">\n\t\t\t\t<div class=\"elementor-widget-container\">\n\t\t\t\t\t\t\t\t\t<div class=\"elementor-button-wrapper\">\n\t\t\t\t\t<a class=\"elementor-button elementor-button-link elementor-size-sm\" href=\"https:\/\/www.orangecosta.com\/blog\/playa-alcossebre\/\">\n\t\t\t\t\t\t<span class=\"elementor-button-content-wrapper\">\n\t\t\t\t\t\t\t\t\t<span class=\"elementor-button-text\">Playas de Alcossebre<\/span>\n\t\t\t\t\t<\/span>\n\t\t\t\t\t<\/a>\n\t\t\t\t<\/div>\n\t\t\t\t\t\t\t\t<\/div>\n\t\t\t\t<\/div>\n\t\t\t\t\t<\/div>\n\t\t<\/div>\n\t\t\t\t\t<\/div>\n\t\t<\/section>\n\t\t\t\t<section class=\"elementor-section elementor-top-section elementor-element elementor-element-7c7d2538 elementor-section-boxed elementor-section-height-default elementor-section-height-default\" data-id=\"7c7d2538\" data-element_type=\"section\" data-e-type=\"section\">\n\t\t\t\t\t\t<div class=\"elementor-container elementor-column-gap-default\">\n\t\t\t\t\t<div class=\"elementor-column elementor-col-100 elementor-top-column elementor-element elementor-element-618ad5eb\" data-id=\"618ad5eb\" data-element_type=\"column\" data-e-type=\"column\">\n\t\t\t<div class=\"elementor-widget-wrap elementor-element-populated\">\n\t\t\t\t\t\t<div class=\"elementor-element elementor-element-39fb92ac elementor-widget elementor-widget-heading\" data-id=\"39fb92ac\" data-element_type=\"widget\" data-e-type=\"widget\" data-widget_type=\"heading.default\">\n\t\t\t\t<div class=\"elementor-widget-container\">\n\t\t\t\t\t<h2 class=\"elementor-heading-title elementor-size-default\">Ven a conocer alguna de las playas con Bandera Azul de Castell\u00f3n<\/h2>\t\t\t\t<\/div>\n\t\t\t\t<\/div>\n\t\t\t\t\t<\/div>\n\t\t<\/div>\n\t\t\t\t\t<\/div>\n\t\t<\/section>\n\t\t\t\t<section class=\"elementor-section elementor-top-section elementor-element elementor-element-671178a4 elementor-section-boxed elementor-section-height-default elementor-section-height-default\" data-id=\"671178a4\" data-element_type=\"section\" data-e-type=\"section\">\n\t\t\t\t\t\t<div class=\"elementor-container elementor-column-gap-default\">\n\t\t\t\t\t<div class=\"elementor-column elementor-col-100 elementor-top-column elementor-element elementor-element-217bb88b\" data-id=\"217bb88b\" data-element_type=\"column\" data-e-type=\"column\">\n\t\t\t<div class=\"elementor-widget-wrap elementor-element-populated\">\n\t\t\t\t\t\t<div class=\"elementor-element elementor-element-bc03b26 elementor-widget elementor-widget-text-editor\" data-id=\"bc03b26\" data-element_type=\"widget\" data-e-type=\"widget\" data-widget_type=\"text-editor.default\">\n\t\t\t\t<div class=\"elementor-widget-container\">\n\t\t\t\t\t\t\t\t\t<p style=\"font-weight: 400;\">Visitar una playa con Bandera Azul en la Costa Azahar es una experiencia que combina lo mejorcito del Mediterr\u00e1neo con la tranquilidad de saber que est\u00e1s en un entorno cuidado y seguro.<\/p><p style=\"font-weight: 400;\"><strong>Y si quieres disfrutar de alguna de estas playas con Bandera Azul de forma plena, \u00a1intenta alojarte cerca!<\/strong> As\u00ed podr\u00e1s aprovechar al m\u00e1ximo el d\u00eda y no preocuparte por aparcar o por c\u00f3mo desplazarte.<\/p><p style=\"font-weight: 400;\">Sea lo que sea que busques, un piso con vistas al mar, un apartamento c\u00f3modo o una casa para toda la familia, en Orange Costa tenemos un mont\u00f3n de opciones para todos los gustos y presupuestos. As\u00ed que, si est\u00e1s preparando una escapada que combine relax, calidad y diversi\u00f3n, no lo dudes: ven a disfrutar de las playas de Bandera Azul de Castell\u00f3n y <a href=\"https:\/\/www.orangecosta.com\/\">al\u00f3jate con nosotros<\/a>.<\/p>\t\t\t\t\t\t\t\t<\/div>\n\t\t\t\t<\/div>\n\t\t\t\t\t<\/div>\n\t\t<\/div>\n\t\t\t\t\t<\/div>\n\t\t<\/section>\n\t\t\t\t<section class=\"elementor-section elementor-top-section elementor-element elementor-element-f281114 elementor-section-boxed elementor-section-height-default elementor-section-height-default\" data-id=\"f281114\" data-element_type=\"section\" data-e-type=\"section\">\n\t\t\t\t\t\t<div class=\"elementor-container elementor-column-gap-default\">\n\t\t\t\t\t<div class=\"elementor-column elementor-col-33 elementor-top-column elementor-element elementor-element-758c4c5\" data-id=\"758c4c5\" data-element_type=\"column\" data-e-type=\"column\">\n\t\t\t<div class=\"elementor-widget-wrap elementor-element-populated\">\n\t\t\t\t\t\t<div class=\"elementor-element elementor-element-7255b14 elementor-align-center elementor-widget elementor-widget-button\" data-id=\"7255b14\" data-element_type=\"widget\" data-e-type=\"widget\" data-widget_type=\"button.default\">\n\t\t\t\t<div class=\"elementor-widget-container\">\n\t\t\t\t\t\t\t\t\t<div class=\"elementor-button-wrapper\">\n\t\t\t\t\t<a class=\"elementor-button elementor-button-link elementor-size-sm\" href=\"https:\/\/www.orangecosta.com\/alquiler\/alquileres-peniscola-d400\/\">\n\t\t\t\t\t\t<span class=\"elementor-button-content-wrapper\">\n\t\t\t\t\t\t\t\t\t<span class=\"elementor-button-text\">ALOJAMIENTOS PE\u00d1\u00cdSCOLA<\/span>\n\t\t\t\t\t<\/span>\n\t\t\t\t\t<\/a>\n\t\t\t\t<\/div>\n\t\t\t\t\t\t\t\t<\/div>\n\t\t\t\t<\/div>\n\t\t\t\t\t<\/div>\n\t\t<\/div>\n\t\t\t\t<div class=\"elementor-column elementor-col-33 elementor-top-column elementor-element elementor-element-adaa2cd\" data-id=\"adaa2cd\" data-element_type=\"column\" data-e-type=\"column\">\n\t\t\t<div class=\"elementor-widget-wrap elementor-element-populated\">\n\t\t\t\t\t\t<div class=\"elementor-element elementor-element-2ad079e elementor-align-center elementor-widget elementor-widget-button\" data-id=\"2ad079e\" data-element_type=\"widget\" data-e-type=\"widget\" data-widget_type=\"button.default\">\n\t\t\t\t<div class=\"elementor-widget-container\">\n\t\t\t\t\t\t\t\t\t<div class=\"elementor-button-wrapper\">\n\t\t\t\t\t<a class=\"elementor-button elementor-button-link elementor-size-sm\" href=\"https:\/\/www.orangecosta.com\/alquiler\/alquileres-benicassim-d139\/\">\n\t\t\t\t\t\t<span class=\"elementor-button-content-wrapper\">\n\t\t\t\t\t\t\t\t\t<span class=\"elementor-button-text\">ALOJAMIENTOS BENICASSIM<\/span>\n\t\t\t\t\t<\/span>\n\t\t\t\t\t<\/a>\n\t\t\t\t<\/div>\n\t\t\t\t\t\t\t\t<\/div>\n\t\t\t\t<\/div>\n\t\t\t\t\t<\/div>\n\t\t<\/div>\n\t\t\t\t<div class=\"elementor-column elementor-col-33 elementor-top-column elementor-element elementor-element-813c060\" data-id=\"813c060\" data-element_type=\"column\" data-e-type=\"column\">\n\t\t\t<div class=\"elementor-widget-wrap elementor-element-populated\">\n\t\t\t\t\t\t<div class=\"elementor-element elementor-element-565d3df elementor-align-center elementor-widget elementor-widget-button\" data-id=\"565d3df\" data-element_type=\"widget\" data-e-type=\"widget\" data-widget_type=\"button.default\">\n\t\t\t\t<div class=\"elementor-widget-container\">\n\t\t\t\t\t\t\t\t\t<div class=\"elementor-button-wrapper\">\n\t\t\t\t\t<a class=\"elementor-button elementor-button-link elementor-size-sm\" href=\"https:\/\/www.orangecosta.com\/alquiler\/alquileres-alcoceber-alcossebre-d100\/\">\n\t\t\t\t\t\t<span class=\"elementor-button-content-wrapper\">\n\t\t\t\t\t\t\t\t\t<span class=\"elementor-button-text\">ALOJAMIENTOS ALCOSSEBRE<\/span>\n\t\t\t\t\t<\/span>\n\t\t\t\t\t<\/a>\n\t\t\t\t<\/div>\n\t\t\t\t\t\t\t\t<\/div>\n\t\t\t\t<\/div>\n\t\t\t\t\t<\/div>\n\t\t<\/div>\n\t\t\t\t\t<\/div>\n\t\t<\/section>\n\t\t\t\t<\/div>\n\t\t","protected":false},"excerpt":{"rendered":"<p>Las playas de Castell\u00f3n, y las de cualquier otro lugar del mundo, que tengan una Bandera Azul son sin\u00f3nimo de&#8230;<\/p>\n","protected":false},"author":6,"featured_media":3615,"comment_status":"open","ping_status":"open","sticky":false,"template":"","format":"standard","meta":{"footnotes":""},"categories":[105,66],"tags":[169],"class_list":["post-3543","post","type-post","status-publish","format-standard","has-post-thumbnail","hentry","category-costa-azahar","category-playas","tag-no-template"],"yoast_head":"<!-- This site is optimized with the Yoast SEO plugin v27.5 - https:\/\/yoast.com\/product\/yoast-seo-wordpress\/ -->\n<title>Playas con Bandera Azul en Castell\u00f3n - Blog turismo Orange Costa<\/title>\n<meta name=\"description\" content=\"\u00bfBuscas playas con Bandera Azul en Castell\u00f3n? Te lo contamos todo sobre ellas: cu\u00e1les son las mejores de la regi\u00f3n.\" \/>\n<meta name=\"robots\" content=\"index, follow, max-snippet:-1, max-image-preview:large, max-video-preview:-1\" \/>\n<link rel=\"canonical\" href=\"https:\/\/www.orangecosta.com\/blog\/bandera-azul-playas-castellon\/\" \/>\n<meta property=\"og:locale\" content=\"es_ES\" \/>\n<meta property=\"og:type\" content=\"article\" \/>\n<meta property=\"og:title\" content=\"Playas con Bandera Azul en Castell\u00f3n - Blog turismo Orange Costa\" \/>\n<meta property=\"og:description\" content=\"\u00bfBuscas playas con Bandera Azul en Castell\u00f3n? Te lo contamos todo sobre ellas: cu\u00e1les son las mejores de la regi\u00f3n.\" \/>\n<meta property=\"og:url\" content=\"https:\/\/www.orangecosta.com\/blog\/bandera-azul-playas-castellon\/\" \/>\n<meta property=\"og:site_name\" content=\"Blog turismo Orange Costa\" \/>\n<meta property=\"article:published_time\" content=\"2024-09-11T11:23:39+00:00\" \/>\n<meta property=\"article:modified_time\" content=\"2026-03-12T12:03:27+00:00\" \/>\n<meta property=\"og:image\" content=\"https:\/\/www.orangecosta.com\/blog\/wp-content\/uploads\/2024\/09\/playas-bandera-azul-costa-azahar.webp\" \/>\n\t<meta property=\"og:image:width\" content=\"2122\" \/>\n\t<meta property=\"og:image:height\" content=\"1412\" \/>\n\t<meta property=\"og:image:type\" content=\"image\/webp\" \/>\n<meta name=\"author\" content=\"Laura\" \/>\n<meta name=\"twitter:card\" content=\"summary_large_image\" \/>\n<meta name=\"twitter:label1\" content=\"Escrito por\" \/>\n\t<meta name=\"twitter:data1\" content=\"Laura\" \/>\n\t<meta name=\"twitter:label2\" content=\"Tiempo de lectura\" \/>\n\t<meta name=\"twitter:data2\" content=\"7 minutos\" \/>\n<script type=\"application\/ld+json\" class=\"yoast-schema-graph\">{\"@context\":\"https:\\\/\\\/schema.org\",\"@graph\":[{\"@type\":\"Article\",\"@id\":\"https:\\\/\\\/www.orangecosta.com\\\/blog\\\/bandera-azul-playas-castellon\\\/#article\",\"isPartOf\":{\"@id\":\"https:\\\/\\\/www.orangecosta.com\\\/blog\\\/bandera-azul-playas-castellon\\\/\"},\"author\":{\"name\":\"Laura\",\"@id\":\"https:\\\/\\\/www.orangecosta.com\\\/blog\\\/#\\\/schema\\\/person\\\/a7ca15a09bbee143432bcd80d4eda51b\"},\"headline\":\"Bandera Azul: el indicativo de las mejores playas de Castell\u00f3n\",\"datePublished\":\"2024-09-11T11:23:39+00:00\",\"dateModified\":\"2026-03-12T12:03:27+00:00\",\"mainEntityOfPage\":{\"@id\":\"https:\\\/\\\/www.orangecosta.com\\\/blog\\\/bandera-azul-playas-castellon\\\/\"},\"wordCount\":1270,\"commentCount\":0,\"image\":{\"@id\":\"https:\\\/\\\/www.orangecosta.com\\\/blog\\\/bandera-azul-playas-castellon\\\/#primaryimage\"},\"thumbnailUrl\":\"https:\\\/\\\/www.orangecosta.com\\\/blog\\\/wp-content\\\/uploads\\\/2024\\\/09\\\/playas-bandera-azul-costa-azahar.webp\",\"keywords\":[\"No template\"],\"articleSection\":[\"Costa Azahar\",\"Playas\"],\"inLanguage\":\"es\",\"potentialAction\":[{\"@type\":\"CommentAction\",\"name\":\"Comment\",\"target\":[\"https:\\\/\\\/www.orangecosta.com\\\/blog\\\/bandera-azul-playas-castellon\\\/#respond\"]}]},{\"@type\":\"WebPage\",\"@id\":\"https:\\\/\\\/www.orangecosta.com\\\/blog\\\/bandera-azul-playas-castellon\\\/\",\"url\":\"https:\\\/\\\/www.orangecosta.com\\\/blog\\\/bandera-azul-playas-castellon\\\/\",\"name\":\"Playas con Bandera Azul en Castell\u00f3n - Blog turismo Orange Costa\",\"isPartOf\":{\"@id\":\"https:\\\/\\\/www.orangecosta.com\\\/blog\\\/#website\"},\"primaryImageOfPage\":{\"@id\":\"https:\\\/\\\/www.orangecosta.com\\\/blog\\\/bandera-azul-playas-castellon\\\/#primaryimage\"},\"image\":{\"@id\":\"https:\\\/\\\/www.orangecosta.com\\\/blog\\\/bandera-azul-playas-castellon\\\/#primaryimage\"},\"thumbnailUrl\":\"https:\\\/\\\/www.orangecosta.com\\\/blog\\\/wp-content\\\/uploads\\\/2024\\\/09\\\/playas-bandera-azul-costa-azahar.webp\",\"datePublished\":\"2024-09-11T11:23:39+00:00\",\"dateModified\":\"2026-03-12T12:03:27+00:00\",\"author\":{\"@id\":\"https:\\\/\\\/www.orangecosta.com\\\/blog\\\/#\\\/schema\\\/person\\\/a7ca15a09bbee143432bcd80d4eda51b\"},\"description\":\"\u00bfBuscas playas con Bandera Azul en Castell\u00f3n? Te lo contamos todo sobre ellas: cu\u00e1les son las mejores de la regi\u00f3n.\",\"breadcrumb\":{\"@id\":\"https:\\\/\\\/www.orangecosta.com\\\/blog\\\/bandera-azul-playas-castellon\\\/#breadcrumb\"},\"inLanguage\":\"es\",\"potentialAction\":[{\"@type\":\"ReadAction\",\"target\":[\"https:\\\/\\\/www.orangecosta.com\\\/blog\\\/bandera-azul-playas-castellon\\\/\"]}]},{\"@type\":\"ImageObject\",\"inLanguage\":\"es\",\"@id\":\"https:\\\/\\\/www.orangecosta.com\\\/blog\\\/bandera-azul-playas-castellon\\\/#primaryimage\",\"url\":\"https:\\\/\\\/www.orangecosta.com\\\/blog\\\/wp-content\\\/uploads\\\/2024\\\/09\\\/playas-bandera-azul-costa-azahar.webp\",\"contentUrl\":\"https:\\\/\\\/www.orangecosta.com\\\/blog\\\/wp-content\\\/uploads\\\/2024\\\/09\\\/playas-bandera-azul-costa-azahar.webp\",\"width\":2122,\"height\":1412,\"caption\":\"Las playas galardonadas con bandera azul en la Costa Azahar de Castell\u00f3n\"},{\"@type\":\"BreadcrumbList\",\"@id\":\"https:\\\/\\\/www.orangecosta.com\\\/blog\\\/bandera-azul-playas-castellon\\\/#breadcrumb\",\"itemListElement\":[{\"@type\":\"ListItem\",\"position\":1,\"name\":\"Home\",\"item\":\"https:\\\/\\\/www.orangecosta.com\\\/blog\\\/\"},{\"@type\":\"ListItem\",\"position\":2,\"name\":\"Bandera Azul: el indicativo de las mejores playas de Castell\u00f3n\"}]},{\"@type\":\"WebSite\",\"@id\":\"https:\\\/\\\/www.orangecosta.com\\\/blog\\\/#website\",\"url\":\"https:\\\/\\\/www.orangecosta.com\\\/blog\\\/\",\"name\":\"Blog turismo Orange Costa\",\"description\":\"Orangecosta\",\"potentialAction\":[{\"@type\":\"SearchAction\",\"target\":{\"@type\":\"EntryPoint\",\"urlTemplate\":\"https:\\\/\\\/www.orangecosta.com\\\/blog\\\/?s={search_term_string}\"},\"query-input\":{\"@type\":\"PropertyValueSpecification\",\"valueRequired\":true,\"valueName\":\"search_term_string\"}}],\"inLanguage\":\"es\"},{\"@type\":\"Person\",\"@id\":\"https:\\\/\\\/www.orangecosta.com\\\/blog\\\/#\\\/schema\\\/person\\\/a7ca15a09bbee143432bcd80d4eda51b\",\"name\":\"Laura\",\"image\":{\"@type\":\"ImageObject\",\"inLanguage\":\"es\",\"@id\":\"https:\\\/\\\/secure.gravatar.com\\\/avatar\\\/38b396224481eeb6edadb558d7e4a6d1ff1c8ba1e6abd3951e451527e107c96b?s=96&d=mm&r=g\",\"url\":\"https:\\\/\\\/secure.gravatar.com\\\/avatar\\\/38b396224481eeb6edadb558d7e4a6d1ff1c8ba1e6abd3951e451527e107c96b?s=96&d=mm&r=g\",\"contentUrl\":\"https:\\\/\\\/secure.gravatar.com\\\/avatar\\\/38b396224481eeb6edadb558d7e4a6d1ff1c8ba1e6abd3951e451527e107c96b?s=96&d=mm&r=g\",\"caption\":\"Laura\"},\"url\":\"https:\\\/\\\/www.orangecosta.com\\\/blog\\\/author\\\/laura\\\/\"}]}<\/script>\n<!-- \/ Yoast SEO plugin. -->","yoast_head_json":{"title":"Playas con Bandera Azul en Castell\u00f3n - Blog turismo Orange Costa","description":"\u00bfBuscas playas con Bandera Azul en Castell\u00f3n? Te lo contamos todo sobre ellas: cu\u00e1les son las mejores de la regi\u00f3n.","robots":{"index":"index","follow":"follow","max-snippet":"max-snippet:-1","max-image-preview":"max-image-preview:large","max-video-preview":"max-video-preview:-1"},"canonical":"https:\/\/www.orangecosta.com\/blog\/bandera-azul-playas-castellon\/","og_locale":"es_ES","og_type":"article","og_title":"Playas con Bandera Azul en Castell\u00f3n - Blog turismo Orange Costa","og_description":"\u00bfBuscas playas con Bandera Azul en Castell\u00f3n? Te lo contamos todo sobre ellas: cu\u00e1les son las mejores de la regi\u00f3n.","og_url":"https:\/\/www.orangecosta.com\/blog\/bandera-azul-playas-castellon\/","og_site_name":"Blog turismo Orange Costa","article_published_time":"2024-09-11T11:23:39+00:00","article_modified_time":"2026-03-12T12:03:27+00:00","og_image":[{"width":2122,"height":1412,"url":"https:\/\/www.orangecosta.com\/blog\/wp-content\/uploads\/2024\/09\/playas-bandera-azul-costa-azahar.webp","type":"image\/webp"}],"author":"Laura","twitter_card":"summary_large_image","twitter_misc":{"Escrito por":"Laura","Tiempo de lectura":"7 minutos"},"schema":{"@context":"https:\/\/schema.org","@graph":[{"@type":"Article","@id":"https:\/\/www.orangecosta.com\/blog\/bandera-azul-playas-castellon\/#article","isPartOf":{"@id":"https:\/\/www.orangecosta.com\/blog\/bandera-azul-playas-castellon\/"},"author":{"name":"Laura","@id":"https:\/\/www.orangecosta.com\/blog\/#\/schema\/person\/a7ca15a09bbee143432bcd80d4eda51b"},"headline":"Bandera Azul: el indicativo de las mejores playas de Castell\u00f3n","datePublished":"2024-09-11T11:23:39+00:00","dateModified":"2026-03-12T12:03:27+00:00","mainEntityOfPage":{"@id":"https:\/\/www.orangecosta.com\/blog\/bandera-azul-playas-castellon\/"},"wordCount":1270,"commentCount":0,"image":{"@id":"https:\/\/www.orangecosta.com\/blog\/bandera-azul-playas-castellon\/#primaryimage"},"thumbnailUrl":"https:\/\/www.orangecosta.com\/blog\/wp-content\/uploads\/2024\/09\/playas-bandera-azul-costa-azahar.webp","keywords":["No template"],"articleSection":["Costa Azahar","Playas"],"inLanguage":"es","potentialAction":[{"@type":"CommentAction","name":"Comment","target":["https:\/\/www.orangecosta.com\/blog\/bandera-azul-playas-castellon\/#respond"]}]},{"@type":"WebPage","@id":"https:\/\/www.orangecosta.com\/blog\/bandera-azul-playas-castellon\/","url":"https:\/\/www.orangecosta.com\/blog\/bandera-azul-playas-castellon\/","name":"Playas con Bandera Azul en Castell\u00f3n - Blog turismo Orange Costa","isPartOf":{"@id":"https:\/\/www.orangecosta.com\/blog\/#website"},"primaryImageOfPage":{"@id":"https:\/\/www.orangecosta.com\/blog\/bandera-azul-playas-castellon\/#primaryimage"},"image":{"@id":"https:\/\/www.orangecosta.com\/blog\/bandera-azul-playas-castellon\/#primaryimage"},"thumbnailUrl":"https:\/\/www.orangecosta.com\/blog\/wp-content\/uploads\/2024\/09\/playas-bandera-azul-costa-azahar.webp","datePublished":"2024-09-11T11:23:39+00:00","dateModified":"2026-03-12T12:03:27+00:00","author":{"@id":"https:\/\/www.orangecosta.com\/blog\/#\/schema\/person\/a7ca15a09bbee143432bcd80d4eda51b"},"description":"\u00bfBuscas playas con Bandera Azul en Castell\u00f3n? Te lo contamos todo sobre ellas: cu\u00e1les son las mejores de la regi\u00f3n.","breadcrumb":{"@id":"https:\/\/www.orangecosta.com\/blog\/bandera-azul-playas-castellon\/#breadcrumb"},"inLanguage":"es","potentialAction":[{"@type":"ReadAction","target":["https:\/\/www.orangecosta.com\/blog\/bandera-azul-playas-castellon\/"]}]},{"@type":"ImageObject","inLanguage":"es","@id":"https:\/\/www.orangecosta.com\/blog\/bandera-azul-playas-castellon\/#primaryimage","url":"https:\/\/www.orangecosta.com\/blog\/wp-content\/uploads\/2024\/09\/playas-bandera-azul-costa-azahar.webp","contentUrl":"https:\/\/www.orangecosta.com\/blog\/wp-content\/uploads\/2024\/09\/playas-bandera-azul-costa-azahar.webp","width":2122,"height":1412,"caption":"Las playas galardonadas con bandera azul en la Costa Azahar de Castell\u00f3n"},{"@type":"BreadcrumbList","@id":"https:\/\/www.orangecosta.com\/blog\/bandera-azul-playas-castellon\/#breadcrumb","itemListElement":[{"@type":"ListItem","position":1,"name":"Home","item":"https:\/\/www.orangecosta.com\/blog\/"},{"@type":"ListItem","position":2,"name":"Bandera Azul: el indicativo de las mejores playas de Castell\u00f3n"}]},{"@type":"WebSite","@id":"https:\/\/www.orangecosta.com\/blog\/#website","url":"https:\/\/www.orangecosta.com\/blog\/","name":"Blog turismo Orange Costa","description":"Orangecosta","potentialAction":[{"@type":"SearchAction","target":{"@type":"EntryPoint","urlTemplate":"https:\/\/www.orangecosta.com\/blog\/?s={search_term_string}"},"query-input":{"@type":"PropertyValueSpecification","valueRequired":true,"valueName":"search_term_string"}}],"inLanguage":"es"},{"@type":"Person","@id":"https:\/\/www.orangecosta.com\/blog\/#\/schema\/person\/a7ca15a09bbee143432bcd80d4eda51b","name":"Laura","image":{"@type":"ImageObject","inLanguage":"es","@id":"https:\/\/secure.gravatar.com\/avatar\/38b396224481eeb6edadb558d7e4a6d1ff1c8ba1e6abd3951e451527e107c96b?s=96&d=mm&r=g","url":"https:\/\/secure.gravatar.com\/avatar\/38b396224481eeb6edadb558d7e4a6d1ff1c8ba1e6abd3951e451527e107c96b?s=96&d=mm&r=g","contentUrl":"https:\/\/secure.gravatar.com\/avatar\/38b396224481eeb6edadb558d7e4a6d1ff1c8ba1e6abd3951e451527e107c96b?s=96&d=mm&r=g","caption":"Laura"},"url":"https:\/\/www.orangecosta.com\/blog\/author\/laura\/"}]}},"_links":{"self":[{"href":"https:\/\/www.orangecosta.com\/blog\/wp-json\/wp\/v2\/posts\/3543","targetHints":{"allow":["GET"]}}],"collection":[{"href":"https:\/\/www.orangecosta.com\/blog\/wp-json\/wp\/v2\/posts"}],"about":[{"href":"https:\/\/www.orangecosta.com\/blog\/wp-json\/wp\/v2\/types\/post"}],"author":[{"embeddable":true,"href":"https:\/\/www.orangecosta.com\/blog\/wp-json\/wp\/v2\/users\/6"}],"replies":[{"embeddable":true,"href":"https:\/\/www.orangecosta.com\/blog\/wp-json\/wp\/v2\/comments?post=3543"}],"version-history":[{"count":20,"href":"https:\/\/www.orangecosta.com\/blog\/wp-json\/wp\/v2\/posts\/3543\/revisions"}],"predecessor-version":[{"id":3639,"href":"https:\/\/www.orangecosta.com\/blog\/wp-json\/wp\/v2\/posts\/3543\/revisions\/3639"}],"wp:featuredmedia":[{"embeddable":true,"href":"https:\/\/www.orangecosta.com\/blog\/wp-json\/wp\/v2\/media\/3615"}],"wp:attachment":[{"href":"https:\/\/www.orangecosta.com\/blog\/wp-json\/wp\/v2\/media?parent=3543"}],"wp:term":[{"taxonomy":"category","embeddable":true,"href":"https:\/\/www.orangecosta.com\/blog\/wp-json\/wp\/v2\/categories?post=3543"},{"taxonomy":"post_tag","embeddable":true,"href":"https:\/\/www.orangecosta.com\/blog\/wp-json\/wp\/v2\/tags?post=3543"}],"curies":[{"name":"wp","href":"https:\/\/api.w.org\/{rel}","templated":true}]}}