{"id":3163,"date":"2024-06-14T11:49:44","date_gmt":"2024-06-14T11:49:44","guid":{"rendered":"https:\/\/www.orangecosta.com\/blog\/?p=3163"},"modified":"2026-03-12T12:03:29","modified_gmt":"2026-03-12T12:03:29","slug":"playa-els-terrers","status":"publish","type":"post","link":"https:\/\/www.orangecosta.com\/blog\/playa-els-terrers\/","title":{"rendered":"Descubre el encanto de la playa Els Terrers"},"content":{"rendered":"\t\t<div data-elementor-type=\"wp-post\" data-elementor-id=\"3163\" class=\"elementor elementor-3163\" data-elementor-post-type=\"post\">\n\t\t\t\t\t\t<section class=\"elementor-section elementor-top-section elementor-element elementor-element-1ea6f267 elementor-section-boxed elementor-section-height-default elementor-section-height-default\" data-id=\"1ea6f267\" data-element_type=\"section\" data-e-type=\"section\">\n\t\t\t\t\t\t<div class=\"elementor-container elementor-column-gap-default\">\n\t\t\t\t\t<div class=\"elementor-column elementor-col-100 elementor-top-column elementor-element elementor-element-367f0c04\" data-id=\"367f0c04\" data-element_type=\"column\" data-e-type=\"column\">\n\t\t\t<div class=\"elementor-widget-wrap elementor-element-populated\">\n\t\t\t\t\t\t<div class=\"elementor-element elementor-element-24fc9933 elementor-widget elementor-widget-text-editor\" data-id=\"24fc9933\" data-element_type=\"widget\" data-e-type=\"widget\" data-widget_type=\"text-editor.default\">\n\t\t\t\t<div class=\"elementor-widget-container\">\n\t\t\t\t\t\t\t\t\t<p style=\"font-weight: 400;\">La playa Els Terrers, ubicada en Benic\u00e0ssim, en la Comunidad Valenciana, <strong>es uno de los destinos m\u00e1s populares de la provincia de Castell\u00f3n<\/strong>. Con su arena fina y aguas tranquilas, es el lugar perfecto para familias y ba\u00f1istas de todas las edades.<\/p><p style=\"font-weight: 400;\">\u00bfQuieres saber m\u00e1s? Pues aqu\u00ed te contamos todo lo que tienes que tener en cuenta antes de venir a darte un chapuz\u00f3n a la playa de Els Terrers en Benic\u00e0ssim.<\/p>\t\t\t\t\t\t\t\t<\/div>\n\t\t\t\t<\/div>\n\t\t\t\t\t<\/div>\n\t\t<\/div>\n\t\t\t\t\t<\/div>\n\t\t<\/section>\n\t\t\t\t<section class=\"elementor-section elementor-top-section elementor-element elementor-element-48d69989 elementor-section-boxed elementor-section-height-default elementor-section-height-default\" data-id=\"48d69989\" data-element_type=\"section\" data-e-type=\"section\">\n\t\t\t\t\t\t<div class=\"elementor-container elementor-column-gap-default\">\n\t\t\t\t\t<div class=\"elementor-column elementor-col-100 elementor-top-column elementor-element elementor-element-39eeb7dd\" data-id=\"39eeb7dd\" data-element_type=\"column\" data-e-type=\"column\">\n\t\t\t<div class=\"elementor-widget-wrap elementor-element-populated\">\n\t\t\t\t\t\t<div class=\"elementor-element elementor-element-7c2a29a4 elementor-widget elementor-widget-table-of-contents\" data-id=\"7c2a29a4\" data-element_type=\"widget\" data-e-type=\"widget\" data-settings=\"{&quot;headings_by_tags&quot;:[&quot;h2&quot;],&quot;exclude_headings_by_selector&quot;:[],&quot;marker_view&quot;:&quot;bullets&quot;,&quot;icon&quot;:{&quot;value&quot;:&quot;&quot;,&quot;library&quot;:&quot;&quot;},&quot;no_headings_message&quot;:&quot;No se ha encontrado ning\\u00fan encabezado en esta p\\u00e1gina.&quot;,&quot;hierarchical_view&quot;:&quot;yes&quot;,&quot;min_height&quot;:{&quot;unit&quot;:&quot;px&quot;,&quot;size&quot;:&quot;&quot;,&quot;sizes&quot;:[]},&quot;min_height_tablet&quot;:{&quot;unit&quot;:&quot;px&quot;,&quot;size&quot;:&quot;&quot;,&quot;sizes&quot;:[]},&quot;min_height_mobile&quot;:{&quot;unit&quot;:&quot;px&quot;,&quot;size&quot;:&quot;&quot;,&quot;sizes&quot;:[]}}\" data-widget_type=\"table-of-contents.default\">\n\t\t\t\t<div class=\"elementor-widget-container\">\n\t\t\t\t\t\t\t\t\t<div class=\"elementor-toc__header\">\n\t\t\t\t\t\t<div class=\"elementor-toc__header-title\">\n\t\t\t\t\u00cdNDICE\t\t\t<\/div>\n\t\t\t\t\t\t\t\t<\/div>\n\t\t\t\t<div id=\"elementor-toc__7c2a29a4\" class=\"elementor-toc__body\">\n\t\t\t<div class=\"elementor-toc__spinner-container\">\n\t\t\t\t<i class=\"elementor-toc__spinner eicon-animation-spin eicon-loading\" aria-hidden=\"true\"><\/i>\t\t\t<\/div>\n\t\t<\/div>\n\t\t\t\t\t\t<\/div>\n\t\t\t\t<\/div>\n\t\t\t\t\t<\/div>\n\t\t<\/div>\n\t\t\t\t\t<\/div>\n\t\t<\/section>\n\t\t\t\t<section class=\"elementor-section elementor-top-section elementor-element elementor-element-819c1d0 elementor-section-boxed elementor-section-height-default elementor-section-height-default\" data-id=\"819c1d0\" data-element_type=\"section\" data-e-type=\"section\">\n\t\t\t\t\t\t<div class=\"elementor-container elementor-column-gap-default\">\n\t\t\t\t\t<div class=\"elementor-column elementor-col-100 elementor-top-column elementor-element elementor-element-9e45678\" data-id=\"9e45678\" data-element_type=\"column\" data-e-type=\"column\">\n\t\t\t<div class=\"elementor-widget-wrap elementor-element-populated\">\n\t\t\t\t\t\t<div class=\"elementor-element elementor-element-60c87c6 elementor-widget elementor-widget-heading\" data-id=\"60c87c6\" data-element_type=\"widget\" data-e-type=\"widget\" data-widget_type=\"heading.default\">\n\t\t\t\t<div class=\"elementor-widget-container\">\n\t\t\t\t\t<h2 class=\"elementor-heading-title elementor-size-default\">Caracter\u00edsticas y servicios de la playa Els Terrers<\/h2>\t\t\t\t<\/div>\n\t\t\t\t<\/div>\n\t\t\t\t\t<\/div>\n\t\t<\/div>\n\t\t\t\t\t<\/div>\n\t\t<\/section>\n\t\t\t\t<section class=\"elementor-section elementor-top-section elementor-element elementor-element-e11b6a0 elementor-section-boxed elementor-section-height-default elementor-section-height-default\" data-id=\"e11b6a0\" data-element_type=\"section\" data-e-type=\"section\">\n\t\t\t\t\t\t<div class=\"elementor-container elementor-column-gap-default\">\n\t\t\t\t\t<div class=\"elementor-column elementor-col-100 elementor-top-column elementor-element elementor-element-6e5b443\" data-id=\"6e5b443\" data-element_type=\"column\" data-e-type=\"column\">\n\t\t\t<div class=\"elementor-widget-wrap elementor-element-populated\">\n\t\t\t\t\t\t<div class=\"elementor-element elementor-element-93bf155 elementor-widget elementor-widget-text-editor\" data-id=\"93bf155\" data-element_type=\"widget\" data-e-type=\"widget\" data-widget_type=\"text-editor.default\">\n\t\t\t\t<div class=\"elementor-widget-container\">\n\t\t\t\t\t\t\t\t\t<p style=\"font-weight: 400;\">La playa Els Terrers es una de las cinco playas que posee Benic\u00e0ssim en la Costa de Azahar. <strong>Tiene una longitud de casi 2 kil\u00f3metros<\/strong>; esto hace que sea una de las playas m\u00e1s largas de la localidad. Y en ancho tampoco se queda corta. Tiene <strong>aproximadamente 40 metros de ancho<\/strong>, espacio m\u00e1s que suficiente para albergar a multitud de visitantes, incluso en temporada alta.<\/p><p style=\"font-weight: 400;\">Adem\u00e1s, su amplio paseo mar\u00edtimo equipado con bancos, zonas de sombra, jardines, duchas y aseos y diferentes puntos de alquiler de material como tumbonas o sombrillas, <strong>conecta con la <a href=\"https:\/\/www.orangecosta.com\/blog\/playa-voramar-benicassim\/\">playa de Voramar<\/a><\/strong>, ofreciendo un agradable recorrido a pie.<\/p><p style=\"font-weight: 400;\"><strong>Aunque lo mejor es su arena y sus aguas<\/strong>. Dos ingredientes esenciales a la hora de elegir playa. La arena es fina y dorada, aunque en alg\u00fan punto tambi\u00e9n es gravosa. Sus aguas son tranquilas, cristalinas y de un ligero color turquesa y poco profundas cerca de la orilla, lo que la hace segura para el ba\u00f1o y adecuada para todos. Da igual si vienes con ni\u00f1os, personas mayores o si te acompa\u00f1a alguien con movilidad reducida, <strong>la playa cuenta con rampas de madera y pasarelas de acceso que facilitan la entrada al arenal y al agua.<\/strong><\/p><p style=\"font-weight: 400;\">\u00a1Y hay m\u00e1s! La playa Els Terrers te ofrece un extra de seguridad, cuenta con <strong>servicio de socorrismo en temporada alta y zonas bien delimitadas para el ba\u00f1o<\/strong>. Adem\u00e1s, es una playa que destaca por su limpieza y el buen mantenimiento de sus instalaciones; <strong>tiene bandera azul, est\u00e1 reconocida con el certificado ISO 14001 de gesti\u00f3n medioambiental y, por si eso fuera poco, National Geographic ha dicho en una de sus revistas de viajes que la playa Els Terrers es una de las m\u00e1s bellas de Espa\u00f1a.<\/strong><\/p>\t\t\t\t\t\t\t\t<\/div>\n\t\t\t\t<\/div>\n\t\t\t\t\t<\/div>\n\t\t<\/div>\n\t\t\t\t\t<\/div>\n\t\t<\/section>\n\t\t\t\t<section class=\"elementor-section elementor-top-section elementor-element elementor-element-691e58b1 elementor-section-boxed elementor-section-height-default elementor-section-height-default\" data-id=\"691e58b1\" data-element_type=\"section\" data-e-type=\"section\">\n\t\t\t\t\t\t<div class=\"elementor-container elementor-column-gap-default\">\n\t\t\t\t\t<div class=\"elementor-column elementor-col-100 elementor-top-column elementor-element elementor-element-406686dc\" data-id=\"406686dc\" data-element_type=\"column\" data-e-type=\"column\">\n\t\t\t<div class=\"elementor-widget-wrap elementor-element-populated\">\n\t\t\t\t\t\t<div class=\"elementor-element elementor-element-1cf7d07 elementor-widget elementor-widget-image\" data-id=\"1cf7d07\" data-element_type=\"widget\" data-e-type=\"widget\" data-widget_type=\"image.default\">\n\t\t\t\t<div class=\"elementor-widget-container\">\n\t\t\t\t\t\t\t\t\t\t\t\t\t\t\t<img fetchpriority=\"high\" decoding=\"async\" width=\"1234\" height=\"617\" src=\"https:\/\/www.orangecosta.com\/blog\/wp-content\/uploads\/2024\/06\/playa-els-terrers.jpg\" class=\"attachment-full size-full wp-image-3191\" alt=\"playa-els-terrers\" srcset=\"https:\/\/www.orangecosta.com\/blog\/wp-content\/uploads\/2024\/06\/playa-els-terrers.jpg 1234w, https:\/\/www.orangecosta.com\/blog\/wp-content\/uploads\/2024\/06\/playa-els-terrers-768x384.jpg 768w\" sizes=\"(max-width: 1234px) 100vw, 1234px\" \/>\t\t\t\t\t\t\t\t\t\t\t\t\t\t\t<\/div>\n\t\t\t\t<\/div>\n\t\t\t\t\t<\/div>\n\t\t<\/div>\n\t\t\t\t\t<\/div>\n\t\t<\/section>\n\t\t\t\t<section class=\"elementor-section elementor-top-section elementor-element elementor-element-f556f8e elementor-section-boxed elementor-section-height-default elementor-section-height-default\" data-id=\"f556f8e\" data-element_type=\"section\" data-e-type=\"section\">\n\t\t\t\t\t\t<div class=\"elementor-container elementor-column-gap-default\">\n\t\t\t\t\t<div class=\"elementor-column elementor-col-100 elementor-top-column elementor-element elementor-element-1a74394\" data-id=\"1a74394\" data-element_type=\"column\" data-e-type=\"column\">\n\t\t\t<div class=\"elementor-widget-wrap elementor-element-populated\">\n\t\t\t\t\t\t<div class=\"elementor-element elementor-element-9d45444 elementor-widget elementor-widget-heading\" data-id=\"9d45444\" data-element_type=\"widget\" data-e-type=\"widget\" data-widget_type=\"heading.default\">\n\t\t\t\t<div class=\"elementor-widget-container\">\n\t\t\t\t\t<h2 class=\"elementor-heading-title elementor-size-default\">Hay actividades y entretenimiento para todos en Els Terrers<\/h2>\t\t\t\t<\/div>\n\t\t\t\t<\/div>\n\t\t\t\t\t<\/div>\n\t\t<\/div>\n\t\t\t\t\t<\/div>\n\t\t<\/section>\n\t\t\t\t<section class=\"elementor-section elementor-top-section elementor-element elementor-element-eea60a5 elementor-section-boxed elementor-section-height-default elementor-section-height-default\" data-id=\"eea60a5\" data-element_type=\"section\" data-e-type=\"section\">\n\t\t\t\t\t\t<div class=\"elementor-container elementor-column-gap-default\">\n\t\t\t\t\t<div class=\"elementor-column elementor-col-100 elementor-top-column elementor-element elementor-element-30374d9\" data-id=\"30374d9\" data-element_type=\"column\" data-e-type=\"column\">\n\t\t\t<div class=\"elementor-widget-wrap elementor-element-populated\">\n\t\t\t\t\t\t<div class=\"elementor-element elementor-element-6c2320a elementor-widget elementor-widget-text-editor\" data-id=\"6c2320a\" data-element_type=\"widget\" data-e-type=\"widget\" data-widget_type=\"text-editor.default\">\n\t\t\t\t<div class=\"elementor-widget-container\">\n\t\t\t\t\t\t\t\t\t<p style=\"font-weight: 400;\">La playa Els Terrers en Benic\u00e0ssim ofrece una variedad de actividades para todas las edades y gustos, con muchas instalaciones e infraestructuras que las hacen posibles como, por ejemplo, \u00e1reas de juego designadas para ni\u00f1os con columpios y toboganes o para ciertos deportes como voleibol o petanca.<\/p>\t\t\t\t\t\t\t\t<\/div>\n\t\t\t\t<\/div>\n\t\t\t\t\t<\/div>\n\t\t<\/div>\n\t\t\t\t\t<\/div>\n\t\t<\/section>\n\t\t\t\t<section class=\"elementor-section elementor-top-section elementor-element elementor-element-4f61668b elementor-section-boxed elementor-section-height-default elementor-section-height-default\" data-id=\"4f61668b\" data-element_type=\"section\" data-e-type=\"section\">\n\t\t\t\t\t\t<div class=\"elementor-container elementor-column-gap-default\">\n\t\t\t\t\t<div class=\"elementor-column elementor-col-100 elementor-top-column elementor-element elementor-element-49eba2e0\" data-id=\"49eba2e0\" data-element_type=\"column\" data-e-type=\"column\">\n\t\t\t<div class=\"elementor-widget-wrap elementor-element-populated\">\n\t\t\t\t\t\t<div class=\"elementor-element elementor-element-fdf27e3 elementor-widget elementor-widget-heading\" data-id=\"fdf27e3\" data-element_type=\"widget\" data-e-type=\"widget\" data-widget_type=\"heading.default\">\n\t\t\t\t<div class=\"elementor-widget-container\">\n\t\t\t\t\t<h3 class=\"elementor-heading-title elementor-size-default\">Deportes acu\u00e1ticos<\/h3>\t\t\t\t<\/div>\n\t\t\t\t<\/div>\n\t\t\t\t<div class=\"elementor-element elementor-element-6036164c elementor-widget elementor-widget-text-editor\" data-id=\"6036164c\" data-element_type=\"widget\" data-e-type=\"widget\" data-widget_type=\"text-editor.default\">\n\t\t\t\t<div class=\"elementor-widget-container\">\n\t\t\t\t\t\t\t\t\t<p style=\"font-weight: 400;\">Esta playa cuenta con varios espigones que hace que tenga forma ondulada. <strong>Esto permite que las corrientes no lleguen a la orilla<\/strong>, haciendo que la zona de ba\u00f1o sea segura y confortable y tambi\u00e9n que sea id\u00f3nea para practicar ciertos deportes acu\u00e1ticos.<\/p><p style=\"font-weight: 400;\"><a href=\"https:\/\/www.cvbenicasim.com\/\">El Club de Vela de Benic\u00e0ssim<\/a> es el primer reclamo para aquellos interesados en los deportes n\u00e1uticos. Estar\u00eda bien eso de subirse a un barco de vela, disfrutar del Mediterr\u00e1neo y aprender c\u00f3mo funciona, \u00bfno? Pues en la Playa Els Terrers puedes hacerlo.<\/p><p style=\"font-weight: 400;\">Tambi\u00e9n puedes practicar otro tipo de actividades como\u00a0<strong><em>paddle surf<\/em><\/strong>, que agradece las aguas tranquilas, <strong><em>kayak<\/em><\/strong>, para recorrer la costa espigonada o\u00a0<strong><em>windsurf<\/em><\/strong>. Els Terrers cuenta con varias escuelas y tiendas de alquiler de material para que no tengas excusa. Y aunque no es una zona de gran biodiversidad marina, el\u00a0<strong><em>snorkel<\/em>\u00a0<\/strong>o el<strong> submarinismo<\/strong> tambi\u00e9n tienen su hueco aqu\u00ed y practicarlos puede ser una actividad relajante.<\/p>\t\t\t\t\t\t\t\t<\/div>\n\t\t\t\t<\/div>\n\t\t\t\t\t<\/div>\n\t\t<\/div>\n\t\t\t\t\t<\/div>\n\t\t<\/section>\n\t\t\t\t<section class=\"elementor-section elementor-top-section elementor-element elementor-element-d5c62a1 elementor-section-boxed elementor-section-height-default elementor-section-height-default\" data-id=\"d5c62a1\" data-element_type=\"section\" data-e-type=\"section\">\n\t\t\t\t\t\t<div class=\"elementor-container elementor-column-gap-default\">\n\t\t\t\t\t<div class=\"elementor-column elementor-col-100 elementor-top-column elementor-element elementor-element-2d558b9\" data-id=\"2d558b9\" data-element_type=\"column\" data-e-type=\"column\">\n\t\t\t<div class=\"elementor-widget-wrap elementor-element-populated\">\n\t\t\t\t\t\t<div class=\"elementor-element elementor-element-4ccd3e9 elementor-widget elementor-widget-heading\" data-id=\"4ccd3e9\" data-element_type=\"widget\" data-e-type=\"widget\" data-widget_type=\"heading.default\">\n\t\t\t\t<div class=\"elementor-widget-container\">\n\t\t\t\t\t<h3 class=\"elementor-heading-title elementor-size-default\">Actividades organizadas<\/h3>\t\t\t\t<\/div>\n\t\t\t\t<\/div>\n\t\t\t\t<div class=\"elementor-element elementor-element-53c540a elementor-widget elementor-widget-text-editor\" data-id=\"53c540a\" data-element_type=\"widget\" data-e-type=\"widget\" data-widget_type=\"text-editor.default\">\n\t\t\t\t<div class=\"elementor-widget-container\">\n\t\t\t\t\t\t\t\t\t<p style=\"font-weight: 400;\">A menudo la playa de Els Terrers se llena de actividades. <strong>Hay diversas clases de gimnasia y zumba <\/strong>en la playa y tambi\u00e9n a lo largo de su paseo mar\u00edtimo. Y si te va algo m\u00e1s tranquilito, tambi\u00e9n hay opci\u00f3n. Muchas veces se organizan <strong>sesiones de yoga al aire libre<\/strong>, especialmente durante la temporada alta, para relajarse y disfrutar del entorno.<\/p><p style=\"font-weight: 400;\">En verano tambi\u00e9n suelen protagonizar las tardes, <strong>talleres y actividades l\u00fadicas para los m\u00e1s peque\u00f1os de la casa<\/strong> como manualidades, juegos y competiciones muy variadas.<\/p><p style=\"font-weight: 400;\">Adem\u00e1s, la playa Els Terrers tambi\u00e9n <strong>es un lugar muy utilizado para acoger eventos deportivos, conciertos y festivales<\/strong> para animar las noches de verano. Solo tienes que revisar <a href=\"http:\/\/cultura.benicassim.es\/\">la agenda cultural de Benic\u00e0ssim<\/a> antes de venir y \u00a1listo!<\/p>\t\t\t\t\t\t\t\t<\/div>\n\t\t\t\t<\/div>\n\t\t\t\t\t<\/div>\n\t\t<\/div>\n\t\t\t\t\t<\/div>\n\t\t<\/section>\n\t\t\t\t<section class=\"elementor-section elementor-top-section elementor-element elementor-element-7c7ea09 elementor-section-boxed elementor-section-height-default elementor-section-height-default\" data-id=\"7c7ea09\" data-element_type=\"section\" data-e-type=\"section\">\n\t\t\t\t\t\t<div class=\"elementor-container elementor-column-gap-default\">\n\t\t\t\t\t<div class=\"elementor-column elementor-col-100 elementor-top-column elementor-element elementor-element-8a1d2ad\" data-id=\"8a1d2ad\" data-element_type=\"column\" data-e-type=\"column\">\n\t\t\t<div class=\"elementor-widget-wrap elementor-element-populated\">\n\t\t\t\t\t\t<div class=\"elementor-element elementor-element-03c8dbd elementor-widget elementor-widget-image\" data-id=\"03c8dbd\" data-element_type=\"widget\" data-e-type=\"widget\" data-widget_type=\"image.default\">\n\t\t\t\t<div class=\"elementor-widget-container\">\n\t\t\t\t\t\t\t\t\t\t\t\t\t\t\t<img decoding=\"async\" width=\"1254\" height=\"626\" src=\"https:\/\/www.orangecosta.com\/blog\/wp-content\/uploads\/2024\/06\/actividades-playa-els-terrers.jpg\" class=\"attachment-full size-full wp-image-3197\" alt=\"\" srcset=\"https:\/\/www.orangecosta.com\/blog\/wp-content\/uploads\/2024\/06\/actividades-playa-els-terrers.jpg 1254w, https:\/\/www.orangecosta.com\/blog\/wp-content\/uploads\/2024\/06\/actividades-playa-els-terrers-768x383.jpg 768w\" sizes=\"(max-width: 1254px) 100vw, 1254px\" \/>\t\t\t\t\t\t\t\t\t\t\t\t\t\t\t<\/div>\n\t\t\t\t<\/div>\n\t\t\t\t\t<\/div>\n\t\t<\/div>\n\t\t\t\t\t<\/div>\n\t\t<\/section>\n\t\t\t\t<section class=\"elementor-section elementor-top-section elementor-element elementor-element-1ec44dd7 elementor-section-boxed elementor-section-height-default elementor-section-height-default\" data-id=\"1ec44dd7\" data-element_type=\"section\" data-e-type=\"section\">\n\t\t\t\t\t\t<div class=\"elementor-container elementor-column-gap-default\">\n\t\t\t\t\t<div class=\"elementor-column elementor-col-100 elementor-top-column elementor-element elementor-element-7dd598df\" data-id=\"7dd598df\" data-element_type=\"column\" data-e-type=\"column\">\n\t\t\t<div class=\"elementor-widget-wrap elementor-element-populated\">\n\t\t\t\t\t\t<div class=\"elementor-element elementor-element-388dd54 elementor-widget elementor-widget-heading\" data-id=\"388dd54\" data-element_type=\"widget\" data-e-type=\"widget\" data-widget_type=\"heading.default\">\n\t\t\t\t<div class=\"elementor-widget-container\">\n\t\t\t\t\t<h2 class=\"elementor-heading-title elementor-size-default\">Una gran oferta gastron\u00f3mica en sus chiringuitos y restaurantes<\/h2>\t\t\t\t<\/div>\n\t\t\t\t<\/div>\n\t\t\t\t\t<\/div>\n\t\t<\/div>\n\t\t\t\t\t<\/div>\n\t\t<\/section>\n\t\t\t\t<section class=\"elementor-section elementor-top-section elementor-element elementor-element-1d940a8c elementor-section-boxed elementor-section-height-default elementor-section-height-default\" data-id=\"1d940a8c\" data-element_type=\"section\" data-e-type=\"section\">\n\t\t\t\t\t\t<div class=\"elementor-container elementor-column-gap-default\">\n\t\t\t\t\t<div class=\"elementor-column elementor-col-100 elementor-top-column elementor-element elementor-element-5a64e9ab\" data-id=\"5a64e9ab\" data-element_type=\"column\" data-e-type=\"column\">\n\t\t\t<div class=\"elementor-widget-wrap elementor-element-populated\">\n\t\t\t\t\t\t<div class=\"elementor-element elementor-element-305d3ce7 elementor-widget elementor-widget-text-editor\" data-id=\"305d3ce7\" data-element_type=\"widget\" data-e-type=\"widget\" data-widget_type=\"text-editor.default\">\n\t\t\t\t<div class=\"elementor-widget-container\">\n\t\t\t\t\t\t\t\t\t<p style=\"font-weight: 400;\">Y despu\u00e9s de una jornada de relax habr\u00e1 que llenar el est\u00f3mago y la playa Els Terrers tambi\u00e9n es el lugar perfecto para hacerlo. <strong>Ofrece una gran variedad de chiringuitos y restaurantes donde disfrutar de comida y bebidas, incluyendo platos t\u00edpicos de la regi\u00f3n.<\/strong><\/p><p style=\"font-weight: 400;\">Hay desde pizzer\u00edas como L\u2019Etrusquino hasta restaurantes japoneses como Umami, pasando por platos mediterr\u00e1neos, internacionales o de cocina fusi\u00f3n. <strong>Su oferta gastron\u00f3mica es muy variada y de alta calidad, capaz de satisfacer a todos los paladares.<\/strong><\/p><p style=\"font-weight: 400;\">Muchos de estos locales tambi\u00e9n ofrecen m\u00fasica y espect\u00e1culos al caer el sol, creando un ambiente inigualable para disfrutar de una rica cena junto al mar.<\/p>\t\t\t\t\t\t\t\t<\/div>\n\t\t\t\t<\/div>\n\t\t\t\t\t<\/div>\n\t\t<\/div>\n\t\t\t\t\t<\/div>\n\t\t<\/section>\n\t\t\t\t<section class=\"elementor-section elementor-top-section elementor-element elementor-element-76ded72 elementor-section-boxed elementor-section-height-default elementor-section-height-default\" data-id=\"76ded72\" data-element_type=\"section\" data-e-type=\"section\">\n\t\t\t\t\t\t<div class=\"elementor-container elementor-column-gap-default\">\n\t\t\t\t\t<div class=\"elementor-column elementor-col-100 elementor-top-column elementor-element elementor-element-a4bb2df\" data-id=\"a4bb2df\" data-element_type=\"column\" data-e-type=\"column\">\n\t\t\t<div class=\"elementor-widget-wrap elementor-element-populated\">\n\t\t\t\t\t\t<div class=\"elementor-element elementor-element-014eff1 elementor-widget elementor-widget-heading\" data-id=\"014eff1\" data-element_type=\"widget\" data-e-type=\"widget\" data-widget_type=\"heading.default\">\n\t\t\t\t<div class=\"elementor-widget-container\">\n\t\t\t\t\t<h2 class=\"elementor-heading-title elementor-size-default\">Otros lugares de inter\u00e9s en el entorno de la playa Els Terrers<\/h2>\t\t\t\t<\/div>\n\t\t\t\t<\/div>\n\t\t\t\t\t<\/div>\n\t\t<\/div>\n\t\t\t\t\t<\/div>\n\t\t<\/section>\n\t\t\t\t<section class=\"elementor-section elementor-top-section elementor-element elementor-element-1cdd69b elementor-section-boxed elementor-section-height-default elementor-section-height-default\" data-id=\"1cdd69b\" data-element_type=\"section\" data-e-type=\"section\">\n\t\t\t\t\t\t<div class=\"elementor-container elementor-column-gap-default\">\n\t\t\t\t\t<div class=\"elementor-column elementor-col-100 elementor-top-column elementor-element elementor-element-c2724c9\" data-id=\"c2724c9\" data-element_type=\"column\" data-e-type=\"column\">\n\t\t\t<div class=\"elementor-widget-wrap elementor-element-populated\">\n\t\t\t\t\t\t<div class=\"elementor-element elementor-element-3d7bb1c elementor-widget elementor-widget-text-editor\" data-id=\"3d7bb1c\" data-element_type=\"widget\" data-e-type=\"widget\" data-widget_type=\"text-editor.default\">\n\t\t\t\t<div class=\"elementor-widget-container\">\n\t\t\t\t\t\t\t\t\t<p style=\"font-weight: 400;\">Adem\u00e1s de la maravillosa playa Els Terrers, hay varios lugares de inter\u00e9s cerca que no te puedes perder como el <strong>Desierto de las Palmas<\/strong>, un parque natural con una impresionante variedad de paisajes y rutas senderistas, muy conocido por sus vistas panor\u00e1micas y su biodiversidad o, <strong>el Torre\u00f3n de San Vicente<\/strong>, una torre de vigilancia del siglo XVI, que ofrece una ventana al pasado hist\u00f3rico de Benic\u00e0ssim.<\/p><p style=\"font-weight: 400;\">Tambi\u00e9n es ineludible para completar tu conocimiento hist\u00f3rico sobre la ciudad <strong>recorrer su casco antiguo<\/strong>; lleno de calles estrechas y edificios hist\u00f3ricos y <strong>hacer la Ruta de las Villas<\/strong>, un paseo por las antiguas villas de veraneo de principios del siglo XX que reflejan la arquitectura y el estilo de vida de la \u00e9poca.<\/p><p style=\"font-weight: 400;\">Y viajes o no en familia, tienes que acudir a <strong>Aquarama<\/strong>, s\u00ed o s\u00ed. Es un parque acu\u00e1tico con una gran variedad de atracciones, toboganes, diferentes \u00e1reas de juego y cafeter\u00edas.\u00a0<\/p><p style=\"font-weight: 400;\">La regi\u00f3n tambi\u00e9n es muy conocida por sus <strong>bodegas y enoturismo<\/strong>, as\u00ed que visitar una, disfrutar de una cata y una degustaci\u00f3n tambi\u00e9n es un buen plan para descubrir los vinos locales y aprender sobre la producci\u00f3n vitivin\u00edcola de la Comunidad Valenciana.<\/p>\t\t\t\t\t\t\t\t<\/div>\n\t\t\t\t<\/div>\n\t\t\t\t\t<\/div>\n\t\t<\/div>\n\t\t\t\t\t<\/div>\n\t\t<\/section>\n\t\t\t\t<section class=\"elementor-section elementor-top-section elementor-element elementor-element-fb1d6d9 elementor-section-boxed elementor-section-height-default elementor-section-height-default\" data-id=\"fb1d6d9\" data-element_type=\"section\" data-e-type=\"section\">\n\t\t\t\t\t\t<div class=\"elementor-container elementor-column-gap-default\">\n\t\t\t\t\t<div class=\"elementor-column elementor-col-100 elementor-top-column elementor-element elementor-element-f709cf6\" data-id=\"f709cf6\" data-element_type=\"column\" data-e-type=\"column\">\n\t\t\t<div class=\"elementor-widget-wrap elementor-element-populated\">\n\t\t\t\t\t\t<div class=\"elementor-element elementor-element-289daed elementor-widget elementor-widget-image\" data-id=\"289daed\" data-element_type=\"widget\" data-e-type=\"widget\" data-widget_type=\"image.default\">\n\t\t\t\t<div class=\"elementor-widget-container\">\n\t\t\t\t\t\t\t\t\t\t\t\t\t\t\t<img decoding=\"async\" width=\"1200\" height=\"678\" src=\"https:\/\/www.orangecosta.com\/blog\/wp-content\/uploads\/2023\/11\/rutas-desierto-de-las-palmas-benicassim.jpeg\" class=\"attachment-full size-full wp-image-2060\" alt=\"rutas desierto de las palmas benicassim\" srcset=\"https:\/\/www.orangecosta.com\/blog\/wp-content\/uploads\/2023\/11\/rutas-desierto-de-las-palmas-benicassim.jpeg 1200w, https:\/\/www.orangecosta.com\/blog\/wp-content\/uploads\/2023\/11\/rutas-desierto-de-las-palmas-benicassim-768x434.jpeg 768w\" sizes=\"(max-width: 1200px) 100vw, 1200px\" \/>\t\t\t\t\t\t\t\t\t\t\t\t\t\t\t<\/div>\n\t\t\t\t<\/div>\n\t\t\t\t<div class=\"elementor-element elementor-element-5d049c9 elementor-widget elementor-widget-text-editor\" data-id=\"5d049c9\" data-element_type=\"widget\" data-e-type=\"widget\" data-widget_type=\"text-editor.default\">\n\t\t\t\t<div class=\"elementor-widget-container\">\n\t\t\t\t\t\t\t\t\t<p style=\"font-weight: 400;\"><em>Desierto de Las Palmas<\/em><\/p>\t\t\t\t\t\t\t\t<\/div>\n\t\t\t\t<\/div>\n\t\t\t\t\t<\/div>\n\t\t<\/div>\n\t\t\t\t\t<\/div>\n\t\t<\/section>\n\t\t\t\t<section class=\"elementor-section elementor-top-section elementor-element elementor-element-e7ffaba elementor-section-boxed elementor-section-height-default elementor-section-height-default\" data-id=\"e7ffaba\" data-element_type=\"section\" data-e-type=\"section\">\n\t\t\t\t\t\t<div class=\"elementor-container elementor-column-gap-default\">\n\t\t\t\t\t<div class=\"elementor-column elementor-col-100 elementor-top-column elementor-element elementor-element-a76350d\" data-id=\"a76350d\" data-element_type=\"column\" data-e-type=\"column\">\n\t\t\t<div class=\"elementor-widget-wrap elementor-element-populated\">\n\t\t\t\t\t\t<div class=\"elementor-element elementor-element-a88f993 elementor-widget elementor-widget-heading\" data-id=\"a88f993\" data-element_type=\"widget\" data-e-type=\"widget\" data-widget_type=\"heading.default\">\n\t\t\t\t<div class=\"elementor-widget-container\">\n\t\t\t\t\t<h2 class=\"elementor-heading-title elementor-size-default\">Ven y disfruta de la playa Els Terrers<\/h2>\t\t\t\t<\/div>\n\t\t\t\t<\/div>\n\t\t\t\t\t<\/div>\n\t\t<\/div>\n\t\t\t\t\t<\/div>\n\t\t<\/section>\n\t\t\t\t<section class=\"elementor-section elementor-top-section elementor-element elementor-element-3151cd2 elementor-section-boxed elementor-section-height-default elementor-section-height-default\" data-id=\"3151cd2\" data-element_type=\"section\" data-e-type=\"section\">\n\t\t\t\t\t\t<div class=\"elementor-container elementor-column-gap-default\">\n\t\t\t\t\t<div class=\"elementor-column elementor-col-100 elementor-top-column elementor-element elementor-element-8e4535a\" data-id=\"8e4535a\" data-element_type=\"column\" data-e-type=\"column\">\n\t\t\t<div class=\"elementor-widget-wrap elementor-element-populated\">\n\t\t\t\t\t\t<div class=\"elementor-element elementor-element-36d6efd elementor-widget elementor-widget-text-editor\" data-id=\"36d6efd\" data-element_type=\"widget\" data-e-type=\"widget\" data-widget_type=\"text-editor.default\">\n\t\t\t\t<div class=\"elementor-widget-container\">\n\t\t\t\t\t\t\t\t\t<p style=\"font-weight: 400;\">Ven a la playa Els Terrers en Castell\u00f3n y disfruta de un d\u00eda de relax, lleno de actividades y de una comida t\u00edpica, tapas o una bebida refrescante en sus chiringuitos y restaurantes y descubre realmente lo que son unas buenas vacaciones.<\/p><p style=\"font-weight: 400;\">\u00bfNo son buenas porque tienes un quebradero de cabeza para encontrar un alojamiento cerca de la playa de Els terrers que merezca la pena? Pues para eso tenemos soluci\u00f3n. <strong>En Orange Costa te ofrecemos los mejores alojamientos, con buenos precios y con una calidad inimitable, para que encontrar d\u00f3nde quedarte durante tu escapada de relax sea lo m\u00e1s f\u00e1cil posible.<\/strong> \u00bfNo nos crees? Echa un ojo a todos <a href=\"https:\/\/www.orangecosta.com\/alquiler\/alquileres-benicassim-d139\/vista-cuadricula\/\">nuestros alojamientos en Benic\u00e0ssim<\/a> y nos cuentas.<\/p>\t\t\t\t\t\t\t\t<\/div>\n\t\t\t\t<\/div>\n\t\t\t\t\t<\/div>\n\t\t<\/div>\n\t\t\t\t\t<\/div>\n\t\t<\/section>\n\t\t\t\t<section class=\"elementor-section elementor-top-section elementor-element elementor-element-7ff85537 elementor-section-boxed elementor-section-height-default elementor-section-height-default\" data-id=\"7ff85537\" data-element_type=\"section\" data-e-type=\"section\">\n\t\t\t\t\t\t<div class=\"elementor-container elementor-column-gap-default\">\n\t\t\t\t\t<div class=\"elementor-column elementor-col-33 elementor-top-column elementor-element elementor-element-4c6b666b\" data-id=\"4c6b666b\" data-element_type=\"column\" data-e-type=\"column\">\n\t\t\t<div class=\"elementor-widget-wrap elementor-element-populated\">\n\t\t\t\t\t\t<div class=\"elementor-element elementor-element-2103032 elementor-align-center elementor-widget elementor-widget-button\" data-id=\"2103032\" data-element_type=\"widget\" data-e-type=\"widget\" data-widget_type=\"button.default\">\n\t\t\t\t<div class=\"elementor-widget-container\">\n\t\t\t\t\t\t\t\t\t<div class=\"elementor-button-wrapper\">\n\t\t\t\t\t<a class=\"elementor-button elementor-button-link elementor-size-sm\" href=\"https:\/\/www.orangecosta.com\/alquiler\/alquileres-alcoceber-alcossebre-d100\/\">\n\t\t\t\t\t\t<span class=\"elementor-button-content-wrapper\">\n\t\t\t\t\t\t\t\t\t<span class=\"elementor-button-text\">ALOJAMIENTOS BENIC\u00c0SSIM<\/span>\n\t\t\t\t\t<\/span>\n\t\t\t\t\t<\/a>\n\t\t\t\t<\/div>\n\t\t\t\t\t\t\t\t<\/div>\n\t\t\t\t<\/div>\n\t\t\t\t\t<\/div>\n\t\t<\/div>\n\t\t\t\t<div class=\"elementor-column elementor-col-33 elementor-top-column elementor-element elementor-element-4a4909b6\" data-id=\"4a4909b6\" data-element_type=\"column\" data-e-type=\"column\">\n\t\t\t<div class=\"elementor-widget-wrap elementor-element-populated\">\n\t\t\t\t\t\t<div class=\"elementor-element elementor-element-774b9e83 elementor-align-center elementor-widget elementor-widget-button\" data-id=\"774b9e83\" data-element_type=\"widget\" data-e-type=\"widget\" data-widget_type=\"button.default\">\n\t\t\t\t<div class=\"elementor-widget-container\">\n\t\t\t\t\t\t\t\t\t<div class=\"elementor-button-wrapper\">\n\t\t\t\t\t<a class=\"elementor-button elementor-button-link elementor-size-sm\" href=\"https:\/\/www.orangecosta.com\/alquiler\/alquileres-benicassim-d139\/\">\n\t\t\t\t\t\t<span class=\"elementor-button-content-wrapper\">\n\t\t\t\t\t\t\t\t\t<span class=\"elementor-button-text\">APARTAMENTOS BENIC\u00c0SSIM<\/span>\n\t\t\t\t\t<\/span>\n\t\t\t\t\t<\/a>\n\t\t\t\t<\/div>\n\t\t\t\t\t\t\t\t<\/div>\n\t\t\t\t<\/div>\n\t\t\t\t\t<\/div>\n\t\t<\/div>\n\t\t\t\t<div class=\"elementor-column elementor-col-33 elementor-top-column elementor-element elementor-element-7c88156a\" data-id=\"7c88156a\" data-element_type=\"column\" data-e-type=\"column\">\n\t\t\t<div class=\"elementor-widget-wrap elementor-element-populated\">\n\t\t\t\t\t\t<div class=\"elementor-element elementor-element-26b8aeed elementor-align-center elementor-widget elementor-widget-button\" data-id=\"26b8aeed\" data-element_type=\"widget\" data-e-type=\"widget\" data-widget_type=\"button.default\">\n\t\t\t\t<div class=\"elementor-widget-container\">\n\t\t\t\t\t\t\t\t\t<div class=\"elementor-button-wrapper\">\n\t\t\t\t\t<a class=\"elementor-button elementor-button-link elementor-size-sm\" href=\"https:\/\/www.orangecosta.com\/alquiler\/bungalows-benicassim-c21d139\/\">\n\t\t\t\t\t\t<span class=\"elementor-button-content-wrapper\">\n\t\t\t\t\t\t\t\t\t<span class=\"elementor-button-text\">BUNGALOWS BENIC\u00c0SSIM<\/span>\n\t\t\t\t\t<\/span>\n\t\t\t\t\t<\/a>\n\t\t\t\t<\/div>\n\t\t\t\t\t\t\t\t<\/div>\n\t\t\t\t<\/div>\n\t\t\t\t\t<\/div>\n\t\t<\/div>\n\t\t\t\t\t<\/div>\n\t\t<\/section>\n\t\t\t\t<\/div>\n\t\t","protected":false},"excerpt":{"rendered":"<p>La playa Els Terrers, ubicada en Benic\u00e0ssim, en la Comunidad Valenciana, es uno de los destinos m\u00e1s populares de la&#8230;<\/p>\n","protected":false},"author":6,"featured_media":3207,"comment_status":"open","ping_status":"open","sticky":false,"template":"","format":"standard","meta":{"footnotes":""},"categories":[18,105,66,161],"tags":[169],"class_list":["post-3163","post","type-post","status-publish","format-standard","has-post-thumbnail","hentry","category-benicasim","category-costa-azahar","category-playas","category-playas-benicassim","tag-no-template"],"yoast_head":"<!-- This site is optimized with the Yoast SEO plugin v27.5 - https:\/\/yoast.com\/product\/yoast-seo-wordpress\/ -->\n<title>La Playa Els Terrers, Benic\u00e0ssim - Blog turismo Orange Costa<\/title>\n<meta name=\"description\" content=\"Descubre la playa Els Terrers en Benic\u00e0ssim: arena fina, aguas tranquilas y servicios de todo tipo. \u00a1El destino perfecto para tus vacaciones!\" \/>\n<meta name=\"robots\" content=\"index, follow, max-snippet:-1, max-image-preview:large, max-video-preview:-1\" \/>\n<link rel=\"canonical\" href=\"https:\/\/www.orangecosta.com\/blog\/playa-els-terrers\/\" \/>\n<meta property=\"og:locale\" content=\"es_ES\" \/>\n<meta property=\"og:type\" content=\"article\" \/>\n<meta property=\"og:title\" content=\"La Playa Els Terrers, Benic\u00e0ssim - Blog turismo Orange Costa\" \/>\n<meta property=\"og:description\" content=\"Descubre la playa Els Terrers en Benic\u00e0ssim: arena fina, aguas tranquilas y servicios de todo tipo. \u00a1El destino perfecto para tus vacaciones!\" \/>\n<meta property=\"og:url\" content=\"https:\/\/www.orangecosta.com\/blog\/playa-els-terrers\/\" \/>\n<meta property=\"og:site_name\" content=\"Blog turismo Orange Costa\" \/>\n<meta property=\"article:published_time\" content=\"2024-06-14T11:49:44+00:00\" \/>\n<meta property=\"article:modified_time\" content=\"2026-03-12T12:03:29+00:00\" \/>\n<meta property=\"og:image\" content=\"https:\/\/www.orangecosta.com\/blog\/wp-content\/uploads\/2024\/06\/playa-els-terrers-benicassim-1.jpg\" \/>\n\t<meta property=\"og:image:width\" content=\"2121\" \/>\n\t<meta property=\"og:image:height\" content=\"707\" \/>\n\t<meta property=\"og:image:type\" content=\"image\/jpeg\" \/>\n<meta name=\"author\" content=\"Laura\" \/>\n<meta name=\"twitter:card\" content=\"summary_large_image\" \/>\n<meta name=\"twitter:label1\" content=\"Escrito por\" \/>\n\t<meta name=\"twitter:data1\" content=\"Laura\" \/>\n\t<meta name=\"twitter:label2\" content=\"Tiempo de lectura\" \/>\n\t<meta name=\"twitter:data2\" content=\"7 minutos\" \/>\n<script type=\"application\/ld+json\" class=\"yoast-schema-graph\">{\"@context\":\"https:\\\/\\\/schema.org\",\"@graph\":[{\"@type\":\"Article\",\"@id\":\"https:\\\/\\\/www.orangecosta.com\\\/blog\\\/playa-els-terrers\\\/#article\",\"isPartOf\":{\"@id\":\"https:\\\/\\\/www.orangecosta.com\\\/blog\\\/playa-els-terrers\\\/\"},\"author\":{\"name\":\"Laura\",\"@id\":\"https:\\\/\\\/www.orangecosta.com\\\/blog\\\/#\\\/schema\\\/person\\\/a7ca15a09bbee143432bcd80d4eda51b\"},\"headline\":\"Descubre el encanto de la playa Els Terrers\",\"datePublished\":\"2024-06-14T11:49:44+00:00\",\"dateModified\":\"2026-03-12T12:03:29+00:00\",\"mainEntityOfPage\":{\"@id\":\"https:\\\/\\\/www.orangecosta.com\\\/blog\\\/playa-els-terrers\\\/\"},\"wordCount\":1259,\"commentCount\":0,\"image\":{\"@id\":\"https:\\\/\\\/www.orangecosta.com\\\/blog\\\/playa-els-terrers\\\/#primaryimage\"},\"thumbnailUrl\":\"https:\\\/\\\/www.orangecosta.com\\\/blog\\\/wp-content\\\/uploads\\\/2024\\\/06\\\/playa-els-terrers-benicassim-1.jpg\",\"keywords\":[\"No template\"],\"articleSection\":[\"Benic\u00e1ssim\",\"Costa Azahar\",\"Playas\",\"Playas Benicassim\"],\"inLanguage\":\"es\",\"potentialAction\":[{\"@type\":\"CommentAction\",\"name\":\"Comment\",\"target\":[\"https:\\\/\\\/www.orangecosta.com\\\/blog\\\/playa-els-terrers\\\/#respond\"]}]},{\"@type\":\"WebPage\",\"@id\":\"https:\\\/\\\/www.orangecosta.com\\\/blog\\\/playa-els-terrers\\\/\",\"url\":\"https:\\\/\\\/www.orangecosta.com\\\/blog\\\/playa-els-terrers\\\/\",\"name\":\"La Playa Els Terrers, Benic\u00e0ssim - Blog turismo Orange Costa\",\"isPartOf\":{\"@id\":\"https:\\\/\\\/www.orangecosta.com\\\/blog\\\/#website\"},\"primaryImageOfPage\":{\"@id\":\"https:\\\/\\\/www.orangecosta.com\\\/blog\\\/playa-els-terrers\\\/#primaryimage\"},\"image\":{\"@id\":\"https:\\\/\\\/www.orangecosta.com\\\/blog\\\/playa-els-terrers\\\/#primaryimage\"},\"thumbnailUrl\":\"https:\\\/\\\/www.orangecosta.com\\\/blog\\\/wp-content\\\/uploads\\\/2024\\\/06\\\/playa-els-terrers-benicassim-1.jpg\",\"datePublished\":\"2024-06-14T11:49:44+00:00\",\"dateModified\":\"2026-03-12T12:03:29+00:00\",\"author\":{\"@id\":\"https:\\\/\\\/www.orangecosta.com\\\/blog\\\/#\\\/schema\\\/person\\\/a7ca15a09bbee143432bcd80d4eda51b\"},\"description\":\"Descubre la playa Els Terrers en Benic\u00e0ssim: arena fina, aguas tranquilas y servicios de todo tipo. \u00a1El destino perfecto para tus vacaciones!\",\"breadcrumb\":{\"@id\":\"https:\\\/\\\/www.orangecosta.com\\\/blog\\\/playa-els-terrers\\\/#breadcrumb\"},\"inLanguage\":\"es\",\"potentialAction\":[{\"@type\":\"ReadAction\",\"target\":[\"https:\\\/\\\/www.orangecosta.com\\\/blog\\\/playa-els-terrers\\\/\"]}]},{\"@type\":\"ImageObject\",\"inLanguage\":\"es\",\"@id\":\"https:\\\/\\\/www.orangecosta.com\\\/blog\\\/playa-els-terrers\\\/#primaryimage\",\"url\":\"https:\\\/\\\/www.orangecosta.com\\\/blog\\\/wp-content\\\/uploads\\\/2024\\\/06\\\/playa-els-terrers-benicassim-1.jpg\",\"contentUrl\":\"https:\\\/\\\/www.orangecosta.com\\\/blog\\\/wp-content\\\/uploads\\\/2024\\\/06\\\/playa-els-terrers-benicassim-1.jpg\",\"width\":2121,\"height\":707,\"caption\":\"playa els terrers benicassim\"},{\"@type\":\"BreadcrumbList\",\"@id\":\"https:\\\/\\\/www.orangecosta.com\\\/blog\\\/playa-els-terrers\\\/#breadcrumb\",\"itemListElement\":[{\"@type\":\"ListItem\",\"position\":1,\"name\":\"Home\",\"item\":\"https:\\\/\\\/www.orangecosta.com\\\/blog\\\/\"},{\"@type\":\"ListItem\",\"position\":2,\"name\":\"Descubre el encanto de la playa Els Terrers\"}]},{\"@type\":\"WebSite\",\"@id\":\"https:\\\/\\\/www.orangecosta.com\\\/blog\\\/#website\",\"url\":\"https:\\\/\\\/www.orangecosta.com\\\/blog\\\/\",\"name\":\"Blog turismo Orange Costa\",\"description\":\"Orangecosta\",\"potentialAction\":[{\"@type\":\"SearchAction\",\"target\":{\"@type\":\"EntryPoint\",\"urlTemplate\":\"https:\\\/\\\/www.orangecosta.com\\\/blog\\\/?s={search_term_string}\"},\"query-input\":{\"@type\":\"PropertyValueSpecification\",\"valueRequired\":true,\"valueName\":\"search_term_string\"}}],\"inLanguage\":\"es\"},{\"@type\":\"Person\",\"@id\":\"https:\\\/\\\/www.orangecosta.com\\\/blog\\\/#\\\/schema\\\/person\\\/a7ca15a09bbee143432bcd80d4eda51b\",\"name\":\"Laura\",\"image\":{\"@type\":\"ImageObject\",\"inLanguage\":\"es\",\"@id\":\"https:\\\/\\\/secure.gravatar.com\\\/avatar\\\/38b396224481eeb6edadb558d7e4a6d1ff1c8ba1e6abd3951e451527e107c96b?s=96&d=mm&r=g\",\"url\":\"https:\\\/\\\/secure.gravatar.com\\\/avatar\\\/38b396224481eeb6edadb558d7e4a6d1ff1c8ba1e6abd3951e451527e107c96b?s=96&d=mm&r=g\",\"contentUrl\":\"https:\\\/\\\/secure.gravatar.com\\\/avatar\\\/38b396224481eeb6edadb558d7e4a6d1ff1c8ba1e6abd3951e451527e107c96b?s=96&d=mm&r=g\",\"caption\":\"Laura\"},\"url\":\"https:\\\/\\\/www.orangecosta.com\\\/blog\\\/author\\\/laura\\\/\"}]}<\/script>\n<!-- \/ Yoast SEO plugin. -->","yoast_head_json":{"title":"La Playa Els Terrers, Benic\u00e0ssim - Blog turismo Orange Costa","description":"Descubre la playa Els Terrers en Benic\u00e0ssim: arena fina, aguas tranquilas y servicios de todo tipo. \u00a1El destino perfecto para tus vacaciones!","robots":{"index":"index","follow":"follow","max-snippet":"max-snippet:-1","max-image-preview":"max-image-preview:large","max-video-preview":"max-video-preview:-1"},"canonical":"https:\/\/www.orangecosta.com\/blog\/playa-els-terrers\/","og_locale":"es_ES","og_type":"article","og_title":"La Playa Els Terrers, Benic\u00e0ssim - Blog turismo Orange Costa","og_description":"Descubre la playa Els Terrers en Benic\u00e0ssim: arena fina, aguas tranquilas y servicios de todo tipo. \u00a1El destino perfecto para tus vacaciones!","og_url":"https:\/\/www.orangecosta.com\/blog\/playa-els-terrers\/","og_site_name":"Blog turismo Orange Costa","article_published_time":"2024-06-14T11:49:44+00:00","article_modified_time":"2026-03-12T12:03:29+00:00","og_image":[{"width":2121,"height":707,"url":"https:\/\/www.orangecosta.com\/blog\/wp-content\/uploads\/2024\/06\/playa-els-terrers-benicassim-1.jpg","type":"image\/jpeg"}],"author":"Laura","twitter_card":"summary_large_image","twitter_misc":{"Escrito por":"Laura","Tiempo de lectura":"7 minutos"},"schema":{"@context":"https:\/\/schema.org","@graph":[{"@type":"Article","@id":"https:\/\/www.orangecosta.com\/blog\/playa-els-terrers\/#article","isPartOf":{"@id":"https:\/\/www.orangecosta.com\/blog\/playa-els-terrers\/"},"author":{"name":"Laura","@id":"https:\/\/www.orangecosta.com\/blog\/#\/schema\/person\/a7ca15a09bbee143432bcd80d4eda51b"},"headline":"Descubre el encanto de la playa Els Terrers","datePublished":"2024-06-14T11:49:44+00:00","dateModified":"2026-03-12T12:03:29+00:00","mainEntityOfPage":{"@id":"https:\/\/www.orangecosta.com\/blog\/playa-els-terrers\/"},"wordCount":1259,"commentCount":0,"image":{"@id":"https:\/\/www.orangecosta.com\/blog\/playa-els-terrers\/#primaryimage"},"thumbnailUrl":"https:\/\/www.orangecosta.com\/blog\/wp-content\/uploads\/2024\/06\/playa-els-terrers-benicassim-1.jpg","keywords":["No template"],"articleSection":["Benic\u00e1ssim","Costa Azahar","Playas","Playas Benicassim"],"inLanguage":"es","potentialAction":[{"@type":"CommentAction","name":"Comment","target":["https:\/\/www.orangecosta.com\/blog\/playa-els-terrers\/#respond"]}]},{"@type":"WebPage","@id":"https:\/\/www.orangecosta.com\/blog\/playa-els-terrers\/","url":"https:\/\/www.orangecosta.com\/blog\/playa-els-terrers\/","name":"La Playa Els Terrers, Benic\u00e0ssim - Blog turismo Orange Costa","isPartOf":{"@id":"https:\/\/www.orangecosta.com\/blog\/#website"},"primaryImageOfPage":{"@id":"https:\/\/www.orangecosta.com\/blog\/playa-els-terrers\/#primaryimage"},"image":{"@id":"https:\/\/www.orangecosta.com\/blog\/playa-els-terrers\/#primaryimage"},"thumbnailUrl":"https:\/\/www.orangecosta.com\/blog\/wp-content\/uploads\/2024\/06\/playa-els-terrers-benicassim-1.jpg","datePublished":"2024-06-14T11:49:44+00:00","dateModified":"2026-03-12T12:03:29+00:00","author":{"@id":"https:\/\/www.orangecosta.com\/blog\/#\/schema\/person\/a7ca15a09bbee143432bcd80d4eda51b"},"description":"Descubre la playa Els Terrers en Benic\u00e0ssim: arena fina, aguas tranquilas y servicios de todo tipo. \u00a1El destino perfecto para tus vacaciones!","breadcrumb":{"@id":"https:\/\/www.orangecosta.com\/blog\/playa-els-terrers\/#breadcrumb"},"inLanguage":"es","potentialAction":[{"@type":"ReadAction","target":["https:\/\/www.orangecosta.com\/blog\/playa-els-terrers\/"]}]},{"@type":"ImageObject","inLanguage":"es","@id":"https:\/\/www.orangecosta.com\/blog\/playa-els-terrers\/#primaryimage","url":"https:\/\/www.orangecosta.com\/blog\/wp-content\/uploads\/2024\/06\/playa-els-terrers-benicassim-1.jpg","contentUrl":"https:\/\/www.orangecosta.com\/blog\/wp-content\/uploads\/2024\/06\/playa-els-terrers-benicassim-1.jpg","width":2121,"height":707,"caption":"playa els terrers benicassim"},{"@type":"BreadcrumbList","@id":"https:\/\/www.orangecosta.com\/blog\/playa-els-terrers\/#breadcrumb","itemListElement":[{"@type":"ListItem","position":1,"name":"Home","item":"https:\/\/www.orangecosta.com\/blog\/"},{"@type":"ListItem","position":2,"name":"Descubre el encanto de la playa Els Terrers"}]},{"@type":"WebSite","@id":"https:\/\/www.orangecosta.com\/blog\/#website","url":"https:\/\/www.orangecosta.com\/blog\/","name":"Blog turismo Orange Costa","description":"Orangecosta","potentialAction":[{"@type":"SearchAction","target":{"@type":"EntryPoint","urlTemplate":"https:\/\/www.orangecosta.com\/blog\/?s={search_term_string}"},"query-input":{"@type":"PropertyValueSpecification","valueRequired":true,"valueName":"search_term_string"}}],"inLanguage":"es"},{"@type":"Person","@id":"https:\/\/www.orangecosta.com\/blog\/#\/schema\/person\/a7ca15a09bbee143432bcd80d4eda51b","name":"Laura","image":{"@type":"ImageObject","inLanguage":"es","@id":"https:\/\/secure.gravatar.com\/avatar\/38b396224481eeb6edadb558d7e4a6d1ff1c8ba1e6abd3951e451527e107c96b?s=96&d=mm&r=g","url":"https:\/\/secure.gravatar.com\/avatar\/38b396224481eeb6edadb558d7e4a6d1ff1c8ba1e6abd3951e451527e107c96b?s=96&d=mm&r=g","contentUrl":"https:\/\/secure.gravatar.com\/avatar\/38b396224481eeb6edadb558d7e4a6d1ff1c8ba1e6abd3951e451527e107c96b?s=96&d=mm&r=g","caption":"Laura"},"url":"https:\/\/www.orangecosta.com\/blog\/author\/laura\/"}]}},"_links":{"self":[{"href":"https:\/\/www.orangecosta.com\/blog\/wp-json\/wp\/v2\/posts\/3163","targetHints":{"allow":["GET"]}}],"collection":[{"href":"https:\/\/www.orangecosta.com\/blog\/wp-json\/wp\/v2\/posts"}],"about":[{"href":"https:\/\/www.orangecosta.com\/blog\/wp-json\/wp\/v2\/types\/post"}],"author":[{"embeddable":true,"href":"https:\/\/www.orangecosta.com\/blog\/wp-json\/wp\/v2\/users\/6"}],"replies":[{"embeddable":true,"href":"https:\/\/www.orangecosta.com\/blog\/wp-json\/wp\/v2\/comments?post=3163"}],"version-history":[{"count":13,"href":"https:\/\/www.orangecosta.com\/blog\/wp-json\/wp\/v2\/posts\/3163\/revisions"}],"predecessor-version":[{"id":3244,"href":"https:\/\/www.orangecosta.com\/blog\/wp-json\/wp\/v2\/posts\/3163\/revisions\/3244"}],"wp:featuredmedia":[{"embeddable":true,"href":"https:\/\/www.orangecosta.com\/blog\/wp-json\/wp\/v2\/media\/3207"}],"wp:attachment":[{"href":"https:\/\/www.orangecosta.com\/blog\/wp-json\/wp\/v2\/media?parent=3163"}],"wp:term":[{"taxonomy":"category","embeddable":true,"href":"https:\/\/www.orangecosta.com\/blog\/wp-json\/wp\/v2\/categories?post=3163"},{"taxonomy":"post_tag","embeddable":true,"href":"https:\/\/www.orangecosta.com\/blog\/wp-json\/wp\/v2\/tags?post=3163"}],"curies":[{"name":"wp","href":"https:\/\/api.w.org\/{rel}","templated":true}]}}