{"id":2271,"date":"2024-01-02T15:34:36","date_gmt":"2024-01-02T15:34:36","guid":{"rendered":"https:\/\/www.orangecosta.com\/blog\/?p=2271"},"modified":"2026-03-12T12:04:39","modified_gmt":"2026-03-12T12:04:39","slug":"playa-del-serradal","status":"publish","type":"post","link":"https:\/\/www.orangecosta.com\/blog\/playa-del-serradal\/","title":{"rendered":"La Playa del Serradal en Alcossebre: un refugio natural en la Costa Azahar"},"content":{"rendered":"\t\t<div data-elementor-type=\"wp-post\" data-elementor-id=\"2271\" class=\"elementor elementor-2271\" data-elementor-post-type=\"post\">\n\t\t\t\t\t\t<section class=\"elementor-section elementor-top-section elementor-element elementor-element-27b4492 elementor-section-boxed elementor-section-height-default elementor-section-height-default\" data-id=\"27b4492\" data-element_type=\"section\" data-e-type=\"section\">\n\t\t\t\t\t\t<div class=\"elementor-container elementor-column-gap-default\">\n\t\t\t\t\t<div class=\"elementor-column elementor-col-100 elementor-top-column elementor-element elementor-element-7e86075\" data-id=\"7e86075\" data-element_type=\"column\" data-e-type=\"column\">\n\t\t\t<div class=\"elementor-widget-wrap elementor-element-populated\">\n\t\t\t\t\t\t<div class=\"elementor-element elementor-element-136a7322 elementor-widget elementor-widget-text-editor\" data-id=\"136a7322\" data-element_type=\"widget\" data-e-type=\"widget\" data-widget_type=\"text-editor.default\">\n\t\t\t\t<div class=\"elementor-widget-container\">\n\t\t\t\t\t\t\t\t\t<p>La <strong>Playa del Serrada<\/strong>, una zona costera de <strong>Alcossebre<\/strong> ba\u00f1ada por las aguas del Mar Mediterr\u00e1neo, destaca por su arena dorada y su ambiente tranquilo, lo que hacen de esta playa un destino ideal para escapar de las aglomeraciones. Esta playa, muy concurrida en los meses de verano,<span style=\"background-color: transparent;\">\u00a0tiene una extensi\u00f3n de 1600 metros y una anchura de aproximadamente 60 metros y destaca por conservar su estado m\u00e1s puro y salvaje.<\/span><\/p>\t\t\t\t\t\t\t\t<\/div>\n\t\t\t\t<\/div>\n\t\t\t\t\t<\/div>\n\t\t<\/div>\n\t\t\t\t\t<\/div>\n\t\t<\/section>\n\t\t\t\t<section class=\"elementor-section elementor-top-section elementor-element elementor-element-10694f84 elementor-section-boxed elementor-section-height-default elementor-section-height-default\" data-id=\"10694f84\" data-element_type=\"section\" data-e-type=\"section\">\n\t\t\t\t\t\t<div class=\"elementor-container elementor-column-gap-default\">\n\t\t\t\t\t<div class=\"elementor-column elementor-col-100 elementor-top-column elementor-element elementor-element-2c004852\" data-id=\"2c004852\" data-element_type=\"column\" data-e-type=\"column\">\n\t\t\t<div class=\"elementor-widget-wrap elementor-element-populated\">\n\t\t\t\t\t\t<div class=\"elementor-element elementor-element-659ced05 elementor-widget elementor-widget-table-of-contents\" data-id=\"659ced05\" data-element_type=\"widget\" data-e-type=\"widget\" data-settings=\"{&quot;headings_by_tags&quot;:[&quot;h2&quot;],&quot;exclude_headings_by_selector&quot;:[],&quot;marker_view&quot;:&quot;bullets&quot;,&quot;icon&quot;:{&quot;value&quot;:&quot;&quot;,&quot;library&quot;:&quot;&quot;},&quot;no_headings_message&quot;:&quot;No se ha encontrado ning\\u00fan encabezado en esta p\\u00e1gina.&quot;,&quot;hierarchical_view&quot;:&quot;yes&quot;,&quot;min_height&quot;:{&quot;unit&quot;:&quot;px&quot;,&quot;size&quot;:&quot;&quot;,&quot;sizes&quot;:[]},&quot;min_height_tablet&quot;:{&quot;unit&quot;:&quot;px&quot;,&quot;size&quot;:&quot;&quot;,&quot;sizes&quot;:[]},&quot;min_height_mobile&quot;:{&quot;unit&quot;:&quot;px&quot;,&quot;size&quot;:&quot;&quot;,&quot;sizes&quot;:[]}}\" data-widget_type=\"table-of-contents.default\">\n\t\t\t\t<div class=\"elementor-widget-container\">\n\t\t\t\t\t\t\t\t\t<div class=\"elementor-toc__header\">\n\t\t\t\t\t\t<div class=\"elementor-toc__header-title\">\n\t\t\t\t\u00cdNDICE\t\t\t<\/div>\n\t\t\t\t\t\t\t\t<\/div>\n\t\t\t\t<div id=\"elementor-toc__659ced05\" class=\"elementor-toc__body\">\n\t\t\t<div class=\"elementor-toc__spinner-container\">\n\t\t\t\t<i class=\"elementor-toc__spinner eicon-animation-spin eicon-loading\" aria-hidden=\"true\"><\/i>\t\t\t<\/div>\n\t\t<\/div>\n\t\t\t\t\t\t<\/div>\n\t\t\t\t<\/div>\n\t\t\t\t\t<\/div>\n\t\t<\/div>\n\t\t\t\t\t<\/div>\n\t\t<\/section>\n\t\t\t\t<section class=\"elementor-section elementor-top-section elementor-element elementor-element-eabb0c1 elementor-section-boxed elementor-section-height-default elementor-section-height-default\" data-id=\"eabb0c1\" data-element_type=\"section\" data-e-type=\"section\">\n\t\t\t\t\t\t<div class=\"elementor-container elementor-column-gap-default\">\n\t\t\t\t\t<div class=\"elementor-column elementor-col-100 elementor-top-column elementor-element elementor-element-c326afa\" data-id=\"c326afa\" data-element_type=\"column\" data-e-type=\"column\">\n\t\t\t<div class=\"elementor-widget-wrap elementor-element-populated\">\n\t\t\t\t\t\t<div class=\"elementor-element elementor-element-ed202d8 elementor-widget elementor-widget-heading\" data-id=\"ed202d8\" data-element_type=\"widget\" data-e-type=\"widget\" data-widget_type=\"heading.default\">\n\t\t\t\t<div class=\"elementor-widget-container\">\n\t\t\t\t\t<h2 class=\"elementor-heading-title elementor-size-default\">Explorando la  playa del Serradal y sus encantos naturales<\/h2>\t\t\t\t<\/div>\n\t\t\t\t<\/div>\n\t\t\t\t\t<\/div>\n\t\t<\/div>\n\t\t\t\t\t<\/div>\n\t\t<\/section>\n\t\t\t\t<section class=\"elementor-section elementor-top-section elementor-element elementor-element-5c007bd elementor-section-boxed elementor-section-height-default elementor-section-height-default\" data-id=\"5c007bd\" data-element_type=\"section\" data-e-type=\"section\">\n\t\t\t\t\t\t<div class=\"elementor-container elementor-column-gap-default\">\n\t\t\t\t\t<div class=\"elementor-column elementor-col-50 elementor-top-column elementor-element elementor-element-8db98d4\" data-id=\"8db98d4\" data-element_type=\"column\" data-e-type=\"column\">\n\t\t\t<div class=\"elementor-widget-wrap elementor-element-populated\">\n\t\t\t\t\t\t<div class=\"elementor-element elementor-element-5865eeb elementor-widget elementor-widget-text-editor\" data-id=\"5865eeb\" data-element_type=\"widget\" data-e-type=\"widget\" data-widget_type=\"text-editor.default\">\n\t\t\t\t<div class=\"elementor-widget-container\">\n\t\t\t\t\t\t\t\t\t<p>La Platja del Serradal, como se dir\u00eda en valenciano, va m\u00e1s all\u00e1 de ser un lugar para disfrutar del sol y el mar. Aqu\u00ed, los visitantes pueden explorar la belleza natural de la zona mientras caminan por el paseo mar\u00edtimo que incluye un carril bici, lo que hace de esta playa un espacio seguro y agradable para ciclistas y peatones por igual. Este paseo se ha convertido en un sitio popular tanto en verano como en invierno, ya que atrae a entusiastas del ciclismo del, patinaje y del <em>running<\/em>.<\/p><p>La preservaci\u00f3n de sus dunas crea un h\u00e1bitat valioso para diversas especies de aves y la vegetaci\u00f3n aut\u00f3ctona que prospera en esta \u00e1rea de protecci\u00f3n agrega un toque natural y ecol\u00f3gico al entorno playero, haciendo de la Playa del Serradal un refugio tanto para los amantes de la playa como para los amantes de la naturaleza.<\/p>\t\t\t\t\t\t\t\t<\/div>\n\t\t\t\t<\/div>\n\t\t\t\t\t<\/div>\n\t\t<\/div>\n\t\t\t\t<div class=\"elementor-column elementor-col-50 elementor-top-column elementor-element elementor-element-dfaab52\" data-id=\"dfaab52\" data-element_type=\"column\" data-e-type=\"column\">\n\t\t\t<div class=\"elementor-widget-wrap elementor-element-populated\">\n\t\t\t\t\t\t<div class=\"elementor-element elementor-element-177aef2 elementor-widget elementor-widget-google_maps\" data-id=\"177aef2\" data-element_type=\"widget\" data-e-type=\"widget\" data-widget_type=\"google_maps.default\">\n\t\t\t\t<div class=\"elementor-widget-container\">\n\t\t\t\t\t\t\t<div class=\"elementor-custom-embed\">\n\t\t\t<iframe loading=\"lazy\"\n\t\t\t\t\tsrc=\"https:\/\/maps.google.com\/maps?q=playa%20del%20serradal%20alcossebre&#038;t=m&#038;z=10&#038;output=embed&#038;iwloc=near\"\n\t\t\t\t\ttitle=\"playa del serradal alcossebre\"\n\t\t\t\t\taria-label=\"playa del serradal alcossebre\"\n\t\t\t><\/iframe>\n\t\t<\/div>\n\t\t\t\t\t\t<\/div>\n\t\t\t\t<\/div>\n\t\t\t\t\t<\/div>\n\t\t<\/div>\n\t\t\t\t\t<\/div>\n\t\t<\/section>\n\t\t\t\t<section class=\"elementor-section elementor-top-section elementor-element elementor-element-be4846b elementor-section-boxed elementor-section-height-default elementor-section-height-default\" data-id=\"be4846b\" data-element_type=\"section\" data-e-type=\"section\">\n\t\t\t\t\t\t<div class=\"elementor-container elementor-column-gap-default\">\n\t\t\t\t\t<div class=\"elementor-column elementor-col-100 elementor-top-column elementor-element elementor-element-ce9fb74\" data-id=\"ce9fb74\" data-element_type=\"column\" data-e-type=\"column\">\n\t\t\t<div class=\"elementor-widget-wrap elementor-element-populated\">\n\t\t\t\t\t\t<div class=\"elementor-element elementor-element-d17b74d elementor-widget elementor-widget-heading\" data-id=\"d17b74d\" data-element_type=\"widget\" data-e-type=\"widget\" data-widget_type=\"heading.default\">\n\t\t\t\t<div class=\"elementor-widget-container\">\n\t\t\t\t\t<h2 class=\"elementor-heading-title elementor-size-default\">Caracter\u00edsticas \u00fanicas de la playa del Serradal, Alcossebre<\/h2>\t\t\t\t<\/div>\n\t\t\t\t<\/div>\n\t\t\t\t\t<\/div>\n\t\t<\/div>\n\t\t\t\t\t<\/div>\n\t\t<\/section>\n\t\t\t\t<section class=\"elementor-section elementor-top-section elementor-element elementor-element-cdeaab2 elementor-section-boxed elementor-section-height-default elementor-section-height-default\" data-id=\"cdeaab2\" data-element_type=\"section\" data-e-type=\"section\">\n\t\t\t\t\t\t<div class=\"elementor-container elementor-column-gap-default\">\n\t\t\t\t\t<div class=\"elementor-column elementor-col-50 elementor-top-column elementor-element elementor-element-d801c97\" data-id=\"d801c97\" data-element_type=\"column\" data-e-type=\"column\">\n\t\t\t<div class=\"elementor-widget-wrap elementor-element-populated\">\n\t\t\t\t\t\t<div class=\"elementor-element elementor-element-6b56a2b elementor-view-default elementor-widget elementor-widget-icon\" data-id=\"6b56a2b\" data-element_type=\"widget\" data-e-type=\"widget\" data-widget_type=\"icon.default\">\n\t\t\t\t<div class=\"elementor-widget-container\">\n\t\t\t\t\t\t\t<div class=\"elementor-icon-wrapper\">\n\t\t\t<div class=\"elementor-icon\">\n\t\t\t<i aria-hidden=\"true\" class=\"fas fa-smoking-ban\"><\/i>\t\t\t<\/div>\n\t\t<\/div>\n\t\t\t\t\t\t<\/div>\n\t\t\t\t<\/div>\n\t\t\t\t<div class=\"elementor-element elementor-element-33e9e0e elementor-widget elementor-widget-heading\" data-id=\"33e9e0e\" data-element_type=\"widget\" data-e-type=\"widget\" data-widget_type=\"heading.default\">\n\t\t\t\t<div class=\"elementor-widget-container\">\n\t\t\t\t\t<h3 class=\"elementor-heading-title elementor-size-default\">Playa sin humo: un compromiso con la salud y la sostenibilidad<\/h3>\t\t\t\t<\/div>\n\t\t\t\t<\/div>\n\t\t\t\t<div class=\"elementor-element elementor-element-5b17e4c elementor-widget elementor-widget-text-editor\" data-id=\"5b17e4c\" data-element_type=\"widget\" data-e-type=\"widget\" data-widget_type=\"text-editor.default\">\n\t\t\t\t<div class=\"elementor-widget-container\">\n\t\t\t\t\t\t\t\t\t<p>El compromiso de Castell\u00f3 con la salud y la sostenibilidad se refleja en la Playa del Serradal, que ha sido designada como una playa sin humo. Esta iniciativa, parte de la red de playas sin humo de la Comunitat Valenciana, la cual busca proteger a los ba\u00f1istas de los efectos nocivos del humo del tabaco y fomentar un entorno m\u00e1s saludable.<\/p><p>Este paso hacia un entorno sin tabaco no solo protege la salud de los visitantes, sino que tambi\u00e9n contribuye a la preservaci\u00f3n del patrimonio natural y la biodiversidad de Serradal.<\/p>\t\t\t\t\t\t\t\t<\/div>\n\t\t\t\t<\/div>\n\t\t\t\t\t<\/div>\n\t\t<\/div>\n\t\t\t\t<div class=\"elementor-column elementor-col-50 elementor-top-column elementor-element elementor-element-318ef1b\" data-id=\"318ef1b\" data-element_type=\"column\" data-e-type=\"column\">\n\t\t\t<div class=\"elementor-widget-wrap elementor-element-populated\">\n\t\t\t\t\t\t<div class=\"elementor-element elementor-element-e7868e4 elementor-view-default elementor-widget elementor-widget-icon\" data-id=\"e7868e4\" data-element_type=\"widget\" data-e-type=\"widget\" data-widget_type=\"icon.default\">\n\t\t\t\t<div class=\"elementor-widget-container\">\n\t\t\t\t\t\t\t<div class=\"elementor-icon-wrapper\">\n\t\t\t<div class=\"elementor-icon\">\n\t\t\t<i aria-hidden=\"true\" class=\"fas fa-flag\"><\/i>\t\t\t<\/div>\n\t\t<\/div>\n\t\t\t\t\t\t<\/div>\n\t\t\t\t<\/div>\n\t\t\t\t<div class=\"elementor-element elementor-element-fb0b97f elementor-widget elementor-widget-heading\" data-id=\"fb0b97f\" data-element_type=\"widget\" data-e-type=\"widget\" data-widget_type=\"heading.default\">\n\t\t\t\t<div class=\"elementor-widget-container\">\n\t\t\t\t\t<h3 class=\"elementor-heading-title elementor-size-default\">Bandera Azul: reconocimiento a la calidad tur\u00edstica<\/h3>\t\t\t\t<\/div>\n\t\t\t\t<\/div>\n\t\t\t\t<div class=\"elementor-element elementor-element-da207b4 elementor-widget elementor-widget-text-editor\" data-id=\"da207b4\" data-element_type=\"widget\" data-e-type=\"widget\" data-widget_type=\"text-editor.default\">\n\t\t\t\t<div class=\"elementor-widget-container\">\n\t\t\t\t\t\t\t\t\t<p>En 2019, la Playa del Serradal recibi\u00f3 el galard\u00f3n de Bandera Azul, un reconocimiento a la calidad de su entorno tur\u00edstico. Esta distinci\u00f3n destaca la belleza natural de la playa y la gesti\u00f3n responsable de sus recursos y servicios.<\/p><p>La Bandera Azul es un s\u00edmbolo de compromiso con la limpieza, la seguridad y la sostenibilidad, elementos fundamentales para ofrecer a quienes la visitan, una experiencia costera inigualable.<\/p>\t\t\t\t\t\t\t\t<\/div>\n\t\t\t\t<\/div>\n\t\t\t\t\t<\/div>\n\t\t<\/div>\n\t\t\t\t\t<\/div>\n\t\t<\/section>\n\t\t\t\t<section class=\"elementor-section elementor-top-section elementor-element elementor-element-b572c7e elementor-section-boxed elementor-section-height-default elementor-section-height-default\" data-id=\"b572c7e\" data-element_type=\"section\" data-e-type=\"section\">\n\t\t\t\t\t\t<div class=\"elementor-container elementor-column-gap-default\">\n\t\t\t\t\t<div class=\"elementor-column elementor-col-50 elementor-top-column elementor-element elementor-element-19389d9\" data-id=\"19389d9\" data-element_type=\"column\" data-e-type=\"column\">\n\t\t\t<div class=\"elementor-widget-wrap elementor-element-populated\">\n\t\t\t\t\t\t<div class=\"elementor-element elementor-element-b4a806c elementor-view-default elementor-widget elementor-widget-icon\" data-id=\"b4a806c\" data-element_type=\"widget\" data-e-type=\"widget\" data-widget_type=\"icon.default\">\n\t\t\t\t<div class=\"elementor-widget-container\">\n\t\t\t\t\t\t\t<div class=\"elementor-icon-wrapper\">\n\t\t\t<div class=\"elementor-icon\">\n\t\t\t<i aria-hidden=\"true\" class=\"fas fa-leaf\"><\/i>\t\t\t<\/div>\n\t\t<\/div>\n\t\t\t\t\t\t<\/div>\n\t\t\t\t<\/div>\n\t\t\t\t<div class=\"elementor-element elementor-element-244aafa elementor-widget elementor-widget-heading\" data-id=\"244aafa\" data-element_type=\"widget\" data-e-type=\"widget\" data-widget_type=\"heading.default\">\n\t\t\t\t<div class=\"elementor-widget-container\">\n\t\t\t\t\t<h3 class=\"elementor-heading-title elementor-size-default\">Conservaci\u00f3n y catalogaci\u00f3n como microrreserva de flora<\/h3>\t\t\t\t<\/div>\n\t\t\t\t<\/div>\n\t\t\t\t<div class=\"elementor-element elementor-element-4d6b4c9 elementor-widget elementor-widget-text-editor\" data-id=\"4d6b4c9\" data-element_type=\"widget\" data-e-type=\"widget\" data-widget_type=\"text-editor.default\">\n\t\t\t\t<div class=\"elementor-widget-container\">\n\t\t\t\t\t\t\t\t\t<p><span style=\"background-color: transparent;\">El pasado 2019, la Conseller\u00eda de Transici\u00f3n Ecol\u00f3gica catalog\u00f3\u00a0<\/span>La Playa del Serradal como microrreserva de flora. Esta designaci\u00f3n resalta la importancia de la playa en la conservaci\u00f3n de especies bot\u00e1nicas raras, end\u00e9micas o amenazadas. La declaraci\u00f3n como microrreserva ha llevado consigo un plan de gesti\u00f3n integral que incluye medidas para preservar y mejorar el entorno de las dunas.<\/p><p>Las condiciones del terreno, junto con la desembocadura del r\u00edo Sec, hace que biodiversidad de esta playa sea digna de visitar, de modo que no es de extra\u00f1ar que se creen regulaciones para mantener este h\u00e1bitat lo m\u00e1s ciudado posible.\u00a0<\/p>\t\t\t\t\t\t\t\t<\/div>\n\t\t\t\t<\/div>\n\t\t\t\t\t<\/div>\n\t\t<\/div>\n\t\t\t\t<div class=\"elementor-column elementor-col-50 elementor-top-column elementor-element elementor-element-0548fd3\" data-id=\"0548fd3\" data-element_type=\"column\" data-e-type=\"column\">\n\t\t\t<div class=\"elementor-widget-wrap elementor-element-populated\">\n\t\t\t\t\t\t<div class=\"elementor-element elementor-element-b7ca1a9 elementor-view-default elementor-widget elementor-widget-icon\" data-id=\"b7ca1a9\" data-element_type=\"widget\" data-e-type=\"widget\" data-widget_type=\"icon.default\">\n\t\t\t\t<div class=\"elementor-widget-container\">\n\t\t\t\t\t\t\t<div class=\"elementor-icon-wrapper\">\n\t\t\t<div class=\"elementor-icon\">\n\t\t\t<i aria-hidden=\"true\" class=\"fas fa-dog\"><\/i>\t\t\t<\/div>\n\t\t<\/div>\n\t\t\t\t\t\t<\/div>\n\t\t\t\t<\/div>\n\t\t\t\t<div class=\"elementor-element elementor-element-96c6194 elementor-widget elementor-widget-heading\" data-id=\"96c6194\" data-element_type=\"widget\" data-e-type=\"widget\" data-widget_type=\"heading.default\">\n\t\t\t\t<div class=\"elementor-widget-container\">\n\t\t\t\t\t<h3 class=\"elementor-heading-title elementor-size-default\">La Playa del Serradal, una playa para  perros<\/h3>\t\t\t\t<\/div>\n\t\t\t\t<\/div>\n\t\t\t\t<div class=\"elementor-element elementor-element-6daa216 elementor-widget elementor-widget-text-editor\" data-id=\"6daa216\" data-element_type=\"widget\" data-e-type=\"widget\" data-widget_type=\"text-editor.default\">\n\t\t\t\t<div class=\"elementor-widget-container\">\n\t\t\t\t\t\t\t\t\t<p>La Playa del Serradal tambi\u00e9n es un para\u00edso costero que ofrece una experiencia \u00fanica para nuestros amigos de cuatro patas. Situada en un entorno natural impresionante, esta playa permite a los perros disfrutar de la arena suave y el agua refrescante mientras socializan con otros caninos.\u00a0<\/p><p>Con su extenso espacio, sus aguas limpias y su ubicaci\u00f3n geogr\u00e1fica alejada de la gran ciudad, la Playa del Serradal brinda a los due\u00f1os de mascotas la oportunidad de relajarse mientras observan a sus amigos peludos corretear y jugar sin restricciones. Adem\u00e1s, la atm\u00f3sfera amigable y respetuosa crea un ambiente perfecto para que los perros se diviertan en total libertad, haciendo de esta playa un destino id\u00f3neo para aquellos que desean compartir momentos inolvidables con sus fieles compa\u00f1eros.<\/p>\t\t\t\t\t\t\t\t<\/div>\n\t\t\t\t<\/div>\n\t\t\t\t\t<\/div>\n\t\t<\/div>\n\t\t\t\t\t<\/div>\n\t\t<\/section>\n\t\t\t\t<section class=\"elementor-section elementor-top-section elementor-element elementor-element-0198c53 elementor-section-boxed elementor-section-height-default elementor-section-height-default\" data-id=\"0198c53\" data-element_type=\"section\" data-e-type=\"section\">\n\t\t\t\t\t\t<div class=\"elementor-container elementor-column-gap-default\">\n\t\t\t\t\t<div class=\"elementor-column elementor-col-100 elementor-top-column elementor-element elementor-element-f494368\" data-id=\"f494368\" data-element_type=\"column\" data-e-type=\"column\">\n\t\t\t<div class=\"elementor-widget-wrap elementor-element-populated\">\n\t\t\t\t\t\t<div class=\"elementor-element elementor-element-e0e9a0f elementor-widget elementor-widget-image\" data-id=\"e0e9a0f\" data-element_type=\"widget\" data-e-type=\"widget\" data-widget_type=\"image.default\">\n\t\t\t\t<div class=\"elementor-widget-container\">\n\t\t\t\t\t\t\t\t\t\t\t\t\t\t\t<img fetchpriority=\"high\" decoding=\"async\" width=\"1200\" height=\"675\" src=\"https:\/\/www.orangecosta.com\/blog\/wp-content\/uploads\/2024\/01\/playa-perros-alcossebre.jpg\" class=\"attachment-full size-full wp-image-2286\" alt=\"playa-perros-alcossebre\" srcset=\"https:\/\/www.orangecosta.com\/blog\/wp-content\/uploads\/2024\/01\/playa-perros-alcossebre.jpg 1200w, https:\/\/www.orangecosta.com\/blog\/wp-content\/uploads\/2024\/01\/playa-perros-alcossebre-768x432.jpg 768w\" sizes=\"(max-width: 1200px) 100vw, 1200px\" \/>\t\t\t\t\t\t\t\t\t\t\t\t\t\t\t<\/div>\n\t\t\t\t<\/div>\n\t\t\t\t\t<\/div>\n\t\t<\/div>\n\t\t\t\t\t<\/div>\n\t\t<\/section>\n\t\t\t\t<section class=\"elementor-section elementor-top-section elementor-element elementor-element-64dd1c8 elementor-section-boxed elementor-section-height-default elementor-section-height-default\" data-id=\"64dd1c8\" data-element_type=\"section\" data-e-type=\"section\">\n\t\t\t\t\t\t<div class=\"elementor-container elementor-column-gap-default\">\n\t\t\t\t\t<div class=\"elementor-column elementor-col-100 elementor-top-column elementor-element elementor-element-36ef687\" data-id=\"36ef687\" data-element_type=\"column\" data-e-type=\"column\">\n\t\t\t<div class=\"elementor-widget-wrap elementor-element-populated\">\n\t\t\t\t\t\t<div class=\"elementor-element elementor-element-4e95b83 elementor-widget elementor-widget-heading\" data-id=\"4e95b83\" data-element_type=\"widget\" data-e-type=\"widget\" data-widget_type=\"heading.default\">\n\t\t\t\t<div class=\"elementor-widget-container\">\n\t\t\t\t\t<h2 class=\"elementor-heading-title elementor-size-default\">Tiempo en la Playa del Serradal de Alcossebre<\/h2>\t\t\t\t<\/div>\n\t\t\t\t<\/div>\n\t\t\t\t\t<\/div>\n\t\t<\/div>\n\t\t\t\t\t<\/div>\n\t\t<\/section>\n\t\t\t\t<section class=\"elementor-section elementor-top-section elementor-element elementor-element-60381fa elementor-section-boxed elementor-section-height-default elementor-section-height-default\" data-id=\"60381fa\" data-element_type=\"section\" data-e-type=\"section\">\n\t\t\t\t\t\t<div class=\"elementor-container elementor-column-gap-default\">\n\t\t\t\t\t<div class=\"elementor-column elementor-col-100 elementor-top-column elementor-element elementor-element-d4074ac\" data-id=\"d4074ac\" data-element_type=\"column\" data-e-type=\"column\">\n\t\t\t<div class=\"elementor-widget-wrap elementor-element-populated\">\n\t\t\t\t\t\t<div class=\"elementor-element elementor-element-7d57999 elementor-widget elementor-widget-text-editor\" data-id=\"7d57999\" data-element_type=\"widget\" data-e-type=\"widget\" data-widget_type=\"text-editor.default\">\n\t\t\t\t<div class=\"elementor-widget-container\">\n\t\t\t\t\t\t\t\t\t<p>Con m\u00e1s de 300 d\u00edas de sol al a\u00f1o, la Playa del Serradal en la Costa Azahar cuenta con un clima mediterr\u00e1neo excepcional. En primavera y a principios de oto\u00f1o las temperaturas son suaves, rondando los 25 \u00baC. Menos gente, pero el mismo encanto. Sin embargo, independientemente de la temporada, la Playa del Serradal mantiene su encanto inigualable durante todo el a\u00f1o.\u00a0<\/p>\t\t\t\t\t\t\t\t<\/div>\n\t\t\t\t<\/div>\n\t\t\t\t\t<\/div>\n\t\t<\/div>\n\t\t\t\t\t<\/div>\n\t\t<\/section>\n\t\t\t\t<section class=\"elementor-section elementor-top-section elementor-element elementor-element-60a7df1 elementor-section-boxed elementor-section-height-default elementor-section-height-default\" data-id=\"60a7df1\" data-element_type=\"section\" data-e-type=\"section\">\n\t\t\t\t\t\t<div class=\"elementor-container elementor-column-gap-default\">\n\t\t\t\t\t<div class=\"elementor-column elementor-col-100 elementor-top-column elementor-element elementor-element-92ffb05\" data-id=\"92ffb05\" data-element_type=\"column\" data-e-type=\"column\">\n\t\t\t<div class=\"elementor-widget-wrap elementor-element-populated\">\n\t\t\t\t\t\t<div class=\"elementor-element elementor-element-1e470bd elementor-widget elementor-widget-heading\" data-id=\"1e470bd\" data-element_type=\"widget\" data-e-type=\"widget\" data-widget_type=\"heading.default\">\n\t\t\t\t<div class=\"elementor-widget-container\">\n\t\t\t\t\t<h2 class=\"elementor-heading-title elementor-size-default\">Sabores para disfrutar cerca de la playa<\/h2>\t\t\t\t<\/div>\n\t\t\t\t<\/div>\n\t\t\t\t<div class=\"elementor-element elementor-element-b753f88 elementor-widget elementor-widget-text-editor\" data-id=\"b753f88\" data-element_type=\"widget\" data-e-type=\"widget\" data-widget_type=\"text-editor.default\">\n\t\t\t\t<div class=\"elementor-widget-container\">\n\t\t\t\t\t\t\t\t\t<p>La proximidad de la Playa Serradal al Grao de Castell\u00f3 y a Benic\u00e0ssim es una excelente oportunidad para explorar la rica gastronom\u00eda local. Despu\u00e9s de un d\u00eda bajo el sol, se puede llegar f\u00e1cilmente a los restaurantes y servicios de ambas poblaciones para deleitarse con los aut\u00e9nticos sabores mediterr\u00e1neos.<\/p><p>Podr\u00e1s disfrutar de deliciosos platos elaborados con ingredientes frescos y locales. Desde pescado y mariscos hasta platos tradicionales de la regi\u00f3n como el arroz <em>rossejat<\/em>, los langostinos de Vinaroz o un buen <em>suquet de peix<\/em>. Adem\u00e1s, la variedad y calidad de la oferta culinaria no se limitan solo a los platos principales, sino que tambi\u00e9n podr\u00e1s degustar unas ricas <em>manj\u00f3venes<\/em> o un trozo de <em>coca de llanda<\/em>.<\/p>\t\t\t\t\t\t\t\t<\/div>\n\t\t\t\t<\/div>\n\t\t\t\t\t<\/div>\n\t\t<\/div>\n\t\t\t\t\t<\/div>\n\t\t<\/section>\n\t\t\t\t<section class=\"elementor-section elementor-top-section elementor-element elementor-element-d7df1ae elementor-section-boxed elementor-section-height-default elementor-section-height-default\" data-id=\"d7df1ae\" data-element_type=\"section\" data-e-type=\"section\">\n\t\t\t\t\t\t<div class=\"elementor-container elementor-column-gap-default\">\n\t\t\t\t\t<div class=\"elementor-column elementor-col-100 elementor-top-column elementor-element elementor-element-b9effdc\" data-id=\"b9effdc\" data-element_type=\"column\" data-e-type=\"column\">\n\t\t\t<div class=\"elementor-widget-wrap elementor-element-populated\">\n\t\t\t\t\t\t<div class=\"elementor-element elementor-element-7288213 elementor-widget elementor-widget-image\" data-id=\"7288213\" data-element_type=\"widget\" data-e-type=\"widget\" data-widget_type=\"image.default\">\n\t\t\t\t<div class=\"elementor-widget-container\">\n\t\t\t\t\t\t\t\t\t\t\t\t\t\t\t<img decoding=\"async\" width=\"2560\" height=\"1096\" src=\"https:\/\/www.orangecosta.com\/blog\/wp-content\/uploads\/2024\/01\/PLaya-natural-alcossebre-scaled-e1705397263407.webp\" class=\"attachment-full size-full wp-image-2289\" alt=\"PLaya-natural-alcossebre\" srcset=\"https:\/\/www.orangecosta.com\/blog\/wp-content\/uploads\/2024\/01\/PLaya-natural-alcossebre-scaled-e1705397263407.webp 2560w, https:\/\/www.orangecosta.com\/blog\/wp-content\/uploads\/2024\/01\/PLaya-natural-alcossebre-scaled-e1705397263407-768x329.webp 768w, https:\/\/www.orangecosta.com\/blog\/wp-content\/uploads\/2024\/01\/PLaya-natural-alcossebre-scaled-e1705397263407-1536x658.webp 1536w, https:\/\/www.orangecosta.com\/blog\/wp-content\/uploads\/2024\/01\/PLaya-natural-alcossebre-scaled-e1705397263407-2048x877.webp 2048w\" sizes=\"(max-width: 2560px) 100vw, 2560px\" \/>\t\t\t\t\t\t\t\t\t\t\t\t\t\t\t<\/div>\n\t\t\t\t<\/div>\n\t\t\t\t\t<\/div>\n\t\t<\/div>\n\t\t\t\t\t<\/div>\n\t\t<\/section>\n\t\t\t\t<section class=\"elementor-section elementor-top-section elementor-element elementor-element-755ae3a elementor-section-boxed elementor-section-height-default elementor-section-height-default\" data-id=\"755ae3a\" data-element_type=\"section\" data-e-type=\"section\">\n\t\t\t\t\t\t<div class=\"elementor-container elementor-column-gap-default\">\n\t\t\t\t\t<div class=\"elementor-column elementor-col-100 elementor-top-column elementor-element elementor-element-ee086ee\" data-id=\"ee086ee\" data-element_type=\"column\" data-e-type=\"column\">\n\t\t\t<div class=\"elementor-widget-wrap elementor-element-populated\">\n\t\t\t\t\t\t<div class=\"elementor-element elementor-element-e968f2e elementor-widget elementor-widget-heading\" data-id=\"e968f2e\" data-element_type=\"widget\" data-e-type=\"widget\" data-widget_type=\"heading.default\">\n\t\t\t\t<div class=\"elementor-widget-container\">\n\t\t\t\t\t<h2 class=\"elementor-heading-title elementor-size-default\">Evitando confusiones: Playa del Serradal de Castell\u00f3n y Alcossebre<\/h2>\t\t\t\t<\/div>\n\t\t\t\t<\/div>\n\t\t\t\t<div class=\"elementor-element elementor-element-7d97305 elementor-widget elementor-widget-text-editor\" data-id=\"7d97305\" data-element_type=\"widget\" data-e-type=\"widget\" data-widget_type=\"text-editor.default\">\n\t\t\t\t<div class=\"elementor-widget-container\">\n\t\t\t\t\t\t\t\t\t<p>Es esencial aclarar que la Playa Serradal en Castell\u00f3n no debe confundirse con la Playa Serradal en Alcossebre. A pesar de compartir el mismo nombre, son lugares distintos, cada uno con sus propias caracter\u00edsticas.<\/p><p>En el extremo, con la desembocadura del r\u00edo San Miguel, se encuentra un peque\u00f1o delta semi-sumergido, un rasgo que la distingue de la Playa Serradal de Castell\u00f3n.<\/p><p>Una caracter\u00edstica \u00fanica de esta playa de Alcossebre es su inclusividad hacia los amigos peludos. Parte de su costa, conocida como l&#8217;Estany, se ha designado como \u00e1rea apta para perros, proporcionando un espacio se\u00f1alizado donde los due\u00f1os pueden disfrutar del sol y del mar con sus mascotas.<\/p>\t\t\t\t\t\t\t\t<\/div>\n\t\t\t\t<\/div>\n\t\t\t\t\t<\/div>\n\t\t<\/div>\n\t\t\t\t\t<\/div>\n\t\t<\/section>\n\t\t\t\t<section class=\"elementor-section elementor-top-section elementor-element elementor-element-4e4818af elementor-section-boxed elementor-section-height-default elementor-section-height-default\" data-id=\"4e4818af\" data-element_type=\"section\" data-e-type=\"section\">\n\t\t\t\t\t\t<div class=\"elementor-container elementor-column-gap-default\">\n\t\t\t\t\t<div class=\"elementor-column elementor-col-100 elementor-top-column elementor-element elementor-element-3fd3ae2a\" data-id=\"3fd3ae2a\" data-element_type=\"column\" data-e-type=\"column\">\n\t\t\t<div class=\"elementor-widget-wrap elementor-element-populated\">\n\t\t\t\t\t\t<div class=\"elementor-element elementor-element-3fe0735c elementor-widget elementor-widget-heading\" data-id=\"3fe0735c\" data-element_type=\"widget\" data-e-type=\"widget\" data-widget_type=\"heading.default\">\n\t\t\t\t<div class=\"elementor-widget-container\">\n\t\t\t\t\t<h2 class=\"elementor-heading-title elementor-size-default\">Disfruta de la Playa Serradal en la Costa Azahar<\/h2>\t\t\t\t<\/div>\n\t\t\t\t<\/div>\n\t\t\t\t\t<\/div>\n\t\t<\/div>\n\t\t\t\t\t<\/div>\n\t\t<\/section>\n\t\t\t\t<section class=\"elementor-section elementor-top-section elementor-element elementor-element-4d44f442 elementor-section-boxed elementor-section-height-default elementor-section-height-default\" data-id=\"4d44f442\" data-element_type=\"section\" data-e-type=\"section\">\n\t\t\t\t\t\t<div class=\"elementor-container elementor-column-gap-default\">\n\t\t\t\t\t<div class=\"elementor-column elementor-col-100 elementor-top-column elementor-element elementor-element-b0c7caf\" data-id=\"b0c7caf\" data-element_type=\"column\" data-e-type=\"column\">\n\t\t\t<div class=\"elementor-widget-wrap elementor-element-populated\">\n\t\t\t\t\t\t<div class=\"elementor-element elementor-element-55afe167 elementor-widget elementor-widget-text-editor\" data-id=\"55afe167\" data-element_type=\"widget\" data-e-type=\"widget\" data-widget_type=\"text-editor.default\">\n\t\t\t\t<div class=\"elementor-widget-container\">\n\t\t\t\t\t\t\t\t\t<p>En resumen, la Playa del Serradal en Castell\u00f3n se erige como un destino costero excepcional en la Costa Azahar. \u00bfTe imaginas despertar cada d\u00eda con el sonido relajante del mar y disfrutar de todo lo que la Playa del Serradal tiene para ofrecerte? Con Orange Costa, puedes convertir ese sue\u00f1o en realidad. Descubre nuestros alojamientos totalmente equipados, ideales para disfrutar en familia o con amigos. \u00a1Ven a visitarnos!\u00a0<\/p>\t\t\t\t\t\t\t\t<\/div>\n\t\t\t\t<\/div>\n\t\t\t\t\t<\/div>\n\t\t<\/div>\n\t\t\t\t\t<\/div>\n\t\t<\/section>\n\t\t\t\t<section class=\"elementor-section elementor-top-section elementor-element elementor-element-68236ff4 elementor-section-boxed elementor-section-height-default elementor-section-height-default\" data-id=\"68236ff4\" data-element_type=\"section\" data-e-type=\"section\">\n\t\t\t\t\t\t<div class=\"elementor-container elementor-column-gap-default\">\n\t\t\t\t\t<div class=\"elementor-column elementor-col-50 elementor-top-column elementor-element elementor-element-106a2104\" data-id=\"106a2104\" data-element_type=\"column\" data-e-type=\"column\">\n\t\t\t<div class=\"elementor-widget-wrap elementor-element-populated\">\n\t\t\t\t\t\t<div class=\"elementor-element elementor-element-2d02ccbf elementor-align-center elementor-widget elementor-widget-button\" data-id=\"2d02ccbf\" data-element_type=\"widget\" data-e-type=\"widget\" data-widget_type=\"button.default\">\n\t\t\t\t<div class=\"elementor-widget-container\">\n\t\t\t\t\t\t\t\t\t<div class=\"elementor-button-wrapper\">\n\t\t\t\t\t<a class=\"elementor-button elementor-button-link elementor-size-sm\" href=\"https:\/\/www.orangecosta.com\/alquiler\/alquileres-alcoceber-alcossebre-d100\/\">\n\t\t\t\t\t\t<span class=\"elementor-button-content-wrapper\">\n\t\t\t\t\t\t\t\t\t<span class=\"elementor-button-text\">ALOJAMIENTOS ALCOSSEBRE<\/span>\n\t\t\t\t\t<\/span>\n\t\t\t\t\t<\/a>\n\t\t\t\t<\/div>\n\t\t\t\t\t\t\t\t<\/div>\n\t\t\t\t<\/div>\n\t\t\t\t\t<\/div>\n\t\t<\/div>\n\t\t\t\t<div class=\"elementor-column elementor-col-50 elementor-top-column elementor-element elementor-element-a54ba5e\" data-id=\"a54ba5e\" data-element_type=\"column\" data-e-type=\"column\">\n\t\t\t<div class=\"elementor-widget-wrap elementor-element-populated\">\n\t\t\t\t\t\t<div class=\"elementor-element elementor-element-6c82c90f elementor-align-center elementor-widget elementor-widget-button\" data-id=\"6c82c90f\" data-element_type=\"widget\" data-e-type=\"widget\" data-widget_type=\"button.default\">\n\t\t\t\t<div class=\"elementor-widget-container\">\n\t\t\t\t\t\t\t\t\t<div class=\"elementor-button-wrapper\">\n\t\t\t\t\t<a class=\"elementor-button elementor-button-link elementor-size-sm\" href=\"https:\/\/www.orangecosta.com\/alquiler\/apartamentos-alcoceber-alcossebre-c1d100\/\">\n\t\t\t\t\t\t<span class=\"elementor-button-content-wrapper\">\n\t\t\t\t\t\t\t\t\t<span class=\"elementor-button-text\">APARTAMENTOS ALCOSSEBRE<\/span>\n\t\t\t\t\t<\/span>\n\t\t\t\t\t<\/a>\n\t\t\t\t<\/div>\n\t\t\t\t\t\t\t\t<\/div>\n\t\t\t\t<\/div>\n\t\t\t\t\t<\/div>\n\t\t<\/div>\n\t\t\t\t\t<\/div>\n\t\t<\/section>\n\t\t\t\t<\/div>\n\t\t","protected":false},"excerpt":{"rendered":"<p>La Playa del Serrada, una zona costera de Alcossebre ba\u00f1ada por las aguas del Mar Mediterr\u00e1neo, destaca por su arena&#8230;<\/p>\n","protected":false},"author":3,"featured_media":2283,"comment_status":"open","ping_status":"open","sticky":false,"template":"","format":"standard","meta":{"footnotes":""},"categories":[19,105,66,159],"tags":[169],"class_list":["post-2271","post","type-post","status-publish","format-standard","has-post-thumbnail","hentry","category-alcoceber","category-costa-azahar","category-playas","category-playas-alcoceber","tag-no-template"],"yoast_head":"<!-- This site is optimized with the Yoast SEO plugin v27.5 - https:\/\/yoast.com\/product\/yoast-seo-wordpress\/ -->\n<title>Playa del Serradal, Alcossebre - Blog turismo Orange Costa<\/title>\n<meta name=\"description\" content=\"Visita la playa del Serradal en Alcossebre. Disfruta de un ba\u00f1o relajante al que podr\u00e1s venir en familia, con amigos o con tu mascota.\" \/>\n<meta name=\"robots\" content=\"index, follow, max-snippet:-1, max-image-preview:large, max-video-preview:-1\" \/>\n<link rel=\"canonical\" href=\"https:\/\/www.orangecosta.com\/blog\/playa-del-serradal\/\" \/>\n<meta property=\"og:locale\" content=\"es_ES\" \/>\n<meta property=\"og:type\" content=\"article\" \/>\n<meta property=\"og:title\" content=\"Playa del Serradal, Alcossebre - Blog turismo Orange Costa\" \/>\n<meta property=\"og:description\" content=\"Visita la playa del Serradal en Alcossebre. Disfruta de un ba\u00f1o relajante al que podr\u00e1s venir en familia, con amigos o con tu mascota.\" \/>\n<meta property=\"og:url\" content=\"https:\/\/www.orangecosta.com\/blog\/playa-del-serradal\/\" \/>\n<meta property=\"og:site_name\" content=\"Blog turismo Orange Costa\" \/>\n<meta property=\"article:published_time\" content=\"2024-01-02T15:34:36+00:00\" \/>\n<meta property=\"article:modified_time\" content=\"2026-03-12T12:04:39+00:00\" \/>\n<meta property=\"og:image\" content=\"https:\/\/www.orangecosta.com\/blog\/wp-content\/uploads\/2024\/01\/PLaya-del-serradal-alcossebre.jpg\" \/>\n\t<meta property=\"og:image:width\" content=\"1920\" \/>\n\t<meta property=\"og:image:height\" content=\"660\" \/>\n\t<meta property=\"og:image:type\" content=\"image\/jpeg\" \/>\n<meta name=\"author\" content=\"digitalservices\" \/>\n<meta name=\"twitter:card\" content=\"summary_large_image\" \/>\n<meta name=\"twitter:label1\" content=\"Escrito por\" \/>\n\t<meta name=\"twitter:data1\" content=\"digitalservices\" \/>\n\t<meta name=\"twitter:label2\" content=\"Tiempo de lectura\" \/>\n\t<meta name=\"twitter:data2\" content=\"6 minutos\" \/>\n<script type=\"application\/ld+json\" class=\"yoast-schema-graph\">{\"@context\":\"https:\\\/\\\/schema.org\",\"@graph\":[{\"@type\":\"Article\",\"@id\":\"https:\\\/\\\/www.orangecosta.com\\\/blog\\\/playa-del-serradal\\\/#article\",\"isPartOf\":{\"@id\":\"https:\\\/\\\/www.orangecosta.com\\\/blog\\\/playa-del-serradal\\\/\"},\"author\":{\"name\":\"digitalservices\",\"@id\":\"https:\\\/\\\/www.orangecosta.com\\\/blog\\\/#\\\/schema\\\/person\\\/f93ddfccc2f63dd0916fb2c6e908337f\"},\"headline\":\"La Playa del Serradal en Alcossebre: un refugio natural en la Costa Azahar\",\"datePublished\":\"2024-01-02T15:34:36+00:00\",\"dateModified\":\"2026-03-12T12:04:39+00:00\",\"mainEntityOfPage\":{\"@id\":\"https:\\\/\\\/www.orangecosta.com\\\/blog\\\/playa-del-serradal\\\/\"},\"wordCount\":1126,\"commentCount\":0,\"image\":{\"@id\":\"https:\\\/\\\/www.orangecosta.com\\\/blog\\\/playa-del-serradal\\\/#primaryimage\"},\"thumbnailUrl\":\"https:\\\/\\\/www.orangecosta.com\\\/blog\\\/wp-content\\\/uploads\\\/2024\\\/01\\\/PLaya-del-serradal-alcossebre.jpg\",\"keywords\":[\"No template\"],\"articleSection\":[\"Alcoceber\",\"Costa Azahar\",\"Playas\",\"Playas Alcoceber\"],\"inLanguage\":\"es\",\"potentialAction\":[{\"@type\":\"CommentAction\",\"name\":\"Comment\",\"target\":[\"https:\\\/\\\/www.orangecosta.com\\\/blog\\\/playa-del-serradal\\\/#respond\"]}]},{\"@type\":\"WebPage\",\"@id\":\"https:\\\/\\\/www.orangecosta.com\\\/blog\\\/playa-del-serradal\\\/\",\"url\":\"https:\\\/\\\/www.orangecosta.com\\\/blog\\\/playa-del-serradal\\\/\",\"name\":\"Playa del Serradal, Alcossebre - Blog turismo Orange Costa\",\"isPartOf\":{\"@id\":\"https:\\\/\\\/www.orangecosta.com\\\/blog\\\/#website\"},\"primaryImageOfPage\":{\"@id\":\"https:\\\/\\\/www.orangecosta.com\\\/blog\\\/playa-del-serradal\\\/#primaryimage\"},\"image\":{\"@id\":\"https:\\\/\\\/www.orangecosta.com\\\/blog\\\/playa-del-serradal\\\/#primaryimage\"},\"thumbnailUrl\":\"https:\\\/\\\/www.orangecosta.com\\\/blog\\\/wp-content\\\/uploads\\\/2024\\\/01\\\/PLaya-del-serradal-alcossebre.jpg\",\"datePublished\":\"2024-01-02T15:34:36+00:00\",\"dateModified\":\"2026-03-12T12:04:39+00:00\",\"author\":{\"@id\":\"https:\\\/\\\/www.orangecosta.com\\\/blog\\\/#\\\/schema\\\/person\\\/f93ddfccc2f63dd0916fb2c6e908337f\"},\"description\":\"Visita la playa del Serradal en Alcossebre. Disfruta de un ba\u00f1o relajante al que podr\u00e1s venir en familia, con amigos o con tu mascota.\",\"breadcrumb\":{\"@id\":\"https:\\\/\\\/www.orangecosta.com\\\/blog\\\/playa-del-serradal\\\/#breadcrumb\"},\"inLanguage\":\"es\",\"potentialAction\":[{\"@type\":\"ReadAction\",\"target\":[\"https:\\\/\\\/www.orangecosta.com\\\/blog\\\/playa-del-serradal\\\/\"]}]},{\"@type\":\"ImageObject\",\"inLanguage\":\"es\",\"@id\":\"https:\\\/\\\/www.orangecosta.com\\\/blog\\\/playa-del-serradal\\\/#primaryimage\",\"url\":\"https:\\\/\\\/www.orangecosta.com\\\/blog\\\/wp-content\\\/uploads\\\/2024\\\/01\\\/PLaya-del-serradal-alcossebre.jpg\",\"contentUrl\":\"https:\\\/\\\/www.orangecosta.com\\\/blog\\\/wp-content\\\/uploads\\\/2024\\\/01\\\/PLaya-del-serradal-alcossebre.jpg\",\"width\":1920,\"height\":660,\"caption\":\"Playa Serradal\"},{\"@type\":\"BreadcrumbList\",\"@id\":\"https:\\\/\\\/www.orangecosta.com\\\/blog\\\/playa-del-serradal\\\/#breadcrumb\",\"itemListElement\":[{\"@type\":\"ListItem\",\"position\":1,\"name\":\"Home\",\"item\":\"https:\\\/\\\/www.orangecosta.com\\\/blog\\\/\"},{\"@type\":\"ListItem\",\"position\":2,\"name\":\"La Playa del Serradal en Alcossebre: un refugio natural en la Costa Azahar\"}]},{\"@type\":\"WebSite\",\"@id\":\"https:\\\/\\\/www.orangecosta.com\\\/blog\\\/#website\",\"url\":\"https:\\\/\\\/www.orangecosta.com\\\/blog\\\/\",\"name\":\"Blog turismo Orange Costa\",\"description\":\"Orangecosta\",\"potentialAction\":[{\"@type\":\"SearchAction\",\"target\":{\"@type\":\"EntryPoint\",\"urlTemplate\":\"https:\\\/\\\/www.orangecosta.com\\\/blog\\\/?s={search_term_string}\"},\"query-input\":{\"@type\":\"PropertyValueSpecification\",\"valueRequired\":true,\"valueName\":\"search_term_string\"}}],\"inLanguage\":\"es\"},{\"@type\":\"Person\",\"@id\":\"https:\\\/\\\/www.orangecosta.com\\\/blog\\\/#\\\/schema\\\/person\\\/f93ddfccc2f63dd0916fb2c6e908337f\",\"name\":\"digitalservices\",\"image\":{\"@type\":\"ImageObject\",\"inLanguage\":\"es\",\"@id\":\"https:\\\/\\\/secure.gravatar.com\\\/avatar\\\/af30f88a1904294c1f3eb09a9d7903eec4ffa18fa2cf40c28a8681014ecdfc20?s=96&d=mm&r=g\",\"url\":\"https:\\\/\\\/secure.gravatar.com\\\/avatar\\\/af30f88a1904294c1f3eb09a9d7903eec4ffa18fa2cf40c28a8681014ecdfc20?s=96&d=mm&r=g\",\"contentUrl\":\"https:\\\/\\\/secure.gravatar.com\\\/avatar\\\/af30f88a1904294c1f3eb09a9d7903eec4ffa18fa2cf40c28a8681014ecdfc20?s=96&d=mm&r=g\",\"caption\":\"digitalservices\"},\"url\":\"https:\\\/\\\/www.orangecosta.com\\\/blog\\\/author\\\/digitalservices\\\/\"}]}<\/script>\n<!-- \/ Yoast SEO plugin. -->","yoast_head_json":{"title":"Playa del Serradal, Alcossebre - Blog turismo Orange Costa","description":"Visita la playa del Serradal en Alcossebre. Disfruta de un ba\u00f1o relajante al que podr\u00e1s venir en familia, con amigos o con tu mascota.","robots":{"index":"index","follow":"follow","max-snippet":"max-snippet:-1","max-image-preview":"max-image-preview:large","max-video-preview":"max-video-preview:-1"},"canonical":"https:\/\/www.orangecosta.com\/blog\/playa-del-serradal\/","og_locale":"es_ES","og_type":"article","og_title":"Playa del Serradal, Alcossebre - Blog turismo Orange Costa","og_description":"Visita la playa del Serradal en Alcossebre. Disfruta de un ba\u00f1o relajante al que podr\u00e1s venir en familia, con amigos o con tu mascota.","og_url":"https:\/\/www.orangecosta.com\/blog\/playa-del-serradal\/","og_site_name":"Blog turismo Orange Costa","article_published_time":"2024-01-02T15:34:36+00:00","article_modified_time":"2026-03-12T12:04:39+00:00","og_image":[{"width":1920,"height":660,"url":"https:\/\/www.orangecosta.com\/blog\/wp-content\/uploads\/2024\/01\/PLaya-del-serradal-alcossebre.jpg","type":"image\/jpeg"}],"author":"digitalservices","twitter_card":"summary_large_image","twitter_misc":{"Escrito por":"digitalservices","Tiempo de lectura":"6 minutos"},"schema":{"@context":"https:\/\/schema.org","@graph":[{"@type":"Article","@id":"https:\/\/www.orangecosta.com\/blog\/playa-del-serradal\/#article","isPartOf":{"@id":"https:\/\/www.orangecosta.com\/blog\/playa-del-serradal\/"},"author":{"name":"digitalservices","@id":"https:\/\/www.orangecosta.com\/blog\/#\/schema\/person\/f93ddfccc2f63dd0916fb2c6e908337f"},"headline":"La Playa del Serradal en Alcossebre: un refugio natural en la Costa Azahar","datePublished":"2024-01-02T15:34:36+00:00","dateModified":"2026-03-12T12:04:39+00:00","mainEntityOfPage":{"@id":"https:\/\/www.orangecosta.com\/blog\/playa-del-serradal\/"},"wordCount":1126,"commentCount":0,"image":{"@id":"https:\/\/www.orangecosta.com\/blog\/playa-del-serradal\/#primaryimage"},"thumbnailUrl":"https:\/\/www.orangecosta.com\/blog\/wp-content\/uploads\/2024\/01\/PLaya-del-serradal-alcossebre.jpg","keywords":["No template"],"articleSection":["Alcoceber","Costa Azahar","Playas","Playas Alcoceber"],"inLanguage":"es","potentialAction":[{"@type":"CommentAction","name":"Comment","target":["https:\/\/www.orangecosta.com\/blog\/playa-del-serradal\/#respond"]}]},{"@type":"WebPage","@id":"https:\/\/www.orangecosta.com\/blog\/playa-del-serradal\/","url":"https:\/\/www.orangecosta.com\/blog\/playa-del-serradal\/","name":"Playa del Serradal, Alcossebre - Blog turismo Orange Costa","isPartOf":{"@id":"https:\/\/www.orangecosta.com\/blog\/#website"},"primaryImageOfPage":{"@id":"https:\/\/www.orangecosta.com\/blog\/playa-del-serradal\/#primaryimage"},"image":{"@id":"https:\/\/www.orangecosta.com\/blog\/playa-del-serradal\/#primaryimage"},"thumbnailUrl":"https:\/\/www.orangecosta.com\/blog\/wp-content\/uploads\/2024\/01\/PLaya-del-serradal-alcossebre.jpg","datePublished":"2024-01-02T15:34:36+00:00","dateModified":"2026-03-12T12:04:39+00:00","author":{"@id":"https:\/\/www.orangecosta.com\/blog\/#\/schema\/person\/f93ddfccc2f63dd0916fb2c6e908337f"},"description":"Visita la playa del Serradal en Alcossebre. Disfruta de un ba\u00f1o relajante al que podr\u00e1s venir en familia, con amigos o con tu mascota.","breadcrumb":{"@id":"https:\/\/www.orangecosta.com\/blog\/playa-del-serradal\/#breadcrumb"},"inLanguage":"es","potentialAction":[{"@type":"ReadAction","target":["https:\/\/www.orangecosta.com\/blog\/playa-del-serradal\/"]}]},{"@type":"ImageObject","inLanguage":"es","@id":"https:\/\/www.orangecosta.com\/blog\/playa-del-serradal\/#primaryimage","url":"https:\/\/www.orangecosta.com\/blog\/wp-content\/uploads\/2024\/01\/PLaya-del-serradal-alcossebre.jpg","contentUrl":"https:\/\/www.orangecosta.com\/blog\/wp-content\/uploads\/2024\/01\/PLaya-del-serradal-alcossebre.jpg","width":1920,"height":660,"caption":"Playa Serradal"},{"@type":"BreadcrumbList","@id":"https:\/\/www.orangecosta.com\/blog\/playa-del-serradal\/#breadcrumb","itemListElement":[{"@type":"ListItem","position":1,"name":"Home","item":"https:\/\/www.orangecosta.com\/blog\/"},{"@type":"ListItem","position":2,"name":"La Playa del Serradal en Alcossebre: un refugio natural en la Costa Azahar"}]},{"@type":"WebSite","@id":"https:\/\/www.orangecosta.com\/blog\/#website","url":"https:\/\/www.orangecosta.com\/blog\/","name":"Blog turismo Orange Costa","description":"Orangecosta","potentialAction":[{"@type":"SearchAction","target":{"@type":"EntryPoint","urlTemplate":"https:\/\/www.orangecosta.com\/blog\/?s={search_term_string}"},"query-input":{"@type":"PropertyValueSpecification","valueRequired":true,"valueName":"search_term_string"}}],"inLanguage":"es"},{"@type":"Person","@id":"https:\/\/www.orangecosta.com\/blog\/#\/schema\/person\/f93ddfccc2f63dd0916fb2c6e908337f","name":"digitalservices","image":{"@type":"ImageObject","inLanguage":"es","@id":"https:\/\/secure.gravatar.com\/avatar\/af30f88a1904294c1f3eb09a9d7903eec4ffa18fa2cf40c28a8681014ecdfc20?s=96&d=mm&r=g","url":"https:\/\/secure.gravatar.com\/avatar\/af30f88a1904294c1f3eb09a9d7903eec4ffa18fa2cf40c28a8681014ecdfc20?s=96&d=mm&r=g","contentUrl":"https:\/\/secure.gravatar.com\/avatar\/af30f88a1904294c1f3eb09a9d7903eec4ffa18fa2cf40c28a8681014ecdfc20?s=96&d=mm&r=g","caption":"digitalservices"},"url":"https:\/\/www.orangecosta.com\/blog\/author\/digitalservices\/"}]}},"_links":{"self":[{"href":"https:\/\/www.orangecosta.com\/blog\/wp-json\/wp\/v2\/posts\/2271","targetHints":{"allow":["GET"]}}],"collection":[{"href":"https:\/\/www.orangecosta.com\/blog\/wp-json\/wp\/v2\/posts"}],"about":[{"href":"https:\/\/www.orangecosta.com\/blog\/wp-json\/wp\/v2\/types\/post"}],"author":[{"embeddable":true,"href":"https:\/\/www.orangecosta.com\/blog\/wp-json\/wp\/v2\/users\/3"}],"replies":[{"embeddable":true,"href":"https:\/\/www.orangecosta.com\/blog\/wp-json\/wp\/v2\/comments?post=2271"}],"version-history":[{"count":20,"href":"https:\/\/www.orangecosta.com\/blog\/wp-json\/wp\/v2\/posts\/2271\/revisions"}],"predecessor-version":[{"id":2364,"href":"https:\/\/www.orangecosta.com\/blog\/wp-json\/wp\/v2\/posts\/2271\/revisions\/2364"}],"wp:featuredmedia":[{"embeddable":true,"href":"https:\/\/www.orangecosta.com\/blog\/wp-json\/wp\/v2\/media\/2283"}],"wp:attachment":[{"href":"https:\/\/www.orangecosta.com\/blog\/wp-json\/wp\/v2\/media?parent=2271"}],"wp:term":[{"taxonomy":"category","embeddable":true,"href":"https:\/\/www.orangecosta.com\/blog\/wp-json\/wp\/v2\/categories?post=2271"},{"taxonomy":"post_tag","embeddable":true,"href":"https:\/\/www.orangecosta.com\/blog\/wp-json\/wp\/v2\/tags?post=2271"}],"curies":[{"name":"wp","href":"https:\/\/api.w.org\/{rel}","templated":true}]}}