{"id":2046,"date":"2023-11-13T12:51:32","date_gmt":"2023-11-13T12:51:32","guid":{"rendered":"https:\/\/www.orangecosta.com\/blog\/?p=2046"},"modified":"2026-03-12T12:04:40","modified_gmt":"2026-03-12T12:04:40","slug":"desierto-de-las-palmas-benicassim","status":"publish","type":"post","link":"https:\/\/www.orangecosta.com\/blog\/desierto-de-las-palmas-benicassim\/","title":{"rendered":"El Desierto de las Palmas: un lugar \u00fanico que tienes que visitar en Benic\u00e0ssim"},"content":{"rendered":"\t\t<div data-elementor-type=\"wp-post\" data-elementor-id=\"2046\" class=\"elementor elementor-2046\" data-elementor-post-type=\"post\">\n\t\t\t\t\t\t<section class=\"elementor-section elementor-top-section elementor-element elementor-element-608e9b94 elementor-section-boxed elementor-section-height-default elementor-section-height-default\" data-id=\"608e9b94\" data-element_type=\"section\" data-e-type=\"section\">\n\t\t\t\t\t\t<div class=\"elementor-container elementor-column-gap-default\">\n\t\t\t\t\t<div class=\"elementor-column elementor-col-100 elementor-top-column elementor-element elementor-element-63cab308\" data-id=\"63cab308\" data-element_type=\"column\" data-e-type=\"column\">\n\t\t\t<div class=\"elementor-widget-wrap elementor-element-populated\">\n\t\t\t\t\t\t<div class=\"elementor-element elementor-element-8098d12 elementor-widget elementor-widget-text-editor\" data-id=\"8098d12\" data-element_type=\"widget\" data-e-type=\"widget\" data-widget_type=\"text-editor.default\">\n\t\t\t\t<div class=\"elementor-widget-container\">\n\t\t\t\t\t\t\t\t\t<p><span style=\"font-weight: 400;\">El <\/span><b>Desierto de las Palmas<\/b><span style=\"font-weight: 400;\"> es uno de los tesoros ocultos de la provincia de Castell\u00f3n. Y, al contrario de lo que su nombre indica, su entorno tiene muy poco que ver con un desierto. Visitar esta zona te permitir\u00e1 disfrutar de un entorno id\u00edlico y lleno de biodiversidad para que disfrutes del senderismo y de los deportes de aventura.<\/span><\/p>\t\t\t\t\t\t\t\t<\/div>\n\t\t\t\t<\/div>\n\t\t\t\t\t<\/div>\n\t\t<\/div>\n\t\t\t\t\t<\/div>\n\t\t<\/section>\n\t\t\t\t<section class=\"elementor-section elementor-top-section elementor-element elementor-element-43efa4a4 elementor-section-boxed elementor-section-height-default elementor-section-height-default\" data-id=\"43efa4a4\" data-element_type=\"section\" data-e-type=\"section\">\n\t\t\t\t\t\t<div class=\"elementor-container elementor-column-gap-default\">\n\t\t\t\t\t<div class=\"elementor-column elementor-col-100 elementor-top-column elementor-element elementor-element-16dbcfe6\" data-id=\"16dbcfe6\" data-element_type=\"column\" data-e-type=\"column\">\n\t\t\t<div class=\"elementor-widget-wrap elementor-element-populated\">\n\t\t\t\t\t\t<div class=\"elementor-element elementor-element-27937cd7 elementor-widget elementor-widget-table-of-contents\" data-id=\"27937cd7\" data-element_type=\"widget\" data-e-type=\"widget\" data-settings=\"{&quot;headings_by_tags&quot;:[&quot;h2&quot;],&quot;exclude_headings_by_selector&quot;:[],&quot;marker_view&quot;:&quot;bullets&quot;,&quot;icon&quot;:{&quot;value&quot;:&quot;&quot;,&quot;library&quot;:&quot;&quot;},&quot;no_headings_message&quot;:&quot;No se ha encontrado ning\\u00fan encabezado en esta p\\u00e1gina.&quot;,&quot;hierarchical_view&quot;:&quot;yes&quot;,&quot;min_height&quot;:{&quot;unit&quot;:&quot;px&quot;,&quot;size&quot;:&quot;&quot;,&quot;sizes&quot;:[]},&quot;min_height_tablet&quot;:{&quot;unit&quot;:&quot;px&quot;,&quot;size&quot;:&quot;&quot;,&quot;sizes&quot;:[]},&quot;min_height_mobile&quot;:{&quot;unit&quot;:&quot;px&quot;,&quot;size&quot;:&quot;&quot;,&quot;sizes&quot;:[]}}\" data-widget_type=\"table-of-contents.default\">\n\t\t\t\t<div class=\"elementor-widget-container\">\n\t\t\t\t\t\t\t\t\t<div class=\"elementor-toc__header\">\n\t\t\t\t\t\t<div class=\"elementor-toc__header-title\">\n\t\t\t\t\u00cdNDICE\t\t\t<\/div>\n\t\t\t\t\t\t\t\t<\/div>\n\t\t\t\t<div id=\"elementor-toc__27937cd7\" class=\"elementor-toc__body\">\n\t\t\t<div class=\"elementor-toc__spinner-container\">\n\t\t\t\t<i class=\"elementor-toc__spinner eicon-animation-spin eicon-loading\" aria-hidden=\"true\"><\/i>\t\t\t<\/div>\n\t\t<\/div>\n\t\t\t\t\t\t<\/div>\n\t\t\t\t<\/div>\n\t\t\t\t\t<\/div>\n\t\t<\/div>\n\t\t\t\t\t<\/div>\n\t\t<\/section>\n\t\t\t\t<section class=\"elementor-section elementor-top-section elementor-element elementor-element-80d4a22 elementor-section-boxed elementor-section-height-default elementor-section-height-default\" data-id=\"80d4a22\" data-element_type=\"section\" data-e-type=\"section\">\n\t\t\t\t\t\t<div class=\"elementor-container elementor-column-gap-default\">\n\t\t\t\t\t<div class=\"elementor-column elementor-col-100 elementor-top-column elementor-element elementor-element-596e678\" data-id=\"596e678\" data-element_type=\"column\" data-e-type=\"column\">\n\t\t\t<div class=\"elementor-widget-wrap elementor-element-populated\">\n\t\t\t\t\t\t<div class=\"elementor-element elementor-element-218283f elementor-widget elementor-widget-heading\" data-id=\"218283f\" data-element_type=\"widget\" data-e-type=\"widget\" data-widget_type=\"heading.default\">\n\t\t\t\t<div class=\"elementor-widget-container\">\n\t\t\t\t\t<h2 class=\"elementor-heading-title elementor-size-default\">Descubriendo el Desert de les Palmes\n<\/h2>\t\t\t\t<\/div>\n\t\t\t\t<\/div>\n\t\t\t\t<div class=\"elementor-element elementor-element-625cb620 elementor-widget elementor-widget-text-editor\" data-id=\"625cb620\" data-element_type=\"widget\" data-e-type=\"widget\" data-widget_type=\"text-editor.default\">\n\t\t\t\t<div class=\"elementor-widget-container\">\n\t\t\t\t\t\t\t\t\t<p><span style=\"font-weight: 400;\">El <\/span><b>monasterio del<\/b> <b>Desierto de las Palmas <\/b><span style=\"font-weight: 400;\">da nombre a este enclave, pero es solo una peque\u00f1a parte de todo lo que puedes visitar en los alrededores. El Desierto est\u00e1 dentro de un parque natural hom\u00f3nimo creado en 1989 y tiene una <\/span><b>extensi\u00f3n superior a las 3000 hect\u00e1reas.<\/b><span style=\"font-weight: 400;\"> Adem\u00e1s, linda con un total de cinco municipios.<\/span><\/p>\t\t\t\t\t\t\t\t<\/div>\n\t\t\t\t<\/div>\n\t\t\t\t\t<\/div>\n\t\t<\/div>\n\t\t\t\t\t<\/div>\n\t\t<\/section>\n\t\t\t\t<section class=\"elementor-section elementor-top-section elementor-element elementor-element-75f5b13 elementor-section-boxed elementor-section-height-default elementor-section-height-default\" data-id=\"75f5b13\" data-element_type=\"section\" data-e-type=\"section\">\n\t\t\t\t\t\t<div class=\"elementor-container elementor-column-gap-default\">\n\t\t\t\t\t<div class=\"elementor-column elementor-col-100 elementor-top-column elementor-element elementor-element-5fcd7ee\" data-id=\"5fcd7ee\" data-element_type=\"column\" data-e-type=\"column\">\n\t\t\t<div class=\"elementor-widget-wrap elementor-element-populated\">\n\t\t\t\t\t\t<div class=\"elementor-element elementor-element-ecf94b8 elementor-widget elementor-widget-heading\" data-id=\"ecf94b8\" data-element_type=\"widget\" data-e-type=\"widget\" data-widget_type=\"heading.default\">\n\t\t\t\t<div class=\"elementor-widget-container\">\n\t\t\t\t\t<h2 class=\"elementor-heading-title elementor-size-default\">Rutas de senderismo y naturaleza en el Desierto de las Palmas\n<\/h2>\t\t\t\t<\/div>\n\t\t\t\t<\/div>\n\t\t\t\t\t<\/div>\n\t\t<\/div>\n\t\t\t\t\t<\/div>\n\t\t<\/section>\n\t\t\t\t<section class=\"elementor-section elementor-top-section elementor-element elementor-element-7ddb1d84 elementor-section-boxed elementor-section-height-default elementor-section-height-default\" data-id=\"7ddb1d84\" data-element_type=\"section\" data-e-type=\"section\">\n\t\t\t\t\t\t<div class=\"elementor-container elementor-column-gap-default\">\n\t\t\t\t\t<div class=\"elementor-column elementor-col-100 elementor-top-column elementor-element elementor-element-1dcf63bd\" data-id=\"1dcf63bd\" data-element_type=\"column\" data-e-type=\"column\">\n\t\t\t<div class=\"elementor-widget-wrap elementor-element-populated\">\n\t\t\t\t\t\t<div class=\"elementor-element elementor-element-7a39c86 elementor-widget elementor-widget-text-editor\" data-id=\"7a39c86\" data-element_type=\"widget\" data-e-type=\"widget\" data-widget_type=\"text-editor.default\">\n\t\t\t\t<div class=\"elementor-widget-container\">\n\t\t\t\t\t\t\t\t\t<p><span style=\"font-weight: 400;\">Hay m\u00faltiples rutas y senderos que puedes seguir, los cuales <\/span><b>se adaptan a la perfecci\u00f3n a los distintos niveles,<\/b><span style=\"font-weight: 400;\"> puesto que hay opciones muy f\u00e1ciles y de corta distancia, y otras con desniveles importantes y de mayor kilometraje. Todas ellas te har\u00e1n vibrar con los sonidos de la naturaleza y la tranquilidad del monte.<\/span><\/p>\t\t\t\t\t\t\t\t<\/div>\n\t\t\t\t<\/div>\n\t\t\t\t\t<\/div>\n\t\t<\/div>\n\t\t\t\t\t<\/div>\n\t\t<\/section>\n\t\t\t\t<section class=\"elementor-section elementor-top-section elementor-element elementor-element-29aba7f elementor-section-boxed elementor-section-height-default elementor-section-height-default\" data-id=\"29aba7f\" data-element_type=\"section\" data-e-type=\"section\">\n\t\t\t\t\t\t<div class=\"elementor-container elementor-column-gap-default\">\n\t\t\t\t\t<div class=\"elementor-column elementor-col-100 elementor-top-column elementor-element elementor-element-a60d65d\" data-id=\"a60d65d\" data-element_type=\"column\" data-e-type=\"column\">\n\t\t\t<div class=\"elementor-widget-wrap elementor-element-populated\">\n\t\t\t\t\t\t<div class=\"elementor-element elementor-element-1330308 elementor-widget elementor-widget-image\" data-id=\"1330308\" data-element_type=\"widget\" data-e-type=\"widget\" data-widget_type=\"image.default\">\n\t\t\t\t<div class=\"elementor-widget-container\">\n\t\t\t\t\t\t\t\t\t\t\t\t\t\t\t<img fetchpriority=\"high\" decoding=\"async\" width=\"1022\" height=\"312\" src=\"https:\/\/www.orangecosta.com\/blog\/wp-content\/uploads\/2023\/11\/Desierto-de-las-palmas-castellon.jpg\" class=\"attachment-full size-full wp-image-2057\" alt=\"Desierto de las palmas castellon\" srcset=\"https:\/\/www.orangecosta.com\/blog\/wp-content\/uploads\/2023\/11\/Desierto-de-las-palmas-castellon.jpg 1022w, https:\/\/www.orangecosta.com\/blog\/wp-content\/uploads\/2023\/11\/Desierto-de-las-palmas-castellon-768x234.jpg 768w\" sizes=\"(max-width: 1022px) 100vw, 1022px\" \/>\t\t\t\t\t\t\t\t\t\t\t\t\t\t\t<\/div>\n\t\t\t\t<\/div>\n\t\t\t\t\t<\/div>\n\t\t<\/div>\n\t\t\t\t\t<\/div>\n\t\t<\/section>\n\t\t\t\t<section class=\"elementor-section elementor-top-section elementor-element elementor-element-708c9632 elementor-section-boxed elementor-section-height-default elementor-section-height-default\" data-id=\"708c9632\" data-element_type=\"section\" data-e-type=\"section\">\n\t\t\t\t\t\t<div class=\"elementor-container elementor-column-gap-default\">\n\t\t\t\t\t<div class=\"elementor-column elementor-col-100 elementor-top-column elementor-element elementor-element-1ca5fe63\" data-id=\"1ca5fe63\" data-element_type=\"column\" data-e-type=\"column\">\n\t\t\t<div class=\"elementor-widget-wrap elementor-element-populated\">\n\t\t\t\t\t\t<div class=\"elementor-element elementor-element-6a228787 elementor-widget elementor-widget-heading\" data-id=\"6a228787\" data-element_type=\"widget\" data-e-type=\"widget\" data-widget_type=\"heading.default\">\n\t\t\t\t<div class=\"elementor-widget-container\">\n\t\t\t\t\t<h3 class=\"elementor-heading-title elementor-size-default\">Qu\u00e9 te vas a encontrar en el Desierto de las Palmas de Benicassim\n<\/h3>\t\t\t\t<\/div>\n\t\t\t\t<\/div>\n\t\t\t\t<div class=\"elementor-element elementor-element-13cdf90f elementor-widget elementor-widget-text-editor\" data-id=\"13cdf90f\" data-element_type=\"widget\" data-e-type=\"widget\" data-widget_type=\"text-editor.default\">\n\t\t\t\t<div class=\"elementor-widget-container\">\n\t\t\t\t\t\t\t\t\t<p><span style=\"font-weight: 400;\">El paisaje de este parque natural es muy variado. El <\/span><b>Desierto de las Palmas<\/b> <b>en Benicasim<\/b><span style=\"font-weight: 400;\"> cuenta con diversos ca\u00f1ones que te har\u00e1n esforzarte al m\u00e1ximo.<\/span><\/p>\n<p><span style=\"font-weight: 400;\">Si te animas a subir a lo m\u00e1s alto, disfrutar\u00e1s de<\/span><b> una panor\u00e1mica envidiable del Mediterr\u00e1neo.<\/b><span style=\"font-weight: 400;\"> Para ello, es vital que llegues hasta el <\/span><b>Pico Bartolo, <\/b><span style=\"font-weight: 400;\">una monta\u00f1a que se corona a m\u00e1s de 720 metros sobre el nivel del mar. Desde all\u00ed tambi\u00e9n podr\u00e1s divisar buena parte de los pueblos del interior castellonense.<\/span><\/p>\t\t\t\t\t\t\t\t<\/div>\n\t\t\t\t<\/div>\n\t\t\t\t\t<\/div>\n\t\t<\/div>\n\t\t\t\t\t<\/div>\n\t\t<\/section>\n\t\t\t\t<section class=\"elementor-section elementor-top-section elementor-element elementor-element-7c4cd101 elementor-section-boxed elementor-section-height-default elementor-section-height-default\" data-id=\"7c4cd101\" data-element_type=\"section\" data-e-type=\"section\">\n\t\t\t\t\t\t<div class=\"elementor-container elementor-column-gap-default\">\n\t\t\t\t\t<div class=\"elementor-column elementor-col-100 elementor-top-column elementor-element elementor-element-1717e9fd\" data-id=\"1717e9fd\" data-element_type=\"column\" data-e-type=\"column\">\n\t\t\t<div class=\"elementor-widget-wrap elementor-element-populated\">\n\t\t\t\t\t\t<div class=\"elementor-element elementor-element-3cf57126 elementor-widget elementor-widget-heading\" data-id=\"3cf57126\" data-element_type=\"widget\" data-e-type=\"widget\" data-widget_type=\"heading.default\">\n\t\t\t\t<div class=\"elementor-widget-container\">\n\t\t\t\t\t<h2 class=\"elementor-heading-title elementor-size-default\">Flora y fauna \u00fanicas en este desierto de Benic\u00e0ssim\n<\/h2>\t\t\t\t<\/div>\n\t\t\t\t<\/div>\n\t\t\t\t<div class=\"elementor-element elementor-element-75fb1d8f elementor-widget elementor-widget-text-editor\" data-id=\"75fb1d8f\" data-element_type=\"widget\" data-e-type=\"widget\" data-widget_type=\"text-editor.default\">\n\t\t\t\t<div class=\"elementor-widget-container\">\n\t\t\t\t\t\t\t\t\t<p><span style=\"font-weight: 400;\">Gran parte del <\/span><b>Desierto de las Palmas <\/b><span style=\"font-weight: 400;\">est\u00e1 conformado por bosques de pinos, muchos de ellos muy especiales, como el <\/span><b>pino rodeno<\/b><span style=\"font-weight: 400;\">, una especie que solo crece en suelos de arenisca roja. Igualmente, hay diversas especies de matorrales y de arbustos, pero lo que de verdad sobresale de este parque natural es su flora end\u00e9mica.<\/span><\/p><p><span style=\"font-weight: 400;\">Es el caso del <\/span><b>madro\u00f1o<\/b><span style=\"font-weight: 400;\">, un \u00e1rbol muy habitual en el Desierto y que florece durante el invierno. Otra planta muy com\u00fan es el <\/span><b>enebro,<\/b><span style=\"font-weight: 400;\"> empleado de forma t\u00edpica para elaborar pachar\u00e1n, una bebida que debes probar si te acercas a <\/span><a href=\"http:\/\/www.orangecosta.com\/blog\/que-ver-en-benicasim-una-localidad-encantadora\/\"><span style=\"font-weight: 400;\">Benicasim.<\/span><\/a><\/p><p><span style=\"font-weight: 400;\">La fauna de este parque natural es, asimismo, muy especial. Entre las aves que habitan sus bosques se encuentra el <\/span><b>\u00e1guila perdicera.<\/b><span style=\"font-weight: 400;\"> Cuando visites este sitio recuerda hacerte con unos prism\u00e1ticos, porque tendr\u00e1s la oportunidad de <\/span><b>disfrutar de su vuelo<\/b><span style=\"font-weight: 400;\">, y, si tienes suerte, ver\u00e1s en primera persona su caza diaria.<\/span><\/p><p><span style=\"font-weight: 400;\">Otra de las rapaces m\u00e1s especiales es el <\/span><b>halc\u00f3n peregrino. <\/b><span style=\"font-weight: 400;\">Se considera el ave m\u00e1s r\u00e1pida, pues es capaz de alcanzar una velocidad superior a los 300 km por hora al caer en picado. \u00a1Tendr\u00e1s que estar atento si quieres hacerle una foto!<\/span><\/p><p><span style=\"font-weight: 400;\">Mientras caminas a pie, podr\u00e1s disfrutar de otras especies como el gato mont\u00e9s o distintas clases de reptiles. Muchas veces hallar\u00e1s a estos \u00faltimos junto a los caminos tomando el sol.<\/span><\/p>\t\t\t\t\t\t\t\t<\/div>\n\t\t\t\t<\/div>\n\t\t\t\t\t<\/div>\n\t\t<\/div>\n\t\t\t\t\t<\/div>\n\t\t<\/section>\n\t\t\t\t<section class=\"elementor-section elementor-top-section elementor-element elementor-element-7feccff elementor-section-boxed elementor-section-height-default elementor-section-height-default\" data-id=\"7feccff\" data-element_type=\"section\" data-e-type=\"section\">\n\t\t\t\t\t\t<div class=\"elementor-container elementor-column-gap-default\">\n\t\t\t\t\t<div class=\"elementor-column elementor-col-100 elementor-top-column elementor-element elementor-element-b1c170a\" data-id=\"b1c170a\" data-element_type=\"column\" data-e-type=\"column\">\n\t\t\t<div class=\"elementor-widget-wrap elementor-element-populated\">\n\t\t\t\t\t\t<div class=\"elementor-element elementor-element-a48a9e8 elementor-widget elementor-widget-image\" data-id=\"a48a9e8\" data-element_type=\"widget\" data-e-type=\"widget\" data-widget_type=\"image.default\">\n\t\t\t\t<div class=\"elementor-widget-container\">\n\t\t\t\t\t\t\t\t\t\t\t\t\t\t\t<img decoding=\"async\" width=\"1200\" height=\"678\" src=\"https:\/\/www.orangecosta.com\/blog\/wp-content\/uploads\/2023\/11\/rutas-desierto-de-las-palmas-benicassim.jpeg\" class=\"attachment-full size-full wp-image-2060\" alt=\"rutas desierto de las palmas benicassim\" srcset=\"https:\/\/www.orangecosta.com\/blog\/wp-content\/uploads\/2023\/11\/rutas-desierto-de-las-palmas-benicassim.jpeg 1200w, https:\/\/www.orangecosta.com\/blog\/wp-content\/uploads\/2023\/11\/rutas-desierto-de-las-palmas-benicassim-768x434.jpeg 768w\" sizes=\"(max-width: 1200px) 100vw, 1200px\" \/>\t\t\t\t\t\t\t\t\t\t\t\t\t\t\t<\/div>\n\t\t\t\t<\/div>\n\t\t\t\t\t<\/div>\n\t\t<\/div>\n\t\t\t\t\t<\/div>\n\t\t<\/section>\n\t\t\t\t<section class=\"elementor-section elementor-top-section elementor-element elementor-element-03beaec elementor-section-boxed elementor-section-height-default elementor-section-height-default\" data-id=\"03beaec\" data-element_type=\"section\" data-e-type=\"section\">\n\t\t\t\t\t\t<div class=\"elementor-container elementor-column-gap-default\">\n\t\t\t\t\t<div class=\"elementor-column elementor-col-100 elementor-top-column elementor-element elementor-element-dd1dc8a\" data-id=\"dd1dc8a\" data-element_type=\"column\" data-e-type=\"column\">\n\t\t\t<div class=\"elementor-widget-wrap elementor-element-populated\">\n\t\t\t\t\t\t<div class=\"elementor-element elementor-element-279045f elementor-widget elementor-widget-heading\" data-id=\"279045f\" data-element_type=\"widget\" data-e-type=\"widget\" data-widget_type=\"heading.default\">\n\t\t\t\t<div class=\"elementor-widget-container\">\n\t\t\t\t\t<h2 class=\"elementor-heading-title elementor-size-default\">An\u00edmate a visitar Benic\u00e0ssim\n<\/h2>\t\t\t\t<\/div>\n\t\t\t\t<\/div>\n\t\t\t\t\t<\/div>\n\t\t<\/div>\n\t\t\t\t\t<\/div>\n\t\t<\/section>\n\t\t\t\t<section class=\"elementor-section elementor-top-section elementor-element elementor-element-33f9fb3a elementor-section-boxed elementor-section-height-default elementor-section-height-default\" data-id=\"33f9fb3a\" data-element_type=\"section\" data-e-type=\"section\">\n\t\t\t\t\t\t<div class=\"elementor-container elementor-column-gap-default\">\n\t\t\t\t\t<div class=\"elementor-column elementor-col-100 elementor-top-column elementor-element elementor-element-1b25f64b\" data-id=\"1b25f64b\" data-element_type=\"column\" data-e-type=\"column\">\n\t\t\t<div class=\"elementor-widget-wrap elementor-element-populated\">\n\t\t\t\t\t\t<div class=\"elementor-element elementor-element-1ad8a80 elementor-widget elementor-widget-text-editor\" data-id=\"1ad8a80\" data-element_type=\"widget\" data-e-type=\"widget\" data-widget_type=\"text-editor.default\">\n\t\t\t\t<div class=\"elementor-widget-container\">\n\t\t\t\t\t\t\t\t\t<p><span style=\"font-weight: 400;\">Ya has visto lo que el <\/span><b>Desierto de las Palmas<\/b><span style=\"font-weight: 400;\"> te puede ofrecer, y es solo una peque\u00f1a parte de todo lo que Benicasim tiene para ti. Esta localidad cuenta con una gran cantidad de espacios naturales, pero tambi\u00e9n con un <\/span><b>estupendo ambiente en cualquier \u00e9poca del a\u00f1o.<\/b><\/p><p><span style=\"font-weight: 400;\">Entre sus principales atractivos, est\u00e1 la costa mediterr\u00e1nea. Aqu\u00ed disfrutar\u00e1s de un mar que se encuentra a una <\/span><a href=\"https:\/\/www.orangecosta.com\/blog\/el-tiempo-en-benicasim-un-clima-perfecto-todo-el-ano\/\"><b>temperatura agradable <\/b><\/a><b>desde la primavera hasta el oto\u00f1o,<\/b><span style=\"font-weight: 400;\"> y todo ello acompa\u00f1ado de un clima en el que luce el sol la mayor\u00eda de d\u00edas. Adem\u00e1s, las playas de la zona disponen de todos los servicios, por lo que resultan perfectas para que viajes con toda la familia.<\/span><\/p><p><span style=\"font-weight: 400;\">De la misma forma, podr\u00e1s gozar de la historia de Benicasim sin necesidad de moverte del chiringuito. Uno de los mejores ejemplos es la Torre de San Vicente, un edificio del <\/span><b>siglo XVI.<\/b><span style=\"font-weight: 400;\"> Se emple\u00f3 durante siglos como torre de vigilancia para alertar de las incursiones corsarias y todav\u00eda hoy se mantiene en perfectas condiciones.<\/span><\/p><p><span style=\"font-weight: 400;\">Si lo que quieres es disfrutar de la gastronom\u00eda y las bebidas locales, el <\/span><b>Museo Bodega Carmelitano <\/b><span style=\"font-weight: 400;\">es tu mejor alternativa. No obstante, hay un<\/span><b> restaurante en el<\/b> <b>Desierto de las Palmas <\/b><span style=\"font-weight: 400;\">que resulta perfecto para que degustes los mejores platos tradicionales de esta poblaci\u00f3n. Sin duda, \u00a1la manera ideal de acabar tu ruta!<\/span><\/p><p><span style=\"font-weight: 400;\">El <\/span><b>Desierto de las Palmas<\/b><span style=\"font-weight: 400;\"> es un para\u00edso si te gusta disfrutar de la naturaleza y te propone distintas alternativas para que lo pases en grande, ya sea haciendo senderismo, montando en bici o simplemente observando las distintas especies de aves, mam\u00edferos y reptiles. En<\/span><a href=\"https:\/\/www.orangecosta.com\/alquiler\/alquileres-benicassim-d139\/\/\"><span style=\"font-weight: 400;\"> Orange Costa, <\/span><\/a><span style=\"font-weight: 400;\">contamos con los mejores alojamientos para que tengas una estancia id\u00edlica en Benicasim, una de las localidades de la Costa de Azahar con mayor oferta tur\u00edstica. Recuerda reservar con la antelaci\u00f3n suficiente para que nadie se te adelante.<\/span><\/p>\t\t\t\t\t\t\t\t<\/div>\n\t\t\t\t<\/div>\n\t\t\t\t\t<\/div>\n\t\t<\/div>\n\t\t\t\t\t<\/div>\n\t\t<\/section>\n\t\t\t\t<section class=\"elementor-section elementor-top-section elementor-element elementor-element-5410b3b1 elementor-section-boxed elementor-section-height-default elementor-section-height-default\" data-id=\"5410b3b1\" data-element_type=\"section\" data-e-type=\"section\">\n\t\t\t\t\t\t<div class=\"elementor-container elementor-column-gap-default\">\n\t\t\t\t\t<div class=\"elementor-column elementor-col-33 elementor-top-column elementor-element elementor-element-5845f6e4\" data-id=\"5845f6e4\" data-element_type=\"column\" data-e-type=\"column\">\n\t\t\t<div class=\"elementor-widget-wrap elementor-element-populated\">\n\t\t\t\t\t\t<div class=\"elementor-element elementor-element-2eafa261 elementor-align-center elementor-widget elementor-widget-button\" data-id=\"2eafa261\" data-element_type=\"widget\" data-e-type=\"widget\" data-widget_type=\"button.default\">\n\t\t\t\t<div class=\"elementor-widget-container\">\n\t\t\t\t\t\t\t\t\t<div class=\"elementor-button-wrapper\">\n\t\t\t\t\t<a class=\"elementor-button elementor-button-link elementor-size-sm\" href=\"https:\/\/www.orangecosta.com\/alquiler\/alquileres-alcoceber-alcossebre-d100\/\">\n\t\t\t\t\t\t<span class=\"elementor-button-content-wrapper\">\n\t\t\t\t\t\t\t\t\t<span class=\"elementor-button-text\">ALOJAMIENTOS BENIC\u00c0SSIM<\/span>\n\t\t\t\t\t<\/span>\n\t\t\t\t\t<\/a>\n\t\t\t\t<\/div>\n\t\t\t\t\t\t\t\t<\/div>\n\t\t\t\t<\/div>\n\t\t\t\t\t<\/div>\n\t\t<\/div>\n\t\t\t\t<div class=\"elementor-column elementor-col-33 elementor-top-column elementor-element elementor-element-74c48c08\" data-id=\"74c48c08\" data-element_type=\"column\" data-e-type=\"column\">\n\t\t\t<div class=\"elementor-widget-wrap elementor-element-populated\">\n\t\t\t\t\t\t<div class=\"elementor-element elementor-element-2da51c11 elementor-align-center elementor-widget elementor-widget-button\" data-id=\"2da51c11\" data-element_type=\"widget\" data-e-type=\"widget\" data-widget_type=\"button.default\">\n\t\t\t\t<div class=\"elementor-widget-container\">\n\t\t\t\t\t\t\t\t\t<div class=\"elementor-button-wrapper\">\n\t\t\t\t\t<a class=\"elementor-button elementor-button-link elementor-size-sm\" href=\"https:\/\/www.orangecosta.com\/alquiler\/alquileres-benicassim-d139\/\">\n\t\t\t\t\t\t<span class=\"elementor-button-content-wrapper\">\n\t\t\t\t\t\t\t\t\t<span class=\"elementor-button-text\">APARTAMENTOS BENIC\u00c0SSIM<\/span>\n\t\t\t\t\t<\/span>\n\t\t\t\t\t<\/a>\n\t\t\t\t<\/div>\n\t\t\t\t\t\t\t\t<\/div>\n\t\t\t\t<\/div>\n\t\t\t\t\t<\/div>\n\t\t<\/div>\n\t\t\t\t<div class=\"elementor-column elementor-col-33 elementor-top-column elementor-element elementor-element-5916ccc1\" data-id=\"5916ccc1\" data-element_type=\"column\" data-e-type=\"column\">\n\t\t\t<div class=\"elementor-widget-wrap elementor-element-populated\">\n\t\t\t\t\t\t<div class=\"elementor-element elementor-element-105cf950 elementor-align-center elementor-widget elementor-widget-button\" data-id=\"105cf950\" data-element_type=\"widget\" data-e-type=\"widget\" data-widget_type=\"button.default\">\n\t\t\t\t<div class=\"elementor-widget-container\">\n\t\t\t\t\t\t\t\t\t<div class=\"elementor-button-wrapper\">\n\t\t\t\t\t<a class=\"elementor-button elementor-button-link elementor-size-sm\" href=\"https:\/\/www.orangecosta.com\/alquiler\/bungalows-benicassim-c21d139\/\">\n\t\t\t\t\t\t<span class=\"elementor-button-content-wrapper\">\n\t\t\t\t\t\t\t\t\t<span class=\"elementor-button-text\">BUNGALOWS BENIC\u00c0SSIM<\/span>\n\t\t\t\t\t<\/span>\n\t\t\t\t\t<\/a>\n\t\t\t\t<\/div>\n\t\t\t\t\t\t\t\t<\/div>\n\t\t\t\t<\/div>\n\t\t\t\t\t<\/div>\n\t\t<\/div>\n\t\t\t\t\t<\/div>\n\t\t<\/section>\n\t\t\t\t<\/div>\n\t\t","protected":false},"excerpt":{"rendered":"<p>El Desierto de las Palmas es uno de los tesoros ocultos de la provincia de Castell\u00f3n. Y, al contrario de&#8230;<\/p>\n","protected":false},"author":3,"featured_media":2054,"comment_status":"open","ping_status":"open","sticky":false,"template":"","format":"standard","meta":{"footnotes":""},"categories":[18,105,124],"tags":[169],"class_list":["post-2046","post","type-post","status-publish","format-standard","has-post-thumbnail","hentry","category-benicasim","category-costa-azahar","category-naturaleza","tag-no-template"],"yoast_head":"<!-- This site is optimized with the Yoast SEO plugin v27.5 - https:\/\/yoast.com\/product\/yoast-seo-wordpress\/ -->\n<title>El Desierto de las Palmas Benic\u00e0ssim<\/title>\n<meta name=\"description\" content=\"El Desierto de las Palmas est\u00e1 situado en un parque natural rodeado de naturaleza y con una gran biodiversidad.\" \/>\n<meta name=\"robots\" content=\"index, follow, max-snippet:-1, max-image-preview:large, max-video-preview:-1\" \/>\n<link rel=\"canonical\" href=\"https:\/\/www.orangecosta.com\/blog\/desierto-de-las-palmas-benicassim\/\" \/>\n<meta property=\"og:locale\" content=\"es_ES\" \/>\n<meta property=\"og:type\" content=\"article\" \/>\n<meta property=\"og:title\" content=\"El Desierto de las Palmas Benic\u00e0ssim\" \/>\n<meta property=\"og:description\" content=\"El Desierto de las Palmas est\u00e1 situado en un parque natural rodeado de naturaleza y con una gran biodiversidad.\" \/>\n<meta property=\"og:url\" content=\"https:\/\/www.orangecosta.com\/blog\/desierto-de-las-palmas-benicassim\/\" \/>\n<meta property=\"og:site_name\" content=\"Blog turismo Orange Costa\" \/>\n<meta property=\"article:published_time\" content=\"2023-11-13T12:51:32+00:00\" \/>\n<meta property=\"article:modified_time\" content=\"2026-03-12T12:04:40+00:00\" \/>\n<meta property=\"og:image\" content=\"https:\/\/www.orangecosta.com\/blog\/wp-content\/uploads\/2023\/11\/Desierto-de-las-palmas-benicassim.jpg\" \/>\n\t<meta property=\"og:image:width\" content=\"1920\" \/>\n\t<meta property=\"og:image:height\" content=\"500\" \/>\n\t<meta property=\"og:image:type\" content=\"image\/jpeg\" \/>\n<meta name=\"author\" content=\"digitalservices\" \/>\n<meta name=\"twitter:card\" content=\"summary_large_image\" \/>\n<meta name=\"twitter:label1\" content=\"Escrito por\" \/>\n\t<meta name=\"twitter:data1\" content=\"digitalservices\" \/>\n\t<meta name=\"twitter:label2\" content=\"Tiempo de lectura\" \/>\n\t<meta name=\"twitter:data2\" content=\"5 minutos\" \/>\n<script type=\"application\/ld+json\" class=\"yoast-schema-graph\">{\"@context\":\"https:\\\/\\\/schema.org\",\"@graph\":[{\"@type\":\"Article\",\"@id\":\"https:\\\/\\\/www.orangecosta.com\\\/blog\\\/desierto-de-las-palmas-benicassim\\\/#article\",\"isPartOf\":{\"@id\":\"https:\\\/\\\/www.orangecosta.com\\\/blog\\\/desierto-de-las-palmas-benicassim\\\/\"},\"author\":{\"name\":\"digitalservices\",\"@id\":\"https:\\\/\\\/www.orangecosta.com\\\/blog\\\/#\\\/schema\\\/person\\\/f93ddfccc2f63dd0916fb2c6e908337f\"},\"headline\":\"El Desierto de las Palmas: un lugar \u00fanico que tienes que visitar en Benic\u00e0ssim\",\"datePublished\":\"2023-11-13T12:51:32+00:00\",\"dateModified\":\"2026-03-12T12:04:40+00:00\",\"mainEntityOfPage\":{\"@id\":\"https:\\\/\\\/www.orangecosta.com\\\/blog\\\/desierto-de-las-palmas-benicassim\\\/\"},\"wordCount\":904,\"commentCount\":0,\"image\":{\"@id\":\"https:\\\/\\\/www.orangecosta.com\\\/blog\\\/desierto-de-las-palmas-benicassim\\\/#primaryimage\"},\"thumbnailUrl\":\"https:\\\/\\\/www.orangecosta.com\\\/blog\\\/wp-content\\\/uploads\\\/2023\\\/11\\\/Desierto-de-las-palmas-benicassim.jpg\",\"keywords\":[\"No template\"],\"articleSection\":[\"Benic\u00e1ssim\",\"Costa Azahar\",\"Naturaleza\"],\"inLanguage\":\"es\",\"potentialAction\":[{\"@type\":\"CommentAction\",\"name\":\"Comment\",\"target\":[\"https:\\\/\\\/www.orangecosta.com\\\/blog\\\/desierto-de-las-palmas-benicassim\\\/#respond\"]}]},{\"@type\":\"WebPage\",\"@id\":\"https:\\\/\\\/www.orangecosta.com\\\/blog\\\/desierto-de-las-palmas-benicassim\\\/\",\"url\":\"https:\\\/\\\/www.orangecosta.com\\\/blog\\\/desierto-de-las-palmas-benicassim\\\/\",\"name\":\"El Desierto de las Palmas Benic\u00e0ssim\",\"isPartOf\":{\"@id\":\"https:\\\/\\\/www.orangecosta.com\\\/blog\\\/#website\"},\"primaryImageOfPage\":{\"@id\":\"https:\\\/\\\/www.orangecosta.com\\\/blog\\\/desierto-de-las-palmas-benicassim\\\/#primaryimage\"},\"image\":{\"@id\":\"https:\\\/\\\/www.orangecosta.com\\\/blog\\\/desierto-de-las-palmas-benicassim\\\/#primaryimage\"},\"thumbnailUrl\":\"https:\\\/\\\/www.orangecosta.com\\\/blog\\\/wp-content\\\/uploads\\\/2023\\\/11\\\/Desierto-de-las-palmas-benicassim.jpg\",\"datePublished\":\"2023-11-13T12:51:32+00:00\",\"dateModified\":\"2026-03-12T12:04:40+00:00\",\"author\":{\"@id\":\"https:\\\/\\\/www.orangecosta.com\\\/blog\\\/#\\\/schema\\\/person\\\/f93ddfccc2f63dd0916fb2c6e908337f\"},\"description\":\"El Desierto de las Palmas est\u00e1 situado en un parque natural rodeado de naturaleza y con una gran biodiversidad.\",\"breadcrumb\":{\"@id\":\"https:\\\/\\\/www.orangecosta.com\\\/blog\\\/desierto-de-las-palmas-benicassim\\\/#breadcrumb\"},\"inLanguage\":\"es\",\"potentialAction\":[{\"@type\":\"ReadAction\",\"target\":[\"https:\\\/\\\/www.orangecosta.com\\\/blog\\\/desierto-de-las-palmas-benicassim\\\/\"]}]},{\"@type\":\"ImageObject\",\"inLanguage\":\"es\",\"@id\":\"https:\\\/\\\/www.orangecosta.com\\\/blog\\\/desierto-de-las-palmas-benicassim\\\/#primaryimage\",\"url\":\"https:\\\/\\\/www.orangecosta.com\\\/blog\\\/wp-content\\\/uploads\\\/2023\\\/11\\\/Desierto-de-las-palmas-benicassim.jpg\",\"contentUrl\":\"https:\\\/\\\/www.orangecosta.com\\\/blog\\\/wp-content\\\/uploads\\\/2023\\\/11\\\/Desierto-de-las-palmas-benicassim.jpg\",\"width\":1920,\"height\":500,\"caption\":\"Desierto de las palmas benicassim\"},{\"@type\":\"BreadcrumbList\",\"@id\":\"https:\\\/\\\/www.orangecosta.com\\\/blog\\\/desierto-de-las-palmas-benicassim\\\/#breadcrumb\",\"itemListElement\":[{\"@type\":\"ListItem\",\"position\":1,\"name\":\"Home\",\"item\":\"https:\\\/\\\/www.orangecosta.com\\\/blog\\\/\"},{\"@type\":\"ListItem\",\"position\":2,\"name\":\"El Desierto de las Palmas: un lugar \u00fanico que tienes que visitar en Benic\u00e0ssim\"}]},{\"@type\":\"WebSite\",\"@id\":\"https:\\\/\\\/www.orangecosta.com\\\/blog\\\/#website\",\"url\":\"https:\\\/\\\/www.orangecosta.com\\\/blog\\\/\",\"name\":\"Blog turismo Orange Costa\",\"description\":\"Orangecosta\",\"potentialAction\":[{\"@type\":\"SearchAction\",\"target\":{\"@type\":\"EntryPoint\",\"urlTemplate\":\"https:\\\/\\\/www.orangecosta.com\\\/blog\\\/?s={search_term_string}\"},\"query-input\":{\"@type\":\"PropertyValueSpecification\",\"valueRequired\":true,\"valueName\":\"search_term_string\"}}],\"inLanguage\":\"es\"},{\"@type\":\"Person\",\"@id\":\"https:\\\/\\\/www.orangecosta.com\\\/blog\\\/#\\\/schema\\\/person\\\/f93ddfccc2f63dd0916fb2c6e908337f\",\"name\":\"digitalservices\",\"image\":{\"@type\":\"ImageObject\",\"inLanguage\":\"es\",\"@id\":\"https:\\\/\\\/secure.gravatar.com\\\/avatar\\\/af30f88a1904294c1f3eb09a9d7903eec4ffa18fa2cf40c28a8681014ecdfc20?s=96&d=mm&r=g\",\"url\":\"https:\\\/\\\/secure.gravatar.com\\\/avatar\\\/af30f88a1904294c1f3eb09a9d7903eec4ffa18fa2cf40c28a8681014ecdfc20?s=96&d=mm&r=g\",\"contentUrl\":\"https:\\\/\\\/secure.gravatar.com\\\/avatar\\\/af30f88a1904294c1f3eb09a9d7903eec4ffa18fa2cf40c28a8681014ecdfc20?s=96&d=mm&r=g\",\"caption\":\"digitalservices\"},\"url\":\"https:\\\/\\\/www.orangecosta.com\\\/blog\\\/author\\\/digitalservices\\\/\"}]}<\/script>\n<!-- \/ Yoast SEO plugin. -->","yoast_head_json":{"title":"El Desierto de las Palmas Benic\u00e0ssim","description":"El Desierto de las Palmas est\u00e1 situado en un parque natural rodeado de naturaleza y con una gran biodiversidad.","robots":{"index":"index","follow":"follow","max-snippet":"max-snippet:-1","max-image-preview":"max-image-preview:large","max-video-preview":"max-video-preview:-1"},"canonical":"https:\/\/www.orangecosta.com\/blog\/desierto-de-las-palmas-benicassim\/","og_locale":"es_ES","og_type":"article","og_title":"El Desierto de las Palmas Benic\u00e0ssim","og_description":"El Desierto de las Palmas est\u00e1 situado en un parque natural rodeado de naturaleza y con una gran biodiversidad.","og_url":"https:\/\/www.orangecosta.com\/blog\/desierto-de-las-palmas-benicassim\/","og_site_name":"Blog turismo Orange Costa","article_published_time":"2023-11-13T12:51:32+00:00","article_modified_time":"2026-03-12T12:04:40+00:00","og_image":[{"width":1920,"height":500,"url":"https:\/\/www.orangecosta.com\/blog\/wp-content\/uploads\/2023\/11\/Desierto-de-las-palmas-benicassim.jpg","type":"image\/jpeg"}],"author":"digitalservices","twitter_card":"summary_large_image","twitter_misc":{"Escrito por":"digitalservices","Tiempo de lectura":"5 minutos"},"schema":{"@context":"https:\/\/schema.org","@graph":[{"@type":"Article","@id":"https:\/\/www.orangecosta.com\/blog\/desierto-de-las-palmas-benicassim\/#article","isPartOf":{"@id":"https:\/\/www.orangecosta.com\/blog\/desierto-de-las-palmas-benicassim\/"},"author":{"name":"digitalservices","@id":"https:\/\/www.orangecosta.com\/blog\/#\/schema\/person\/f93ddfccc2f63dd0916fb2c6e908337f"},"headline":"El Desierto de las Palmas: un lugar \u00fanico que tienes que visitar en Benic\u00e0ssim","datePublished":"2023-11-13T12:51:32+00:00","dateModified":"2026-03-12T12:04:40+00:00","mainEntityOfPage":{"@id":"https:\/\/www.orangecosta.com\/blog\/desierto-de-las-palmas-benicassim\/"},"wordCount":904,"commentCount":0,"image":{"@id":"https:\/\/www.orangecosta.com\/blog\/desierto-de-las-palmas-benicassim\/#primaryimage"},"thumbnailUrl":"https:\/\/www.orangecosta.com\/blog\/wp-content\/uploads\/2023\/11\/Desierto-de-las-palmas-benicassim.jpg","keywords":["No template"],"articleSection":["Benic\u00e1ssim","Costa Azahar","Naturaleza"],"inLanguage":"es","potentialAction":[{"@type":"CommentAction","name":"Comment","target":["https:\/\/www.orangecosta.com\/blog\/desierto-de-las-palmas-benicassim\/#respond"]}]},{"@type":"WebPage","@id":"https:\/\/www.orangecosta.com\/blog\/desierto-de-las-palmas-benicassim\/","url":"https:\/\/www.orangecosta.com\/blog\/desierto-de-las-palmas-benicassim\/","name":"El Desierto de las Palmas Benic\u00e0ssim","isPartOf":{"@id":"https:\/\/www.orangecosta.com\/blog\/#website"},"primaryImageOfPage":{"@id":"https:\/\/www.orangecosta.com\/blog\/desierto-de-las-palmas-benicassim\/#primaryimage"},"image":{"@id":"https:\/\/www.orangecosta.com\/blog\/desierto-de-las-palmas-benicassim\/#primaryimage"},"thumbnailUrl":"https:\/\/www.orangecosta.com\/blog\/wp-content\/uploads\/2023\/11\/Desierto-de-las-palmas-benicassim.jpg","datePublished":"2023-11-13T12:51:32+00:00","dateModified":"2026-03-12T12:04:40+00:00","author":{"@id":"https:\/\/www.orangecosta.com\/blog\/#\/schema\/person\/f93ddfccc2f63dd0916fb2c6e908337f"},"description":"El Desierto de las Palmas est\u00e1 situado en un parque natural rodeado de naturaleza y con una gran biodiversidad.","breadcrumb":{"@id":"https:\/\/www.orangecosta.com\/blog\/desierto-de-las-palmas-benicassim\/#breadcrumb"},"inLanguage":"es","potentialAction":[{"@type":"ReadAction","target":["https:\/\/www.orangecosta.com\/blog\/desierto-de-las-palmas-benicassim\/"]}]},{"@type":"ImageObject","inLanguage":"es","@id":"https:\/\/www.orangecosta.com\/blog\/desierto-de-las-palmas-benicassim\/#primaryimage","url":"https:\/\/www.orangecosta.com\/blog\/wp-content\/uploads\/2023\/11\/Desierto-de-las-palmas-benicassim.jpg","contentUrl":"https:\/\/www.orangecosta.com\/blog\/wp-content\/uploads\/2023\/11\/Desierto-de-las-palmas-benicassim.jpg","width":1920,"height":500,"caption":"Desierto de las palmas benicassim"},{"@type":"BreadcrumbList","@id":"https:\/\/www.orangecosta.com\/blog\/desierto-de-las-palmas-benicassim\/#breadcrumb","itemListElement":[{"@type":"ListItem","position":1,"name":"Home","item":"https:\/\/www.orangecosta.com\/blog\/"},{"@type":"ListItem","position":2,"name":"El Desierto de las Palmas: un lugar \u00fanico que tienes que visitar en Benic\u00e0ssim"}]},{"@type":"WebSite","@id":"https:\/\/www.orangecosta.com\/blog\/#website","url":"https:\/\/www.orangecosta.com\/blog\/","name":"Blog turismo Orange Costa","description":"Orangecosta","potentialAction":[{"@type":"SearchAction","target":{"@type":"EntryPoint","urlTemplate":"https:\/\/www.orangecosta.com\/blog\/?s={search_term_string}"},"query-input":{"@type":"PropertyValueSpecification","valueRequired":true,"valueName":"search_term_string"}}],"inLanguage":"es"},{"@type":"Person","@id":"https:\/\/www.orangecosta.com\/blog\/#\/schema\/person\/f93ddfccc2f63dd0916fb2c6e908337f","name":"digitalservices","image":{"@type":"ImageObject","inLanguage":"es","@id":"https:\/\/secure.gravatar.com\/avatar\/af30f88a1904294c1f3eb09a9d7903eec4ffa18fa2cf40c28a8681014ecdfc20?s=96&d=mm&r=g","url":"https:\/\/secure.gravatar.com\/avatar\/af30f88a1904294c1f3eb09a9d7903eec4ffa18fa2cf40c28a8681014ecdfc20?s=96&d=mm&r=g","contentUrl":"https:\/\/secure.gravatar.com\/avatar\/af30f88a1904294c1f3eb09a9d7903eec4ffa18fa2cf40c28a8681014ecdfc20?s=96&d=mm&r=g","caption":"digitalservices"},"url":"https:\/\/www.orangecosta.com\/blog\/author\/digitalservices\/"}]}},"_links":{"self":[{"href":"https:\/\/www.orangecosta.com\/blog\/wp-json\/wp\/v2\/posts\/2046","targetHints":{"allow":["GET"]}}],"collection":[{"href":"https:\/\/www.orangecosta.com\/blog\/wp-json\/wp\/v2\/posts"}],"about":[{"href":"https:\/\/www.orangecosta.com\/blog\/wp-json\/wp\/v2\/types\/post"}],"author":[{"embeddable":true,"href":"https:\/\/www.orangecosta.com\/blog\/wp-json\/wp\/v2\/users\/3"}],"replies":[{"embeddable":true,"href":"https:\/\/www.orangecosta.com\/blog\/wp-json\/wp\/v2\/comments?post=2046"}],"version-history":[{"count":18,"href":"https:\/\/www.orangecosta.com\/blog\/wp-json\/wp\/v2\/posts\/2046\/revisions"}],"predecessor-version":[{"id":2107,"href":"https:\/\/www.orangecosta.com\/blog\/wp-json\/wp\/v2\/posts\/2046\/revisions\/2107"}],"wp:featuredmedia":[{"embeddable":true,"href":"https:\/\/www.orangecosta.com\/blog\/wp-json\/wp\/v2\/media\/2054"}],"wp:attachment":[{"href":"https:\/\/www.orangecosta.com\/blog\/wp-json\/wp\/v2\/media?parent=2046"}],"wp:term":[{"taxonomy":"category","embeddable":true,"href":"https:\/\/www.orangecosta.com\/blog\/wp-json\/wp\/v2\/categories?post=2046"},{"taxonomy":"post_tag","embeddable":true,"href":"https:\/\/www.orangecosta.com\/blog\/wp-json\/wp\/v2\/tags?post=2046"}],"curies":[{"name":"wp","href":"https:\/\/api.w.org\/{rel}","templated":true}]}}