{"id":1964,"date":"2023-10-03T09:15:44","date_gmt":"2023-10-03T09:15:44","guid":{"rendered":"https:\/\/www.orangecosta.com\/blog\/?p=1964"},"modified":"2026-03-12T12:04:41","modified_gmt":"2026-03-12T12:04:41","slug":"red-pier-fest","status":"publish","type":"post","link":"https:\/\/www.orangecosta.com\/blog\/red-pier-fest\/","title":{"rendered":"Red Pier Fest, el festival de octubre de Castell\u00f3n"},"content":{"rendered":"\t\t<div data-elementor-type=\"wp-post\" data-elementor-id=\"1964\" class=\"elementor elementor-1964\" data-elementor-post-type=\"post\">\n\t\t\t\t\t\t<section class=\"elementor-section elementor-top-section elementor-element elementor-element-4c46deaa elementor-section-boxed elementor-section-height-default elementor-section-height-default\" data-id=\"4c46deaa\" data-element_type=\"section\" data-e-type=\"section\">\n\t\t\t\t\t\t<div class=\"elementor-container elementor-column-gap-default\">\n\t\t\t\t\t<div class=\"elementor-column elementor-col-100 elementor-top-column elementor-element elementor-element-3f13bc73\" data-id=\"3f13bc73\" data-element_type=\"column\" data-e-type=\"column\">\n\t\t\t<div class=\"elementor-widget-wrap elementor-element-populated\">\n\t\t\t\t\t\t<div class=\"elementor-element elementor-element-79d6ef2b elementor-widget elementor-widget-text-editor\" data-id=\"79d6ef2b\" data-element_type=\"widget\" data-e-type=\"widget\" data-widget_type=\"text-editor.default\">\n\t\t\t\t<div class=\"elementor-widget-container\">\n\t\t\t\t\t\t\t\t\t<p><span style=\"font-weight: 400;\">Si eres de las personas que disfrutan en los festivales de m\u00fasica en directo, te encantar\u00e1 el <\/span><b>Red Pier Fest<\/b><span style=\"font-weight: 400;\">. Se celebra en <\/span><b>Castell\u00f3n<\/b><span style=\"font-weight: 400;\">, en el <\/span><b>Recinto de Ferias y Mercados<\/b><span style=\"font-weight: 400;\">, los d\u00edas<\/span><b> 19, 20 y 21 de octubre<\/b><span style=\"font-weight: 400;\">. Son tres d\u00edas de <\/span>buena m\u00fasica y talleres <span style=\"font-weight: 400;\">que podr\u00e1s compartir con tus amigos, tu familia e incluso tus hijos peque\u00f1os, ya que se trata de un evento apto para todos.<\/span><\/p>\t\t\t\t\t\t\t\t<\/div>\n\t\t\t\t<\/div>\n\t\t\t\t\t<\/div>\n\t\t<\/div>\n\t\t\t\t\t<\/div>\n\t\t<\/section>\n\t\t\t\t<section class=\"elementor-section elementor-top-section elementor-element elementor-element-d5a7c7b elementor-section-boxed elementor-section-height-default elementor-section-height-default\" data-id=\"d5a7c7b\" data-element_type=\"section\" data-e-type=\"section\">\n\t\t\t\t\t\t<div class=\"elementor-container elementor-column-gap-default\">\n\t\t\t\t\t<div class=\"elementor-column elementor-col-100 elementor-top-column elementor-element elementor-element-775fe48\" data-id=\"775fe48\" data-element_type=\"column\" data-e-type=\"column\">\n\t\t\t<div class=\"elementor-widget-wrap elementor-element-populated\">\n\t\t\t\t\t\t<div class=\"elementor-element elementor-element-d8163cf elementor-widget elementor-widget-heading\" data-id=\"d8163cf\" data-element_type=\"widget\" data-e-type=\"widget\" data-widget_type=\"heading.default\">\n\t\t\t\t<div class=\"elementor-widget-container\">\n\t\t\t\t\t<h2 class=\"elementor-heading-title elementor-size-default\">Cartel del Red Pier Fest 2023\n<\/h2>\t\t\t\t<\/div>\n\t\t\t\t<\/div>\n\t\t\t\t<div class=\"elementor-element elementor-element-45e14b3 elementor-widget elementor-widget-text-editor\" data-id=\"45e14b3\" data-element_type=\"widget\" data-e-type=\"widget\" data-widget_type=\"text-editor.default\">\n\t\t\t\t<div class=\"elementor-widget-container\">\n\t\t\t\t\t\t\t\t\t<p><span style=\"font-weight: 400;\">La <\/span><b>Sexta edici\u00f3n del Red Pier Fest<\/b><span style=\"font-weight: 400;\">, programada del <\/span><b>19 al 21 de octubre<\/b><span style=\"font-weight: 400;\">, promete convertir nuevamente a Castell\u00f3 en el epicentro del rock y el pop espa\u00f1ol. Este a\u00f1o, el festival adopta un nuevo formato que busca acercar la m\u00fasica, el arte y la gastronom\u00eda a un p\u00fablico m\u00e1s amplio, y para ello, se traslada al Recinto de Ferias y Mercados de Castell\u00f3, un espacio mejor acondicionado y m\u00e1s espacioso para dar cabida a un festival musical en constante crecimiento.<\/span><\/p><p><span style=\"font-weight: 400;\">El <\/span><b>cartel del Red Pier Fest 2023 <\/b><span style=\"font-weight: 400;\">presenta tres d\u00edas de conciertos con destacadas bandas del panorama nacional, entre ellas:<\/span><\/p><ul><li style=\"font-weight: 400;\" aria-level=\"1\"><span style=\"font-weight: 400;\">Mojinos Escozios<\/span><\/li><li style=\"font-weight: 400;\" aria-level=\"1\"><span style=\"font-weight: 400;\">Sexy Zebras<\/span><\/li><li style=\"font-weight: 400;\" aria-level=\"1\"><span style=\"font-weight: 400;\">Tropa Do Carallo<\/span><\/li><li style=\"font-weight: 400;\" aria-level=\"1\"><span style=\"font-weight: 400;\">La Fuga<\/span><\/li><li style=\"font-weight: 400;\" aria-level=\"1\"><span style=\"font-weight: 400;\">Smoking Souls<\/span><\/li><li style=\"font-weight: 400;\" aria-level=\"1\"><span style=\"font-weight: 400;\">Dulce Castigo<\/span><\/li><li style=\"font-weight: 400;\" aria-level=\"1\"><span style=\"font-weight: 400;\">Casino Clandestino<\/span><\/li><\/ul>\t\t\t\t\t\t\t\t<\/div>\n\t\t\t\t<\/div>\n\t\t\t\t<div class=\"elementor-element elementor-element-a0a1190 elementor-widget elementor-widget-image\" data-id=\"a0a1190\" data-element_type=\"widget\" data-e-type=\"widget\" data-widget_type=\"image.default\">\n\t\t\t\t<div class=\"elementor-widget-container\">\n\t\t\t\t\t\t\t\t\t\t\t\t\t\t\t<img fetchpriority=\"high\" decoding=\"async\" width=\"1440\" height=\"1440\" src=\"https:\/\/www.orangecosta.com\/blog\/wp-content\/uploads\/2023\/10\/Red-Pier-Fest-2023.jpg\" class=\"attachment-full size-full wp-image-1972\" alt=\"Red Pier Fest 2023\" srcset=\"https:\/\/www.orangecosta.com\/blog\/wp-content\/uploads\/2023\/10\/Red-Pier-Fest-2023.jpg 1440w, https:\/\/www.orangecosta.com\/blog\/wp-content\/uploads\/2023\/10\/Red-Pier-Fest-2023-150x150.jpg 150w, https:\/\/www.orangecosta.com\/blog\/wp-content\/uploads\/2023\/10\/Red-Pier-Fest-2023-768x768.jpg 768w, https:\/\/www.orangecosta.com\/blog\/wp-content\/uploads\/2023\/10\/Red-Pier-Fest-2023-90x90.jpg 90w\" sizes=\"(max-width: 1440px) 100vw, 1440px\" \/>\t\t\t\t\t\t\t\t\t\t\t\t\t\t\t<\/div>\n\t\t\t\t<\/div>\n\t\t\t\t<div class=\"elementor-element elementor-element-f8d2ea3 elementor-widget elementor-widget-text-editor\" data-id=\"f8d2ea3\" data-element_type=\"widget\" data-e-type=\"widget\" data-widget_type=\"text-editor.default\">\n\t\t\t\t<div class=\"elementor-widget-container\">\n\t\t\t\t\t\t\t\t\t<p><span style=\"font-weight: 400;\">La m\u00fasica <\/span><b>comenzar\u00e1 el jueves 19<\/b><span style=\"font-weight: 400;\"> con una emocionante pre-party en la que varios DJ&#8217;s dar\u00e1n el pistoletazo de salida al festival. Como es costumbre, el festival tambi\u00e9n brindar\u00e1 un espacio para las bandas emergentes de la provincia de Castell\u00f3, a trav\u00e9s de un <\/span><b>concurso con un premio en met\u00e1lico que se llevar\u00e1 a cabo el 20 de octubre<\/b><span style=\"font-weight: 400;\">. Adem\u00e1s de la m\u00fasica, el festival ofrecer\u00e1 una variada oferta gastron\u00f3mica con food trucks y un mercado. Red Pier Fest se destaca como un proyecto cultural y musical de primer nivel que contribuye a la estrategia de posicionamiento y dinamizaci\u00f3n econ\u00f3mica de la ciudad de Castell\u00f3n, trascendiendo los tres d\u00edas del festival al colaborar con diversas entidades, asociaciones y administraciones p\u00fablicas y privadas a lo largo del a\u00f1o.\u00a0<\/span><\/p><p><span style=\"font-weight: 400;\">Este evento tambi\u00e9n tiene un car\u00e1cter solidario, destinando parte de sus recaudaciones a la asociaci\u00f3n Afanias Castell\u00f3n, que trabaja en la protecci\u00f3n y atenci\u00f3n de personas con diversidad funcional, y dar\u00e1 visibilidad al trabajo de <\/span><b>Huellas Callejeras<\/b><span style=\"font-weight: 400;\">, una asociaci\u00f3n protectora de animales que busca encontrar <\/span><b>hogares para animales abandonados<\/b><span style=\"font-weight: 400;\">, especialmente perros y gatos. El R<\/span><b>ed Pier Fest<\/b><span style=\"font-weight: 400;\"> tambi\u00e9n promover\u00e1 medidas ecol\u00f3gicas, como la reutilizaci\u00f3n de vasos, para concienciar sobre la importancia del cuidado del medio ambiente.\u00a0<\/span><\/p><p><span style=\"font-weight: 400;\">Si deseas sumergirte en la <\/span><b>gran fiesta del rock de Castell\u00f3<\/b><span style=\"font-weight: 400;\">, aseg\u00farate de ser uno de los primeros 500 en adquirir tu entrada y aprovecha el bono promocional para los dos d\u00edas a un precio especial de <\/span><b>30\u20ac<\/b><span style=\"font-weight: 400;\">. \u00a1No te pierdas esta emocionante experiencia musical y cultural en Castell\u00f3!<\/span><\/p>\t\t\t\t\t\t\t\t<\/div>\n\t\t\t\t<\/div>\n\t\t\t\t\t<\/div>\n\t\t<\/div>\n\t\t\t\t\t<\/div>\n\t\t<\/section>\n\t\t\t\t<section class=\"elementor-section elementor-top-section elementor-element elementor-element-a4e76ca elementor-section-boxed elementor-section-height-default elementor-section-height-default\" data-id=\"a4e76ca\" data-element_type=\"section\" data-e-type=\"section\">\n\t\t\t\t\t\t<div class=\"elementor-container elementor-column-gap-default\">\n\t\t\t\t\t<div class=\"elementor-column elementor-col-100 elementor-top-column elementor-element elementor-element-6d928de\" data-id=\"6d928de\" data-element_type=\"column\" data-e-type=\"column\">\n\t\t\t<div class=\"elementor-widget-wrap elementor-element-populated\">\n\t\t\t\t\t\t<div class=\"elementor-element elementor-element-58dfcf2 elementor-widget elementor-widget-heading\" data-id=\"58dfcf2\" data-element_type=\"widget\" data-e-type=\"widget\" data-widget_type=\"heading.default\">\n\t\t\t\t<div class=\"elementor-widget-container\">\n\t\t\t\t\t<h2 class=\"elementor-heading-title elementor-size-default\">Comer en el Red Pier Fest 2023\n<\/h2>\t\t\t\t<\/div>\n\t\t\t\t<\/div>\n\t\t\t\t<div class=\"elementor-element elementor-element-37c1616 elementor-widget elementor-widget-text-editor\" data-id=\"37c1616\" data-element_type=\"widget\" data-e-type=\"widget\" data-widget_type=\"text-editor.default\">\n\t\t\t\t<div class=\"elementor-widget-container\">\n\t\t\t\t\t\t\t\t\t<p><span style=\"font-weight: 400;\">Tienes una gran oportunidad de conocer la<\/span><a href=\"https:\/\/www.orangecosta.com\/blog\/los-5-mejores-restaurantes-de-alcossebre\/\"><b> rica gastronom\u00eda local<\/b><\/a><span style=\"font-weight: 400;\"> en la amplia oferta en restauraci\u00f3n que tenemos en la ciudad. Se adapta a todos los gustos y presupuestos.&nbsp;<\/span><span style=\"background-color: transparent;\">Ya imaginar\u00e1s que, al estar en la Comunidad Valenciana, muchos de los platos se basan en el arroz. Sin embargo, tambi\u00e9n te recomendamos probar el <\/span><i style=\"background-color: transparent;\">ximo<\/i><span style=\"background-color: transparent;\">, los fideos<\/span><i style=\"background-color: transparent;\"> rossellats<\/i><span style=\"background-color: transparent;\">, la olla de la Plana o la coca de tomate y verduras.<\/span><\/p>\t\t\t\t\t\t\t\t<\/div>\n\t\t\t\t<\/div>\n\t\t\t\t\t<\/div>\n\t\t<\/div>\n\t\t\t\t\t<\/div>\n\t\t<\/section>\n\t\t\t\t<section class=\"elementor-section elementor-top-section elementor-element elementor-element-621e5f7 elementor-section-boxed elementor-section-height-default elementor-section-height-default\" data-id=\"621e5f7\" data-element_type=\"section\" data-e-type=\"section\">\n\t\t\t\t\t\t<div class=\"elementor-container elementor-column-gap-default\">\n\t\t\t\t\t<div class=\"elementor-column elementor-col-50 elementor-top-column elementor-element elementor-element-108cdcb\" data-id=\"108cdcb\" data-element_type=\"column\" data-e-type=\"column\">\n\t\t\t<div class=\"elementor-widget-wrap elementor-element-populated\">\n\t\t\t\t\t\t<div class=\"elementor-element elementor-element-770fc82 elementor-widget elementor-widget-text-editor\" data-id=\"770fc82\" data-element_type=\"widget\" data-e-type=\"widget\" data-widget_type=\"text-editor.default\">\n\t\t\t\t<div class=\"elementor-widget-container\">\n\t\t\t\t\t\t\t\t\t<p><span style=\"background-color: transparent;\">Y si no quieres salir del recinto para no perderte nada, dispones de <\/span><i style=\"background-color: transparent;\">food trucks<\/i><span style=\"background-color: transparent;\"> con <\/span><b style=\"background-color: transparent;\">especialidades culinarias<\/b><span style=\"background-color: transparent;\"> de calidad. As\u00ed, podr\u00e1s comer disfrutando de buena m\u00fasica y viviendo plenamente el ambiente del festival. \u00a1De ti depende!<\/span><br><\/p>\n<p><span style=\"font-weight: 400;\">El festival tambi\u00e9n cuenta con un <\/span><i><span style=\"font-weight: 400;\">market <\/span><\/i><span style=\"font-weight: 400;\">en el que podr\u00e1s adquirir lo que necesites o alg\u00fan recuerdo de tu paso por la ciudad.<\/span><\/p>\t\t\t\t\t\t\t\t<\/div>\n\t\t\t\t<\/div>\n\t\t\t\t\t<\/div>\n\t\t<\/div>\n\t\t\t\t<div class=\"elementor-column elementor-col-50 elementor-top-column elementor-element elementor-element-62d54fa\" data-id=\"62d54fa\" data-element_type=\"column\" data-e-type=\"column\">\n\t\t\t<div class=\"elementor-widget-wrap elementor-element-populated\">\n\t\t\t\t\t\t<div class=\"elementor-element elementor-element-e61d10e elementor-widget elementor-widget-image\" data-id=\"e61d10e\" data-element_type=\"widget\" data-e-type=\"widget\" data-widget_type=\"image.default\">\n\t\t\t\t<div class=\"elementor-widget-container\">\n\t\t\t\t\t\t\t\t\t\t\t\t\t\t\t<img decoding=\"async\" width=\"700\" height=\"400\" src=\"https:\/\/www.orangecosta.com\/blog\/wp-content\/uploads\/2023\/10\/Comer-en-Red-Pier-Fest.jpg\" class=\"attachment-large size-large wp-image-1969\" alt=\"Comer en Red Pier Fest\" \/>\t\t\t\t\t\t\t\t\t\t\t\t\t\t\t<\/div>\n\t\t\t\t<\/div>\n\t\t\t\t\t<\/div>\n\t\t<\/div>\n\t\t\t\t\t<\/div>\n\t\t<\/section>\n\t\t\t\t<section class=\"elementor-section elementor-top-section elementor-element elementor-element-6eaa398 elementor-section-boxed elementor-section-height-default elementor-section-height-default\" data-id=\"6eaa398\" data-element_type=\"section\" data-e-type=\"section\">\n\t\t\t\t\t\t<div class=\"elementor-container elementor-column-gap-default\">\n\t\t\t\t\t<div class=\"elementor-column elementor-col-100 elementor-top-column elementor-element elementor-element-121fdf1\" data-id=\"121fdf1\" data-element_type=\"column\" data-e-type=\"column\">\n\t\t\t<div class=\"elementor-widget-wrap elementor-element-populated\">\n\t\t\t\t\t\t<div class=\"elementor-element elementor-element-00f95af elementor-widget elementor-widget-heading\" data-id=\"00f95af\" data-element_type=\"widget\" data-e-type=\"widget\" data-widget_type=\"heading.default\">\n\t\t\t\t<div class=\"elementor-widget-container\">\n\t\t\t\t\t<h2 class=\"elementor-heading-title elementor-size-default\">\u00bfQu\u00e9 m\u00e1s hacer en el Red Pier Fest 2023?\n<\/h2>\t\t\t\t<\/div>\n\t\t\t\t<\/div>\n\t\t\t\t<div class=\"elementor-element elementor-element-29d6b1f elementor-widget elementor-widget-text-editor\" data-id=\"29d6b1f\" data-element_type=\"widget\" data-e-type=\"widget\" data-widget_type=\"text-editor.default\">\n\t\t\t\t<div class=\"elementor-widget-container\">\n\t\t\t\t\t\t\t\t\t<p><b>Red Pier Fest 2023<\/b><span style=\"font-weight: 400;\"> es mucho m\u00e1s que un festival de m\u00fasica. Se trata de<\/span><b> un proyecto cultural<\/b><span style=\"font-weight: 400;\"> en el que tienen cabida el arte y cualquiera de sus manifestaciones expresivas. Por esta raz\u00f3n, los organizadores trabajan codo a codo con entidades, asociaciones, Administraciones y artistas durante todo el a\u00f1o. Asimismo, participan en las estrategias de <\/span><b>dinamizaci\u00f3n econ\u00f3mica<\/b><span style=\"font-weight: 400;\"> con entes p\u00fablicos y privados con el fin de promocionar el sector tur\u00edstico en Castell\u00f3n.<\/span><\/p>\n<p><span style=\"font-weight: 400;\">Por otro lado, se trata de un festival con un marcado <\/span><b>car\u00e1cter solidario<\/b><span style=\"font-weight: 400;\">. Parte de la recaudaci\u00f3n se da Afanias Castell\u00f3n, una asociaci\u00f3n cuyo fin es la protecci\u00f3n, tutela y atenci\u00f3n de personas con diversidad funcional. Tambi\u00e9n apoya a Huellas Callejeras. Es una protectora que busca hogar a animales abandonados, en especial a perros y gatos. Por \u00faltimo, se ha sumado a los festivales que promocionan la reutilizaci\u00f3n de vasos para concienciar sobre el cuidado del medioambiente.<\/span><\/p>\n<p><span style=\"font-weight: 400;\">En cuanto a los talleres, siempre se conciben para que <\/span><b>se puedan disfrutar en familia<\/b><span style=\"font-weight: 400;\">. Los hay de yoga, de estimulaci\u00f3n temprana en 3D, de desarrollo mental, etc. Adem\u00e1s, cuenta con un espect\u00e1culo y una agenda especial para ni\u00f1os.<\/span><\/p>\t\t\t\t\t\t\t\t<\/div>\n\t\t\t\t<\/div>\n\t\t\t\t\t<\/div>\n\t\t<\/div>\n\t\t\t\t\t<\/div>\n\t\t<\/section>\n\t\t\t\t<section class=\"elementor-section elementor-top-section elementor-element elementor-element-b4c81ca elementor-section-boxed elementor-section-height-default elementor-section-height-default\" data-id=\"b4c81ca\" data-element_type=\"section\" data-e-type=\"section\">\n\t\t\t\t\t\t<div class=\"elementor-container elementor-column-gap-default\">\n\t\t\t\t\t<div class=\"elementor-column elementor-col-100 elementor-top-column elementor-element elementor-element-9c8b671\" data-id=\"9c8b671\" data-element_type=\"column\" data-e-type=\"column\">\n\t\t\t<div class=\"elementor-widget-wrap elementor-element-populated\">\n\t\t\t\t\t\t<div class=\"elementor-element elementor-element-484d75b elementor-widget elementor-widget-image\" data-id=\"484d75b\" data-element_type=\"widget\" data-e-type=\"widget\" data-widget_type=\"image.default\">\n\t\t\t\t<div class=\"elementor-widget-container\">\n\t\t\t\t\t\t\t\t\t\t\t\t\t\t\t<img decoding=\"async\" width=\"1750\" height=\"1167\" src=\"https:\/\/www.orangecosta.com\/blog\/wp-content\/uploads\/2023\/10\/Red-Pier-Fest.jpg\" class=\"attachment-full size-full wp-image-1966\" alt=\"Red Pier Fest\" srcset=\"https:\/\/www.orangecosta.com\/blog\/wp-content\/uploads\/2023\/10\/Red-Pier-Fest.jpg 1750w, https:\/\/www.orangecosta.com\/blog\/wp-content\/uploads\/2023\/10\/Red-Pier-Fest-768x512.jpg 768w, https:\/\/www.orangecosta.com\/blog\/wp-content\/uploads\/2023\/10\/Red-Pier-Fest-1536x1024.jpg 1536w\" sizes=\"(max-width: 1750px) 100vw, 1750px\" \/>\t\t\t\t\t\t\t\t\t\t\t\t\t\t\t<\/div>\n\t\t\t\t<\/div>\n\t\t\t\t\t<\/div>\n\t\t<\/div>\n\t\t\t\t\t<\/div>\n\t\t<\/section>\n\t\t\t\t<section class=\"elementor-section elementor-top-section elementor-element elementor-element-cae090b elementor-section-boxed elementor-section-height-default elementor-section-height-default\" data-id=\"cae090b\" data-element_type=\"section\" data-e-type=\"section\">\n\t\t\t\t\t\t<div class=\"elementor-container elementor-column-gap-default\">\n\t\t\t\t\t<div class=\"elementor-column elementor-col-100 elementor-top-column elementor-element elementor-element-fd9dad4\" data-id=\"fd9dad4\" data-element_type=\"column\" data-e-type=\"column\">\n\t\t\t<div class=\"elementor-widget-wrap elementor-element-populated\">\n\t\t\t\t\t\t<div class=\"elementor-element elementor-element-ebbb1fb elementor-widget elementor-widget-heading\" data-id=\"ebbb1fb\" data-element_type=\"widget\" data-e-type=\"widget\" data-widget_type=\"heading.default\">\n\t\t\t\t<div class=\"elementor-widget-container\">\n\t\t\t\t\t<h2 class=\"elementor-heading-title elementor-size-default\">Planifica tu experiencia en el Red Pier Fest\n<\/h2>\t\t\t\t<\/div>\n\t\t\t\t<\/div>\n\t\t\t\t<div class=\"elementor-element elementor-element-d098606 elementor-widget elementor-widget-text-editor\" data-id=\"d098606\" data-element_type=\"widget\" data-e-type=\"widget\" data-widget_type=\"text-editor.default\">\n\t\t\t\t<div class=\"elementor-widget-container\">\n\t\t\t\t\t\t\t\t\t<p><span style=\"font-weight: 400;\">Tienes muchas formas de llegar a Castell\u00f3n esos d\u00edas. La provincia dispone de una amplia red de carreteras y de enlaces ferroviarios, incluso, alta velocidad, que podr\u00e1n acercarte donde desees. Puedes optar por bonitos destinos de interior o hist\u00f3ricos enclaves de costa si prefieres estar cerca del mar. Asimismo, hay una buena conexi\u00f3n con los aeropuertos de Madrid y de Valencia.<\/span><\/p><p><span style=\"font-weight: 400;\">Tambi\u00e9n conviene que <\/span><a href=\"https:\/\/www.redpierfest.com\/es\/viaje-y-estancia\"><b>planifiques tu experiencia<\/b><\/a><span style=\"font-weight: 400;\"> teniendo en cuenta el alojamiento. A lo largo de toda la provincia cuentan con una amplia oferta de hoteles, casas vacacionales o <\/span><i><span style=\"font-weight: 400;\">campings<\/span><\/i><span style=\"font-weight: 400;\"> que se adaptan a todos los gustos y presupuestos. Castell\u00f3n es una tierra de contrastes que te encantar\u00e1 descubrir.<\/span><\/p>\t\t\t\t\t\t\t\t<\/div>\n\t\t\t\t<\/div>\n\t\t\t\t\t<\/div>\n\t\t<\/div>\n\t\t\t\t\t<\/div>\n\t\t<\/section>\n\t\t\t\t<section class=\"elementor-section elementor-top-section elementor-element elementor-element-9c596ec elementor-section-boxed elementor-section-height-default elementor-section-height-default\" data-id=\"9c596ec\" data-element_type=\"section\" data-e-type=\"section\">\n\t\t\t\t\t\t<div class=\"elementor-container elementor-column-gap-default\">\n\t\t\t\t\t<div class=\"elementor-column elementor-col-100 elementor-top-column elementor-element elementor-element-5cdac9c5\" data-id=\"5cdac9c5\" data-element_type=\"column\" data-e-type=\"column\">\n\t\t\t<div class=\"elementor-widget-wrap elementor-element-populated\">\n\t\t\t\t\t\t<div class=\"elementor-element elementor-element-2a82bffc elementor-widget elementor-widget-heading\" data-id=\"2a82bffc\" data-element_type=\"widget\" data-e-type=\"widget\" data-widget_type=\"heading.default\">\n\t\t\t\t<div class=\"elementor-widget-container\">\n\t\t\t\t\t<h2 class=\"elementor-heading-title elementor-size-default\">Conoce el Red Pier Fest de Castell\u00f3n con Orange Costa\n<\/h2>\t\t\t\t<\/div>\n\t\t\t\t<\/div>\n\t\t\t\t<div class=\"elementor-element elementor-element-53128e56 elementor-widget elementor-widget-text-editor\" data-id=\"53128e56\" data-element_type=\"widget\" data-e-type=\"widget\" data-widget_type=\"text-editor.default\">\n\t\t\t\t<div class=\"elementor-widget-container\">\n\t\t\t\t\t\t\t\t\t<p><span style=\"font-weight: 400;\">El <\/span><a href=\"https:\/\/www.orangecosta.com\/blog\/el-tiempo-en-benicasim-un-clima-perfecto-todo-el-ano\/\"><b>oto\u00f1o en Castell\u00f3n <\/b><\/a><span style=\"font-weight: 400;\">es un tiempo de cambios de colores y de temperaturas suaves, muy agradables para la celebraci\u00f3n de cualquier evento y llenar la agenda de visitas. Puedes elegir entre destinos de costa y de interior muy interesantes, donde podr\u00e1s conectar con la naturaleza y la historia.<\/span><\/p><p><span style=\"background-color: transparent;\">El <\/span><b style=\"background-color: transparent;\">Red PIer Fest <\/b><span style=\"background-color: transparent;\">es una bonita oportunidad si adem\u00e1s eres amante de la m\u00fasica. Se trata de la excusa perfecta para pasar tiempo de calidad con tu familia o con tu grupo de amigos. Empieza a organizarte ya, <\/span><a href=\"https:\/\/www.orangecosta.com\/alquiler\/alquileres-castellon-costa-azahar-z15\/\"><b>reserva de alojamiento<\/b><\/a><span style=\"background-color: transparent;\"> y consigue tus entradas.<\/span><\/p>\t\t\t\t\t\t\t\t<\/div>\n\t\t\t\t<\/div>\n\t\t\t\t\t<\/div>\n\t\t<\/div>\n\t\t\t\t\t<\/div>\n\t\t<\/section>\n\t\t\t\t<section class=\"elementor-section elementor-top-section elementor-element elementor-element-1f7c909a elementor-section-boxed elementor-section-height-default elementor-section-height-default\" data-id=\"1f7c909a\" data-element_type=\"section\" data-e-type=\"section\">\n\t\t\t\t\t\t<div class=\"elementor-container elementor-column-gap-default\">\n\t\t\t\t\t<div class=\"elementor-column elementor-col-33 elementor-top-column elementor-element elementor-element-47c06d0f\" data-id=\"47c06d0f\" data-element_type=\"column\" data-e-type=\"column\">\n\t\t\t<div class=\"elementor-widget-wrap elementor-element-populated\">\n\t\t\t\t\t\t<div class=\"elementor-element elementor-element-9c5fe0a elementor-align-center elementor-widget elementor-widget-button\" data-id=\"9c5fe0a\" data-element_type=\"widget\" data-e-type=\"widget\" data-widget_type=\"button.default\">\n\t\t\t\t<div class=\"elementor-widget-container\">\n\t\t\t\t\t\t\t\t\t<div class=\"elementor-button-wrapper\">\n\t\t\t\t\t<a class=\"elementor-button elementor-button-link elementor-size-sm\" href=\"https:\/\/www.orangecosta.com\/alquiler\/alquileres-benicassim-d139\/\">\n\t\t\t\t\t\t<span class=\"elementor-button-content-wrapper\">\n\t\t\t\t\t\t\t\t\t<span class=\"elementor-button-text\">ALOJAMIENTOS BENICASSIM<\/span>\n\t\t\t\t\t<\/span>\n\t\t\t\t\t<\/a>\n\t\t\t\t<\/div>\n\t\t\t\t\t\t\t\t<\/div>\n\t\t\t\t<\/div>\n\t\t\t\t\t<\/div>\n\t\t<\/div>\n\t\t\t\t<div class=\"elementor-column elementor-col-33 elementor-top-column elementor-element elementor-element-11b0719f\" data-id=\"11b0719f\" data-element_type=\"column\" data-e-type=\"column\">\n\t\t\t<div class=\"elementor-widget-wrap elementor-element-populated\">\n\t\t\t\t\t\t<div class=\"elementor-element elementor-element-2039ab4 elementor-align-center elementor-widget elementor-widget-button\" data-id=\"2039ab4\" data-element_type=\"widget\" data-e-type=\"widget\" data-widget_type=\"button.default\">\n\t\t\t\t<div class=\"elementor-widget-container\">\n\t\t\t\t\t\t\t\t\t<div class=\"elementor-button-wrapper\">\n\t\t\t\t\t<a class=\"elementor-button elementor-button-link elementor-size-sm\" href=\"https:\/\/www.orangecosta.com\/alquiler\/alquileres-peniscola-d400\/\">\n\t\t\t\t\t\t<span class=\"elementor-button-content-wrapper\">\n\t\t\t\t\t\t\t\t\t<span class=\"elementor-button-text\">ALOJAMIENTOS PE\u00d1\u00cdSCOLA<\/span>\n\t\t\t\t\t<\/span>\n\t\t\t\t\t<\/a>\n\t\t\t\t<\/div>\n\t\t\t\t\t\t\t\t<\/div>\n\t\t\t\t<\/div>\n\t\t\t\t\t<\/div>\n\t\t<\/div>\n\t\t\t\t<div class=\"elementor-column elementor-col-33 elementor-top-column elementor-element elementor-element-5523be6f\" data-id=\"5523be6f\" data-element_type=\"column\" data-e-type=\"column\">\n\t\t\t<div class=\"elementor-widget-wrap elementor-element-populated\">\n\t\t\t\t\t\t<div class=\"elementor-element elementor-element-3845f148 elementor-align-center elementor-widget elementor-widget-button\" data-id=\"3845f148\" data-element_type=\"widget\" data-e-type=\"widget\" data-widget_type=\"button.default\">\n\t\t\t\t<div class=\"elementor-widget-container\">\n\t\t\t\t\t\t\t\t\t<div class=\"elementor-button-wrapper\">\n\t\t\t\t\t<a class=\"elementor-button elementor-button-link elementor-size-sm\" href=\"https:\/\/www.orangecosta.com\/alquiler\/alquileres-alcoceber-alcossebre-d100\/\">\n\t\t\t\t\t\t<span class=\"elementor-button-content-wrapper\">\n\t\t\t\t\t\t\t\t\t<span class=\"elementor-button-text\">ALOJAMIENTOS ALCOSSEBRE<\/span>\n\t\t\t\t\t<\/span>\n\t\t\t\t\t<\/a>\n\t\t\t\t<\/div>\n\t\t\t\t\t\t\t\t<\/div>\n\t\t\t\t<\/div>\n\t\t\t\t\t<\/div>\n\t\t<\/div>\n\t\t\t\t\t<\/div>\n\t\t<\/section>\n\t\t\t\t<\/div>\n\t\t","protected":false},"excerpt":{"rendered":"<p>Si eres de las personas que disfrutan en los festivales de m\u00fasica en directo, te encantar\u00e1 el Red Pier Fest&#8230;.<\/p>\n","protected":false},"author":3,"featured_media":1975,"comment_status":"open","ping_status":"open","sticky":false,"template":"","format":"standard","meta":{"footnotes":""},"categories":[105,117,77],"tags":[169],"class_list":["post-1964","post","type-post","status-publish","format-standard","has-post-thumbnail","hentry","category-costa-azahar","category-festivales","category-fiestas-tradiciones","tag-no-template"],"yoast_head":"<!-- This site is optimized with the Yoast SEO plugin v27.5 - https:\/\/yoast.com\/product\/yoast-seo-wordpress\/ -->\n<title>Red Pier Fest 2023 | Cartelera<\/title>\n<meta name=\"description\" content=\"Red Pier Fest, un festival de m\u00fasica que se celebra en Castell\u00f3n en octubre. Ven a este festival lleno de emoci\u00f3n y buenas vibraciones.\" \/>\n<meta name=\"robots\" content=\"index, follow, max-snippet:-1, max-image-preview:large, max-video-preview:-1\" \/>\n<link rel=\"canonical\" href=\"https:\/\/www.orangecosta.com\/blog\/red-pier-fest\/\" \/>\n<meta property=\"og:locale\" content=\"es_ES\" \/>\n<meta property=\"og:type\" content=\"article\" \/>\n<meta property=\"og:title\" content=\"Red Pier Fest 2023 | Cartelera\" \/>\n<meta property=\"og:description\" content=\"Red Pier Fest, un festival de m\u00fasica que se celebra en Castell\u00f3n en octubre. Ven a este festival lleno de emoci\u00f3n y buenas vibraciones.\" \/>\n<meta property=\"og:url\" content=\"https:\/\/www.orangecosta.com\/blog\/red-pier-fest\/\" \/>\n<meta property=\"og:site_name\" content=\"Blog turismo Orange Costa\" \/>\n<meta property=\"article:published_time\" content=\"2023-10-03T09:15:44+00:00\" \/>\n<meta property=\"article:modified_time\" content=\"2026-03-12T12:04:41+00:00\" \/>\n<meta property=\"og:image\" content=\"https:\/\/www.orangecosta.com\/blog\/wp-content\/uploads\/2023\/10\/Red-Pier-Fest-Castellon.jpg\" \/>\n\t<meta property=\"og:image:width\" content=\"1920\" \/>\n\t<meta property=\"og:image:height\" content=\"500\" \/>\n\t<meta property=\"og:image:type\" content=\"image\/jpeg\" \/>\n<meta name=\"author\" content=\"digitalservices\" \/>\n<meta name=\"twitter:card\" content=\"summary_large_image\" \/>\n<meta name=\"twitter:label1\" content=\"Escrito por\" \/>\n\t<meta name=\"twitter:data1\" content=\"digitalservices\" \/>\n\t<meta name=\"twitter:label2\" content=\"Tiempo de lectura\" \/>\n\t<meta name=\"twitter:data2\" content=\"6 minutos\" \/>\n<script type=\"application\/ld+json\" class=\"yoast-schema-graph\">{\"@context\":\"https:\\\/\\\/schema.org\",\"@graph\":[{\"@type\":\"Article\",\"@id\":\"https:\\\/\\\/www.orangecosta.com\\\/blog\\\/red-pier-fest\\\/#article\",\"isPartOf\":{\"@id\":\"https:\\\/\\\/www.orangecosta.com\\\/blog\\\/red-pier-fest\\\/\"},\"author\":{\"name\":\"digitalservices\",\"@id\":\"https:\\\/\\\/www.orangecosta.com\\\/blog\\\/#\\\/schema\\\/person\\\/f93ddfccc2f63dd0916fb2c6e908337f\"},\"headline\":\"Red Pier Fest, el festival de octubre de Castell\u00f3n\",\"datePublished\":\"2023-10-03T09:15:44+00:00\",\"dateModified\":\"2026-03-12T12:04:41+00:00\",\"mainEntityOfPage\":{\"@id\":\"https:\\\/\\\/www.orangecosta.com\\\/blog\\\/red-pier-fest\\\/\"},\"wordCount\":1094,\"commentCount\":0,\"image\":{\"@id\":\"https:\\\/\\\/www.orangecosta.com\\\/blog\\\/red-pier-fest\\\/#primaryimage\"},\"thumbnailUrl\":\"https:\\\/\\\/www.orangecosta.com\\\/blog\\\/wp-content\\\/uploads\\\/2023\\\/10\\\/Red-Pier-Fest-Castellon.jpg\",\"keywords\":[\"No template\"],\"articleSection\":[\"Costa Azahar\",\"Festivales\",\"Fiestas y tradiciones\"],\"inLanguage\":\"es\",\"potentialAction\":[{\"@type\":\"CommentAction\",\"name\":\"Comment\",\"target\":[\"https:\\\/\\\/www.orangecosta.com\\\/blog\\\/red-pier-fest\\\/#respond\"]}]},{\"@type\":\"WebPage\",\"@id\":\"https:\\\/\\\/www.orangecosta.com\\\/blog\\\/red-pier-fest\\\/\",\"url\":\"https:\\\/\\\/www.orangecosta.com\\\/blog\\\/red-pier-fest\\\/\",\"name\":\"Red Pier Fest 2023 | Cartelera\",\"isPartOf\":{\"@id\":\"https:\\\/\\\/www.orangecosta.com\\\/blog\\\/#website\"},\"primaryImageOfPage\":{\"@id\":\"https:\\\/\\\/www.orangecosta.com\\\/blog\\\/red-pier-fest\\\/#primaryimage\"},\"image\":{\"@id\":\"https:\\\/\\\/www.orangecosta.com\\\/blog\\\/red-pier-fest\\\/#primaryimage\"},\"thumbnailUrl\":\"https:\\\/\\\/www.orangecosta.com\\\/blog\\\/wp-content\\\/uploads\\\/2023\\\/10\\\/Red-Pier-Fest-Castellon.jpg\",\"datePublished\":\"2023-10-03T09:15:44+00:00\",\"dateModified\":\"2026-03-12T12:04:41+00:00\",\"author\":{\"@id\":\"https:\\\/\\\/www.orangecosta.com\\\/blog\\\/#\\\/schema\\\/person\\\/f93ddfccc2f63dd0916fb2c6e908337f\"},\"description\":\"Red Pier Fest, un festival de m\u00fasica que se celebra en Castell\u00f3n en octubre. Ven a este festival lleno de emoci\u00f3n y buenas vibraciones.\",\"breadcrumb\":{\"@id\":\"https:\\\/\\\/www.orangecosta.com\\\/blog\\\/red-pier-fest\\\/#breadcrumb\"},\"inLanguage\":\"es\",\"potentialAction\":[{\"@type\":\"ReadAction\",\"target\":[\"https:\\\/\\\/www.orangecosta.com\\\/blog\\\/red-pier-fest\\\/\"]}]},{\"@type\":\"ImageObject\",\"inLanguage\":\"es\",\"@id\":\"https:\\\/\\\/www.orangecosta.com\\\/blog\\\/red-pier-fest\\\/#primaryimage\",\"url\":\"https:\\\/\\\/www.orangecosta.com\\\/blog\\\/wp-content\\\/uploads\\\/2023\\\/10\\\/Red-Pier-Fest-Castellon.jpg\",\"contentUrl\":\"https:\\\/\\\/www.orangecosta.com\\\/blog\\\/wp-content\\\/uploads\\\/2023\\\/10\\\/Red-Pier-Fest-Castellon.jpg\",\"width\":1920,\"height\":500,\"caption\":\"Red Pier Fest Castellon\"},{\"@type\":\"BreadcrumbList\",\"@id\":\"https:\\\/\\\/www.orangecosta.com\\\/blog\\\/red-pier-fest\\\/#breadcrumb\",\"itemListElement\":[{\"@type\":\"ListItem\",\"position\":1,\"name\":\"Home\",\"item\":\"https:\\\/\\\/www.orangecosta.com\\\/blog\\\/\"},{\"@type\":\"ListItem\",\"position\":2,\"name\":\"Red Pier Fest, el festival de octubre de Castell\u00f3n\"}]},{\"@type\":\"WebSite\",\"@id\":\"https:\\\/\\\/www.orangecosta.com\\\/blog\\\/#website\",\"url\":\"https:\\\/\\\/www.orangecosta.com\\\/blog\\\/\",\"name\":\"Blog turismo Orange Costa\",\"description\":\"Orangecosta\",\"potentialAction\":[{\"@type\":\"SearchAction\",\"target\":{\"@type\":\"EntryPoint\",\"urlTemplate\":\"https:\\\/\\\/www.orangecosta.com\\\/blog\\\/?s={search_term_string}\"},\"query-input\":{\"@type\":\"PropertyValueSpecification\",\"valueRequired\":true,\"valueName\":\"search_term_string\"}}],\"inLanguage\":\"es\"},{\"@type\":\"Person\",\"@id\":\"https:\\\/\\\/www.orangecosta.com\\\/blog\\\/#\\\/schema\\\/person\\\/f93ddfccc2f63dd0916fb2c6e908337f\",\"name\":\"digitalservices\",\"image\":{\"@type\":\"ImageObject\",\"inLanguage\":\"es\",\"@id\":\"https:\\\/\\\/secure.gravatar.com\\\/avatar\\\/af30f88a1904294c1f3eb09a9d7903eec4ffa18fa2cf40c28a8681014ecdfc20?s=96&d=mm&r=g\",\"url\":\"https:\\\/\\\/secure.gravatar.com\\\/avatar\\\/af30f88a1904294c1f3eb09a9d7903eec4ffa18fa2cf40c28a8681014ecdfc20?s=96&d=mm&r=g\",\"contentUrl\":\"https:\\\/\\\/secure.gravatar.com\\\/avatar\\\/af30f88a1904294c1f3eb09a9d7903eec4ffa18fa2cf40c28a8681014ecdfc20?s=96&d=mm&r=g\",\"caption\":\"digitalservices\"},\"url\":\"https:\\\/\\\/www.orangecosta.com\\\/blog\\\/author\\\/digitalservices\\\/\"}]}<\/script>\n<!-- \/ Yoast SEO plugin. -->","yoast_head_json":{"title":"Red Pier Fest 2023 | Cartelera","description":"Red Pier Fest, un festival de m\u00fasica que se celebra en Castell\u00f3n en octubre. Ven a este festival lleno de emoci\u00f3n y buenas vibraciones.","robots":{"index":"index","follow":"follow","max-snippet":"max-snippet:-1","max-image-preview":"max-image-preview:large","max-video-preview":"max-video-preview:-1"},"canonical":"https:\/\/www.orangecosta.com\/blog\/red-pier-fest\/","og_locale":"es_ES","og_type":"article","og_title":"Red Pier Fest 2023 | Cartelera","og_description":"Red Pier Fest, un festival de m\u00fasica que se celebra en Castell\u00f3n en octubre. Ven a este festival lleno de emoci\u00f3n y buenas vibraciones.","og_url":"https:\/\/www.orangecosta.com\/blog\/red-pier-fest\/","og_site_name":"Blog turismo Orange Costa","article_published_time":"2023-10-03T09:15:44+00:00","article_modified_time":"2026-03-12T12:04:41+00:00","og_image":[{"width":1920,"height":500,"url":"https:\/\/www.orangecosta.com\/blog\/wp-content\/uploads\/2023\/10\/Red-Pier-Fest-Castellon.jpg","type":"image\/jpeg"}],"author":"digitalservices","twitter_card":"summary_large_image","twitter_misc":{"Escrito por":"digitalservices","Tiempo de lectura":"6 minutos"},"schema":{"@context":"https:\/\/schema.org","@graph":[{"@type":"Article","@id":"https:\/\/www.orangecosta.com\/blog\/red-pier-fest\/#article","isPartOf":{"@id":"https:\/\/www.orangecosta.com\/blog\/red-pier-fest\/"},"author":{"name":"digitalservices","@id":"https:\/\/www.orangecosta.com\/blog\/#\/schema\/person\/f93ddfccc2f63dd0916fb2c6e908337f"},"headline":"Red Pier Fest, el festival de octubre de Castell\u00f3n","datePublished":"2023-10-03T09:15:44+00:00","dateModified":"2026-03-12T12:04:41+00:00","mainEntityOfPage":{"@id":"https:\/\/www.orangecosta.com\/blog\/red-pier-fest\/"},"wordCount":1094,"commentCount":0,"image":{"@id":"https:\/\/www.orangecosta.com\/blog\/red-pier-fest\/#primaryimage"},"thumbnailUrl":"https:\/\/www.orangecosta.com\/blog\/wp-content\/uploads\/2023\/10\/Red-Pier-Fest-Castellon.jpg","keywords":["No template"],"articleSection":["Costa Azahar","Festivales","Fiestas y tradiciones"],"inLanguage":"es","potentialAction":[{"@type":"CommentAction","name":"Comment","target":["https:\/\/www.orangecosta.com\/blog\/red-pier-fest\/#respond"]}]},{"@type":"WebPage","@id":"https:\/\/www.orangecosta.com\/blog\/red-pier-fest\/","url":"https:\/\/www.orangecosta.com\/blog\/red-pier-fest\/","name":"Red Pier Fest 2023 | Cartelera","isPartOf":{"@id":"https:\/\/www.orangecosta.com\/blog\/#website"},"primaryImageOfPage":{"@id":"https:\/\/www.orangecosta.com\/blog\/red-pier-fest\/#primaryimage"},"image":{"@id":"https:\/\/www.orangecosta.com\/blog\/red-pier-fest\/#primaryimage"},"thumbnailUrl":"https:\/\/www.orangecosta.com\/blog\/wp-content\/uploads\/2023\/10\/Red-Pier-Fest-Castellon.jpg","datePublished":"2023-10-03T09:15:44+00:00","dateModified":"2026-03-12T12:04:41+00:00","author":{"@id":"https:\/\/www.orangecosta.com\/blog\/#\/schema\/person\/f93ddfccc2f63dd0916fb2c6e908337f"},"description":"Red Pier Fest, un festival de m\u00fasica que se celebra en Castell\u00f3n en octubre. Ven a este festival lleno de emoci\u00f3n y buenas vibraciones.","breadcrumb":{"@id":"https:\/\/www.orangecosta.com\/blog\/red-pier-fest\/#breadcrumb"},"inLanguage":"es","potentialAction":[{"@type":"ReadAction","target":["https:\/\/www.orangecosta.com\/blog\/red-pier-fest\/"]}]},{"@type":"ImageObject","inLanguage":"es","@id":"https:\/\/www.orangecosta.com\/blog\/red-pier-fest\/#primaryimage","url":"https:\/\/www.orangecosta.com\/blog\/wp-content\/uploads\/2023\/10\/Red-Pier-Fest-Castellon.jpg","contentUrl":"https:\/\/www.orangecosta.com\/blog\/wp-content\/uploads\/2023\/10\/Red-Pier-Fest-Castellon.jpg","width":1920,"height":500,"caption":"Red Pier Fest Castellon"},{"@type":"BreadcrumbList","@id":"https:\/\/www.orangecosta.com\/blog\/red-pier-fest\/#breadcrumb","itemListElement":[{"@type":"ListItem","position":1,"name":"Home","item":"https:\/\/www.orangecosta.com\/blog\/"},{"@type":"ListItem","position":2,"name":"Red Pier Fest, el festival de octubre de Castell\u00f3n"}]},{"@type":"WebSite","@id":"https:\/\/www.orangecosta.com\/blog\/#website","url":"https:\/\/www.orangecosta.com\/blog\/","name":"Blog turismo Orange Costa","description":"Orangecosta","potentialAction":[{"@type":"SearchAction","target":{"@type":"EntryPoint","urlTemplate":"https:\/\/www.orangecosta.com\/blog\/?s={search_term_string}"},"query-input":{"@type":"PropertyValueSpecification","valueRequired":true,"valueName":"search_term_string"}}],"inLanguage":"es"},{"@type":"Person","@id":"https:\/\/www.orangecosta.com\/blog\/#\/schema\/person\/f93ddfccc2f63dd0916fb2c6e908337f","name":"digitalservices","image":{"@type":"ImageObject","inLanguage":"es","@id":"https:\/\/secure.gravatar.com\/avatar\/af30f88a1904294c1f3eb09a9d7903eec4ffa18fa2cf40c28a8681014ecdfc20?s=96&d=mm&r=g","url":"https:\/\/secure.gravatar.com\/avatar\/af30f88a1904294c1f3eb09a9d7903eec4ffa18fa2cf40c28a8681014ecdfc20?s=96&d=mm&r=g","contentUrl":"https:\/\/secure.gravatar.com\/avatar\/af30f88a1904294c1f3eb09a9d7903eec4ffa18fa2cf40c28a8681014ecdfc20?s=96&d=mm&r=g","caption":"digitalservices"},"url":"https:\/\/www.orangecosta.com\/blog\/author\/digitalservices\/"}]}},"_links":{"self":[{"href":"https:\/\/www.orangecosta.com\/blog\/wp-json\/wp\/v2\/posts\/1964","targetHints":{"allow":["GET"]}}],"collection":[{"href":"https:\/\/www.orangecosta.com\/blog\/wp-json\/wp\/v2\/posts"}],"about":[{"href":"https:\/\/www.orangecosta.com\/blog\/wp-json\/wp\/v2\/types\/post"}],"author":[{"embeddable":true,"href":"https:\/\/www.orangecosta.com\/blog\/wp-json\/wp\/v2\/users\/3"}],"replies":[{"embeddable":true,"href":"https:\/\/www.orangecosta.com\/blog\/wp-json\/wp\/v2\/comments?post=1964"}],"version-history":[{"count":14,"href":"https:\/\/www.orangecosta.com\/blog\/wp-json\/wp\/v2\/posts\/1964\/revisions"}],"predecessor-version":[{"id":1990,"href":"https:\/\/www.orangecosta.com\/blog\/wp-json\/wp\/v2\/posts\/1964\/revisions\/1990"}],"wp:featuredmedia":[{"embeddable":true,"href":"https:\/\/www.orangecosta.com\/blog\/wp-json\/wp\/v2\/media\/1975"}],"wp:attachment":[{"href":"https:\/\/www.orangecosta.com\/blog\/wp-json\/wp\/v2\/media?parent=1964"}],"wp:term":[{"taxonomy":"category","embeddable":true,"href":"https:\/\/www.orangecosta.com\/blog\/wp-json\/wp\/v2\/categories?post=1964"},{"taxonomy":"post_tag","embeddable":true,"href":"https:\/\/www.orangecosta.com\/blog\/wp-json\/wp\/v2\/tags?post=1964"}],"curies":[{"name":"wp","href":"https:\/\/api.w.org\/{rel}","templated":true}]}}