{"id":1680,"date":"2023-08-31T10:36:19","date_gmt":"2023-08-31T10:36:19","guid":{"rendered":"https:\/\/www.orangecosta.com\/blog\/?p=1680"},"modified":"2026-03-12T12:04:41","modified_gmt":"2026-03-12T12:04:41","slug":"festivales-benicassim","status":"publish","type":"post","link":"https:\/\/www.orangecosta.com\/blog\/festivales-benicassim\/","title":{"rendered":"Los Mejores Festivales de M\u00fasica en Benic\u00e0ssim: Tu Gu\u00eda Completa para una Experiencia Inolvidable"},"content":{"rendered":"\t\t<div data-elementor-type=\"wp-post\" data-elementor-id=\"1680\" class=\"elementor elementor-1680\" data-elementor-post-type=\"post\">\n\t\t\t\t\t\t<section class=\"elementor-section elementor-top-section elementor-element elementor-element-4bcd8bb elementor-section-boxed elementor-section-height-default elementor-section-height-default\" data-id=\"4bcd8bb\" data-element_type=\"section\" data-e-type=\"section\">\n\t\t\t\t\t\t<div class=\"elementor-container elementor-column-gap-default\">\n\t\t\t\t\t<div class=\"elementor-column elementor-col-100 elementor-top-column elementor-element elementor-element-eb8e223\" data-id=\"eb8e223\" data-element_type=\"column\" data-e-type=\"column\">\n\t\t\t<div class=\"elementor-widget-wrap elementor-element-populated\">\n\t\t\t\t\t\t<div class=\"elementor-element elementor-element-00e4f3a elementor-widget elementor-widget-text-editor\" data-id=\"00e4f3a\" data-element_type=\"widget\" data-e-type=\"widget\" data-widget_type=\"text-editor.default\">\n\t\t\t\t<div class=\"elementor-widget-container\">\n\t\t\t\t\t\t\t\t\t<p>Benic\u00e0ssim es m\u00e1s que playas espectaculares y un ambiente relajante; es tambi\u00e9n un hervidero de actividades culturales, especialmente cuando se trata de m\u00fasica. A continuaci\u00f3n te mostramos cinco de los mejores festivales que hacen de Benic\u00e0ssim el destino ideal para los mel\u00f3manos.<\/p>\t\t\t\t\t\t\t\t<\/div>\n\t\t\t\t<\/div>\n\t\t\t\t\t<\/div>\n\t\t<\/div>\n\t\t\t\t\t<\/div>\n\t\t<\/section>\n\t\t\t\t<section class=\"elementor-section elementor-top-section elementor-element elementor-element-7a77510 elementor-section-boxed elementor-section-height-default elementor-section-height-default\" data-id=\"7a77510\" data-element_type=\"section\" data-e-type=\"section\">\n\t\t\t\t\t\t<div class=\"elementor-container elementor-column-gap-extended\">\n\t\t\t\t\t<div class=\"elementor-column elementor-col-50 elementor-top-column elementor-element elementor-element-f4fd2f4\" data-id=\"f4fd2f4\" data-element_type=\"column\" data-e-type=\"column\">\n\t\t\t<div class=\"elementor-widget-wrap elementor-element-populated\">\n\t\t\t\t\t\t<div class=\"elementor-element elementor-element-aae0604 elementor-widget elementor-widget-text-editor\" data-id=\"aae0604\" data-element_type=\"widget\" data-e-type=\"widget\" data-widget_type=\"text-editor.default\">\n\t\t\t\t<div class=\"elementor-widget-container\">\n\t\t\t\t\t\t\t\t\t<h2>Benic\u00e0ssim: El Destino Perfecto para los Amantes de la M\u00fasica<\/h2><p>Benic\u00e0ssim, ubicada en la encantadora <strong>Costa del Azahar<\/strong> de Espa\u00f1a, ha conquistado la reputaci\u00f3n de ser m\u00e1s que una simple escapada a la playa. En los \u00faltimos a\u00f1os, la ciudad se ha erigido como una meca para los entusiastas de la m\u00fasica de todos los g\u00e9neros, atra\u00eddos tanto por su rica oferta cultural como por su belleza natural. No es casualidad que miles de mel\u00f3manos se sientan atra\u00eddos a\u00f1o tras a\u00f1o por los m\u00faltiples festivales que aqu\u00ed se celebran, que van <strong>desde el reggae y el indie hasta el blues y las tradicionales habaneras<\/strong>.<\/p><p>Lo que diferencia a Benic\u00e0ssim de otros destinos es su capacidad para fusionar m\u00faltiples elementos en una experiencia completa. Aqu\u00ed, no s\u00f3lo se trata de asistir a un concierto o evento; se trata de sumergirse en un ambiente que celebra la diversidad musical en el contexto de un paisaje costero inigualable. Imagina disfrutar de tu banda favorita con una brisa marina de fondo, o descubrir nuevos g\u00e9neros mientras te sumerges en una cultura local rica en tradiciones y sabores. Los festivales suelen ir acompa\u00f1ados de mercados locales, actividades de arte y oportunidades para degustar la gastronom\u00eda local, creando una <strong>experiencia multisensorial<\/strong>.<\/p>\t\t\t\t\t\t\t\t<\/div>\n\t\t\t\t<\/div>\n\t\t\t\t\t<\/div>\n\t\t<\/div>\n\t\t\t\t<div class=\"elementor-column elementor-col-50 elementor-top-column elementor-element elementor-element-fe9cd96\" data-id=\"fe9cd96\" data-element_type=\"column\" data-e-type=\"column\">\n\t\t\t<div class=\"elementor-widget-wrap elementor-element-populated\">\n\t\t\t\t\t\t<div class=\"elementor-element elementor-element-d9e91d2 elementor-widget elementor-widget-image\" data-id=\"d9e91d2\" data-element_type=\"widget\" data-e-type=\"widget\" data-widget_type=\"image.default\">\n\t\t\t\t<div class=\"elementor-widget-container\">\n\t\t\t\t\t\t\t\t\t\t\t\t\t\t\t<img fetchpriority=\"high\" decoding=\"async\" width=\"1138\" height=\"1423\" src=\"https:\/\/www.orangecosta.com\/blog\/wp-content\/uploads\/2023\/08\/benicassim-festival-playa-2.jpg\" class=\"attachment-full size-full wp-image-1686\" alt=\"festivales en benicassim\" srcset=\"https:\/\/www.orangecosta.com\/blog\/wp-content\/uploads\/2023\/08\/benicassim-festival-playa-2.jpg 1138w, https:\/\/www.orangecosta.com\/blog\/wp-content\/uploads\/2023\/08\/benicassim-festival-playa-2-768x960.jpg 768w\" sizes=\"(max-width: 1138px) 100vw, 1138px\" \/>\t\t\t\t\t\t\t\t\t\t\t\t\t\t\t<\/div>\n\t\t\t\t<\/div>\n\t\t\t\t\t<\/div>\n\t\t<\/div>\n\t\t\t\t\t<\/div>\n\t\t<\/section>\n\t\t\t\t<section class=\"elementor-section elementor-top-section elementor-element elementor-element-7ae6c36 elementor-section-boxed elementor-section-height-default elementor-section-height-default\" data-id=\"7ae6c36\" data-element_type=\"section\" data-e-type=\"section\">\n\t\t\t\t\t\t<div class=\"elementor-container elementor-column-gap-default\">\n\t\t\t\t\t<div class=\"elementor-column elementor-col-100 elementor-top-column elementor-element elementor-element-2d13056\" data-id=\"2d13056\" data-element_type=\"column\" data-e-type=\"column\">\n\t\t\t<div class=\"elementor-widget-wrap elementor-element-populated\">\n\t\t\t\t\t\t<div class=\"elementor-element elementor-element-189c9c9 elementor-widget elementor-widget-text-editor\" data-id=\"189c9c9\" data-element_type=\"widget\" data-e-type=\"widget\" data-widget_type=\"text-editor.default\">\n\t\t\t\t<div class=\"elementor-widget-container\">\n\t\t\t\t\t\t\t\t\t<h3>El Recinto de Festivales de Benic\u00e0ssim<\/h3><p>Uno de los activos m\u00e1s importantes de Benic\u00e0ssim en t\u00e9rminos de m\u00fasica en vivo es, sin duda, su recinto de festivales. Este amplio espacio al aire libre est\u00e1 dise\u00f1ado espec\u00edficamente para albergar grandes eventos, ofreciendo todas las comodidades y la tecnolog\u00eda necesarias para garantizar una experiencia inolvidable. Con una capacidad para miles de personas, el recinto dispone de m\u00faltiples escenarios, \u00e1reas de comida y bebida, y espacios para relajarse. Su ubicaci\u00f3n, no muy lejos de la playa, permite a los visitantes combinar f\u00e1cilmente el disfrute del festival con momentos de descanso junto al mar. Este recinto no es solo un lugar para escuchar m\u00fasica; es una parte integral de lo que hace que los festivales en Benic\u00e0ssim sean experiencias \u00fanicas y enriquecedoras.<\/p>\t\t\t\t\t\t\t\t<\/div>\n\t\t\t\t<\/div>\n\t\t\t\t\t<\/div>\n\t\t<\/div>\n\t\t\t\t\t<\/div>\n\t\t<\/section>\n\t\t\t\t<section class=\"elementor-section elementor-top-section elementor-element elementor-element-ef54980 elementor-section-boxed elementor-section-height-default elementor-section-height-default\" data-id=\"ef54980\" data-element_type=\"section\" data-e-type=\"section\">\n\t\t\t\t\t\t<div class=\"elementor-container elementor-column-gap-default\">\n\t\t\t\t\t<div class=\"elementor-column elementor-col-50 elementor-top-column elementor-element elementor-element-997c1b0\" data-id=\"997c1b0\" data-element_type=\"column\" data-e-type=\"column\">\n\t\t\t<div class=\"elementor-widget-wrap elementor-element-populated\">\n\t\t\t\t\t\t<div class=\"elementor-element elementor-element-b503639 elementor-widget elementor-widget-image\" data-id=\"b503639\" data-element_type=\"widget\" data-e-type=\"widget\" data-widget_type=\"image.default\">\n\t\t\t\t<div class=\"elementor-widget-container\">\n\t\t\t\t\t\t\t\t\t\t\t\t\t\t\t<img decoding=\"async\" width=\"1080\" height=\"720\" src=\"https:\/\/www.orangecosta.com\/blog\/wp-content\/uploads\/2023\/08\/recinto-festivales-benicassim.jpg\" class=\"attachment-full size-full wp-image-1689\" alt=\"\" srcset=\"https:\/\/www.orangecosta.com\/blog\/wp-content\/uploads\/2023\/08\/recinto-festivales-benicassim.jpg 1080w, https:\/\/www.orangecosta.com\/blog\/wp-content\/uploads\/2023\/08\/recinto-festivales-benicassim-768x512.jpg 768w\" sizes=\"(max-width: 1080px) 100vw, 1080px\" \/>\t\t\t\t\t\t\t\t\t\t\t\t\t\t\t<\/div>\n\t\t\t\t<\/div>\n\t\t\t\t\t<\/div>\n\t\t<\/div>\n\t\t\t\t<div class=\"elementor-column elementor-col-50 elementor-top-column elementor-element elementor-element-af9ad5d\" data-id=\"af9ad5d\" data-element_type=\"column\" data-e-type=\"column\">\n\t\t\t<div class=\"elementor-widget-wrap elementor-element-populated\">\n\t\t\t\t\t\t<div class=\"elementor-element elementor-element-ab475c3 elementor-widget elementor-widget-image\" data-id=\"ab475c3\" data-element_type=\"widget\" data-e-type=\"widget\" data-widget_type=\"image.default\">\n\t\t\t\t<div class=\"elementor-widget-container\">\n\t\t\t\t\t\t\t\t\t\t\t\t\t\t\t<img decoding=\"async\" width=\"1080\" height=\"720\" src=\"https:\/\/www.orangecosta.com\/blog\/wp-content\/uploads\/2023\/08\/festival-benicassim-2024.jpg\" class=\"attachment-full size-full wp-image-1695\" alt=\"festival-benicassim-2024\" srcset=\"https:\/\/www.orangecosta.com\/blog\/wp-content\/uploads\/2023\/08\/festival-benicassim-2024.jpg 1080w, https:\/\/www.orangecosta.com\/blog\/wp-content\/uploads\/2023\/08\/festival-benicassim-2024-768x512.jpg 768w\" sizes=\"(max-width: 1080px) 100vw, 1080px\" \/>\t\t\t\t\t\t\t\t\t\t\t\t\t\t\t<\/div>\n\t\t\t\t<\/div>\n\t\t\t\t\t<\/div>\n\t\t<\/div>\n\t\t\t\t\t<\/div>\n\t\t<\/section>\n\t\t\t\t<section class=\"elementor-section elementor-top-section elementor-element elementor-element-b9b3127 elementor-section-boxed elementor-section-height-default elementor-section-height-default\" data-id=\"b9b3127\" data-element_type=\"section\" data-e-type=\"section\">\n\t\t\t\t\t\t<div class=\"elementor-container elementor-column-gap-default\">\n\t\t\t\t\t<div class=\"elementor-column elementor-col-100 elementor-top-column elementor-element elementor-element-0201285\" data-id=\"0201285\" data-element_type=\"column\" data-e-type=\"column\">\n\t\t\t<div class=\"elementor-widget-wrap elementor-element-populated\">\n\t\t\t\t\t\t<div class=\"elementor-element elementor-element-521de7c elementor-widget elementor-widget-text-editor\" data-id=\"521de7c\" data-element_type=\"widget\" data-e-type=\"widget\" data-widget_type=\"text-editor.default\">\n\t\t\t\t<div class=\"elementor-widget-container\">\n\t\t\t\t\t\t\t\t\t<h2>Los Festivales de M\u00fasica m\u00e1s Populares en Benic\u00e0ssim<\/h2>\t\t\t\t\t\t\t\t<\/div>\n\t\t\t\t<\/div>\n\t\t\t\t\t<\/div>\n\t\t<\/div>\n\t\t\t\t\t<\/div>\n\t\t<\/section>\n\t\t\t\t<section class=\"elementor-section elementor-top-section elementor-element elementor-element-5ce0891 elementor-section-boxed elementor-section-height-default elementor-section-height-default\" data-id=\"5ce0891\" data-element_type=\"section\" data-e-type=\"section\">\n\t\t\t\t\t\t\t<div class=\"elementor-background-overlay\"><\/div>\n\t\t\t\t\t\t\t<div class=\"elementor-container elementor-column-gap-extended\">\n\t\t\t\t\t<div class=\"elementor-column elementor-col-50 elementor-top-column elementor-element elementor-element-789d49f\" data-id=\"789d49f\" data-element_type=\"column\" data-e-type=\"column\">\n\t\t\t<div class=\"elementor-widget-wrap elementor-element-populated\">\n\t\t\t\t\t\t<div class=\"elementor-element elementor-element-2b8538c elementor-widget elementor-widget-heading\" data-id=\"2b8538c\" data-element_type=\"widget\" data-e-type=\"widget\" data-widget_type=\"heading.default\">\n\t\t\t\t<div class=\"elementor-widget-container\">\n\t\t\t\t\t<h3 class=\"elementor-heading-title elementor-size-default\">1 - Festival Internacional de Benic\u00e0ssim (FIB)<\/h3>\t\t\t\t<\/div>\n\t\t\t\t<\/div>\n\t\t\t\t<div class=\"elementor-element elementor-element-fce01f7 elementor-widget elementor-widget-text-editor\" data-id=\"fce01f7\" data-element_type=\"widget\" data-e-type=\"widget\" data-widget_type=\"text-editor.default\">\n\t\t\t\t<div class=\"elementor-widget-container\">\n\t\t\t\t\t\t\t\t\t<ul><li><strong>Fecha y lugar<\/strong>: Julio, recinto de festivales.<\/li><li><strong>G\u00e9neros musicales<\/strong>: Pop, rock, indie, electr\u00f3nica.<\/li><li><strong>Qu\u00e9 lo hace especial<\/strong>: FIB es un evento ic\u00f3nico con artistas de talla internacional.<\/li><li><strong>Consejos para disfrutarlo al m\u00e1ximo<\/strong>: Planifica tu itinerario musical y tu alojamiento con anticipaci\u00f3n.<\/li><\/ul>\t\t\t\t\t\t\t\t<\/div>\n\t\t\t\t<\/div>\n\t\t\t\t<div class=\"elementor-element elementor-element-8f7c6d4 elementor-align-center elementor-widget elementor-widget-button\" data-id=\"8f7c6d4\" data-element_type=\"widget\" data-e-type=\"widget\" data-widget_type=\"button.default\">\n\t\t\t\t<div class=\"elementor-widget-container\">\n\t\t\t\t\t\t\t\t\t<div class=\"elementor-button-wrapper\">\n\t\t\t\t\t<a class=\"elementor-button elementor-button-link elementor-size-sm\" href=\"https:\/\/www.orangecosta.com\/blog\/fib-festival-benicasim\/\">\n\t\t\t\t\t\t<span class=\"elementor-button-content-wrapper\">\n\t\t\t\t\t\t\t\t\t<span class=\"elementor-button-text\">M\u00e1s informaci\u00f3n<\/span>\n\t\t\t\t\t<\/span>\n\t\t\t\t\t<\/a>\n\t\t\t\t<\/div>\n\t\t\t\t\t\t\t\t<\/div>\n\t\t\t\t<\/div>\n\t\t\t\t\t<\/div>\n\t\t<\/div>\n\t\t\t\t<div class=\"elementor-column elementor-col-50 elementor-top-column elementor-element elementor-element-48cb59f\" data-id=\"48cb59f\" data-element_type=\"column\" data-e-type=\"column\">\n\t\t\t<div class=\"elementor-widget-wrap elementor-element-populated\">\n\t\t\t\t\t\t<div class=\"elementor-element elementor-element-7b00582 elementor-widget elementor-widget-image\" data-id=\"7b00582\" data-element_type=\"widget\" data-e-type=\"widget\" data-widget_type=\"image.default\">\n\t\t\t\t<div class=\"elementor-widget-container\">\n\t\t\t\t\t\t\t\t\t\t\t\t\t\t\t<img loading=\"lazy\" decoding=\"async\" width=\"1080\" height=\"720\" src=\"https:\/\/www.orangecosta.com\/blog\/wp-content\/uploads\/2023\/04\/festival-FIB.jpg\" class=\"attachment-full size-full wp-image-965\" alt=\"festival FIB Benicasim\" srcset=\"https:\/\/www.orangecosta.com\/blog\/wp-content\/uploads\/2023\/04\/festival-FIB.jpg 1080w, https:\/\/www.orangecosta.com\/blog\/wp-content\/uploads\/2023\/04\/festival-FIB-768x512.jpg 768w\" sizes=\"(max-width: 1080px) 100vw, 1080px\" \/>\t\t\t\t\t\t\t\t\t\t\t\t\t\t\t<\/div>\n\t\t\t\t<\/div>\n\t\t\t\t\t<\/div>\n\t\t<\/div>\n\t\t\t\t\t<\/div>\n\t\t<\/section>\n\t\t\t\t<section class=\"elementor-section elementor-top-section elementor-element elementor-element-3b99976 elementor-section-boxed elementor-section-height-default elementor-section-height-default\" data-id=\"3b99976\" data-element_type=\"section\" data-e-type=\"section\">\n\t\t\t\t\t\t\t<div class=\"elementor-background-overlay\"><\/div>\n\t\t\t\t\t\t\t<div class=\"elementor-container elementor-column-gap-extended\">\n\t\t\t\t\t<div class=\"elementor-column elementor-col-50 elementor-top-column elementor-element elementor-element-e284d7e\" data-id=\"e284d7e\" data-element_type=\"column\" data-e-type=\"column\">\n\t\t\t<div class=\"elementor-widget-wrap elementor-element-populated\">\n\t\t\t\t\t\t<div class=\"elementor-element elementor-element-5345188 elementor-widget elementor-widget-image\" data-id=\"5345188\" data-element_type=\"widget\" data-e-type=\"widget\" data-widget_type=\"image.default\">\n\t\t\t\t<div class=\"elementor-widget-container\">\n\t\t\t\t\t\t\t\t\t\t\t\t\t\t\t<img loading=\"lazy\" decoding=\"async\" width=\"1080\" height=\"720\" src=\"https:\/\/www.orangecosta.com\/blog\/wp-content\/uploads\/2023\/08\/festival-reggae-benicassim-rototom-2024.jpg\" class=\"attachment-full size-full wp-image-1698\" alt=\"festival reggae benicassim rototom 2024\" srcset=\"https:\/\/www.orangecosta.com\/blog\/wp-content\/uploads\/2023\/08\/festival-reggae-benicassim-rototom-2024.jpg 1080w, https:\/\/www.orangecosta.com\/blog\/wp-content\/uploads\/2023\/08\/festival-reggae-benicassim-rototom-2024-768x512.jpg 768w\" sizes=\"(max-width: 1080px) 100vw, 1080px\" \/>\t\t\t\t\t\t\t\t\t\t\t\t\t\t\t<\/div>\n\t\t\t\t<\/div>\n\t\t\t\t\t<\/div>\n\t\t<\/div>\n\t\t\t\t<div class=\"elementor-column elementor-col-50 elementor-top-column elementor-element elementor-element-91d6210\" data-id=\"91d6210\" data-element_type=\"column\" data-e-type=\"column\">\n\t\t\t<div class=\"elementor-widget-wrap elementor-element-populated\">\n\t\t\t\t\t\t<div class=\"elementor-element elementor-element-92657c9 elementor-widget elementor-widget-heading\" data-id=\"92657c9\" data-element_type=\"widget\" data-e-type=\"widget\" data-widget_type=\"heading.default\">\n\t\t\t\t<div class=\"elementor-widget-container\">\n\t\t\t\t\t<h3 class=\"elementor-heading-title elementor-size-default\">2 - Rototom Sunsplash<\/h3>\t\t\t\t<\/div>\n\t\t\t\t<\/div>\n\t\t\t\t<div class=\"elementor-element elementor-element-849aebe elementor-widget elementor-widget-text-editor\" data-id=\"849aebe\" data-element_type=\"widget\" data-e-type=\"widget\" data-widget_type=\"text-editor.default\">\n\t\t\t\t<div class=\"elementor-widget-container\">\n\t\t\t\t\t\t\t\t\t<ul><li><strong>Fecha y lugar<\/strong>: Agosto, recinto de festivales.<\/li><li><strong>G\u00e9neros musicales<\/strong>: Reggae.<\/li><li><strong>Qu\u00e9 lo hace especial<\/strong>: Es una de las mayores celebraciones del reggae en Europa.<\/li><li><strong>Consejos para disfrutarlo al m\u00e1ximo<\/strong>: Lleva protector solar y disfruta de las vibras positivas.<\/li><\/ul>\t\t\t\t\t\t\t\t<\/div>\n\t\t\t\t<\/div>\n\t\t\t\t<div class=\"elementor-element elementor-element-f71cfed elementor-align-center elementor-widget elementor-widget-button\" data-id=\"f71cfed\" data-element_type=\"widget\" data-e-type=\"widget\" data-widget_type=\"button.default\">\n\t\t\t\t<div class=\"elementor-widget-container\">\n\t\t\t\t\t\t\t\t\t<div class=\"elementor-button-wrapper\">\n\t\t\t\t\t<a class=\"elementor-button elementor-button-link elementor-size-sm\" href=\"https:\/\/rototomsunsplash.com\/\">\n\t\t\t\t\t\t<span class=\"elementor-button-content-wrapper\">\n\t\t\t\t\t\t\t\t\t<span class=\"elementor-button-text\">M\u00e1s informaci\u00f3n<\/span>\n\t\t\t\t\t<\/span>\n\t\t\t\t\t<\/a>\n\t\t\t\t<\/div>\n\t\t\t\t\t\t\t\t<\/div>\n\t\t\t\t<\/div>\n\t\t\t\t\t<\/div>\n\t\t<\/div>\n\t\t\t\t\t<\/div>\n\t\t<\/section>\n\t\t\t\t<section class=\"elementor-section elementor-top-section elementor-element elementor-element-b4ce772 elementor-section-boxed elementor-section-height-default elementor-section-height-default\" data-id=\"b4ce772\" data-element_type=\"section\" data-e-type=\"section\">\n\t\t\t\t\t\t\t<div class=\"elementor-background-overlay\"><\/div>\n\t\t\t\t\t\t\t<div class=\"elementor-container elementor-column-gap-extended\">\n\t\t\t\t\t<div class=\"elementor-column elementor-col-50 elementor-top-column elementor-element elementor-element-1b5571c\" data-id=\"1b5571c\" data-element_type=\"column\" data-e-type=\"column\">\n\t\t\t<div class=\"elementor-widget-wrap elementor-element-populated\">\n\t\t\t\t\t\t<div class=\"elementor-element elementor-element-a25c981 elementor-widget elementor-widget-heading\" data-id=\"a25c981\" data-element_type=\"widget\" data-e-type=\"widget\" data-widget_type=\"heading.default\">\n\t\t\t\t<div class=\"elementor-widget-container\">\n\t\t\t\t\t<h3 class=\"elementor-heading-title elementor-size-default\">3 - Sansan Festival<\/h3>\t\t\t\t<\/div>\n\t\t\t\t<\/div>\n\t\t\t\t<div class=\"elementor-element elementor-element-3faaa70 elementor-widget elementor-widget-text-editor\" data-id=\"3faaa70\" data-element_type=\"widget\" data-e-type=\"widget\" data-widget_type=\"text-editor.default\">\n\t\t\t\t<div class=\"elementor-widget-container\">\n\t\t\t\t\t\t\t\t\t<ul><li><strong>Fecha y lugar<\/strong>: Generalmente en abril, recinto de festivales.<\/li><li><strong>G\u00e9neros musicales<\/strong>: Indie, rock, pop.<\/li><li><strong>Qu\u00e9 lo hace especial<\/strong>: Con un enfoque en la m\u00fasica indie espa\u00f1ola, este festival es ideal para descubrir nuevos talentos.<\/li><li><strong>Consejos para disfrutarlo al m\u00e1ximo<\/strong>: Lleva ropa y calzado c\u00f3modos.<\/li><\/ul>\t\t\t\t\t\t\t\t<\/div>\n\t\t\t\t<\/div>\n\t\t\t\t<div class=\"elementor-element elementor-element-ab13b24 elementor-align-center elementor-widget elementor-widget-button\" data-id=\"ab13b24\" data-element_type=\"widget\" data-e-type=\"widget\" data-widget_type=\"button.default\">\n\t\t\t\t<div class=\"elementor-widget-container\">\n\t\t\t\t\t\t\t\t\t<div class=\"elementor-button-wrapper\">\n\t\t\t\t\t<a class=\"elementor-button elementor-button-link elementor-size-sm\" href=\"https:\/\/sansanfestival.com\/\">\n\t\t\t\t\t\t<span class=\"elementor-button-content-wrapper\">\n\t\t\t\t\t\t\t\t\t<span class=\"elementor-button-text\">M\u00e1s informaci\u00f3n<\/span>\n\t\t\t\t\t<\/span>\n\t\t\t\t\t<\/a>\n\t\t\t\t<\/div>\n\t\t\t\t\t\t\t\t<\/div>\n\t\t\t\t<\/div>\n\t\t\t\t\t<\/div>\n\t\t<\/div>\n\t\t\t\t<div class=\"elementor-column elementor-col-50 elementor-top-column elementor-element elementor-element-f83e06c\" data-id=\"f83e06c\" data-element_type=\"column\" data-e-type=\"column\">\n\t\t\t<div class=\"elementor-widget-wrap elementor-element-populated\">\n\t\t\t\t\t\t<div class=\"elementor-element elementor-element-4beeab1 elementor-widget elementor-widget-image\" data-id=\"4beeab1\" data-element_type=\"widget\" data-e-type=\"widget\" data-widget_type=\"image.default\">\n\t\t\t\t<div class=\"elementor-widget-container\">\n\t\t\t\t\t\t\t\t\t\t\t\t\t\t\t<img loading=\"lazy\" decoding=\"async\" width=\"1080\" height=\"720\" src=\"https:\/\/www.orangecosta.com\/blog\/wp-content\/uploads\/2023\/08\/SanSan-festival-Benicassim.jpg\" class=\"attachment-full size-full wp-image-1701\" alt=\"SanSan festival Benicassim\" srcset=\"https:\/\/www.orangecosta.com\/blog\/wp-content\/uploads\/2023\/08\/SanSan-festival-Benicassim.jpg 1080w, https:\/\/www.orangecosta.com\/blog\/wp-content\/uploads\/2023\/08\/SanSan-festival-Benicassim-768x512.jpg 768w\" sizes=\"(max-width: 1080px) 100vw, 1080px\" \/>\t\t\t\t\t\t\t\t\t\t\t\t\t\t\t<\/div>\n\t\t\t\t<\/div>\n\t\t\t\t\t<\/div>\n\t\t<\/div>\n\t\t\t\t\t<\/div>\n\t\t<\/section>\n\t\t\t\t<section class=\"elementor-section elementor-top-section elementor-element elementor-element-8e6f1b3 elementor-section-boxed elementor-section-height-default elementor-section-height-default\" data-id=\"8e6f1b3\" data-element_type=\"section\" data-e-type=\"section\">\n\t\t\t\t\t\t\t<div class=\"elementor-background-overlay\"><\/div>\n\t\t\t\t\t\t\t<div class=\"elementor-container elementor-column-gap-extended\">\n\t\t\t\t\t<div class=\"elementor-column elementor-col-50 elementor-top-column elementor-element elementor-element-71c63fe\" data-id=\"71c63fe\" data-element_type=\"column\" data-e-type=\"column\">\n\t\t\t<div class=\"elementor-widget-wrap elementor-element-populated\">\n\t\t\t\t\t\t<div class=\"elementor-element elementor-element-4562917 elementor-widget elementor-widget-image\" data-id=\"4562917\" data-element_type=\"widget\" data-e-type=\"widget\" data-widget_type=\"image.default\">\n\t\t\t\t<div class=\"elementor-widget-container\">\n\t\t\t\t\t\t\t\t\t\t\t\t\t\t\t<img loading=\"lazy\" decoding=\"async\" width=\"2048\" height=\"1365\" src=\"https:\/\/www.orangecosta.com\/blog\/wp-content\/uploads\/2023\/08\/festival-havaneres-benicassim.jpg\" class=\"attachment-full size-full wp-image-1704\" alt=\"festival de habaneras benicassim\" srcset=\"https:\/\/www.orangecosta.com\/blog\/wp-content\/uploads\/2023\/08\/festival-havaneres-benicassim.jpg 2048w, https:\/\/www.orangecosta.com\/blog\/wp-content\/uploads\/2023\/08\/festival-havaneres-benicassim-768x512.jpg 768w, https:\/\/www.orangecosta.com\/blog\/wp-content\/uploads\/2023\/08\/festival-havaneres-benicassim-1536x1024.jpg 1536w\" sizes=\"(max-width: 2048px) 100vw, 2048px\" \/>\t\t\t\t\t\t\t\t\t\t\t\t\t\t\t<\/div>\n\t\t\t\t<\/div>\n\t\t\t\t\t<\/div>\n\t\t<\/div>\n\t\t\t\t<div class=\"elementor-column elementor-col-50 elementor-top-column elementor-element elementor-element-aa2fbd3\" data-id=\"aa2fbd3\" data-element_type=\"column\" data-e-type=\"column\">\n\t\t\t<div class=\"elementor-widget-wrap elementor-element-populated\">\n\t\t\t\t\t\t<div class=\"elementor-element elementor-element-8e7a9ec elementor-widget elementor-widget-heading\" data-id=\"8e7a9ec\" data-element_type=\"widget\" data-e-type=\"widget\" data-widget_type=\"heading.default\">\n\t\t\t\t<div class=\"elementor-widget-container\">\n\t\t\t\t\t<h3 class=\"elementor-heading-title elementor-size-default\">4 - Festival de Habaneras de Benic\u00e0ssim<\/h3>\t\t\t\t<\/div>\n\t\t\t\t<\/div>\n\t\t\t\t<div class=\"elementor-element elementor-element-8cc6d35 elementor-widget elementor-widget-text-editor\" data-id=\"8cc6d35\" data-element_type=\"widget\" data-e-type=\"widget\" data-widget_type=\"text-editor.default\">\n\t\t\t\t<div class=\"elementor-widget-container\">\n\t\t\t\t\t\t\t\t\t<ul><li><strong>Fecha y lugar<\/strong>: Var\u00eda, en diferentes localizaciones en Benic\u00e0ssim.<\/li><li><strong>G\u00e9neros musicales<\/strong>: Habaneras.<\/li><li><strong>Qu\u00e9 lo hace especial<\/strong>: Este festival celebra la rica tradici\u00f3n de las habaneras, ofreciendo una experiencia cultural \u00fanica.<\/li><li><strong>Consejos para disfrutarlo al m\u00e1ximo<\/strong>: Asiste a los eventos previos para aprender m\u00e1s sobre este g\u00e9nero musical tradicional.<\/li><\/ul>\t\t\t\t\t\t\t\t<\/div>\n\t\t\t\t<\/div>\n\t\t\t\t<div class=\"elementor-element elementor-element-7c32da3 elementor-align-center elementor-widget elementor-widget-button\" data-id=\"7c32da3\" data-element_type=\"widget\" data-e-type=\"widget\" data-widget_type=\"button.default\">\n\t\t\t\t<div class=\"elementor-widget-container\">\n\t\t\t\t\t\t\t\t\t<div class=\"elementor-button-wrapper\">\n\t\t\t\t\t<a class=\"elementor-button elementor-button-link elementor-size-sm\" href=\"https:\/\/turismo.benicassim.es\/evento\/xxxvi-festival-de-habaneras\/\">\n\t\t\t\t\t\t<span class=\"elementor-button-content-wrapper\">\n\t\t\t\t\t\t\t\t\t<span class=\"elementor-button-text\">M\u00e1s informaci\u00f3n<\/span>\n\t\t\t\t\t<\/span>\n\t\t\t\t\t<\/a>\n\t\t\t\t<\/div>\n\t\t\t\t\t\t\t\t<\/div>\n\t\t\t\t<\/div>\n\t\t\t\t\t<\/div>\n\t\t<\/div>\n\t\t\t\t\t<\/div>\n\t\t<\/section>\n\t\t\t\t<section class=\"elementor-section elementor-top-section elementor-element elementor-element-69fb968 elementor-section-boxed elementor-section-height-default elementor-section-height-default\" data-id=\"69fb968\" data-element_type=\"section\" data-e-type=\"section\">\n\t\t\t\t\t\t\t<div class=\"elementor-background-overlay\"><\/div>\n\t\t\t\t\t\t\t<div class=\"elementor-container elementor-column-gap-extended\">\n\t\t\t\t\t<div class=\"elementor-column elementor-col-50 elementor-top-column elementor-element elementor-element-20a7667\" data-id=\"20a7667\" data-element_type=\"column\" data-e-type=\"column\">\n\t\t\t<div class=\"elementor-widget-wrap elementor-element-populated\">\n\t\t\t\t\t\t<div class=\"elementor-element elementor-element-f9f6196 elementor-widget elementor-widget-heading\" data-id=\"f9f6196\" data-element_type=\"widget\" data-e-type=\"widget\" data-widget_type=\"heading.default\">\n\t\t\t\t<div class=\"elementor-widget-container\">\n\t\t\t\t\t<h3 class=\"elementor-heading-title elementor-size-default\">5 - Benic\u00e0ssim Blues Festival<br><\/h3>\t\t\t\t<\/div>\n\t\t\t\t<\/div>\n\t\t\t\t<div class=\"elementor-element elementor-element-19e0cd8 elementor-widget elementor-widget-text-editor\" data-id=\"19e0cd8\" data-element_type=\"widget\" data-e-type=\"widget\" data-widget_type=\"text-editor.default\">\n\t\t\t\t<div class=\"elementor-widget-container\">\n\t\t\t\t\t\t\t\t\t<ul><li><strong>Fecha y lugar<\/strong>: Junio, varios escenarios en la ciudad.<\/li><li><strong>G\u00e9neros musicales<\/strong>: Blues.<\/li><li><strong>Qu\u00e9 lo hace especial<\/strong>: Un ambiente relajado y acogedor donde puedes disfrutar del blues en diferentes formatos.<\/li><li><strong>Consejos para disfrutarlo al m\u00e1ximo<\/strong>: Revisa la programaci\u00f3n con antelaci\u00f3n y considera llevar una silla plegable para los eventos al aire libre.<\/li><\/ul>\t\t\t\t\t\t\t\t<\/div>\n\t\t\t\t<\/div>\n\t\t\t\t<div class=\"elementor-element elementor-element-42dec0a elementor-align-center elementor-widget elementor-widget-button\" data-id=\"42dec0a\" data-element_type=\"widget\" data-e-type=\"widget\" data-widget_type=\"button.default\">\n\t\t\t\t<div class=\"elementor-widget-container\">\n\t\t\t\t\t\t\t\t\t<div class=\"elementor-button-wrapper\">\n\t\t\t\t\t<a class=\"elementor-button elementor-button-link elementor-size-sm\" href=\"https:\/\/turismo.benicassim.es\/en\/event\/benicassim-blues-festival\/\">\n\t\t\t\t\t\t<span class=\"elementor-button-content-wrapper\">\n\t\t\t\t\t\t\t\t\t<span class=\"elementor-button-text\">M\u00e1s informaci\u00f3n<\/span>\n\t\t\t\t\t<\/span>\n\t\t\t\t\t<\/a>\n\t\t\t\t<\/div>\n\t\t\t\t\t\t\t\t<\/div>\n\t\t\t\t<\/div>\n\t\t\t\t\t<\/div>\n\t\t<\/div>\n\t\t\t\t<div class=\"elementor-column elementor-col-50 elementor-top-column elementor-element elementor-element-7431152\" data-id=\"7431152\" data-element_type=\"column\" data-e-type=\"column\">\n\t\t\t<div class=\"elementor-widget-wrap elementor-element-populated\">\n\t\t\t\t\t\t<div class=\"elementor-element elementor-element-68c6340 elementor-widget elementor-widget-image\" data-id=\"68c6340\" data-element_type=\"widget\" data-e-type=\"widget\" data-widget_type=\"image.default\">\n\t\t\t\t<div class=\"elementor-widget-container\">\n\t\t\t\t\t\t\t\t\t\t\t\t\t\t\t<img loading=\"lazy\" decoding=\"async\" width=\"808\" height=\"539\" src=\"https:\/\/www.orangecosta.com\/blog\/wp-content\/uploads\/2023\/08\/benicassim-blues-festival-2024-1.jpg\" class=\"attachment-full size-full wp-image-1710\" alt=\"benic\u00e0ssim-blues-festival-2024\" srcset=\"https:\/\/www.orangecosta.com\/blog\/wp-content\/uploads\/2023\/08\/benicassim-blues-festival-2024-1.jpg 808w, https:\/\/www.orangecosta.com\/blog\/wp-content\/uploads\/2023\/08\/benicassim-blues-festival-2024-1-768x512.jpg 768w\" sizes=\"(max-width: 808px) 100vw, 808px\" \/>\t\t\t\t\t\t\t\t\t\t\t\t\t\t\t<\/div>\n\t\t\t\t<\/div>\n\t\t\t\t\t<\/div>\n\t\t<\/div>\n\t\t\t\t\t<\/div>\n\t\t<\/section>\n\t\t\t\t<section class=\"elementor-section elementor-top-section elementor-element elementor-element-4f35c98 elementor-section-boxed elementor-section-height-default elementor-section-height-default\" data-id=\"4f35c98\" data-element_type=\"section\" data-e-type=\"section\">\n\t\t\t\t\t\t<div class=\"elementor-container elementor-column-gap-default\">\n\t\t\t\t\t<div class=\"elementor-column elementor-col-100 elementor-top-column elementor-element elementor-element-4c8e57a\" data-id=\"4c8e57a\" data-element_type=\"column\" data-e-type=\"column\">\n\t\t\t<div class=\"elementor-widget-wrap elementor-element-populated\">\n\t\t\t\t\t\t<div class=\"elementor-element elementor-element-70509ce elementor-widget elementor-widget-text-editor\" data-id=\"70509ce\" data-element_type=\"widget\" data-e-type=\"widget\" data-widget_type=\"text-editor.default\">\n\t\t\t\t<div class=\"elementor-widget-container\">\n\t\t\t\t\t\t\t\t\t<h2>\u00bfD\u00f3nde hospedarse durante los Festivales?<\/h2>\t\t\t\t\t\t\t\t<\/div>\n\t\t\t\t<\/div>\n\t\t\t\t<div class=\"elementor-element elementor-element-2ba882b elementor-widget elementor-widget-text-editor\" data-id=\"2ba882b\" data-element_type=\"widget\" data-e-type=\"widget\" data-widget_type=\"text-editor.default\">\n\t\t\t\t<div class=\"elementor-widget-container\">\n\t\t\t\t\t\t\t\t\t<p>Si est\u00e1s buscando el lugar perfecto para tu estancia, Orange Costa ofrece apartamentos acogedores y estrat\u00e9gicamente ubicados. Descansa y recarga energ\u00edas entre cada d\u00eda festivo en un ambiente que te hace sentir como en casa. Descubre nuestra gran selecci\u00f3n de alojamientos a pocos minutos del recinto de festivales y de la playa.<\/p>\t\t\t\t\t\t\t\t<\/div>\n\t\t\t\t<\/div>\n\t\t\t\t\t<\/div>\n\t\t<\/div>\n\t\t\t\t\t<\/div>\n\t\t<\/section>\n\t\t\t\t<section class=\"elementor-section elementor-top-section elementor-element elementor-element-c4dba3b elementor-section-boxed elementor-section-height-default elementor-section-height-default\" data-id=\"c4dba3b\" data-element_type=\"section\" data-e-type=\"section\">\n\t\t\t\t\t\t<div class=\"elementor-container elementor-column-gap-default\">\n\t\t\t\t\t<div class=\"elementor-column elementor-col-100 elementor-top-column elementor-element elementor-element-696e9e9\" data-id=\"696e9e9\" data-element_type=\"column\" data-e-type=\"column\">\n\t\t\t<div class=\"elementor-widget-wrap elementor-element-populated\">\n\t\t\t\t\t\t<div class=\"elementor-element elementor-element-23566bf elementor-widget elementor-widget-text-editor\" data-id=\"23566bf\" data-element_type=\"widget\" data-e-type=\"widget\" data-widget_type=\"text-editor.default\">\n\t\t\t\t<div class=\"elementor-widget-container\">\n\t\t\t\t\t\t\t\t\t<h3>Alojamiento cerca del recinto de festivales de Benic\u00e0ssim<\/h3>\t\t\t\t\t\t\t\t<\/div>\n\t\t\t\t<\/div>\n\t\t\t\t\t<\/div>\n\t\t<\/div>\n\t\t\t\t\t<\/div>\n\t\t<\/section>\n\t\t\t\t<section class=\"elementor-section elementor-top-section elementor-element elementor-element-17dc3b80 elementor-section-boxed elementor-section-height-default elementor-section-height-default\" data-id=\"17dc3b80\" data-element_type=\"section\" data-e-type=\"section\">\n\t\t\t\t\t\t<div class=\"elementor-container elementor-column-gap-default\">\n\t\t\t\t\t<div class=\"elementor-column elementor-col-25 elementor-top-column elementor-element elementor-element-da31886\" data-id=\"da31886\" data-element_type=\"column\" data-e-type=\"column\">\n\t\t\t<div class=\"elementor-widget-wrap elementor-element-populated\">\n\t\t\t\t\t\t<div class=\"elementor-element elementor-element-b67192a elementor-cta--skin-classic elementor-animated-content elementor-bg-transform elementor-bg-transform-zoom-in elementor-widget elementor-widget-call-to-action\" data-id=\"b67192a\" data-element_type=\"widget\" data-e-type=\"widget\" data-widget_type=\"call-to-action.default\">\n\t\t\t\t<div class=\"elementor-widget-container\">\n\t\t\t\t\t\t\t<a class=\"elementor-cta\" href=\"https:\/\/www.orangecosta.com\/alquiler\/villa-benicassim-quatre-vents-436313.html\">\n\t\t\t\t\t<div class=\"elementor-cta__bg-wrapper\">\n\t\t\t\t<div class=\"elementor-cta__bg elementor-bg\" style=\"background-image: url(https:\/\/www.orangecosta.com\/blog\/wp-content\/uploads\/2023\/08\/villa-quatre-vents-benicassim-vacaciones-festivales.jpg);\" role=\"img\" aria-label=\"Villa Quatre Vents en Benicassim Alquiler Vacacional\"><\/div>\n\t\t\t\t<div class=\"elementor-cta__bg-overlay\"><\/div>\n\t\t\t<\/div>\n\t\t\t\t\t\t\t<div class=\"elementor-cta__content\">\n\t\t\t\t\n\t\t\t\t\t\t\t\t\t<h2 class=\"elementor-cta__title elementor-cta__content-item elementor-content-item\">\n\t\t\t\t\t\tVilla<br>Quatre Vents\t\t\t\t\t<\/h2>\n\t\t\t\t\n\t\t\t\t\t\t\t\t\t<div class=\"elementor-cta__description elementor-cta__content-item elementor-content-item\">\n\t\t\t\t\t\tDesde 90\u20ac\/noche\t\t\t\t\t<\/div>\n\t\t\t\t\n\t\t\t\t\t\t\t\t\t<div class=\"elementor-cta__button-wrapper elementor-cta__content-item elementor-content-item \">\n\t\t\t\t\t<span class=\"elementor-cta__button elementor-button elementor-size-\">\n\t\t\t\t\t\tReservar\t\t\t\t\t<\/span>\n\t\t\t\t\t<\/div>\n\t\t\t\t\t\t\t<\/div>\n\t\t\t\t\t\t<\/a>\n\t\t\t\t\t\t<\/div>\n\t\t\t\t<\/div>\n\t\t\t\t\t<\/div>\n\t\t<\/div>\n\t\t\t\t<div class=\"elementor-column elementor-col-25 elementor-top-column elementor-element elementor-element-9f2973a\" data-id=\"9f2973a\" data-element_type=\"column\" data-e-type=\"column\">\n\t\t\t<div class=\"elementor-widget-wrap elementor-element-populated\">\n\t\t\t\t\t\t<div class=\"elementor-element elementor-element-9ddb203 elementor-cta--skin-classic elementor-animated-content elementor-bg-transform elementor-bg-transform-zoom-in elementor-widget elementor-widget-call-to-action\" data-id=\"9ddb203\" data-element_type=\"widget\" data-e-type=\"widget\" data-widget_type=\"call-to-action.default\">\n\t\t\t\t<div class=\"elementor-widget-container\">\n\t\t\t\t\t\t\t<a class=\"elementor-cta\" href=\"https:\/\/www.orangecosta.com\/alquiler\/apartamento-benicassim-costa-brasil-338539.html\">\n\t\t\t\t\t<div class=\"elementor-cta__bg-wrapper\">\n\t\t\t\t<div class=\"elementor-cta__bg elementor-bg\" style=\"background-image: url(https:\/\/www.orangecosta.com\/blog\/wp-content\/uploads\/2023\/04\/apartamento-costa-brasil-1.jpg);\" role=\"img\" aria-label=\"apartamento costa brasil en benicasim castell\u00f3n\"><\/div>\n\t\t\t\t<div class=\"elementor-cta__bg-overlay\"><\/div>\n\t\t\t<\/div>\n\t\t\t\t\t\t\t<div class=\"elementor-cta__content\">\n\t\t\t\t\n\t\t\t\t\t\t\t\t\t<h2 class=\"elementor-cta__title elementor-cta__content-item elementor-content-item\">\n\t\t\t\t\t\tApartamento<br>Costa Brasil\t\t\t\t\t<\/h2>\n\t\t\t\t\n\t\t\t\t\t\t\t\t\t<div class=\"elementor-cta__description elementor-cta__content-item elementor-content-item\">\n\t\t\t\t\t\tDesde 33\u20ac\/noche\t\t\t\t\t<\/div>\n\t\t\t\t\n\t\t\t\t\t\t\t\t\t<div class=\"elementor-cta__button-wrapper elementor-cta__content-item elementor-content-item \">\n\t\t\t\t\t<span class=\"elementor-cta__button elementor-button elementor-size-\">\n\t\t\t\t\t\tReservar\t\t\t\t\t<\/span>\n\t\t\t\t\t<\/div>\n\t\t\t\t\t\t\t<\/div>\n\t\t\t\t\t\t<\/a>\n\t\t\t\t\t\t<\/div>\n\t\t\t\t<\/div>\n\t\t\t\t\t<\/div>\n\t\t<\/div>\n\t\t\t\t<div class=\"elementor-column elementor-col-25 elementor-top-column elementor-element elementor-element-dfbd3b8\" data-id=\"dfbd3b8\" data-element_type=\"column\" data-e-type=\"column\">\n\t\t\t<div class=\"elementor-widget-wrap elementor-element-populated\">\n\t\t\t\t\t\t<div class=\"elementor-element elementor-element-109e6125 elementor-cta--skin-classic elementor-animated-content elementor-bg-transform elementor-bg-transform-zoom-in elementor-widget elementor-widget-call-to-action\" data-id=\"109e6125\" data-element_type=\"widget\" data-e-type=\"widget\" data-widget_type=\"call-to-action.default\">\n\t\t\t\t<div class=\"elementor-widget-container\">\n\t\t\t\t\t\t\t<a class=\"elementor-cta\" href=\"https:\/\/www.orangecosta.com\/alquiler\/apartamento-benicassim-tanit-398702.html\">\n\t\t\t\t\t<div class=\"elementor-cta__bg-wrapper\">\n\t\t\t\t<div class=\"elementor-cta__bg elementor-bg\" style=\"background-image: url(https:\/\/www.orangecosta.com\/blog\/wp-content\/uploads\/2023\/04\/apartamento-tanit-benicasim.jpg);\" role=\"img\" aria-label=\"apartamento tanit benicasim\"><\/div>\n\t\t\t\t<div class=\"elementor-cta__bg-overlay\"><\/div>\n\t\t\t<\/div>\n\t\t\t\t\t\t\t<div class=\"elementor-cta__content\">\n\t\t\t\t\n\t\t\t\t\t\t\t\t\t<h2 class=\"elementor-cta__title elementor-cta__content-item elementor-content-item\">\n\t\t\t\t\t\tApartamento<br>Tanit\t\t\t\t\t<\/h2>\n\t\t\t\t\n\t\t\t\t\t\t\t\t\t<div class=\"elementor-cta__description elementor-cta__content-item elementor-content-item\">\n\t\t\t\t\t\tDesde 52\u20ac\/noche\t\t\t\t\t<\/div>\n\t\t\t\t\n\t\t\t\t\t\t\t\t\t<div class=\"elementor-cta__button-wrapper elementor-cta__content-item elementor-content-item \">\n\t\t\t\t\t<span class=\"elementor-cta__button elementor-button elementor-size-\">\n\t\t\t\t\t\tReservar\t\t\t\t\t<\/span>\n\t\t\t\t\t<\/div>\n\t\t\t\t\t\t\t<\/div>\n\t\t\t\t\t\t<\/a>\n\t\t\t\t\t\t<\/div>\n\t\t\t\t<\/div>\n\t\t\t\t\t<\/div>\n\t\t<\/div>\n\t\t\t\t<div class=\"elementor-column elementor-col-25 elementor-top-column elementor-element elementor-element-2dc9f3c2\" data-id=\"2dc9f3c2\" data-element_type=\"column\" data-e-type=\"column\">\n\t\t\t<div class=\"elementor-widget-wrap elementor-element-populated\">\n\t\t\t\t\t\t<div class=\"elementor-element elementor-element-3b74878d elementor-cta--skin-classic elementor-animated-content elementor-bg-transform elementor-bg-transform-zoom-in elementor-widget elementor-widget-call-to-action\" data-id=\"3b74878d\" data-element_type=\"widget\" data-e-type=\"widget\" data-widget_type=\"call-to-action.default\">\n\t\t\t\t<div class=\"elementor-widget-container\">\n\t\t\t\t\t\t\t<a class=\"elementor-cta\" href=\"https:\/\/www.orangecosta.com\/alquiler\/apartamento-benicassim-la-torre-338632.html\">\n\t\t\t\t\t<div class=\"elementor-cta__bg-wrapper\">\n\t\t\t\t<div class=\"elementor-cta__bg elementor-bg\" style=\"background-image: url(https:\/\/www.orangecosta.com\/blog\/wp-content\/uploads\/2023\/04\/Apartamento-la-torre-benicasim.jpg);\" role=\"img\" aria-label=\"Apartamento la torre benicasim\"><\/div>\n\t\t\t\t<div class=\"elementor-cta__bg-overlay\"><\/div>\n\t\t\t<\/div>\n\t\t\t\t\t\t\t<div class=\"elementor-cta__content\">\n\t\t\t\t\n\t\t\t\t\t\t\t\t\t<h2 class=\"elementor-cta__title elementor-cta__content-item elementor-content-item\">\n\t\t\t\t\t\tApartamento<br>La Torre\t\t\t\t\t<\/h2>\n\t\t\t\t\n\t\t\t\t\t\t\t\t\t<div class=\"elementor-cta__description elementor-cta__content-item elementor-content-item\">\n\t\t\t\t\t\tDesde 33\u20ac\/noche\t\t\t\t\t<\/div>\n\t\t\t\t\n\t\t\t\t\t\t\t\t\t<div class=\"elementor-cta__button-wrapper elementor-cta__content-item elementor-content-item \">\n\t\t\t\t\t<span class=\"elementor-cta__button elementor-button elementor-size-\">\n\t\t\t\t\t\tReservar\t\t\t\t\t<\/span>\n\t\t\t\t\t<\/div>\n\t\t\t\t\t\t\t<\/div>\n\t\t\t\t\t\t<\/a>\n\t\t\t\t\t\t<\/div>\n\t\t\t\t<\/div>\n\t\t\t\t\t<\/div>\n\t\t<\/div>\n\t\t\t\t\t<\/div>\n\t\t<\/section>\n\t\t\t\t<section class=\"elementor-section elementor-top-section elementor-element elementor-element-7581c74 elementor-section-boxed elementor-section-height-default elementor-section-height-default\" data-id=\"7581c74\" data-element_type=\"section\" data-e-type=\"section\">\n\t\t\t\t\t\t<div class=\"elementor-container elementor-column-gap-default\">\n\t\t\t\t\t<div class=\"elementor-column elementor-col-100 elementor-top-column elementor-element elementor-element-4e11117\" data-id=\"4e11117\" data-element_type=\"column\" data-e-type=\"column\">\n\t\t\t<div class=\"elementor-widget-wrap elementor-element-populated\">\n\t\t\t\t\t\t<div class=\"elementor-element elementor-element-a388436 elementor-widget elementor-widget-heading\" data-id=\"a388436\" data-element_type=\"widget\" data-e-type=\"widget\" data-widget_type=\"heading.default\">\n\t\t\t\t<div class=\"elementor-widget-container\">\n\t\t\t\t\t<h2 class=\"elementor-heading-title elementor-size-default\">Consejos Pr\u00e1cticos para Asistir a Festivales en Benic\u00e0ssim<\/h2>\t\t\t\t<\/div>\n\t\t\t\t<\/div>\n\t\t\t\t\t<\/div>\n\t\t<\/div>\n\t\t\t\t\t<\/div>\n\t\t<\/section>\n\t\t\t\t<section class=\"elementor-section elementor-top-section elementor-element elementor-element-e1420f6 elementor-section-boxed elementor-section-height-default elementor-section-height-default\" data-id=\"e1420f6\" data-element_type=\"section\" data-e-type=\"section\">\n\t\t\t\t\t\t<div class=\"elementor-container elementor-column-gap-default\">\n\t\t\t\t\t<div class=\"elementor-column elementor-col-50 elementor-top-column elementor-element elementor-element-880fe8e\" data-id=\"880fe8e\" data-element_type=\"column\" data-e-type=\"column\">\n\t\t\t<div class=\"elementor-widget-wrap elementor-element-populated\">\n\t\t\t\t\t\t<div class=\"elementor-element elementor-element-d6e5d64 elementor-widget elementor-widget-image\" data-id=\"d6e5d64\" data-element_type=\"widget\" data-e-type=\"widget\" data-widget_type=\"image.default\">\n\t\t\t\t<div class=\"elementor-widget-container\">\n\t\t\t\t\t\t\t\t\t\t\t\t\t\t\t<img loading=\"lazy\" decoding=\"async\" width=\"2560\" height=\"1703\" src=\"https:\/\/www.orangecosta.com\/blog\/wp-content\/uploads\/2023\/02\/orange-park-bungalow-benicasim-costa-azahar.jpg\" class=\"attachment-full size-full wp-image-834\" alt=\"Orange Park bungalow en Benicasim Costa Azahar\" srcset=\"https:\/\/www.orangecosta.com\/blog\/wp-content\/uploads\/2023\/02\/orange-park-bungalow-benicasim-costa-azahar.jpg 2560w, https:\/\/www.orangecosta.com\/blog\/wp-content\/uploads\/2023\/02\/orange-park-bungalow-benicasim-costa-azahar-768x511.jpg 768w, https:\/\/www.orangecosta.com\/blog\/wp-content\/uploads\/2023\/02\/orange-park-bungalow-benicasim-costa-azahar-1536x1022.jpg 1536w, https:\/\/www.orangecosta.com\/blog\/wp-content\/uploads\/2023\/02\/orange-park-bungalow-benicasim-costa-azahar-2048x1362.jpg 2048w\" sizes=\"(max-width: 2560px) 100vw, 2560px\" \/>\t\t\t\t\t\t\t\t\t\t\t\t\t\t\t<\/div>\n\t\t\t\t<\/div>\n\t\t\t\t\t<\/div>\n\t\t<\/div>\n\t\t\t\t<div class=\"elementor-column elementor-col-50 elementor-top-column elementor-element elementor-element-b9bda30\" data-id=\"b9bda30\" data-element_type=\"column\" data-e-type=\"column\">\n\t\t\t<div class=\"elementor-widget-wrap elementor-element-populated\">\n\t\t\t\t\t\t<div class=\"elementor-element elementor-element-31b225a elementor-widget elementor-widget-text-editor\" data-id=\"31b225a\" data-element_type=\"widget\" data-e-type=\"widget\" data-widget_type=\"text-editor.default\">\n\t\t\t\t<div class=\"elementor-widget-container\">\n\t\t\t\t\t\t\t\t\t<ul><li><strong>C\u00f3mo llegar y moverse por la ciudad<\/strong>: Benic\u00e0ssim cuenta con diversas opciones de transporte p\u00fablico, as\u00ed como taxis y alquileres de coche.<\/li><li><strong>Consejos para comprar entradas<\/strong>: Compra tus entradas con antelaci\u00f3n para asegurar tu acceso y buscar descuentos.<\/li><li><strong>Recomendaciones de seguridad y bienestar<\/strong>: Mantente hidratado, usa protector solar y sigue las pautas de seguridad del evento.<\/li><\/ul>\t\t\t\t\t\t\t\t<\/div>\n\t\t\t\t<\/div>\n\t\t\t\t\t<\/div>\n\t\t<\/div>\n\t\t\t\t\t<\/div>\n\t\t<\/section>\n\t\t\t\t<section class=\"elementor-section elementor-top-section elementor-element elementor-element-d70b2d3 elementor-section-boxed elementor-section-height-default elementor-section-height-default\" data-id=\"d70b2d3\" data-element_type=\"section\" data-e-type=\"section\">\n\t\t\t\t\t\t<div class=\"elementor-container elementor-column-gap-default\">\n\t\t\t\t\t<div class=\"elementor-column elementor-col-100 elementor-top-column elementor-element elementor-element-391e4c9\" data-id=\"391e4c9\" data-element_type=\"column\" data-e-type=\"column\">\n\t\t\t<div class=\"elementor-widget-wrap elementor-element-populated\">\n\t\t\t\t\t\t<div class=\"elementor-element elementor-element-08cd68a elementor-widget elementor-widget-text-editor\" data-id=\"08cd68a\" data-element_type=\"widget\" data-e-type=\"widget\" data-widget_type=\"text-editor.default\">\n\t\t\t\t<div class=\"elementor-widget-container\">\n\t\t\t\t\t\t\t\t\t<p>En conclusi\u00f3n, Benic\u00e0ssim es una meca para los aficionados a la m\u00fasica. Con una variedad de festivales que abarcan desde el pop hasta las habaneras, hay algo para cada gusto musical. Aseg\u00farate de considerar a <b>Orange Costa<\/b> como tu opci\u00f3n de alojamiento para una experiencia inolvidable.\u00a0<\/p>\t\t\t\t\t\t\t\t<\/div>\n\t\t\t\t<\/div>\n\t\t\t\t\t<\/div>\n\t\t<\/div>\n\t\t\t\t\t<\/div>\n\t\t<\/section>\n\t\t\t\t<section class=\"elementor-section elementor-top-section elementor-element elementor-element-e55b211 elementor-section-boxed elementor-section-height-default elementor-section-height-default\" data-id=\"e55b211\" data-element_type=\"section\" data-e-type=\"section\">\n\t\t\t\t\t\t<div class=\"elementor-container elementor-column-gap-default\">\n\t\t\t\t\t<div class=\"elementor-column elementor-col-100 elementor-top-column elementor-element elementor-element-bc50bca\" data-id=\"bc50bca\" data-element_type=\"column\" data-e-type=\"column\">\n\t\t\t<div class=\"elementor-widget-wrap elementor-element-populated\">\n\t\t\t\t\t\t<div class=\"elementor-element elementor-element-127addb elementor-align-center elementor-widget elementor-widget-button\" data-id=\"127addb\" data-element_type=\"widget\" data-e-type=\"widget\" data-widget_type=\"button.default\">\n\t\t\t\t<div class=\"elementor-widget-container\">\n\t\t\t\t\t\t\t\t\t<div class=\"elementor-button-wrapper\">\n\t\t\t\t\t<a class=\"elementor-button elementor-size-sm\" role=\"button\">\n\t\t\t\t\t\t<span class=\"elementor-button-content-wrapper\">\n\t\t\t\t\t\t\t\t\t<span class=\"elementor-button-text\">Reserva tu alojamiento ya!<\/span>\n\t\t\t\t\t<\/span>\n\t\t\t\t\t<\/a>\n\t\t\t\t<\/div>\n\t\t\t\t\t\t\t\t<\/div>\n\t\t\t\t<\/div>\n\t\t\t\t\t<\/div>\n\t\t<\/div>\n\t\t\t\t\t<\/div>\n\t\t<\/section>\n\t\t\t\t<\/div>\n\t\t","protected":false},"excerpt":{"rendered":"<p>Benic\u00e0ssim es m\u00e1s que playas espectaculares y un ambiente relajante; es tambi\u00e9n un hervidero de actividades culturales, especialmente cuando se&#8230;<\/p>\n","protected":false},"author":2,"featured_media":1692,"comment_status":"open","ping_status":"open","sticky":false,"template":"","format":"standard","meta":{"footnotes":""},"categories":[20,18,105,117,77,21],"tags":[169],"class_list":["post-1680","post","type-post","status-publish","format-standard","has-post-thumbnail","hentry","category-actividades","category-benicasim","category-costa-azahar","category-festivales","category-fiestas-tradiciones","category-turismo","tag-no-template"],"yoast_head":"<!-- This site is optimized with the Yoast SEO plugin v27.5 - https:\/\/yoast.com\/product\/yoast-seo-wordpress\/ -->\n<title>Los Mejores Festivales de M\u00fasica en Benic\u00e0ssim - Orange Costa<\/title>\n<meta name=\"description\" content=\"Descubre aqu\u00ed cinco festivales imperdibles que hacen de Benic\u00e0ssim el para\u00edso para los mel\u00f3manos: jazz, pop, rock, electr\u00f3nica, reggae...\" \/>\n<meta name=\"robots\" content=\"index, follow, max-snippet:-1, max-image-preview:large, max-video-preview:-1\" \/>\n<link rel=\"canonical\" href=\"https:\/\/www.orangecosta.com\/blog\/festivales-benicassim\/\" \/>\n<meta property=\"og:locale\" content=\"es_ES\" \/>\n<meta property=\"og:type\" content=\"article\" \/>\n<meta property=\"og:title\" content=\"Los Mejores Festivales de M\u00fasica en Benic\u00e0ssim - Orange Costa\" \/>\n<meta property=\"og:description\" content=\"Descubre aqu\u00ed cinco festivales imperdibles que hacen de Benic\u00e0ssim el para\u00edso para los mel\u00f3manos: jazz, pop, rock, electr\u00f3nica, reggae...\" \/>\n<meta property=\"og:url\" content=\"https:\/\/www.orangecosta.com\/blog\/festivales-benicassim\/\" \/>\n<meta property=\"og:site_name\" content=\"Blog turismo Orange Costa\" \/>\n<meta property=\"article:published_time\" content=\"2023-08-31T10:36:19+00:00\" \/>\n<meta property=\"article:modified_time\" content=\"2026-03-12T12:04:41+00:00\" \/>\n<meta property=\"og:image\" content=\"https:\/\/www.orangecosta.com\/blog\/wp-content\/uploads\/2023\/08\/mejores-festivales-benicasim.jpg\" \/>\n\t<meta property=\"og:image:width\" content=\"2120\" \/>\n\t<meta property=\"og:image:height\" content=\"1414\" \/>\n\t<meta property=\"og:image:type\" content=\"image\/jpeg\" \/>\n<meta name=\"author\" content=\"orangecosta\" \/>\n<meta name=\"twitter:card\" content=\"summary_large_image\" \/>\n<meta name=\"twitter:label1\" content=\"Escrito por\" \/>\n\t<meta name=\"twitter:data1\" content=\"orangecosta\" \/>\n\t<meta name=\"twitter:label2\" content=\"Tiempo de lectura\" \/>\n\t<meta name=\"twitter:data2\" content=\"6 minutos\" \/>\n<script type=\"application\/ld+json\" class=\"yoast-schema-graph\">{\"@context\":\"https:\\\/\\\/schema.org\",\"@graph\":[{\"@type\":\"Article\",\"@id\":\"https:\\\/\\\/www.orangecosta.com\\\/blog\\\/festivales-benicassim\\\/#article\",\"isPartOf\":{\"@id\":\"https:\\\/\\\/www.orangecosta.com\\\/blog\\\/festivales-benicassim\\\/\"},\"author\":{\"name\":\"orangecosta\",\"@id\":\"https:\\\/\\\/www.orangecosta.com\\\/blog\\\/#\\\/schema\\\/person\\\/d53679291e19d876ad2520f0313411c2\"},\"headline\":\"Los Mejores Festivales de M\u00fasica en Benic\u00e0ssim: Tu Gu\u00eda Completa para una Experiencia Inolvidable\",\"datePublished\":\"2023-08-31T10:36:19+00:00\",\"dateModified\":\"2026-03-12T12:04:41+00:00\",\"mainEntityOfPage\":{\"@id\":\"https:\\\/\\\/www.orangecosta.com\\\/blog\\\/festivales-benicassim\\\/\"},\"wordCount\":954,\"commentCount\":0,\"image\":{\"@id\":\"https:\\\/\\\/www.orangecosta.com\\\/blog\\\/festivales-benicassim\\\/#primaryimage\"},\"thumbnailUrl\":\"https:\\\/\\\/www.orangecosta.com\\\/blog\\\/wp-content\\\/uploads\\\/2023\\\/08\\\/mejores-festivales-benicasim.jpg\",\"keywords\":[\"No template\"],\"articleSection\":[\"Actividades\",\"Benic\u00e1ssim\",\"Costa Azahar\",\"Festivales\",\"Fiestas y tradiciones\",\"Turismo\"],\"inLanguage\":\"es\",\"potentialAction\":[{\"@type\":\"CommentAction\",\"name\":\"Comment\",\"target\":[\"https:\\\/\\\/www.orangecosta.com\\\/blog\\\/festivales-benicassim\\\/#respond\"]}]},{\"@type\":\"WebPage\",\"@id\":\"https:\\\/\\\/www.orangecosta.com\\\/blog\\\/festivales-benicassim\\\/\",\"url\":\"https:\\\/\\\/www.orangecosta.com\\\/blog\\\/festivales-benicassim\\\/\",\"name\":\"Los Mejores Festivales de M\u00fasica en Benic\u00e0ssim - Orange Costa\",\"isPartOf\":{\"@id\":\"https:\\\/\\\/www.orangecosta.com\\\/blog\\\/#website\"},\"primaryImageOfPage\":{\"@id\":\"https:\\\/\\\/www.orangecosta.com\\\/blog\\\/festivales-benicassim\\\/#primaryimage\"},\"image\":{\"@id\":\"https:\\\/\\\/www.orangecosta.com\\\/blog\\\/festivales-benicassim\\\/#primaryimage\"},\"thumbnailUrl\":\"https:\\\/\\\/www.orangecosta.com\\\/blog\\\/wp-content\\\/uploads\\\/2023\\\/08\\\/mejores-festivales-benicasim.jpg\",\"datePublished\":\"2023-08-31T10:36:19+00:00\",\"dateModified\":\"2026-03-12T12:04:41+00:00\",\"author\":{\"@id\":\"https:\\\/\\\/www.orangecosta.com\\\/blog\\\/#\\\/schema\\\/person\\\/d53679291e19d876ad2520f0313411c2\"},\"description\":\"Descubre aqu\u00ed cinco festivales imperdibles que hacen de Benic\u00e0ssim el para\u00edso para los mel\u00f3manos: jazz, pop, rock, electr\u00f3nica, reggae...\",\"breadcrumb\":{\"@id\":\"https:\\\/\\\/www.orangecosta.com\\\/blog\\\/festivales-benicassim\\\/#breadcrumb\"},\"inLanguage\":\"es\",\"potentialAction\":[{\"@type\":\"ReadAction\",\"target\":[\"https:\\\/\\\/www.orangecosta.com\\\/blog\\\/festivales-benicassim\\\/\"]}]},{\"@type\":\"ImageObject\",\"inLanguage\":\"es\",\"@id\":\"https:\\\/\\\/www.orangecosta.com\\\/blog\\\/festivales-benicassim\\\/#primaryimage\",\"url\":\"https:\\\/\\\/www.orangecosta.com\\\/blog\\\/wp-content\\\/uploads\\\/2023\\\/08\\\/mejores-festivales-benicasim.jpg\",\"contentUrl\":\"https:\\\/\\\/www.orangecosta.com\\\/blog\\\/wp-content\\\/uploads\\\/2023\\\/08\\\/mejores-festivales-benicasim.jpg\",\"width\":2120,\"height\":1414,\"caption\":\"mejores festivales de benicassim\"},{\"@type\":\"BreadcrumbList\",\"@id\":\"https:\\\/\\\/www.orangecosta.com\\\/blog\\\/festivales-benicassim\\\/#breadcrumb\",\"itemListElement\":[{\"@type\":\"ListItem\",\"position\":1,\"name\":\"Home\",\"item\":\"https:\\\/\\\/www.orangecosta.com\\\/blog\\\/\"},{\"@type\":\"ListItem\",\"position\":2,\"name\":\"Los Mejores Festivales de M\u00fasica en Benic\u00e0ssim: Tu Gu\u00eda Completa para una Experiencia Inolvidable\"}]},{\"@type\":\"WebSite\",\"@id\":\"https:\\\/\\\/www.orangecosta.com\\\/blog\\\/#website\",\"url\":\"https:\\\/\\\/www.orangecosta.com\\\/blog\\\/\",\"name\":\"Blog turismo Orange Costa\",\"description\":\"Orangecosta\",\"potentialAction\":[{\"@type\":\"SearchAction\",\"target\":{\"@type\":\"EntryPoint\",\"urlTemplate\":\"https:\\\/\\\/www.orangecosta.com\\\/blog\\\/?s={search_term_string}\"},\"query-input\":{\"@type\":\"PropertyValueSpecification\",\"valueRequired\":true,\"valueName\":\"search_term_string\"}}],\"inLanguage\":\"es\"},{\"@type\":\"Person\",\"@id\":\"https:\\\/\\\/www.orangecosta.com\\\/blog\\\/#\\\/schema\\\/person\\\/d53679291e19d876ad2520f0313411c2\",\"name\":\"orangecosta\",\"image\":{\"@type\":\"ImageObject\",\"inLanguage\":\"es\",\"@id\":\"https:\\\/\\\/secure.gravatar.com\\\/avatar\\\/f9305e6c7620ec14c48e0fc13db1a69fe3298552abf06f76083d4e8732f437bb?s=96&d=mm&r=g\",\"url\":\"https:\\\/\\\/secure.gravatar.com\\\/avatar\\\/f9305e6c7620ec14c48e0fc13db1a69fe3298552abf06f76083d4e8732f437bb?s=96&d=mm&r=g\",\"contentUrl\":\"https:\\\/\\\/secure.gravatar.com\\\/avatar\\\/f9305e6c7620ec14c48e0fc13db1a69fe3298552abf06f76083d4e8732f437bb?s=96&d=mm&r=g\",\"caption\":\"orangecosta\"},\"url\":\"https:\\\/\\\/www.orangecosta.com\\\/blog\\\/author\\\/orangecosta\\\/\"}]}<\/script>\n<!-- \/ Yoast SEO plugin. -->","yoast_head_json":{"title":"Los Mejores Festivales de M\u00fasica en Benic\u00e0ssim - Orange Costa","description":"Descubre aqu\u00ed cinco festivales imperdibles que hacen de Benic\u00e0ssim el para\u00edso para los mel\u00f3manos: jazz, pop, rock, electr\u00f3nica, reggae...","robots":{"index":"index","follow":"follow","max-snippet":"max-snippet:-1","max-image-preview":"max-image-preview:large","max-video-preview":"max-video-preview:-1"},"canonical":"https:\/\/www.orangecosta.com\/blog\/festivales-benicassim\/","og_locale":"es_ES","og_type":"article","og_title":"Los Mejores Festivales de M\u00fasica en Benic\u00e0ssim - Orange Costa","og_description":"Descubre aqu\u00ed cinco festivales imperdibles que hacen de Benic\u00e0ssim el para\u00edso para los mel\u00f3manos: jazz, pop, rock, electr\u00f3nica, reggae...","og_url":"https:\/\/www.orangecosta.com\/blog\/festivales-benicassim\/","og_site_name":"Blog turismo Orange Costa","article_published_time":"2023-08-31T10:36:19+00:00","article_modified_time":"2026-03-12T12:04:41+00:00","og_image":[{"width":2120,"height":1414,"url":"https:\/\/www.orangecosta.com\/blog\/wp-content\/uploads\/2023\/08\/mejores-festivales-benicasim.jpg","type":"image\/jpeg"}],"author":"orangecosta","twitter_card":"summary_large_image","twitter_misc":{"Escrito por":"orangecosta","Tiempo de lectura":"6 minutos"},"schema":{"@context":"https:\/\/schema.org","@graph":[{"@type":"Article","@id":"https:\/\/www.orangecosta.com\/blog\/festivales-benicassim\/#article","isPartOf":{"@id":"https:\/\/www.orangecosta.com\/blog\/festivales-benicassim\/"},"author":{"name":"orangecosta","@id":"https:\/\/www.orangecosta.com\/blog\/#\/schema\/person\/d53679291e19d876ad2520f0313411c2"},"headline":"Los Mejores Festivales de M\u00fasica en Benic\u00e0ssim: Tu Gu\u00eda Completa para una Experiencia Inolvidable","datePublished":"2023-08-31T10:36:19+00:00","dateModified":"2026-03-12T12:04:41+00:00","mainEntityOfPage":{"@id":"https:\/\/www.orangecosta.com\/blog\/festivales-benicassim\/"},"wordCount":954,"commentCount":0,"image":{"@id":"https:\/\/www.orangecosta.com\/blog\/festivales-benicassim\/#primaryimage"},"thumbnailUrl":"https:\/\/www.orangecosta.com\/blog\/wp-content\/uploads\/2023\/08\/mejores-festivales-benicasim.jpg","keywords":["No template"],"articleSection":["Actividades","Benic\u00e1ssim","Costa Azahar","Festivales","Fiestas y tradiciones","Turismo"],"inLanguage":"es","potentialAction":[{"@type":"CommentAction","name":"Comment","target":["https:\/\/www.orangecosta.com\/blog\/festivales-benicassim\/#respond"]}]},{"@type":"WebPage","@id":"https:\/\/www.orangecosta.com\/blog\/festivales-benicassim\/","url":"https:\/\/www.orangecosta.com\/blog\/festivales-benicassim\/","name":"Los Mejores Festivales de M\u00fasica en Benic\u00e0ssim - Orange Costa","isPartOf":{"@id":"https:\/\/www.orangecosta.com\/blog\/#website"},"primaryImageOfPage":{"@id":"https:\/\/www.orangecosta.com\/blog\/festivales-benicassim\/#primaryimage"},"image":{"@id":"https:\/\/www.orangecosta.com\/blog\/festivales-benicassim\/#primaryimage"},"thumbnailUrl":"https:\/\/www.orangecosta.com\/blog\/wp-content\/uploads\/2023\/08\/mejores-festivales-benicasim.jpg","datePublished":"2023-08-31T10:36:19+00:00","dateModified":"2026-03-12T12:04:41+00:00","author":{"@id":"https:\/\/www.orangecosta.com\/blog\/#\/schema\/person\/d53679291e19d876ad2520f0313411c2"},"description":"Descubre aqu\u00ed cinco festivales imperdibles que hacen de Benic\u00e0ssim el para\u00edso para los mel\u00f3manos: jazz, pop, rock, electr\u00f3nica, reggae...","breadcrumb":{"@id":"https:\/\/www.orangecosta.com\/blog\/festivales-benicassim\/#breadcrumb"},"inLanguage":"es","potentialAction":[{"@type":"ReadAction","target":["https:\/\/www.orangecosta.com\/blog\/festivales-benicassim\/"]}]},{"@type":"ImageObject","inLanguage":"es","@id":"https:\/\/www.orangecosta.com\/blog\/festivales-benicassim\/#primaryimage","url":"https:\/\/www.orangecosta.com\/blog\/wp-content\/uploads\/2023\/08\/mejores-festivales-benicasim.jpg","contentUrl":"https:\/\/www.orangecosta.com\/blog\/wp-content\/uploads\/2023\/08\/mejores-festivales-benicasim.jpg","width":2120,"height":1414,"caption":"mejores festivales de benicassim"},{"@type":"BreadcrumbList","@id":"https:\/\/www.orangecosta.com\/blog\/festivales-benicassim\/#breadcrumb","itemListElement":[{"@type":"ListItem","position":1,"name":"Home","item":"https:\/\/www.orangecosta.com\/blog\/"},{"@type":"ListItem","position":2,"name":"Los Mejores Festivales de M\u00fasica en Benic\u00e0ssim: Tu Gu\u00eda Completa para una Experiencia Inolvidable"}]},{"@type":"WebSite","@id":"https:\/\/www.orangecosta.com\/blog\/#website","url":"https:\/\/www.orangecosta.com\/blog\/","name":"Blog turismo Orange Costa","description":"Orangecosta","potentialAction":[{"@type":"SearchAction","target":{"@type":"EntryPoint","urlTemplate":"https:\/\/www.orangecosta.com\/blog\/?s={search_term_string}"},"query-input":{"@type":"PropertyValueSpecification","valueRequired":true,"valueName":"search_term_string"}}],"inLanguage":"es"},{"@type":"Person","@id":"https:\/\/www.orangecosta.com\/blog\/#\/schema\/person\/d53679291e19d876ad2520f0313411c2","name":"orangecosta","image":{"@type":"ImageObject","inLanguage":"es","@id":"https:\/\/secure.gravatar.com\/avatar\/f9305e6c7620ec14c48e0fc13db1a69fe3298552abf06f76083d4e8732f437bb?s=96&d=mm&r=g","url":"https:\/\/secure.gravatar.com\/avatar\/f9305e6c7620ec14c48e0fc13db1a69fe3298552abf06f76083d4e8732f437bb?s=96&d=mm&r=g","contentUrl":"https:\/\/secure.gravatar.com\/avatar\/f9305e6c7620ec14c48e0fc13db1a69fe3298552abf06f76083d4e8732f437bb?s=96&d=mm&r=g","caption":"orangecosta"},"url":"https:\/\/www.orangecosta.com\/blog\/author\/orangecosta\/"}]}},"_links":{"self":[{"href":"https:\/\/www.orangecosta.com\/blog\/wp-json\/wp\/v2\/posts\/1680","targetHints":{"allow":["GET"]}}],"collection":[{"href":"https:\/\/www.orangecosta.com\/blog\/wp-json\/wp\/v2\/posts"}],"about":[{"href":"https:\/\/www.orangecosta.com\/blog\/wp-json\/wp\/v2\/types\/post"}],"author":[{"embeddable":true,"href":"https:\/\/www.orangecosta.com\/blog\/wp-json\/wp\/v2\/users\/2"}],"replies":[{"embeddable":true,"href":"https:\/\/www.orangecosta.com\/blog\/wp-json\/wp\/v2\/comments?post=1680"}],"version-history":[{"count":16,"href":"https:\/\/www.orangecosta.com\/blog\/wp-json\/wp\/v2\/posts\/1680\/revisions"}],"predecessor-version":[{"id":3120,"href":"https:\/\/www.orangecosta.com\/blog\/wp-json\/wp\/v2\/posts\/1680\/revisions\/3120"}],"wp:featuredmedia":[{"embeddable":true,"href":"https:\/\/www.orangecosta.com\/blog\/wp-json\/wp\/v2\/media\/1692"}],"wp:attachment":[{"href":"https:\/\/www.orangecosta.com\/blog\/wp-json\/wp\/v2\/media?parent=1680"}],"wp:term":[{"taxonomy":"category","embeddable":true,"href":"https:\/\/www.orangecosta.com\/blog\/wp-json\/wp\/v2\/categories?post=1680"},{"taxonomy":"post_tag","embeddable":true,"href":"https:\/\/www.orangecosta.com\/blog\/wp-json\/wp\/v2\/tags?post=1680"}],"curies":[{"name":"wp","href":"https:\/\/api.w.org\/{rel}","templated":true}]}}