{"id":1552,"date":"2023-08-21T09:18:50","date_gmt":"2023-08-21T09:18:50","guid":{"rendered":"https:\/\/www.orangecosta.com\/blog\/?p=1552"},"modified":"2026-03-12T12:04:41","modified_gmt":"2026-03-12T12:04:41","slug":"el-tiempo-en-benicasim-un-clima-perfecto-todo-el-ano","status":"publish","type":"post","link":"https:\/\/www.orangecosta.com\/blog\/el-tiempo-en-benicasim-un-clima-perfecto-todo-el-ano\/","title":{"rendered":"El tiempo en Benicasim, un clima perfecto todo el a\u00f1o"},"content":{"rendered":"\t\t<div data-elementor-type=\"wp-post\" data-elementor-id=\"1552\" class=\"elementor elementor-1552\" data-elementor-post-type=\"post\">\n\t\t\t\t\t\t<section class=\"elementor-section elementor-top-section elementor-element elementor-element-7523f2ab elementor-section-boxed elementor-section-height-default elementor-section-height-default\" data-id=\"7523f2ab\" data-element_type=\"section\" data-e-type=\"section\">\n\t\t\t\t\t\t<div class=\"elementor-container elementor-column-gap-default\">\n\t\t\t\t\t<div class=\"elementor-column elementor-col-100 elementor-top-column elementor-element elementor-element-7022831d\" data-id=\"7022831d\" data-element_type=\"column\" data-e-type=\"column\">\n\t\t\t<div class=\"elementor-widget-wrap elementor-element-populated\">\n\t\t\t\t\t\t<div class=\"elementor-element elementor-element-48ca3c46 elementor-widget elementor-widget-text-editor\" data-id=\"48ca3c46\" data-element_type=\"widget\" data-e-type=\"widget\" data-widget_type=\"text-editor.default\">\n\t\t\t\t<div class=\"elementor-widget-container\">\n\t\t\t\t\t\t\t\t\t<p><span style=\"font-weight: 400;\">Benicasim es una bonita localidad costera espa\u00f1ola en la provincia de Castell\u00f3n. Se trata de un lugar conocido por sus playas de aguas cristalinas, su rica historia y su <\/span><b>encanto mediterr\u00e1neo<\/b><span style=\"font-weight: 400;\">.<\/span><\/p><p><span style=\"background-color: transparent;\">Sin embargo, uno de los aspectos m\u00e1s destacados de este destino tur\u00edstico es su clima excepcional. En este art\u00edculo, te hablaremos sobre <\/span><b style=\"background-color: transparent;\">el tiempo en Benicasim<\/b><span style=\"background-color: transparent;\"> y c\u00f3mo influye en la experiencia de visitar esta joya mediterr\u00e1nea.<\/span><\/p>\t\t\t\t\t\t\t\t<\/div>\n\t\t\t\t<\/div>\n\t\t\t\t\t<\/div>\n\t\t<\/div>\n\t\t\t\t\t<\/div>\n\t\t<\/section>\n\t\t\t\t<section class=\"elementor-section elementor-top-section elementor-element elementor-element-3d4669a7 elementor-section-boxed elementor-section-height-default elementor-section-height-default\" data-id=\"3d4669a7\" data-element_type=\"section\" data-e-type=\"section\">\n\t\t\t\t\t\t<div class=\"elementor-container elementor-column-gap-default\">\n\t\t\t\t\t<div class=\"elementor-column elementor-col-100 elementor-top-column elementor-element elementor-element-7105f0ec\" data-id=\"7105f0ec\" data-element_type=\"column\" data-e-type=\"column\">\n\t\t\t<div class=\"elementor-widget-wrap elementor-element-populated\">\n\t\t\t\t\t\t<div class=\"elementor-element elementor-element-4b5bef68 elementor-widget elementor-widget-heading\" data-id=\"4b5bef68\" data-element_type=\"widget\" data-e-type=\"widget\" data-widget_type=\"heading.default\">\n\t\t\t\t<div class=\"elementor-widget-container\">\n\t\t\t\t\t<h2 class=\"elementor-heading-title elementor-size-default\">Temperaturas y precipitaciones a lo largo del a\u00f1o\n<\/h2>\t\t\t\t<\/div>\n\t\t\t\t<\/div>\n\t\t\t\t<div class=\"elementor-element elementor-element-64067a2 elementor-widget elementor-widget-text-editor\" data-id=\"64067a2\" data-element_type=\"widget\" data-e-type=\"widget\" data-widget_type=\"text-editor.default\">\n\t\t\t\t<div class=\"elementor-widget-container\">\n\t\t\t\t\t\t\t\t\t<p><span style=\"font-weight: 400;\">Esta localidad experimenta precipitaciones moderadas entre octubre y noviembre. Los inviernos tambi\u00e9n pueden tener algunas lluvias ocasionales, pero en general, este pueblo disfruta de un clima seco y soleado durante gran parte del a\u00f1o.<\/span><\/p>\t\t\t\t\t\t\t\t<\/div>\n\t\t\t\t<\/div>\n\t\t\t\t<div class=\"elementor-element elementor-element-8d406ff elementor-widget elementor-widget-text-editor\" data-id=\"8d406ff\" data-element_type=\"widget\" data-e-type=\"widget\" data-widget_type=\"text-editor.default\">\n\t\t\t\t<div class=\"elementor-widget-container\">\n\t\t\t\t\t\t\t\t\t<p><b style=\"background-color: transparent;\">El tiempo en Benicasim seg\u00fan AEMET<\/b><span style=\"background-color: transparent;\"> est\u00e1 influenciado por su cercan\u00eda al mar, que ejerce de moderador t\u00e9rmico. De este modo, los inviernos son suaves y los veranos c\u00e1lidos, pero no t\u00f3rridos. Adem\u00e1s, una de las caracter\u00edsticas \u00fanicas del clima de la zona es la influencia del <\/span><b style=\"background-color: transparent;\">Desierto de las Palmas<\/b><span style=\"background-color: transparent;\">, situado al oeste del municipio.<\/span><\/p><p><span style=\"background-color: transparent;\">En realidad, no es un desierto, sino un parque natural que supone un aut\u00e9ntico pulm\u00f3n de ox\u00edgeno para el entorno. Este ecosistema contribuye a la formaci\u00f3n de microclimas locales, lo que se traduce en variaciones sutiles de temperatura y precipitaciones en diferentes \u00e1reas.<\/span><\/p><p><b style=\"background-color: transparent;\">La temperatura de Benicasim<\/b><span style=\"background-color: transparent;\"> en los meses de invierno rara vez desciende de los 10 \u00b0C y las m\u00e1ximas en verano apenas superan los 30 \u00b0C. En consecuencia, al tener un clima mediterr\u00e1neo templado, puedes disfrutar de actividades al aire libre en cualquier momento.<\/span><\/p>\t\t\t\t\t\t\t\t<\/div>\n\t\t\t\t<\/div>\n\t\t\t\t\t<\/div>\n\t\t<\/div>\n\t\t\t\t\t<\/div>\n\t\t<\/section>\n\t\t\t\t<section class=\"elementor-section elementor-top-section elementor-element elementor-element-43cd9ce elementor-section-boxed elementor-section-height-default elementor-section-height-default\" data-id=\"43cd9ce\" data-element_type=\"section\" data-e-type=\"section\">\n\t\t\t\t\t\t<div class=\"elementor-container elementor-column-gap-default\">\n\t\t\t\t\t<div class=\"elementor-column elementor-col-100 elementor-top-column elementor-element elementor-element-fa7fa20\" data-id=\"fa7fa20\" data-element_type=\"column\" data-e-type=\"column\">\n\t\t\t<div class=\"elementor-widget-wrap elementor-element-populated\">\n\t\t\t\t\t\t<div class=\"elementor-element elementor-element-1424a60 elementor-widget elementor-widget-text-editor\" data-id=\"1424a60\" data-element_type=\"widget\" data-e-type=\"widget\" data-widget_type=\"text-editor.default\">\n\t\t\t\t<div class=\"elementor-widget-container\">\n\t\t\t\t\t\t\t\t\t<p><span style=\"background-color: transparent;\">No obstante, te aconsejamos consultar<\/span><b style=\"background-color: transparent;\"> el tiempo hoy en Benicasim<\/b><span style=\"background-color: transparent;\"> en Google si deseas hacer deporte al aire libre. Te hablamos de algunas de las actividades que puedes llevar a cabo seg\u00fan la \u00e9poca del a\u00f1o.<\/span><br><\/p>\t\t\t\t\t\t\t\t<\/div>\n\t\t\t\t<\/div>\n\t\t\t\t\t<\/div>\n\t\t<\/div>\n\t\t\t\t\t<\/div>\n\t\t<\/section>\n\t\t\t\t<section class=\"elementor-section elementor-top-section elementor-element elementor-element-f97a169 elementor-section-boxed elementor-section-height-default elementor-section-height-default\" data-id=\"f97a169\" data-element_type=\"section\" data-e-type=\"section\">\n\t\t\t\t\t\t<div class=\"elementor-container elementor-column-gap-default\">\n\t\t\t\t\t<div class=\"elementor-column elementor-col-50 elementor-top-column elementor-element elementor-element-d93fad1\" data-id=\"d93fad1\" data-element_type=\"column\" data-e-type=\"column\">\n\t\t\t<div class=\"elementor-widget-wrap elementor-element-populated\">\n\t\t\t\t\t\t<div class=\"elementor-element elementor-element-460d0c40 elementor-widget elementor-widget-heading\" data-id=\"460d0c40\" data-element_type=\"widget\" data-e-type=\"widget\" data-widget_type=\"heading.default\">\n\t\t\t\t<div class=\"elementor-widget-container\">\n\t\t\t\t\t<h3 class=\"elementor-heading-title elementor-size-default\">Primavera (de marzo a mayo)\n<\/h3>\t\t\t\t<\/div>\n\t\t\t\t<\/div>\n\t\t\t\t<div class=\"elementor-element elementor-element-5a0d1a5 elementor-widget elementor-widget-image\" data-id=\"5a0d1a5\" data-element_type=\"widget\" data-e-type=\"widget\" data-widget_type=\"image.default\">\n\t\t\t\t<div class=\"elementor-widget-container\">\n\t\t\t\t\t\t\t\t\t\t\t\t\t\t\t<img fetchpriority=\"high\" decoding=\"async\" width=\"738\" height=\"430\" src=\"https:\/\/www.orangecosta.com\/blog\/wp-content\/uploads\/2023\/08\/Primavera-benicassim-738x430.jpg\" class=\"attachment-post size-post wp-image-1619\" alt=\"Primavera benicassim\" \/>\t\t\t\t\t\t\t\t\t\t\t\t\t\t\t<\/div>\n\t\t\t\t<\/div>\n\t\t\t\t<div class=\"elementor-element elementor-element-3a1d3bee elementor-widget elementor-widget-text-editor\" data-id=\"3a1d3bee\" data-element_type=\"widget\" data-e-type=\"widget\" data-widget_type=\"text-editor.default\">\n\t\t\t\t<div class=\"elementor-widget-container\">\n\t\t\t\t\t\t\t\t\t<p><span style=\"font-weight: 400;\">Es uno de los mejores momentos para visitar la localidad. Las temperaturas comienzan a subir y oscilan entre los 12\u202f\u00b0C a los 22\u202f\u00b0C. Es un <\/span><b>ambiente agradable<\/b><span style=\"font-weight: 400;\"> para explorar la naturaleza. Algunas actividades populares durante esta estaci\u00f3n son las siguientes:<\/span><\/p>\n<ul><li style=\"font-weight: 400;\" aria-level=\"1\"><b>Paseos por la playa<\/b><span style=\"font-weight: 400;\">: Disfruta de caminatas tranquilas por la costa y recuerda que el mar es desestresante.<\/span><\/li>\n<li style=\"font-weight: 400;\" aria-level=\"1\"><b>Senderismo<\/b><span style=\"font-weight: 400;\">: Benicasim cuenta con rutas de senderismo bien se\u00f1alizadas, como en el Desierto de las Palmas. Es un espacio ideal para andar o para ir en bicicleta y admirar la flora y fauna aut\u00f3ctonas.<\/span><\/li>\n<li style=\"font-weight: 400;\" aria-level=\"1\"><b>Festivales culturales<\/b><span style=\"font-weight: 400;\">: Durante la primavera, suelen celebrarse festivales culturales y eventos art\u00edsticos que muestran la rica tradici\u00f3n y patrimonio de la zona.<\/span><\/li>\n<\/ul>\t\t\t\t\t\t\t\t<\/div>\n\t\t\t\t<\/div>\n\t\t\t\t\t<\/div>\n\t\t<\/div>\n\t\t\t\t<div class=\"elementor-column elementor-col-50 elementor-top-column elementor-element elementor-element-1cde743\" data-id=\"1cde743\" data-element_type=\"column\" data-e-type=\"column\">\n\t\t\t<div class=\"elementor-widget-wrap elementor-element-populated\">\n\t\t\t\t\t\t<div class=\"elementor-element elementor-element-49332b7 elementor-widget elementor-widget-heading\" data-id=\"49332b7\" data-element_type=\"widget\" data-e-type=\"widget\" data-widget_type=\"heading.default\">\n\t\t\t\t<div class=\"elementor-widget-container\">\n\t\t\t\t\t<h3 class=\"elementor-heading-title elementor-size-default\">Verano (de junio a septiembre)\n<\/h3>\t\t\t\t<\/div>\n\t\t\t\t<\/div>\n\t\t\t\t<div class=\"elementor-element elementor-element-be2ab5d elementor-widget elementor-widget-image\" data-id=\"be2ab5d\" data-element_type=\"widget\" data-e-type=\"widget\" data-widget_type=\"image.default\">\n\t\t\t\t<div class=\"elementor-widget-container\">\n\t\t\t\t\t\t\t\t\t\t\t\t\t\t\t<img decoding=\"async\" width=\"705\" height=\"430\" src=\"https:\/\/www.orangecosta.com\/blog\/wp-content\/uploads\/2023\/08\/Verano-benicassim-705x430.jpg\" class=\"attachment-post size-post wp-image-1625\" alt=\"Verano benicassim\" \/>\t\t\t\t\t\t\t\t\t\t\t\t\t\t\t<\/div>\n\t\t\t\t<\/div>\n\t\t\t\t<div class=\"elementor-element elementor-element-60b83b6 elementor-widget elementor-widget-text-editor\" data-id=\"60b83b6\" data-element_type=\"widget\" data-e-type=\"widget\" data-widget_type=\"text-editor.default\">\n\t\t\t\t<div class=\"elementor-widget-container\">\n\t\t\t\t\t\t\t\t\t<p><span style=\"font-weight: 400;\">Es la<\/span><b> estaci\u00f3n m\u00e1s concurrida en Benicasim<\/b><span style=\"font-weight: 400;\"> debido a sus extraordinarias playas y a las altas temperaturas, que ahora ya oscilan entre los 19\u202f\u00b0C a los 30\u202f\u00b0C. Esta es la \u00e9poca perfecta para disfrutar del sol y del mar. Algunas actividades recomendadas incluyen:<\/span><\/p>\n<ul><li style=\"font-weight: 400;\" aria-level=\"1\"><b>Playas y deportes acu\u00e1ticos<\/b><span style=\"font-weight: 400;\">: Tiene hermosas playas con arena dorada y aguas cristalinas, ideales para tomar el sol, nadar y practicar deportes acu\u00e1ticos como el <\/span><i><span style=\"font-weight: 400;\">windsur<\/span><\/i><span style=\"font-weight: 400;\">f o el <\/span><i><span style=\"font-weight: 400;\">paddle surf<\/span><\/i><span style=\"font-weight: 400;\">.<\/span><\/li>\n<li style=\"font-weight: 400;\" aria-level=\"1\"><b>Festivales de m\u00fasica<\/b><span style=\"font-weight: 400;\">: En esta localidad se celebra el famoso Festival Internacional de Benic\u00e0ssim (FIB).<\/span><\/li>\n<li style=\"font-weight: 400;\" aria-level=\"1\"><b>Parque del tren<\/b><span style=\"font-weight: 400;\">: Es estupenda si vas con ni\u00f1os. Tiene una colecci\u00f3n de trenes a escala donde los peque\u00f1os disfrutan much\u00edsimo.<\/span><\/li>\n<li style=\"font-weight: 400;\" aria-level=\"1\"><b>Aquarama<\/b><span style=\"font-weight: 400;\">: Es un parque de atracciones acu\u00e1tico donde puedes pasar tiempo de calidad con tu familia.<\/span><\/li>\n<li style=\"font-weight: 400;\" aria-level=\"1\"><b>Rototom Sunsplash<\/b><span style=\"font-weight: 400;\">: Es una cita <\/span><i><span style=\"font-weight: 400;\">reggae<\/span><\/i><span style=\"font-weight: 400;\"> para ni\u00f1os. Es un sitio para crecer y aprender desde el respeto a los peque\u00f1os y su universo.<\/span><\/li>\n<\/ul>\t\t\t\t\t\t\t\t<\/div>\n\t\t\t\t<\/div>\n\t\t\t\t\t<\/div>\n\t\t<\/div>\n\t\t\t\t\t<\/div>\n\t\t<\/section>\n\t\t\t\t<section class=\"elementor-section elementor-top-section elementor-element elementor-element-6c0abb6 elementor-section-boxed elementor-section-height-default elementor-section-height-default\" data-id=\"6c0abb6\" data-element_type=\"section\" data-e-type=\"section\">\n\t\t\t\t\t\t<div class=\"elementor-container elementor-column-gap-default\">\n\t\t\t\t\t<div class=\"elementor-column elementor-col-100 elementor-top-column elementor-element elementor-element-9ef1ff9\" data-id=\"9ef1ff9\" data-element_type=\"column\" data-e-type=\"column\">\n\t\t\t<div class=\"elementor-widget-wrap\">\n\t\t\t\t\t\t\t<\/div>\n\t\t<\/div>\n\t\t\t\t\t<\/div>\n\t\t<\/section>\n\t\t\t\t<section class=\"elementor-section elementor-top-section elementor-element elementor-element-343a41b elementor-section-boxed elementor-section-height-default elementor-section-height-default\" data-id=\"343a41b\" data-element_type=\"section\" data-e-type=\"section\">\n\t\t\t\t\t\t<div class=\"elementor-container elementor-column-gap-default\">\n\t\t\t\t\t<div class=\"elementor-column elementor-col-50 elementor-top-column elementor-element elementor-element-45f025f\" data-id=\"45f025f\" data-element_type=\"column\" data-e-type=\"column\">\n\t\t\t<div class=\"elementor-widget-wrap elementor-element-populated\">\n\t\t\t\t\t\t<div class=\"elementor-element elementor-element-47d64e1 elementor-widget elementor-widget-heading\" data-id=\"47d64e1\" data-element_type=\"widget\" data-e-type=\"widget\" data-widget_type=\"heading.default\">\n\t\t\t\t<div class=\"elementor-widget-container\">\n\t\t\t\t\t<h3 class=\"elementor-heading-title elementor-size-default\">Oto\u00f1o (de octubre a diciembre)\n<\/h3>\t\t\t\t<\/div>\n\t\t\t\t<\/div>\n\t\t\t\t<div class=\"elementor-element elementor-element-017f4de elementor-widget elementor-widget-image\" data-id=\"017f4de\" data-element_type=\"widget\" data-e-type=\"widget\" data-widget_type=\"image.default\">\n\t\t\t\t<div class=\"elementor-widget-container\">\n\t\t\t\t\t\t\t\t\t\t\t\t\t\t\t<img decoding=\"async\" width=\"724\" height=\"482\" src=\"https:\/\/www.orangecosta.com\/blog\/wp-content\/uploads\/2023\/08\/Otono-Benicassim.jpg\" class=\"attachment-large size-large wp-image-1631\" alt=\"Oto\u00f1o Benicassim\" \/>\t\t\t\t\t\t\t\t\t\t\t\t\t\t\t<\/div>\n\t\t\t\t<\/div>\n\t\t\t\t<div class=\"elementor-element elementor-element-5aeda04 elementor-widget elementor-widget-text-editor\" data-id=\"5aeda04\" data-element_type=\"widget\" data-e-type=\"widget\" data-widget_type=\"text-editor.default\">\n\t\t\t\t<div class=\"elementor-widget-container\">\n\t\t\t\t\t\t\t\t\t<p><span style=\"font-weight: 400;\">El oto\u00f1o sigue siendo agradable. Las temperaturas est\u00e1n entre los 14\u202f\u00b0C y los 23\u202f\u00b0C. A medida que la temporada tur\u00edstica disminuye, disfrutar\u00e1s de una <\/span><b>experiencia m\u00e1s relajada y tranquila<\/b><span style=\"font-weight: 400;\">. Puedes hacer cosas como:<\/span><\/p>\n<ul><li style=\"font-weight: 400;\" aria-level=\"1\"><b>Visitas culturales<\/b><span style=\"font-weight: 400;\">: Aprende sobre su patrimonio hist\u00f3rico, como el <\/span><b>castillo de Montorn\u00e9s<\/b><span style=\"font-weight: 400;\"> y la torre San Vicente.<\/span><\/li>\n<li style=\"font-weight: 400;\" aria-level=\"1\"><b>Observaci\u00f3n de aves<\/b><span style=\"font-weight: 400;\">: Es una estaci\u00f3n perfecta para la observaci\u00f3n de aves migratorias que pasan por la zona.<\/span><\/li>\n<li style=\"font-weight: 400;\" aria-level=\"1\"><b>B\u00fasqueda de setas<\/b><span style=\"font-weight: 400;\">: En esta \u00e9poca, es tradicional la recogida de setas en el monte. En muchas ocasiones, el Ayuntamiento organiza rutas guiadas con ese fin.<\/span><\/li>\n<\/ul>\t\t\t\t\t\t\t\t<\/div>\n\t\t\t\t<\/div>\n\t\t\t\t\t<\/div>\n\t\t<\/div>\n\t\t\t\t<div class=\"elementor-column elementor-col-50 elementor-top-column elementor-element elementor-element-93d82bb\" data-id=\"93d82bb\" data-element_type=\"column\" data-e-type=\"column\">\n\t\t\t<div class=\"elementor-widget-wrap elementor-element-populated\">\n\t\t\t\t\t\t<div class=\"elementor-element elementor-element-17cfed0 elementor-widget elementor-widget-heading\" data-id=\"17cfed0\" data-element_type=\"widget\" data-e-type=\"widget\" data-widget_type=\"heading.default\">\n\t\t\t\t<div class=\"elementor-widget-container\">\n\t\t\t\t\t<h3 class=\"elementor-heading-title elementor-size-default\">Invierno (enero y febrero)\n<\/h3>\t\t\t\t<\/div>\n\t\t\t\t<\/div>\n\t\t\t\t<div class=\"elementor-element elementor-element-2ab28dd elementor-widget elementor-widget-image\" data-id=\"2ab28dd\" data-element_type=\"widget\" data-e-type=\"widget\" data-widget_type=\"image.default\">\n\t\t\t\t<div class=\"elementor-widget-container\">\n\t\t\t\t\t\t\t\t\t\t\t\t\t\t\t<img loading=\"lazy\" decoding=\"async\" width=\"724\" height=\"482\" src=\"https:\/\/www.orangecosta.com\/blog\/wp-content\/uploads\/2023\/08\/Invierno-benicassim.jpg\" class=\"attachment-large size-large wp-image-1628\" alt=\"Invierno benicassim\" \/>\t\t\t\t\t\t\t\t\t\t\t\t\t\t\t<\/div>\n\t\t\t\t<\/div>\n\t\t\t\t<div class=\"elementor-element elementor-element-d9aacaa elementor-widget elementor-widget-text-editor\" data-id=\"d9aacaa\" data-element_type=\"widget\" data-e-type=\"widget\" data-widget_type=\"text-editor.default\">\n\t\t\t\t<div class=\"elementor-widget-container\">\n\t\t\t\t\t\t\t\t\t<p><span style=\"font-weight: 400;\">Los <\/span><b>inviernos son suaves<\/b><span style=\"font-weight: 400;\">, con temperaturas que var\u00edan entre los 11\u202f\u00b0C y los 17\u202f\u00b0C durante el d\u00eda. Aunque m\u00e1s tranquilo, este per\u00edodo sigue siendo atractivo para los visitantes que buscan un clima suave. Algunas actividades para esta \u00e9poca son las siguientes:<\/span><\/p>\n<ul><li style=\"font-weight: 400;\" aria-level=\"1\"><b>Caminatas por la naturaleza<\/b><span style=\"font-weight: 400;\">: Conoce los alrededores y disfruta de los caminos naturales cercanos.<\/span><\/li>\n<li style=\"font-weight: 400;\" aria-level=\"1\"><b>Pasear en bicicleta<\/b><span style=\"font-weight: 400;\">: Es un buen momento para el ciclismo por la naturaleza o urbano.<\/span><\/li>\n<li style=\"font-weight: 400;\" aria-level=\"1\"><b>Ir al cine<\/b><span style=\"font-weight: 400;\"> en el teatro municipal.<\/span><\/li>\n<li style=\"font-weight: 400;\" aria-level=\"1\"><b>Practicar deportes acu\u00e1ticos<\/b><span style=\"font-weight: 400;\">: El Mediterr\u00e1neo se presta a diversos deportes acu\u00e1ticos tambi\u00e9n en invierno, como el buceo, el <\/span><i><span style=\"font-weight: 400;\">kitesurf<\/span><\/i><span style=\"font-weight: 400;\">, etc. Aun as\u00ed, te aconsejamos consultar <\/span><b>Windguru Benicasim<\/b><span style=\"font-weight: 400;\"> para saber si tendr\u00e1s buena mar.<\/span><\/li>\n<\/ul>\t\t\t\t\t\t\t\t<\/div>\n\t\t\t\t<\/div>\n\t\t\t\t\t<\/div>\n\t\t<\/div>\n\t\t\t\t\t<\/div>\n\t\t<\/section>\n\t\t\t\t<section class=\"elementor-section elementor-top-section elementor-element elementor-element-55a51219 elementor-section-boxed elementor-section-height-default elementor-section-height-default\" data-id=\"55a51219\" data-element_type=\"section\" data-e-type=\"section\">\n\t\t\t\t\t\t<div class=\"elementor-container elementor-column-gap-default\">\n\t\t\t\t\t<div class=\"elementor-column elementor-col-100 elementor-top-column elementor-element elementor-element-7b602f6\" data-id=\"7b602f6\" data-element_type=\"column\" data-e-type=\"column\">\n\t\t\t<div class=\"elementor-widget-wrap elementor-element-populated\">\n\t\t\t\t\t\t<div class=\"elementor-element elementor-element-6ce94957 elementor-widget elementor-widget-heading\" data-id=\"6ce94957\" data-element_type=\"widget\" data-e-type=\"widget\" data-widget_type=\"heading.default\">\n\t\t\t\t<div class=\"elementor-widget-container\">\n\t\t\t\t\t<h2 class=\"elementor-heading-title elementor-size-default\">Benicasim, un clima perfecto todo el a\u00f1o\n<\/h2>\t\t\t\t<\/div>\n\t\t\t\t<\/div>\n\t\t\t\t\t<\/div>\n\t\t<\/div>\n\t\t\t\t\t<\/div>\n\t\t<\/section>\n\t\t\t\t<section class=\"elementor-section elementor-top-section elementor-element elementor-element-1dac5d94 elementor-section-boxed elementor-section-height-default elementor-section-height-default\" data-id=\"1dac5d94\" data-element_type=\"section\" data-e-type=\"section\">\n\t\t\t\t\t\t<div class=\"elementor-container elementor-column-gap-default\">\n\t\t\t\t\t<div class=\"elementor-column elementor-col-100 elementor-top-column elementor-element elementor-element-6b25fe2e\" data-id=\"6b25fe2e\" data-element_type=\"column\" data-e-type=\"column\">\n\t\t\t<div class=\"elementor-widget-wrap elementor-element-populated\">\n\t\t\t\t\t\t<div class=\"elementor-element elementor-element-5c5b0f60 elementor-widget elementor-widget-text-editor\" data-id=\"5c5b0f60\" data-element_type=\"widget\" data-e-type=\"widget\" data-widget_type=\"text-editor.default\">\n\t\t\t\t<div class=\"elementor-widget-container\">\n\t\t\t\t\t\t\t\t\t<p><b>El tiempo en Benicasim <\/b><span style=\"font-weight: 400;\">invita a que vengas en cualquier \u00e9poca del a\u00f1o. Adem\u00e1s de sus aguas cristalinas y bellas playas, tienes propuestas atractivas durante todo el a\u00f1o, <\/span><b>especialmente, si vienes con ni\u00f1os<\/b><span style=\"font-weight: 400;\">. \u00bfA qu\u00e9 esperas? \u00a1<\/span><a href=\"https:\/\/www.orangecosta.com\/alquiler\/alquileres-benicassim-d139\/\"><span style=\"font-weight: 400;\">Haz tu reserva ya<\/span><\/a><span style=\"font-weight: 400;\"> y vis\u00edtanos!<\/span><\/p>\t\t\t\t\t\t\t\t<\/div>\n\t\t\t\t<\/div>\n\t\t\t\t\t<\/div>\n\t\t<\/div>\n\t\t\t\t\t<\/div>\n\t\t<\/section>\n\t\t\t\t<section class=\"elementor-section elementor-top-section elementor-element elementor-element-4316e2d3 elementor-section-boxed elementor-section-height-default elementor-section-height-default\" data-id=\"4316e2d3\" data-element_type=\"section\" data-e-type=\"section\">\n\t\t\t\t\t\t<div class=\"elementor-container elementor-column-gap-default\">\n\t\t\t\t\t<div class=\"elementor-column elementor-col-33 elementor-top-column elementor-element elementor-element-6f204a8d\" data-id=\"6f204a8d\" data-element_type=\"column\" data-e-type=\"column\">\n\t\t\t<div class=\"elementor-widget-wrap elementor-element-populated\">\n\t\t\t\t\t\t<div class=\"elementor-element elementor-element-1afc1def elementor-align-center elementor-widget elementor-widget-button\" data-id=\"1afc1def\" data-element_type=\"widget\" data-e-type=\"widget\" data-widget_type=\"button.default\">\n\t\t\t\t<div class=\"elementor-widget-container\">\n\t\t\t\t\t\t\t\t\t<div class=\"elementor-button-wrapper\">\n\t\t\t\t\t<a class=\"elementor-button elementor-button-link elementor-size-sm\" href=\"https:\/\/www.orangecosta.com\/alquiler\/alquileres-alcoceber-alcossebre-d100\/\">\n\t\t\t\t\t\t<span class=\"elementor-button-content-wrapper\">\n\t\t\t\t\t\t\t\t\t<span class=\"elementor-button-text\">ALOJAMIENTOS BENIC\u00c0SSIM<\/span>\n\t\t\t\t\t<\/span>\n\t\t\t\t\t<\/a>\n\t\t\t\t<\/div>\n\t\t\t\t\t\t\t\t<\/div>\n\t\t\t\t<\/div>\n\t\t\t\t\t<\/div>\n\t\t<\/div>\n\t\t\t\t<div class=\"elementor-column elementor-col-33 elementor-top-column elementor-element elementor-element-686cfe9d\" data-id=\"686cfe9d\" data-element_type=\"column\" data-e-type=\"column\">\n\t\t\t<div class=\"elementor-widget-wrap elementor-element-populated\">\n\t\t\t\t\t\t<div class=\"elementor-element elementor-element-42da3f73 elementor-align-center elementor-widget elementor-widget-button\" data-id=\"42da3f73\" data-element_type=\"widget\" data-e-type=\"widget\" data-widget_type=\"button.default\">\n\t\t\t\t<div class=\"elementor-widget-container\">\n\t\t\t\t\t\t\t\t\t<div class=\"elementor-button-wrapper\">\n\t\t\t\t\t<a class=\"elementor-button elementor-button-link elementor-size-sm\" href=\"https:\/\/www.orangecosta.com\/alquiler\/alquileres-benicassim-d139\/\">\n\t\t\t\t\t\t<span class=\"elementor-button-content-wrapper\">\n\t\t\t\t\t\t\t\t\t<span class=\"elementor-button-text\">APARTAMENTOS BENIC\u00c0SSIM<\/span>\n\t\t\t\t\t<\/span>\n\t\t\t\t\t<\/a>\n\t\t\t\t<\/div>\n\t\t\t\t\t\t\t\t<\/div>\n\t\t\t\t<\/div>\n\t\t\t\t\t<\/div>\n\t\t<\/div>\n\t\t\t\t<div class=\"elementor-column elementor-col-33 elementor-top-column elementor-element elementor-element-402bfc7e\" data-id=\"402bfc7e\" data-element_type=\"column\" data-e-type=\"column\">\n\t\t\t<div class=\"elementor-widget-wrap elementor-element-populated\">\n\t\t\t\t\t\t<div class=\"elementor-element elementor-element-73443296 elementor-align-center elementor-widget elementor-widget-button\" data-id=\"73443296\" data-element_type=\"widget\" data-e-type=\"widget\" data-widget_type=\"button.default\">\n\t\t\t\t<div class=\"elementor-widget-container\">\n\t\t\t\t\t\t\t\t\t<div class=\"elementor-button-wrapper\">\n\t\t\t\t\t<a class=\"elementor-button elementor-button-link elementor-size-sm\" href=\"https:\/\/www.orangecosta.com\/alquiler\/bungalows-benicassim-c21d139\/\">\n\t\t\t\t\t\t<span class=\"elementor-button-content-wrapper\">\n\t\t\t\t\t\t\t\t\t<span class=\"elementor-button-text\">BUNGALOWS BENIC\u00c0SSIM<\/span>\n\t\t\t\t\t<\/span>\n\t\t\t\t\t<\/a>\n\t\t\t\t<\/div>\n\t\t\t\t\t\t\t\t<\/div>\n\t\t\t\t<\/div>\n\t\t\t\t\t<\/div>\n\t\t<\/div>\n\t\t\t\t\t<\/div>\n\t\t<\/section>\n\t\t\t\t<\/div>\n\t\t","protected":false},"excerpt":{"rendered":"<p>Benicasim es una bonita localidad costera espa\u00f1ola en la provincia de Castell\u00f3n. Se trata de un lugar conocido por sus&#8230;<\/p>\n","protected":false},"author":3,"featured_media":1622,"comment_status":"open","ping_status":"open","sticky":false,"template":"","format":"standard","meta":{"footnotes":""},"categories":[18,105,23],"tags":[169],"class_list":["post-1552","post","type-post","status-publish","format-standard","has-post-thumbnail","hentry","category-benicasim","category-costa-azahar","category-el-tiempo","tag-no-template"],"yoast_head":"<!-- This site is optimized with the Yoast SEO plugin v27.5 - https:\/\/yoast.com\/product\/yoast-seo-wordpress\/ -->\n<title>El tiempo en Benicasim y las actividades al aire libre todo el a\u00f1o<\/title>\n<meta name=\"description\" content=\"El clima de Benicassim es ideal. Descubre qu\u00e9 actividades realizar seg\u00fan la estaci\u00f3n del a\u00f1o. Aprovecha al m\u00e1ximo este pueblo costero.\" \/>\n<meta name=\"robots\" content=\"index, follow, max-snippet:-1, max-image-preview:large, max-video-preview:-1\" \/>\n<link rel=\"canonical\" href=\"https:\/\/www.orangecosta.com\/blog\/el-tiempo-en-benicasim-un-clima-perfecto-todo-el-ano\/\" \/>\n<meta property=\"og:locale\" content=\"es_ES\" \/>\n<meta property=\"og:type\" content=\"article\" \/>\n<meta property=\"og:title\" content=\"El tiempo en Benicasim y las actividades al aire libre todo el a\u00f1o\" \/>\n<meta property=\"og:description\" content=\"El clima de Benicassim es ideal. Descubre qu\u00e9 actividades realizar seg\u00fan la estaci\u00f3n del a\u00f1o. Aprovecha al m\u00e1ximo este pueblo costero.\" \/>\n<meta property=\"og:url\" content=\"https:\/\/www.orangecosta.com\/blog\/el-tiempo-en-benicasim-un-clima-perfecto-todo-el-ano\/\" \/>\n<meta property=\"og:site_name\" content=\"Blog turismo Orange Costa\" \/>\n<meta property=\"article:published_time\" content=\"2023-08-21T09:18:50+00:00\" \/>\n<meta property=\"article:modified_time\" content=\"2026-03-12T12:04:41+00:00\" \/>\n<meta property=\"og:image\" content=\"https:\/\/www.orangecosta.com\/blog\/wp-content\/uploads\/2023\/08\/Tiempo-en-benicassim.jpg\" \/>\n\t<meta property=\"og:image:width\" content=\"1920\" \/>\n\t<meta property=\"og:image:height\" content=\"500\" \/>\n\t<meta property=\"og:image:type\" content=\"image\/jpeg\" \/>\n<meta name=\"author\" content=\"digitalservices\" \/>\n<meta name=\"twitter:card\" content=\"summary_large_image\" \/>\n<meta name=\"twitter:label1\" content=\"Escrito por\" \/>\n\t<meta name=\"twitter:data1\" content=\"digitalservices\" \/>\n\t<meta name=\"twitter:label2\" content=\"Tiempo de lectura\" \/>\n\t<meta name=\"twitter:data2\" content=\"5 minutos\" \/>\n<script type=\"application\/ld+json\" class=\"yoast-schema-graph\">{\"@context\":\"https:\\\/\\\/schema.org\",\"@graph\":[{\"@type\":\"Article\",\"@id\":\"https:\\\/\\\/www.orangecosta.com\\\/blog\\\/el-tiempo-en-benicasim-un-clima-perfecto-todo-el-ano\\\/#article\",\"isPartOf\":{\"@id\":\"https:\\\/\\\/www.orangecosta.com\\\/blog\\\/el-tiempo-en-benicasim-un-clima-perfecto-todo-el-ano\\\/\"},\"author\":{\"name\":\"digitalservices\",\"@id\":\"https:\\\/\\\/www.orangecosta.com\\\/blog\\\/#\\\/schema\\\/person\\\/f93ddfccc2f63dd0916fb2c6e908337f\"},\"headline\":\"El tiempo en Benicasim, un clima perfecto todo el a\u00f1o\",\"datePublished\":\"2023-08-21T09:18:50+00:00\",\"dateModified\":\"2026-03-12T12:04:41+00:00\",\"mainEntityOfPage\":{\"@id\":\"https:\\\/\\\/www.orangecosta.com\\\/blog\\\/el-tiempo-en-benicasim-un-clima-perfecto-todo-el-ano\\\/\"},\"wordCount\":913,\"commentCount\":0,\"image\":{\"@id\":\"https:\\\/\\\/www.orangecosta.com\\\/blog\\\/el-tiempo-en-benicasim-un-clima-perfecto-todo-el-ano\\\/#primaryimage\"},\"thumbnailUrl\":\"https:\\\/\\\/www.orangecosta.com\\\/blog\\\/wp-content\\\/uploads\\\/2023\\\/08\\\/Tiempo-en-benicassim.jpg\",\"keywords\":[\"No template\"],\"articleSection\":[\"Benic\u00e1ssim\",\"Costa Azahar\",\"El tiempo en la Costa Azahar\"],\"inLanguage\":\"es\",\"potentialAction\":[{\"@type\":\"CommentAction\",\"name\":\"Comment\",\"target\":[\"https:\\\/\\\/www.orangecosta.com\\\/blog\\\/el-tiempo-en-benicasim-un-clima-perfecto-todo-el-ano\\\/#respond\"]}]},{\"@type\":\"WebPage\",\"@id\":\"https:\\\/\\\/www.orangecosta.com\\\/blog\\\/el-tiempo-en-benicasim-un-clima-perfecto-todo-el-ano\\\/\",\"url\":\"https:\\\/\\\/www.orangecosta.com\\\/blog\\\/el-tiempo-en-benicasim-un-clima-perfecto-todo-el-ano\\\/\",\"name\":\"El tiempo en Benicasim y las actividades al aire libre todo el a\u00f1o\",\"isPartOf\":{\"@id\":\"https:\\\/\\\/www.orangecosta.com\\\/blog\\\/#website\"},\"primaryImageOfPage\":{\"@id\":\"https:\\\/\\\/www.orangecosta.com\\\/blog\\\/el-tiempo-en-benicasim-un-clima-perfecto-todo-el-ano\\\/#primaryimage\"},\"image\":{\"@id\":\"https:\\\/\\\/www.orangecosta.com\\\/blog\\\/el-tiempo-en-benicasim-un-clima-perfecto-todo-el-ano\\\/#primaryimage\"},\"thumbnailUrl\":\"https:\\\/\\\/www.orangecosta.com\\\/blog\\\/wp-content\\\/uploads\\\/2023\\\/08\\\/Tiempo-en-benicassim.jpg\",\"datePublished\":\"2023-08-21T09:18:50+00:00\",\"dateModified\":\"2026-03-12T12:04:41+00:00\",\"author\":{\"@id\":\"https:\\\/\\\/www.orangecosta.com\\\/blog\\\/#\\\/schema\\\/person\\\/f93ddfccc2f63dd0916fb2c6e908337f\"},\"description\":\"El clima de Benicassim es ideal. Descubre qu\u00e9 actividades realizar seg\u00fan la estaci\u00f3n del a\u00f1o. Aprovecha al m\u00e1ximo este pueblo costero.\",\"breadcrumb\":{\"@id\":\"https:\\\/\\\/www.orangecosta.com\\\/blog\\\/el-tiempo-en-benicasim-un-clima-perfecto-todo-el-ano\\\/#breadcrumb\"},\"inLanguage\":\"es\",\"potentialAction\":[{\"@type\":\"ReadAction\",\"target\":[\"https:\\\/\\\/www.orangecosta.com\\\/blog\\\/el-tiempo-en-benicasim-un-clima-perfecto-todo-el-ano\\\/\"]}]},{\"@type\":\"ImageObject\",\"inLanguage\":\"es\",\"@id\":\"https:\\\/\\\/www.orangecosta.com\\\/blog\\\/el-tiempo-en-benicasim-un-clima-perfecto-todo-el-ano\\\/#primaryimage\",\"url\":\"https:\\\/\\\/www.orangecosta.com\\\/blog\\\/wp-content\\\/uploads\\\/2023\\\/08\\\/Tiempo-en-benicassim.jpg\",\"contentUrl\":\"https:\\\/\\\/www.orangecosta.com\\\/blog\\\/wp-content\\\/uploads\\\/2023\\\/08\\\/Tiempo-en-benicassim.jpg\",\"width\":1920,\"height\":500,\"caption\":\"Tiempo en benicassim\"},{\"@type\":\"BreadcrumbList\",\"@id\":\"https:\\\/\\\/www.orangecosta.com\\\/blog\\\/el-tiempo-en-benicasim-un-clima-perfecto-todo-el-ano\\\/#breadcrumb\",\"itemListElement\":[{\"@type\":\"ListItem\",\"position\":1,\"name\":\"Home\",\"item\":\"https:\\\/\\\/www.orangecosta.com\\\/blog\\\/\"},{\"@type\":\"ListItem\",\"position\":2,\"name\":\"El tiempo en Benicasim, un clima perfecto todo el a\u00f1o\"}]},{\"@type\":\"WebSite\",\"@id\":\"https:\\\/\\\/www.orangecosta.com\\\/blog\\\/#website\",\"url\":\"https:\\\/\\\/www.orangecosta.com\\\/blog\\\/\",\"name\":\"Blog turismo Orange Costa\",\"description\":\"Orangecosta\",\"potentialAction\":[{\"@type\":\"SearchAction\",\"target\":{\"@type\":\"EntryPoint\",\"urlTemplate\":\"https:\\\/\\\/www.orangecosta.com\\\/blog\\\/?s={search_term_string}\"},\"query-input\":{\"@type\":\"PropertyValueSpecification\",\"valueRequired\":true,\"valueName\":\"search_term_string\"}}],\"inLanguage\":\"es\"},{\"@type\":\"Person\",\"@id\":\"https:\\\/\\\/www.orangecosta.com\\\/blog\\\/#\\\/schema\\\/person\\\/f93ddfccc2f63dd0916fb2c6e908337f\",\"name\":\"digitalservices\",\"image\":{\"@type\":\"ImageObject\",\"inLanguage\":\"es\",\"@id\":\"https:\\\/\\\/secure.gravatar.com\\\/avatar\\\/af30f88a1904294c1f3eb09a9d7903eec4ffa18fa2cf40c28a8681014ecdfc20?s=96&d=mm&r=g\",\"url\":\"https:\\\/\\\/secure.gravatar.com\\\/avatar\\\/af30f88a1904294c1f3eb09a9d7903eec4ffa18fa2cf40c28a8681014ecdfc20?s=96&d=mm&r=g\",\"contentUrl\":\"https:\\\/\\\/secure.gravatar.com\\\/avatar\\\/af30f88a1904294c1f3eb09a9d7903eec4ffa18fa2cf40c28a8681014ecdfc20?s=96&d=mm&r=g\",\"caption\":\"digitalservices\"},\"url\":\"https:\\\/\\\/www.orangecosta.com\\\/blog\\\/author\\\/digitalservices\\\/\"}]}<\/script>\n<!-- \/ Yoast SEO plugin. -->","yoast_head_json":{"title":"El tiempo en Benicasim y las actividades al aire libre todo el a\u00f1o","description":"El clima de Benicassim es ideal. Descubre qu\u00e9 actividades realizar seg\u00fan la estaci\u00f3n del a\u00f1o. Aprovecha al m\u00e1ximo este pueblo costero.","robots":{"index":"index","follow":"follow","max-snippet":"max-snippet:-1","max-image-preview":"max-image-preview:large","max-video-preview":"max-video-preview:-1"},"canonical":"https:\/\/www.orangecosta.com\/blog\/el-tiempo-en-benicasim-un-clima-perfecto-todo-el-ano\/","og_locale":"es_ES","og_type":"article","og_title":"El tiempo en Benicasim y las actividades al aire libre todo el a\u00f1o","og_description":"El clima de Benicassim es ideal. Descubre qu\u00e9 actividades realizar seg\u00fan la estaci\u00f3n del a\u00f1o. Aprovecha al m\u00e1ximo este pueblo costero.","og_url":"https:\/\/www.orangecosta.com\/blog\/el-tiempo-en-benicasim-un-clima-perfecto-todo-el-ano\/","og_site_name":"Blog turismo Orange Costa","article_published_time":"2023-08-21T09:18:50+00:00","article_modified_time":"2026-03-12T12:04:41+00:00","og_image":[{"width":1920,"height":500,"url":"https:\/\/www.orangecosta.com\/blog\/wp-content\/uploads\/2023\/08\/Tiempo-en-benicassim.jpg","type":"image\/jpeg"}],"author":"digitalservices","twitter_card":"summary_large_image","twitter_misc":{"Escrito por":"digitalservices","Tiempo de lectura":"5 minutos"},"schema":{"@context":"https:\/\/schema.org","@graph":[{"@type":"Article","@id":"https:\/\/www.orangecosta.com\/blog\/el-tiempo-en-benicasim-un-clima-perfecto-todo-el-ano\/#article","isPartOf":{"@id":"https:\/\/www.orangecosta.com\/blog\/el-tiempo-en-benicasim-un-clima-perfecto-todo-el-ano\/"},"author":{"name":"digitalservices","@id":"https:\/\/www.orangecosta.com\/blog\/#\/schema\/person\/f93ddfccc2f63dd0916fb2c6e908337f"},"headline":"El tiempo en Benicasim, un clima perfecto todo el a\u00f1o","datePublished":"2023-08-21T09:18:50+00:00","dateModified":"2026-03-12T12:04:41+00:00","mainEntityOfPage":{"@id":"https:\/\/www.orangecosta.com\/blog\/el-tiempo-en-benicasim-un-clima-perfecto-todo-el-ano\/"},"wordCount":913,"commentCount":0,"image":{"@id":"https:\/\/www.orangecosta.com\/blog\/el-tiempo-en-benicasim-un-clima-perfecto-todo-el-ano\/#primaryimage"},"thumbnailUrl":"https:\/\/www.orangecosta.com\/blog\/wp-content\/uploads\/2023\/08\/Tiempo-en-benicassim.jpg","keywords":["No template"],"articleSection":["Benic\u00e1ssim","Costa Azahar","El tiempo en la Costa Azahar"],"inLanguage":"es","potentialAction":[{"@type":"CommentAction","name":"Comment","target":["https:\/\/www.orangecosta.com\/blog\/el-tiempo-en-benicasim-un-clima-perfecto-todo-el-ano\/#respond"]}]},{"@type":"WebPage","@id":"https:\/\/www.orangecosta.com\/blog\/el-tiempo-en-benicasim-un-clima-perfecto-todo-el-ano\/","url":"https:\/\/www.orangecosta.com\/blog\/el-tiempo-en-benicasim-un-clima-perfecto-todo-el-ano\/","name":"El tiempo en Benicasim y las actividades al aire libre todo el a\u00f1o","isPartOf":{"@id":"https:\/\/www.orangecosta.com\/blog\/#website"},"primaryImageOfPage":{"@id":"https:\/\/www.orangecosta.com\/blog\/el-tiempo-en-benicasim-un-clima-perfecto-todo-el-ano\/#primaryimage"},"image":{"@id":"https:\/\/www.orangecosta.com\/blog\/el-tiempo-en-benicasim-un-clima-perfecto-todo-el-ano\/#primaryimage"},"thumbnailUrl":"https:\/\/www.orangecosta.com\/blog\/wp-content\/uploads\/2023\/08\/Tiempo-en-benicassim.jpg","datePublished":"2023-08-21T09:18:50+00:00","dateModified":"2026-03-12T12:04:41+00:00","author":{"@id":"https:\/\/www.orangecosta.com\/blog\/#\/schema\/person\/f93ddfccc2f63dd0916fb2c6e908337f"},"description":"El clima de Benicassim es ideal. Descubre qu\u00e9 actividades realizar seg\u00fan la estaci\u00f3n del a\u00f1o. Aprovecha al m\u00e1ximo este pueblo costero.","breadcrumb":{"@id":"https:\/\/www.orangecosta.com\/blog\/el-tiempo-en-benicasim-un-clima-perfecto-todo-el-ano\/#breadcrumb"},"inLanguage":"es","potentialAction":[{"@type":"ReadAction","target":["https:\/\/www.orangecosta.com\/blog\/el-tiempo-en-benicasim-un-clima-perfecto-todo-el-ano\/"]}]},{"@type":"ImageObject","inLanguage":"es","@id":"https:\/\/www.orangecosta.com\/blog\/el-tiempo-en-benicasim-un-clima-perfecto-todo-el-ano\/#primaryimage","url":"https:\/\/www.orangecosta.com\/blog\/wp-content\/uploads\/2023\/08\/Tiempo-en-benicassim.jpg","contentUrl":"https:\/\/www.orangecosta.com\/blog\/wp-content\/uploads\/2023\/08\/Tiempo-en-benicassim.jpg","width":1920,"height":500,"caption":"Tiempo en benicassim"},{"@type":"BreadcrumbList","@id":"https:\/\/www.orangecosta.com\/blog\/el-tiempo-en-benicasim-un-clima-perfecto-todo-el-ano\/#breadcrumb","itemListElement":[{"@type":"ListItem","position":1,"name":"Home","item":"https:\/\/www.orangecosta.com\/blog\/"},{"@type":"ListItem","position":2,"name":"El tiempo en Benicasim, un clima perfecto todo el a\u00f1o"}]},{"@type":"WebSite","@id":"https:\/\/www.orangecosta.com\/blog\/#website","url":"https:\/\/www.orangecosta.com\/blog\/","name":"Blog turismo Orange Costa","description":"Orangecosta","potentialAction":[{"@type":"SearchAction","target":{"@type":"EntryPoint","urlTemplate":"https:\/\/www.orangecosta.com\/blog\/?s={search_term_string}"},"query-input":{"@type":"PropertyValueSpecification","valueRequired":true,"valueName":"search_term_string"}}],"inLanguage":"es"},{"@type":"Person","@id":"https:\/\/www.orangecosta.com\/blog\/#\/schema\/person\/f93ddfccc2f63dd0916fb2c6e908337f","name":"digitalservices","image":{"@type":"ImageObject","inLanguage":"es","@id":"https:\/\/secure.gravatar.com\/avatar\/af30f88a1904294c1f3eb09a9d7903eec4ffa18fa2cf40c28a8681014ecdfc20?s=96&d=mm&r=g","url":"https:\/\/secure.gravatar.com\/avatar\/af30f88a1904294c1f3eb09a9d7903eec4ffa18fa2cf40c28a8681014ecdfc20?s=96&d=mm&r=g","contentUrl":"https:\/\/secure.gravatar.com\/avatar\/af30f88a1904294c1f3eb09a9d7903eec4ffa18fa2cf40c28a8681014ecdfc20?s=96&d=mm&r=g","caption":"digitalservices"},"url":"https:\/\/www.orangecosta.com\/blog\/author\/digitalservices\/"}]}},"_links":{"self":[{"href":"https:\/\/www.orangecosta.com\/blog\/wp-json\/wp\/v2\/posts\/1552","targetHints":{"allow":["GET"]}}],"collection":[{"href":"https:\/\/www.orangecosta.com\/blog\/wp-json\/wp\/v2\/posts"}],"about":[{"href":"https:\/\/www.orangecosta.com\/blog\/wp-json\/wp\/v2\/types\/post"}],"author":[{"embeddable":true,"href":"https:\/\/www.orangecosta.com\/blog\/wp-json\/wp\/v2\/users\/3"}],"replies":[{"embeddable":true,"href":"https:\/\/www.orangecosta.com\/blog\/wp-json\/wp\/v2\/comments?post=1552"}],"version-history":[{"count":15,"href":"https:\/\/www.orangecosta.com\/blog\/wp-json\/wp\/v2\/posts\/1552\/revisions"}],"predecessor-version":[{"id":1637,"href":"https:\/\/www.orangecosta.com\/blog\/wp-json\/wp\/v2\/posts\/1552\/revisions\/1637"}],"wp:featuredmedia":[{"embeddable":true,"href":"https:\/\/www.orangecosta.com\/blog\/wp-json\/wp\/v2\/media\/1622"}],"wp:attachment":[{"href":"https:\/\/www.orangecosta.com\/blog\/wp-json\/wp\/v2\/media?parent=1552"}],"wp:term":[{"taxonomy":"category","embeddable":true,"href":"https:\/\/www.orangecosta.com\/blog\/wp-json\/wp\/v2\/categories?post=1552"},{"taxonomy":"post_tag","embeddable":true,"href":"https:\/\/www.orangecosta.com\/blog\/wp-json\/wp\/v2\/tags?post=1552"}],"curies":[{"name":"wp","href":"https:\/\/api.w.org\/{rel}","templated":true}]}}