{"id":914,"date":"2023-03-13T10:16:42","date_gmt":"2023-03-13T10:16:42","guid":{"rendered":"https:\/\/www.orangecosta.com\/blog\/?p=914"},"modified":"2024-06-05T11:12:08","modified_gmt":"2024-06-05T11:12:08","slug":"la-meteo-a-alcossebre","status":"publish","type":"post","link":"https:\/\/www.orangecosta.com\/blog\/fr\/la-meteo-a-alcossebre\/","title":{"rendered":"<strong>Profitez davantage de votre voyage en fonction de la m\u00e9t\u00e9o \u00e0 Alcossebre<\/strong>"},"content":{"rendered":"\t\t<div data-elementor-type=\"wp-post\" data-elementor-id=\"914\" class=\"elementor elementor-914 elementor-837\" data-elementor-post-type=\"post\">\n\t\t\t\t\t\t<section class=\"elementor-section elementor-top-section elementor-element elementor-element-26831b04 elementor-section-boxed elementor-section-height-default elementor-section-height-default\" data-id=\"26831b04\" data-element_type=\"section\" data-e-type=\"section\">\n\t\t\t\t\t\t<div class=\"elementor-container elementor-column-gap-default\">\n\t\t\t\t\t<div class=\"elementor-column elementor-col-100 elementor-top-column elementor-element elementor-element-72084cf\" data-id=\"72084cf\" data-element_type=\"column\" data-e-type=\"column\">\n\t\t\t<div class=\"elementor-widget-wrap elementor-element-populated\">\n\t\t\t\t\t\t<div class=\"elementor-element elementor-element-7fba55de elementor-widget elementor-widget-text-editor\" data-id=\"7fba55de\" data-element_type=\"widget\" data-e-type=\"widget\" data-widget_type=\"text-editor.default\">\n\t\t\t\t<div class=\"elementor-widget-container\">\n\t\t\t\t\t\t\t\t\t<p><span style=\"font-weight: 400;\">Vous souhaitez profiter du calme d\u2019un village situ\u00e9 au c\u0153ur de la Costa del Azahar pour vos prochaines vacances\u00a0? De nombreux touristes choisissent cette destination non seulement en \u00e9t\u00e9, mais \u00e9galement au printemps, en automne et en hiver, pour ses services, la gentillesse de ses habitants et la douceur du climat. L\u2019un des villages les plus pittoresques de cette zone est Alcossebre, un lieu peu urbanis\u00e9 o\u00f9 l\u2019on peut profiter du calme et d\u2019une cuisine d\u00e9licieuse. Pour que vous puissiez profiter au maximum de votre s\u00e9jour, les <\/span><a href=\"https:\/\/www.orangecosta.com\/fr\/\"><span style=\"font-weight: 400;\">appartements de vacances Orange Costa<\/span><\/a><span style=\"font-weight: 400;\"> vous d\u00e9criront<\/span><b> la m\u00e9t\u00e9o \u00e0 Alcossebre<\/b><span style=\"font-weight: 400;\">. Vous pourrez ainsi pr\u00e9parer vos valises en cons\u00e9quence.<\/span><\/p>\t\t\t\t\t\t\t\t<\/div>\n\t\t\t\t<\/div>\n\t\t\t\t\t<\/div>\n\t\t<\/div>\n\t\t\t\t\t<\/div>\n\t\t<\/section>\n\t\t\t\t<section class=\"elementor-section elementor-top-section elementor-element elementor-element-df38541 elementor-section-boxed elementor-section-height-default elementor-section-height-default\" data-id=\"df38541\" data-element_type=\"section\" data-e-type=\"section\">\n\t\t\t\t\t\t<div class=\"elementor-container elementor-column-gap-default\">\n\t\t\t\t\t<div class=\"elementor-column elementor-col-100 elementor-top-column elementor-element elementor-element-98c3d2d\" data-id=\"98c3d2d\" data-element_type=\"column\" data-e-type=\"column\">\n\t\t\t<div class=\"elementor-widget-wrap elementor-element-populated\">\n\t\t\t\t\t\t<div class=\"elementor-element elementor-element-954e2ce elementor-widget elementor-widget-text-editor\" data-id=\"954e2ce\" data-element_type=\"widget\" data-e-type=\"widget\" data-widget_type=\"text-editor.default\">\n\t\t\t\t<div class=\"elementor-widget-container\">\n\t\t\t\t\t\t\t\t\t<h2><strong>La m\u00e9t\u00e9o \u00e0 Alcossebre<\/strong><\/h2><p><span style=\"font-weight: 400;\">Selon<\/span><b> l\u2019AEMET (service officiel de la m\u00e9t\u00e9orologie en Espagne) \u00e0 Alcossebre<\/b><span style=\"font-weight: 400;\">, en \u00e9t\u00e9, il fait une chaleur \u00e9touffante. Le temps est sec et clair durant cette saison. \u00c0 l\u2019inverse, en hiver, il fait froid, il y a du vent et le ciel est souvent nuageux. Comme ailleurs, la <\/span><b>m\u00e9t\u00e9o \u00e0 Alcossebre<\/b><span style=\"font-weight: 400;\"> change selon les saisons.<\/span><\/p>\t\t\t\t\t\t\t\t<\/div>\n\t\t\t\t<\/div>\n\t\t\t\t\t<\/div>\n\t\t<\/div>\n\t\t\t\t\t<\/div>\n\t\t<\/section>\n\t\t\t\t<section class=\"elementor-section elementor-top-section elementor-element elementor-element-94797f7 elementor-section-boxed elementor-section-height-default elementor-section-height-default\" data-id=\"94797f7\" data-element_type=\"section\" data-e-type=\"section\">\n\t\t\t\t\t\t<div class=\"elementor-container elementor-column-gap-default\">\n\t\t\t\t\t<div class=\"elementor-column elementor-col-50 elementor-top-column elementor-element elementor-element-e4d910c\" data-id=\"e4d910c\" data-element_type=\"column\" data-e-type=\"column\">\n\t\t\t<div class=\"elementor-widget-wrap elementor-element-populated\">\n\t\t\t\t\t\t<div class=\"elementor-element elementor-element-b3c34e3 elementor-widget-divider--view-line elementor-widget elementor-widget-divider\" data-id=\"b3c34e3\" data-element_type=\"widget\" data-e-type=\"widget\" data-widget_type=\"divider.default\">\n\t\t\t\t<div class=\"elementor-widget-container\">\n\t\t\t\t\t\t\t<div class=\"elementor-divider\">\n\t\t\t<span class=\"elementor-divider-separator\">\n\t\t\t\t\t\t<\/span>\n\t\t<\/div>\n\t\t\t\t\t\t<\/div>\n\t\t\t\t<\/div>\n\t\t\t\t<div class=\"elementor-element elementor-element-f2b4962 elementor-widget elementor-widget-text-editor\" data-id=\"f2b4962\" data-element_type=\"widget\" data-e-type=\"widget\" data-widget_type=\"text-editor.default\">\n\t\t\t\t<div class=\"elementor-widget-container\">\n\t\t\t\t\t\t\t\t\t<h3><strong>\u00c9t\u00e9 \u00e0 Costa del Azahar<\/strong><\/h3><p><span style=\"font-weight: 400;\">La p\u00e9riode allant de<\/span><b> juin \u00e0 septembre est sans doute la meilleure pour visiter Alcossebre et la Costa del Azahar<\/b><span style=\"font-weight: 400;\"> en g\u00e9n\u00e9ral. Le temps est presque toujours clair et l\u2019on peut profiter de longues journ\u00e9es ensoleill\u00e9es. Le soleil se l\u00e8ve \u00e0 6\u00a0heures et se couche \u00e0 21\u00a0heures.<\/span><span style=\"font-weight: 400;\"><br \/><\/span><span style=\"font-weight: 400;\"><br \/><\/span><span style=\"font-weight: 400;\">Les ao\u00fbtiens, quant \u00e0 eux, doivent noter que c\u2019est au mois d\u2019ao\u00fbt qu\u2019il y a le plus de nuages.<\/span><\/p><h3><strong>Printemps et automne \u00e0 Alcossebre\u00a0<\/strong><\/h3><p><span style=\"font-weight: 400;\">Au printemps et en automne, comme l\u2019indiquent les <\/span><b>pr\u00e9visions m\u00e9t\u00e9orologiques \u00e0 Alcossebre<\/b><span style=\"font-weight: 400;\">, il pleut souvent. Les temp\u00e9ratures sont agr\u00e9ables, bien que le soleil des mois d\u2019\u00e9t\u00e9 ne soit plus garanti.<\/span><\/p><h3><strong>Hiver sur la c\u00f4te de Castell\u00f3n\u00a0<\/strong><\/h3><p><span style=\"font-weight: 400;\">\u00c0 <\/span><b>Alcossebre, en hiver, les temp\u00e9ratures sont douces et il peut pleuvoir<\/b><span style=\"font-weight: 400;\">. Cette saison est plus longue que les autres, mais elle permet de faire <\/span><b>des activit\u00e9s de plein air<\/b><span style=\"font-weight: 400;\">. Les moins frileux pourront m\u00eame se baigner dans la M\u00e9diterran\u00e9e. La temp\u00e9rature de l\u2019eau durant cette p\u00e9riode avoisine les 13\u00a0\u00b0C.<\/span><\/p>\t\t\t\t\t\t\t\t<\/div>\n\t\t\t\t<\/div>\n\t\t\t\t\t<\/div>\n\t\t<\/div>\n\t\t\t\t<div class=\"elementor-column elementor-col-50 elementor-top-column elementor-element elementor-element-4e983b1\" data-id=\"4e983b1\" data-element_type=\"column\" data-e-type=\"column\">\n\t\t\t<div class=\"elementor-widget-wrap elementor-element-populated\">\n\t\t\t\t\t\t<section class=\"elementor-section elementor-inner-section elementor-element elementor-element-118d46d elementor-section-boxed elementor-section-height-default elementor-section-height-default\" data-id=\"118d46d\" data-element_type=\"section\" data-e-type=\"section\">\n\t\t\t\t\t\t<div class=\"elementor-container elementor-column-gap-default\">\n\t\t\t\t\t<div class=\"elementor-column elementor-col-100 elementor-inner-column elementor-element elementor-element-1544fae\" data-id=\"1544fae\" data-element_type=\"column\" data-e-type=\"column\">\n\t\t\t<div class=\"elementor-widget-wrap elementor-element-populated\">\n\t\t\t\t\t\t<div class=\"elementor-element elementor-element-e45269e elementor-widget elementor-widget-image\" data-id=\"e45269e\" data-element_type=\"widget\" data-e-type=\"widget\" data-widget_type=\"image.default\">\n\t\t\t\t<div class=\"elementor-widget-container\">\n\t\t\t\t\t\t\t\t\t\t\t\t\t\t\t<img fetchpriority=\"high\" decoding=\"async\" width=\"751\" height=\"645\" src=\"https:\/\/www.orangecosta.com\/blog\/wp-content\/uploads\/2023\/03\/turismo-alcossebre-alcoceber-playa-paseo-las-fuentes-768x660.jpg\" class=\"attachment-medium_large size-medium_large wp-image-858\" alt=\"El tiempo en Alcossebre\" srcset=\"https:\/\/www.orangecosta.com\/blog\/wp-content\/uploads\/2023\/03\/turismo-alcossebre-alcoceber-playa-paseo-las-fuentes-768x660.jpg 768w, https:\/\/www.orangecosta.com\/blog\/wp-content\/uploads\/2023\/03\/turismo-alcossebre-alcoceber-playa-paseo-las-fuentes.jpg 786w\" sizes=\"(max-width: 751px) 100vw, 751px\" \/>\t\t\t\t\t\t\t\t\t\t\t\t\t\t\t<\/div>\n\t\t\t\t<\/div>\n\t\t\t\t<div class=\"elementor-element elementor-element-800a0e2 elementor-widget elementor-widget-image\" data-id=\"800a0e2\" data-element_type=\"widget\" data-e-type=\"widget\" data-widget_type=\"image.default\">\n\t\t\t\t<div class=\"elementor-widget-container\">\n\t\t\t\t\t\t\t\t\t\t\t\t\t\t\t<img decoding=\"async\" width=\"751\" height=\"501\" src=\"https:\/\/www.orangecosta.com\/blog\/wp-content\/uploads\/2023\/03\/Iglesia-San-Juan-Bautista-Alcossebre-768x512.jpg\" class=\"attachment-medium_large size-medium_large wp-image-878\" alt=\"Iglesia San Juan Bautista Alcossebre, Alcal\u00e0 de Xivert\" srcset=\"https:\/\/www.orangecosta.com\/blog\/wp-content\/uploads\/2023\/03\/Iglesia-San-Juan-Bautista-Alcossebre-768x512.jpg 768w, https:\/\/www.orangecosta.com\/blog\/wp-content\/uploads\/2023\/03\/Iglesia-San-Juan-Bautista-Alcossebre-1536x1024.jpg 1536w, https:\/\/www.orangecosta.com\/blog\/wp-content\/uploads\/2023\/03\/Iglesia-San-Juan-Bautista-Alcossebre.jpg 1920w\" sizes=\"(max-width: 751px) 100vw, 751px\" \/>\t\t\t\t\t\t\t\t\t\t\t\t\t\t\t<\/div>\n\t\t\t\t<\/div>\n\t\t\t\t\t<\/div>\n\t\t<\/div>\n\t\t\t\t\t<\/div>\n\t\t<\/section>\n\t\t\t\t\t<\/div>\n\t\t<\/div>\n\t\t\t\t\t<\/div>\n\t\t<\/section>\n\t\t\t\t<section class=\"elementor-section elementor-top-section elementor-element elementor-element-cff92bb elementor-section-boxed elementor-section-height-default elementor-section-height-default\" data-id=\"cff92bb\" data-element_type=\"section\" data-e-type=\"section\">\n\t\t\t\t\t\t<div class=\"elementor-container elementor-column-gap-default\">\n\t\t\t\t\t<div class=\"elementor-column elementor-col-100 elementor-top-column elementor-element elementor-element-c893ae5\" data-id=\"c893ae5\" data-element_type=\"column\" data-e-type=\"column\">\n\t\t\t<div class=\"elementor-widget-wrap elementor-element-populated\">\n\t\t\t\t\t\t<div class=\"elementor-element elementor-element-9efe864 elementor-widget elementor-widget-text-editor\" data-id=\"9efe864\" data-element_type=\"widget\" data-e-type=\"widget\" data-widget_type=\"text-editor.default\">\n\t\t\t\t<div class=\"elementor-widget-container\">\n\t\t\t\t\t\t\t\t\t<h2><strong>Quelle temp\u00e9rature trouverez-vous \u00e0 Alcossebre\u00a0?<\/strong><\/h2><p><span style=\"font-weight: 400;\">Comme nous vous l\u2019avons expliqu\u00e9, la temp\u00e9rature \u00e0 Alcossebre est tr\u00e8s similaire toute l\u2019ann\u00e9e. C\u2019est d\u00fb \u00e0 son climat m\u00e9diterran\u00e9en. <\/span><span style=\"font-weight: 400;\">Si vous recherchez la chaleur, venez de juin \u00e0 septembre. Durant cette p\u00e9riode, vous profiterez d\u2019une temp\u00e9rature moyenne de 26 \u00b0C. C\u2019est en ao\u00fbt qu\u2019il fait le plus chaud, avec des temp\u00e9ratures moyennes de 28 \u00b0C et des minimales de 21 \u00b0C.<\/span><span style=\"font-weight: 400;\"><br \/><\/span><span style=\"font-weight: 400;\"><br \/><\/span><span style=\"font-weight: 400;\">Vous pourrez profiter des <\/span><b>10\u00a0km de c\u00f4te<\/b><span style=\"font-weight: 400;\">. Vous pourrez \u00e9galement visiter les <\/span><b>\u00eeles Columbretes<\/b><span style=\"font-weight: 400;\">, d\u2019origine volcanique et l\u2019un des espaces prot\u00e9g\u00e9s les plus importants de la Communaut\u00e9 valencienne. <\/span><span style=\"font-weight: 400;\">Les septembristes pourront profiter des f\u00eates patronales. En <\/span><b>d\u00e9but de mois, des soir\u00e9es musicales et dansantes en l\u2019honneur de san Juan Bautista sont organis\u00e9es<\/b><span style=\"font-weight: 400;\">, ainsi que d\u2019autres activit\u00e9s ludiques.<\/span><span style=\"font-weight: 400;\"><br \/><\/span><span style=\"font-weight: 400;\"><br \/><\/span><span style=\"font-weight: 400;\">Au printemps et en automne, c\u2019est le moment de <\/span><b>pratiquer des activit\u00e9s de plein air<\/b><span style=\"font-weight: 400;\">. Par exemple, des promenades \u00e0 pied ou \u00e0 v\u00e9lo \u00e0 travers la <\/span><b>Sierra de Irta<\/b><span style=\"font-weight: 400;\">. <\/span><span style=\"font-weight: 400;\">C\u2019est \u00e9galement le moment id\u00e9al pour s\u2019impr\u00e9gner de l\u2019histoire de ce lieu. Le <\/span><b>ch\u00e2teau de Xivert<\/b><span style=\"font-weight: 400;\">, d\u2019origine arabe, a \u00e9t\u00e9 construit entre le X<\/span><span style=\"font-weight: 400;\">e<\/span><span style=\"font-weight: 400;\"> et le XI<\/span><span style=\"font-weight: 400;\">e<\/span><span style=\"font-weight: 400;\"> si\u00e8cle. Il a subi des modifications par l\u2019Ordre du Temple autour du XIII<\/span><span style=\"font-weight: 400;\">e<\/span><span style=\"font-weight: 400;\"> si\u00e8cle. D\u00e9couvrez les vestiges de l\u2019<\/span><i><span style=\"font-weight: 400;\">alcazaba <\/span><\/i><span style=\"font-weight: 400;\">(citadelle), ainsi que de l\u2019<\/span><i><span style=\"font-weight: 400;\">aljibe <\/span><\/i><span style=\"font-weight: 400;\">(citerne) et de l\u2019<\/span><i><span style=\"font-weight: 400;\">albacar <\/span><\/i><span style=\"font-weight: 400;\">(refuge fortifi\u00e9).<\/span><span style=\"font-weight: 400;\"><br \/><\/span><span style=\"font-weight: 400;\"><br \/><\/span><span style=\"font-weight: 400;\">L\u2019<\/span><b>ermitage de Santa Luc\u00eda<\/b><span style=\"font-weight: 400;\">, dans la Sierra de Irta, fait partie des visites incontournables. Construit autour du XVII<\/span><span style=\"font-weight: 400;\">e<\/span><span style=\"font-weight: 400;\"> si\u00e8cle, c\u2019est l\u2019un des lieux de r\u00e9f\u00e9rence du village.<\/span><span style=\"font-weight: 400;\"><br \/><\/span><span style=\"font-weight: 400;\"><br \/><\/span><span style=\"font-weight: 400;\">De nombreuses personnes profitent de cette p\u00e9riode pour faire du tourisme gastronomique. Au printemps, vous devez absolument aller voir la <\/span><i><span style=\"font-weight: 400;\">tomata de penjar <\/span><\/i><span style=\"font-weight: 400;\">(tomate \u00e0 suspendre), un fruit end\u00e9mique d\u2019Alcossebre. Et surtout, allez <\/span><b>d\u00e9guster des saveurs m\u00e9diterran\u00e9ennes <\/b><span style=\"font-weight: 400;\">dans n\u2019importe quel restaurant de la r\u00e9gion. <\/span><span style=\"font-weight: 400;\">Les mois les plus froids, la temp\u00e9rature moyenne n\u2019atteint pas les 18 \u00b0C, mais les minimales sont rarement inf\u00e9rieures \u00e0 7 \u00b0C.<\/span><\/p>\t\t\t\t\t\t\t\t<\/div>\n\t\t\t\t<\/div>\n\t\t\t\t\t<\/div>\n\t\t<\/div>\n\t\t\t\t\t<\/div>\n\t\t<\/section>\n\t\t\t\t<section class=\"elementor-section elementor-top-section elementor-element elementor-element-5a3c561 elementor-section-boxed elementor-section-height-default elementor-section-height-default\" data-id=\"5a3c561\" data-element_type=\"section\" data-e-type=\"section\">\n\t\t\t\t\t\t<div class=\"elementor-container elementor-column-gap-default\">\n\t\t\t\t\t<div class=\"elementor-column elementor-col-50 elementor-top-column elementor-element elementor-element-c0d5988\" data-id=\"c0d5988\" data-element_type=\"column\" data-e-type=\"column\">\n\t\t\t<div class=\"elementor-widget-wrap elementor-element-populated\">\n\t\t\t\t\t\t<div class=\"elementor-element elementor-element-e55a06f elementor-widget elementor-widget-image\" data-id=\"e55a06f\" data-element_type=\"widget\" data-e-type=\"widget\" data-widget_type=\"image.default\">\n\t\t\t\t<div class=\"elementor-widget-container\">\n\t\t\t\t\t\t\t\t\t\t\t\t\t\t\t<img decoding=\"async\" width=\"612\" height=\"346\" src=\"https:\/\/www.orangecosta.com\/blog\/wp-content\/uploads\/2023\/03\/alcocebre-playa.jpg\" class=\"attachment-large size-large wp-image-872\" alt=\"Alcossebre playa, el tiempo en la Costa Azahar\" \/>\t\t\t\t\t\t\t\t\t\t\t\t\t\t\t<\/div>\n\t\t\t\t<\/div>\n\t\t\t\t\t<\/div>\n\t\t<\/div>\n\t\t\t\t<div class=\"elementor-column elementor-col-50 elementor-top-column elementor-element elementor-element-b406875\" data-id=\"b406875\" data-element_type=\"column\" data-e-type=\"column\">\n\t\t\t<div class=\"elementor-widget-wrap elementor-element-populated\">\n\t\t\t\t\t\t<div class=\"elementor-element elementor-element-8f3f463 elementor-widget elementor-widget-image\" data-id=\"8f3f463\" data-element_type=\"widget\" data-e-type=\"widget\" data-widget_type=\"image.default\">\n\t\t\t\t<div class=\"elementor-widget-container\">\n\t\t\t\t\t\t\t\t\t\t\t\t\t\t\t<img loading=\"lazy\" decoding=\"async\" width=\"751\" height=\"430\" src=\"https:\/\/www.orangecosta.com\/blog\/wp-content\/uploads\/2023\/03\/Alcossebre-Ermita-Santa-Lucia-751x430.jpg\" class=\"attachment-post size-post wp-image-886\" alt=\"Alcossebre Ermita de Santa Lucia\" \/>\t\t\t\t\t\t\t\t\t\t\t\t\t\t\t<\/div>\n\t\t\t\t<\/div>\n\t\t\t\t<div class=\"elementor-element elementor-element-91abdcd elementor-widget elementor-widget-spacer\" data-id=\"91abdcd\" data-element_type=\"widget\" data-e-type=\"widget\" data-widget_type=\"spacer.default\">\n\t\t\t\t<div class=\"elementor-widget-container\">\n\t\t\t\t\t\t\t<div class=\"elementor-spacer\">\n\t\t\t<div class=\"elementor-spacer-inner\"><\/div>\n\t\t<\/div>\n\t\t\t\t\t\t<\/div>\n\t\t\t\t<\/div>\n\t\t\t\t\t<\/div>\n\t\t<\/div>\n\t\t\t\t\t<\/div>\n\t\t<\/section>\n\t\t\t\t<section class=\"elementor-section elementor-top-section elementor-element elementor-element-499a148 elementor-section-boxed elementor-section-height-default elementor-section-height-default\" data-id=\"499a148\" data-element_type=\"section\" data-e-type=\"section\">\n\t\t\t\t\t\t<div class=\"elementor-container elementor-column-gap-default\">\n\t\t\t\t\t<div class=\"elementor-column elementor-col-100 elementor-top-column elementor-element elementor-element-79fb1b9\" data-id=\"79fb1b9\" data-element_type=\"column\" data-e-type=\"column\">\n\t\t\t<div class=\"elementor-widget-wrap elementor-element-populated\">\n\t\t\t\t\t\t<div class=\"elementor-element elementor-element-0b2179d elementor-widget elementor-widget-text-editor\" data-id=\"0b2179d\" data-element_type=\"widget\" data-e-type=\"widget\" data-widget_type=\"text-editor.default\">\n\t\t\t\t<div class=\"elementor-widget-container\">\n\t\t\t\t\t\t\t\t\t<h2><strong>Conna\u00eetre la m\u00e9t\u00e9o \u00e0 Alcossebre sur les 7\u00a0prochains jours<\/strong><\/h2><p><span style=\"font-weight: 400;\">Pour profiter encore plus de votre s\u00e9jour, nous vous conseillons de v\u00e9rifier<\/span><b> la m\u00e9t\u00e9o \u00e0 Alcossebre sur les 7\u00a0prochains jours<\/b><span style=\"font-weight: 400;\">. <\/span><b>La m\u00e9t\u00e9o \u00e0 Alcossebre sur AEMET<\/b><span style=\"font-weight: 400;\"> n\u2019est pas disponible. Il vous faudra v\u00e9rifier sur <\/span><a href=\"https:\/\/www.aemet.es\/fr\/eltiempo\/prediccion\/municipios\/alcala-de-xivert-id12004\"><span style=\"font-weight: 400;\">Alcal\u00e1 de Xivert<\/span><\/a><span style=\"font-weight: 400;\">, la commune \u00e0 laquelle le village appartient. Vous pourrez \u00e9galement la consulter sur d\u2019autres portails comme <\/span><a href=\"https:\/\/www.eltiempo.es\/alcoceber.html\"><span style=\"font-weight: 400;\">Eltiempo.es<\/span><\/a><span style=\"font-weight: 400;\"> ou <\/span><a href=\"https:\/\/www.accuweather.com\/es\/es\/alcossebre\/306503\/daily-weather-forecast\/306503\"><span style=\"font-weight: 400;\">AccuWeather<\/span><\/a><span style=\"font-weight: 400;\">.<\/span><\/p><h2><strong>Quelle est la meilleure p\u00e9riode de l\u2019ann\u00e9e pour venir \u00e0 Alcossebre\u00a0?<\/strong><\/h2><p><span style=\"font-weight: 400;\">Pour nous, il n\u2019y a pas de doute\u00a0: l\u2019\u00e9t\u00e9 est la saison durant laquelle vous profiterez au maximum de tout ce que la r\u00e9gion a \u00e0 offrir. Vous pourrez ainsi vous baigner sur l\u2019une de ses cinq plages labellis\u00e9es Pavillon bleu, ou profiter des criques. C\u2019est \u00e9galement le bon moment pour faire une excursion dans les \u00eeles Columbretes. Mais si vous avez pr\u00e9vu de partir en vacances \u00e0 une autre p\u00e9riode, vous pourrez \u00e9galement profiter de tout ce que la r\u00e9gion a \u00e0 offrir.<\/span><span style=\"font-weight: 400;\"><br \/><\/span><span style=\"font-weight: 400;\"><br \/><\/span><span style=\"font-weight: 400;\">Maintenant que vous connaissez <\/span><b>la m\u00e9t\u00e9o \u00e0 Alcossebre<\/b><span style=\"font-weight: 400;\">, viendrez-vous visiter ce village\u00a0? <\/span><b>Nos appartements Orange Costa<\/b><span style=\"font-weight: 400;\"> sont le choix id\u00e9al. Tous offrent tout le n\u00e9cessaire pour vous reposer apr\u00e8s une journ\u00e9e plage ou une journ\u00e9e d\u2019activit\u00e9s. Ils se situent au centre du village, \u00e0 quelques pas de la c\u00f4te, et tous les services sont facilement accessibles. <\/span><a href=\"https:\/\/www.orangecosta.com\/fr\/location\/location-locations-d0\/\"><span style=\"font-weight: 400;\">R\u00e9servez vos vacances <\/span><\/a><span style=\"font-weight: 400;\">et ne vous retrouvez pas sans logement.<\/span><\/p>\t\t\t\t\t\t\t\t<\/div>\n\t\t\t\t<\/div>\n\t\t\t\t\t<\/div>\n\t\t<\/div>\n\t\t\t\t\t<\/div>\n\t\t<\/section>\n\t\t\t\t<section class=\"elementor-section elementor-top-section elementor-element elementor-element-09a15e8 elementor-section-boxed elementor-section-height-default elementor-section-height-default\" data-id=\"09a15e8\" data-element_type=\"section\" data-e-type=\"section\">\n\t\t\t\t\t\t<div class=\"elementor-container elementor-column-gap-default\">\n\t\t\t\t\t<div class=\"elementor-column elementor-col-33 elementor-top-column elementor-element elementor-element-54b12a0\" data-id=\"54b12a0\" data-element_type=\"column\" data-e-type=\"column\">\n\t\t\t<div class=\"elementor-widget-wrap elementor-element-populated\">\n\t\t\t\t\t\t<div class=\"elementor-element elementor-element-aec2b8e elementor-align-center elementor-widget elementor-widget-button\" data-id=\"aec2b8e\" data-element_type=\"widget\" data-e-type=\"widget\" data-widget_type=\"button.default\">\n\t\t\t\t<div class=\"elementor-widget-container\">\n\t\t\t\t\t\t\t\t\t<div class=\"elementor-button-wrapper\">\n\t\t\t\t\t<a class=\"elementor-button elementor-button-link elementor-size-sm\" href=\"https:\/\/www.orangecosta.com\/alquiler\/alquileres-alcoceber-alcossebre-d100\/vista-lista\/\">\n\t\t\t\t\t\t<span class=\"elementor-button-content-wrapper\">\n\t\t\t\t\t\t\t\t\t<span class=\"elementor-button-text\">Logement Alcossebre<\/span>\n\t\t\t\t\t<\/span>\n\t\t\t\t\t<\/a>\n\t\t\t\t<\/div>\n\t\t\t\t\t\t\t\t<\/div>\n\t\t\t\t<\/div>\n\t\t\t\t\t<\/div>\n\t\t<\/div>\n\t\t\t\t<div class=\"elementor-column elementor-col-33 elementor-top-column elementor-element elementor-element-6041d5f\" data-id=\"6041d5f\" data-element_type=\"column\" data-e-type=\"column\">\n\t\t\t<div class=\"elementor-widget-wrap elementor-element-populated\">\n\t\t\t\t\t\t<div class=\"elementor-element elementor-element-0b0f831 elementor-align-center elementor-widget elementor-widget-button\" data-id=\"0b0f831\" data-element_type=\"widget\" data-e-type=\"widget\" data-widget_type=\"button.default\">\n\t\t\t\t<div class=\"elementor-widget-container\">\n\t\t\t\t\t\t\t\t\t<div class=\"elementor-button-wrapper\">\n\t\t\t\t\t<a class=\"elementor-button elementor-button-link elementor-size-sm\" href=\"https:\/\/www.orangecosta.com\/alquiler\/apartamentos-alcoceber-alcossebre-c1d100\/vista-lista\/\">\n\t\t\t\t\t\t<span class=\"elementor-button-content-wrapper\">\n\t\t\t\t\t\t\t\t\t<span class=\"elementor-button-text\">Appartement Alcossebre<\/span>\n\t\t\t\t\t<\/span>\n\t\t\t\t\t<\/a>\n\t\t\t\t<\/div>\n\t\t\t\t\t\t\t\t<\/div>\n\t\t\t\t<\/div>\n\t\t\t\t\t<\/div>\n\t\t<\/div>\n\t\t\t\t<div class=\"elementor-column elementor-col-33 elementor-top-column elementor-element elementor-element-ac987cb\" data-id=\"ac987cb\" data-element_type=\"column\" data-e-type=\"column\">\n\t\t\t<div class=\"elementor-widget-wrap elementor-element-populated\">\n\t\t\t\t\t\t<div class=\"elementor-element elementor-element-6afba06 elementor-align-center elementor-widget elementor-widget-button\" data-id=\"6afba06\" data-element_type=\"widget\" data-e-type=\"widget\" data-widget_type=\"button.default\">\n\t\t\t\t<div class=\"elementor-widget-container\">\n\t\t\t\t\t\t\t\t\t<div class=\"elementor-button-wrapper\">\n\t\t\t\t\t<a class=\"elementor-button elementor-button-link elementor-size-sm\" href=\"https:\/\/www.orangecosta.com\/\">\n\t\t\t\t\t\t<span class=\"elementor-button-content-wrapper\">\n\t\t\t\t\t\t\t\t\t<span class=\"elementor-button-text\">Logement \u00e0 Costa Azahar<\/span>\n\t\t\t\t\t<\/span>\n\t\t\t\t\t<\/a>\n\t\t\t\t<\/div>\n\t\t\t\t\t\t\t\t<\/div>\n\t\t\t\t<\/div>\n\t\t\t\t\t<\/div>\n\t\t<\/div>\n\t\t\t\t\t<\/div>\n\t\t<\/section>\n\t\t\t\t<\/div>\n\t\t","protected":false},"excerpt":{"rendered":"<p>Vous souhaitez profiter du calme d\u2019un village situ\u00e9 au c\u0153ur de la Costa del Azahar pour vos prochaines vacances&nbsp;? De&#8230;<\/p>\n","protected":false},"author":3,"featured_media":869,"comment_status":"open","ping_status":"open","sticky":false,"template":"","format":"standard","meta":{"footnotes":""},"categories":[100,121,101],"tags":[],"class_list":["post-914","post","type-post","status-publish","format-standard","has-post-thumbnail","hentry","category-alcocebre-fr","category-costa-azahar-fr","category-meteo"],"yoast_head":"<!-- This site is optimized with the Yoast SEO plugin v27.5 - https:\/\/yoast.com\/product\/yoast-seo-wordpress\/ -->\n<title>La m\u00e9t\u00e9o \u00e0 Alcossebre. Visitez ce village \u00e0 la meilleure p\u00e9riode<\/title>\n<meta name=\"description\" content=\"M\u00e9t\u00e9o \u00e0 Alcossebre? Cette ville de la Costa de Azahar est une option de vacances parfaite tout au long de l&#039;ann\u00e9e - venez \u00e0 Orange Costa!\" \/>\n<meta name=\"robots\" content=\"index, follow, max-snippet:-1, max-image-preview:large, max-video-preview:-1\" \/>\n<link rel=\"canonical\" href=\"https:\/\/www.orangecosta.com\/blog\/fr\/la-meteo-a-alcossebre\/\" \/>\n<meta property=\"og:locale\" content=\"fr_FR\" \/>\n<meta property=\"og:type\" content=\"article\" \/>\n<meta property=\"og:title\" content=\"La m\u00e9t\u00e9o \u00e0 Alcossebre. Visitez ce village \u00e0 la meilleure p\u00e9riode\" \/>\n<meta property=\"og:description\" content=\"M\u00e9t\u00e9o \u00e0 Alcossebre? Cette ville de la Costa de Azahar est une option de vacances parfaite tout au long de l&#039;ann\u00e9e - venez \u00e0 Orange Costa!\" \/>\n<meta property=\"og:url\" content=\"https:\/\/www.orangecosta.com\/blog\/fr\/la-meteo-a-alcossebre\/\" \/>\n<meta property=\"og:site_name\" content=\"Blog turismo Orange Costa\" \/>\n<meta property=\"article:published_time\" content=\"2023-03-13T10:16:42+00:00\" \/>\n<meta property=\"article:modified_time\" content=\"2024-06-05T11:12:08+00:00\" \/>\n<meta property=\"og:image\" content=\"https:\/\/www.orangecosta.com\/blog\/wp-content\/uploads\/2023\/03\/Alcala-de-Xivert-Alcossebre.jpg\" \/>\n\t<meta property=\"og:image:width\" content=\"1920\" \/>\n\t<meta property=\"og:image:height\" content=\"1080\" \/>\n\t<meta property=\"og:image:type\" content=\"image\/jpeg\" \/>\n<meta name=\"author\" content=\"digitalservices\" \/>\n<meta name=\"twitter:card\" content=\"summary_large_image\" \/>\n<meta name=\"twitter:label1\" content=\"\u00c9crit par\" \/>\n\t<meta name=\"twitter:data1\" content=\"digitalservices\" \/>\n\t<meta name=\"twitter:label2\" content=\"Dur\u00e9e de lecture estim\u00e9e\" \/>\n\t<meta name=\"twitter:data2\" content=\"5 minutes\" \/>\n<script type=\"application\/ld+json\" class=\"yoast-schema-graph\">{\"@context\":\"https:\\\/\\\/schema.org\",\"@graph\":[{\"@type\":\"Article\",\"@id\":\"https:\\\/\\\/www.orangecosta.com\\\/blog\\\/fr\\\/la-meteo-a-alcossebre\\\/#article\",\"isPartOf\":{\"@id\":\"https:\\\/\\\/www.orangecosta.com\\\/blog\\\/fr\\\/la-meteo-a-alcossebre\\\/\"},\"author\":{\"name\":\"digitalservices\",\"@id\":\"https:\\\/\\\/www.orangecosta.com\\\/blog\\\/fr\\\/#\\\/schema\\\/person\\\/f93ddfccc2f63dd0916fb2c6e908337f\"},\"headline\":\"Profitez davantage de votre voyage en fonction de la m\u00e9t\u00e9o \u00e0 Alcossebre\",\"datePublished\":\"2023-03-13T10:16:42+00:00\",\"dateModified\":\"2024-06-05T11:12:08+00:00\",\"mainEntityOfPage\":{\"@id\":\"https:\\\/\\\/www.orangecosta.com\\\/blog\\\/fr\\\/la-meteo-a-alcossebre\\\/\"},\"wordCount\":1001,\"commentCount\":0,\"image\":{\"@id\":\"https:\\\/\\\/www.orangecosta.com\\\/blog\\\/fr\\\/la-meteo-a-alcossebre\\\/#primaryimage\"},\"thumbnailUrl\":\"https:\\\/\\\/www.orangecosta.com\\\/blog\\\/wp-content\\\/uploads\\\/2023\\\/03\\\/Alcala-de-Xivert-Alcossebre.jpg\",\"articleSection\":[\"Alcocebre\",\"Costa Azahar\",\"M\u00e9t\u00e9o\"],\"inLanguage\":\"fr-FR\",\"potentialAction\":[{\"@type\":\"CommentAction\",\"name\":\"Comment\",\"target\":[\"https:\\\/\\\/www.orangecosta.com\\\/blog\\\/fr\\\/la-meteo-a-alcossebre\\\/#respond\"]}]},{\"@type\":\"WebPage\",\"@id\":\"https:\\\/\\\/www.orangecosta.com\\\/blog\\\/fr\\\/la-meteo-a-alcossebre\\\/\",\"url\":\"https:\\\/\\\/www.orangecosta.com\\\/blog\\\/fr\\\/la-meteo-a-alcossebre\\\/\",\"name\":\"La m\u00e9t\u00e9o \u00e0 Alcossebre. Visitez ce village \u00e0 la meilleure p\u00e9riode\",\"isPartOf\":{\"@id\":\"https:\\\/\\\/www.orangecosta.com\\\/blog\\\/fr\\\/#website\"},\"primaryImageOfPage\":{\"@id\":\"https:\\\/\\\/www.orangecosta.com\\\/blog\\\/fr\\\/la-meteo-a-alcossebre\\\/#primaryimage\"},\"image\":{\"@id\":\"https:\\\/\\\/www.orangecosta.com\\\/blog\\\/fr\\\/la-meteo-a-alcossebre\\\/#primaryimage\"},\"thumbnailUrl\":\"https:\\\/\\\/www.orangecosta.com\\\/blog\\\/wp-content\\\/uploads\\\/2023\\\/03\\\/Alcala-de-Xivert-Alcossebre.jpg\",\"datePublished\":\"2023-03-13T10:16:42+00:00\",\"dateModified\":\"2024-06-05T11:12:08+00:00\",\"author\":{\"@id\":\"https:\\\/\\\/www.orangecosta.com\\\/blog\\\/fr\\\/#\\\/schema\\\/person\\\/f93ddfccc2f63dd0916fb2c6e908337f\"},\"description\":\"M\u00e9t\u00e9o \u00e0 Alcossebre? Cette ville de la Costa de Azahar est une option de vacances parfaite tout au long de l'ann\u00e9e - venez \u00e0 Orange Costa!\",\"breadcrumb\":{\"@id\":\"https:\\\/\\\/www.orangecosta.com\\\/blog\\\/fr\\\/la-meteo-a-alcossebre\\\/#breadcrumb\"},\"inLanguage\":\"fr-FR\",\"potentialAction\":[{\"@type\":\"ReadAction\",\"target\":[\"https:\\\/\\\/www.orangecosta.com\\\/blog\\\/fr\\\/la-meteo-a-alcossebre\\\/\"]}]},{\"@type\":\"ImageObject\",\"inLanguage\":\"fr-FR\",\"@id\":\"https:\\\/\\\/www.orangecosta.com\\\/blog\\\/fr\\\/la-meteo-a-alcossebre\\\/#primaryimage\",\"url\":\"https:\\\/\\\/www.orangecosta.com\\\/blog\\\/wp-content\\\/uploads\\\/2023\\\/03\\\/Alcala-de-Xivert-Alcossebre.jpg\",\"contentUrl\":\"https:\\\/\\\/www.orangecosta.com\\\/blog\\\/wp-content\\\/uploads\\\/2023\\\/03\\\/Alcala-de-Xivert-Alcossebre.jpg\",\"width\":1920,\"height\":1080,\"caption\":\"Costa Azahar, Alcossebre\"},{\"@type\":\"BreadcrumbList\",\"@id\":\"https:\\\/\\\/www.orangecosta.com\\\/blog\\\/fr\\\/la-meteo-a-alcossebre\\\/#breadcrumb\",\"itemListElement\":[{\"@type\":\"ListItem\",\"position\":1,\"name\":\"Home\",\"item\":\"https:\\\/\\\/www.orangecosta.com\\\/blog\\\/fr\\\/\"},{\"@type\":\"ListItem\",\"position\":2,\"name\":\"Profitez davantage de votre voyage en fonction de la m\u00e9t\u00e9o \u00e0 Alcossebre\"}]},{\"@type\":\"WebSite\",\"@id\":\"https:\\\/\\\/www.orangecosta.com\\\/blog\\\/fr\\\/#website\",\"url\":\"https:\\\/\\\/www.orangecosta.com\\\/blog\\\/fr\\\/\",\"name\":\"Blog turismo Orange Costa\",\"description\":\"Orangecosta\",\"potentialAction\":[{\"@type\":\"SearchAction\",\"target\":{\"@type\":\"EntryPoint\",\"urlTemplate\":\"https:\\\/\\\/www.orangecosta.com\\\/blog\\\/fr\\\/?s={search_term_string}\"},\"query-input\":{\"@type\":\"PropertyValueSpecification\",\"valueRequired\":true,\"valueName\":\"search_term_string\"}}],\"inLanguage\":\"fr-FR\"},{\"@type\":\"Person\",\"@id\":\"https:\\\/\\\/www.orangecosta.com\\\/blog\\\/fr\\\/#\\\/schema\\\/person\\\/f93ddfccc2f63dd0916fb2c6e908337f\",\"name\":\"digitalservices\",\"image\":{\"@type\":\"ImageObject\",\"inLanguage\":\"fr-FR\",\"@id\":\"https:\\\/\\\/secure.gravatar.com\\\/avatar\\\/af30f88a1904294c1f3eb09a9d7903eec4ffa18fa2cf40c28a8681014ecdfc20?s=96&d=mm&r=g\",\"url\":\"https:\\\/\\\/secure.gravatar.com\\\/avatar\\\/af30f88a1904294c1f3eb09a9d7903eec4ffa18fa2cf40c28a8681014ecdfc20?s=96&d=mm&r=g\",\"contentUrl\":\"https:\\\/\\\/secure.gravatar.com\\\/avatar\\\/af30f88a1904294c1f3eb09a9d7903eec4ffa18fa2cf40c28a8681014ecdfc20?s=96&d=mm&r=g\",\"caption\":\"digitalservices\"},\"url\":\"https:\\\/\\\/www.orangecosta.com\\\/blog\\\/fr\\\/author\\\/digitalservices\\\/\"}]}<\/script>\n<!-- \/ Yoast SEO plugin. -->","yoast_head_json":{"title":"La m\u00e9t\u00e9o \u00e0 Alcossebre. Visitez ce village \u00e0 la meilleure p\u00e9riode","description":"M\u00e9t\u00e9o \u00e0 Alcossebre? Cette ville de la Costa de Azahar est une option de vacances parfaite tout au long de l'ann\u00e9e - venez \u00e0 Orange Costa!","robots":{"index":"index","follow":"follow","max-snippet":"max-snippet:-1","max-image-preview":"max-image-preview:large","max-video-preview":"max-video-preview:-1"},"canonical":"https:\/\/www.orangecosta.com\/blog\/fr\/la-meteo-a-alcossebre\/","og_locale":"fr_FR","og_type":"article","og_title":"La m\u00e9t\u00e9o \u00e0 Alcossebre. Visitez ce village \u00e0 la meilleure p\u00e9riode","og_description":"M\u00e9t\u00e9o \u00e0 Alcossebre? Cette ville de la Costa de Azahar est une option de vacances parfaite tout au long de l'ann\u00e9e - venez \u00e0 Orange Costa!","og_url":"https:\/\/www.orangecosta.com\/blog\/fr\/la-meteo-a-alcossebre\/","og_site_name":"Blog turismo Orange Costa","article_published_time":"2023-03-13T10:16:42+00:00","article_modified_time":"2024-06-05T11:12:08+00:00","og_image":[{"width":1920,"height":1080,"url":"https:\/\/www.orangecosta.com\/blog\/wp-content\/uploads\/2023\/03\/Alcala-de-Xivert-Alcossebre.jpg","type":"image\/jpeg"}],"author":"digitalservices","twitter_card":"summary_large_image","twitter_misc":{"\u00c9crit par":"digitalservices","Dur\u00e9e de lecture estim\u00e9e":"5 minutes"},"schema":{"@context":"https:\/\/schema.org","@graph":[{"@type":"Article","@id":"https:\/\/www.orangecosta.com\/blog\/fr\/la-meteo-a-alcossebre\/#article","isPartOf":{"@id":"https:\/\/www.orangecosta.com\/blog\/fr\/la-meteo-a-alcossebre\/"},"author":{"name":"digitalservices","@id":"https:\/\/www.orangecosta.com\/blog\/fr\/#\/schema\/person\/f93ddfccc2f63dd0916fb2c6e908337f"},"headline":"Profitez davantage de votre voyage en fonction de la m\u00e9t\u00e9o \u00e0 Alcossebre","datePublished":"2023-03-13T10:16:42+00:00","dateModified":"2024-06-05T11:12:08+00:00","mainEntityOfPage":{"@id":"https:\/\/www.orangecosta.com\/blog\/fr\/la-meteo-a-alcossebre\/"},"wordCount":1001,"commentCount":0,"image":{"@id":"https:\/\/www.orangecosta.com\/blog\/fr\/la-meteo-a-alcossebre\/#primaryimage"},"thumbnailUrl":"https:\/\/www.orangecosta.com\/blog\/wp-content\/uploads\/2023\/03\/Alcala-de-Xivert-Alcossebre.jpg","articleSection":["Alcocebre","Costa Azahar","M\u00e9t\u00e9o"],"inLanguage":"fr-FR","potentialAction":[{"@type":"CommentAction","name":"Comment","target":["https:\/\/www.orangecosta.com\/blog\/fr\/la-meteo-a-alcossebre\/#respond"]}]},{"@type":"WebPage","@id":"https:\/\/www.orangecosta.com\/blog\/fr\/la-meteo-a-alcossebre\/","url":"https:\/\/www.orangecosta.com\/blog\/fr\/la-meteo-a-alcossebre\/","name":"La m\u00e9t\u00e9o \u00e0 Alcossebre. Visitez ce village \u00e0 la meilleure p\u00e9riode","isPartOf":{"@id":"https:\/\/www.orangecosta.com\/blog\/fr\/#website"},"primaryImageOfPage":{"@id":"https:\/\/www.orangecosta.com\/blog\/fr\/la-meteo-a-alcossebre\/#primaryimage"},"image":{"@id":"https:\/\/www.orangecosta.com\/blog\/fr\/la-meteo-a-alcossebre\/#primaryimage"},"thumbnailUrl":"https:\/\/www.orangecosta.com\/blog\/wp-content\/uploads\/2023\/03\/Alcala-de-Xivert-Alcossebre.jpg","datePublished":"2023-03-13T10:16:42+00:00","dateModified":"2024-06-05T11:12:08+00:00","author":{"@id":"https:\/\/www.orangecosta.com\/blog\/fr\/#\/schema\/person\/f93ddfccc2f63dd0916fb2c6e908337f"},"description":"M\u00e9t\u00e9o \u00e0 Alcossebre? Cette ville de la Costa de Azahar est une option de vacances parfaite tout au long de l'ann\u00e9e - venez \u00e0 Orange Costa!","breadcrumb":{"@id":"https:\/\/www.orangecosta.com\/blog\/fr\/la-meteo-a-alcossebre\/#breadcrumb"},"inLanguage":"fr-FR","potentialAction":[{"@type":"ReadAction","target":["https:\/\/www.orangecosta.com\/blog\/fr\/la-meteo-a-alcossebre\/"]}]},{"@type":"ImageObject","inLanguage":"fr-FR","@id":"https:\/\/www.orangecosta.com\/blog\/fr\/la-meteo-a-alcossebre\/#primaryimage","url":"https:\/\/www.orangecosta.com\/blog\/wp-content\/uploads\/2023\/03\/Alcala-de-Xivert-Alcossebre.jpg","contentUrl":"https:\/\/www.orangecosta.com\/blog\/wp-content\/uploads\/2023\/03\/Alcala-de-Xivert-Alcossebre.jpg","width":1920,"height":1080,"caption":"Costa Azahar, Alcossebre"},{"@type":"BreadcrumbList","@id":"https:\/\/www.orangecosta.com\/blog\/fr\/la-meteo-a-alcossebre\/#breadcrumb","itemListElement":[{"@type":"ListItem","position":1,"name":"Home","item":"https:\/\/www.orangecosta.com\/blog\/fr\/"},{"@type":"ListItem","position":2,"name":"Profitez davantage de votre voyage en fonction de la m\u00e9t\u00e9o \u00e0 Alcossebre"}]},{"@type":"WebSite","@id":"https:\/\/www.orangecosta.com\/blog\/fr\/#website","url":"https:\/\/www.orangecosta.com\/blog\/fr\/","name":"Blog turismo Orange Costa","description":"Orangecosta","potentialAction":[{"@type":"SearchAction","target":{"@type":"EntryPoint","urlTemplate":"https:\/\/www.orangecosta.com\/blog\/fr\/?s={search_term_string}"},"query-input":{"@type":"PropertyValueSpecification","valueRequired":true,"valueName":"search_term_string"}}],"inLanguage":"fr-FR"},{"@type":"Person","@id":"https:\/\/www.orangecosta.com\/blog\/fr\/#\/schema\/person\/f93ddfccc2f63dd0916fb2c6e908337f","name":"digitalservices","image":{"@type":"ImageObject","inLanguage":"fr-FR","@id":"https:\/\/secure.gravatar.com\/avatar\/af30f88a1904294c1f3eb09a9d7903eec4ffa18fa2cf40c28a8681014ecdfc20?s=96&d=mm&r=g","url":"https:\/\/secure.gravatar.com\/avatar\/af30f88a1904294c1f3eb09a9d7903eec4ffa18fa2cf40c28a8681014ecdfc20?s=96&d=mm&r=g","contentUrl":"https:\/\/secure.gravatar.com\/avatar\/af30f88a1904294c1f3eb09a9d7903eec4ffa18fa2cf40c28a8681014ecdfc20?s=96&d=mm&r=g","caption":"digitalservices"},"url":"https:\/\/www.orangecosta.com\/blog\/fr\/author\/digitalservices\/"}]}},"_links":{"self":[{"href":"https:\/\/www.orangecosta.com\/blog\/fr\/wp-json\/wp\/v2\/posts\/914","targetHints":{"allow":["GET"]}}],"collection":[{"href":"https:\/\/www.orangecosta.com\/blog\/fr\/wp-json\/wp\/v2\/posts"}],"about":[{"href":"https:\/\/www.orangecosta.com\/blog\/fr\/wp-json\/wp\/v2\/types\/post"}],"author":[{"embeddable":true,"href":"https:\/\/www.orangecosta.com\/blog\/fr\/wp-json\/wp\/v2\/users\/3"}],"replies":[{"embeddable":true,"href":"https:\/\/www.orangecosta.com\/blog\/fr\/wp-json\/wp\/v2\/comments?post=914"}],"version-history":[{"count":8,"href":"https:\/\/www.orangecosta.com\/blog\/fr\/wp-json\/wp\/v2\/posts\/914\/revisions"}],"predecessor-version":[{"id":924,"href":"https:\/\/www.orangecosta.com\/blog\/fr\/wp-json\/wp\/v2\/posts\/914\/revisions\/924"}],"wp:featuredmedia":[{"embeddable":true,"href":"https:\/\/www.orangecosta.com\/blog\/fr\/wp-json\/wp\/v2\/media\/869"}],"wp:attachment":[{"href":"https:\/\/www.orangecosta.com\/blog\/fr\/wp-json\/wp\/v2\/media?parent=914"}],"wp:term":[{"taxonomy":"category","embeddable":true,"href":"https:\/\/www.orangecosta.com\/blog\/fr\/wp-json\/wp\/v2\/categories?post=914"},{"taxonomy":"post_tag","embeddable":true,"href":"https:\/\/www.orangecosta.com\/blog\/fr\/wp-json\/wp\/v2\/tags?post=914"}],"curies":[{"name":"wp","href":"https:\/\/api.w.org\/{rel}","templated":true}]}}