{"id":623,"date":"2023-01-19T17:24:55","date_gmt":"2023-01-19T17:24:55","guid":{"rendered":"https:\/\/www.orangecosta.com\/blog\/?p=623"},"modified":"2024-06-05T11:12:21","modified_gmt":"2024-06-05T11:12:21","slug":"plage-de-benicasim","status":"publish","type":"post","link":"https:\/\/www.orangecosta.com\/blog\/fr\/plage-de-benicasim\/","title":{"rendered":"Quelle est la meilleure plage de Benicasim ?"},"content":{"rendered":"\t\t<div data-elementor-type=\"wp-post\" data-elementor-id=\"623\" class=\"elementor elementor-623 elementor-575\" data-elementor-post-type=\"post\">\n\t\t\t\t\t\t<section class=\"elementor-section elementor-top-section elementor-element elementor-element-7faff9fa elementor-section-boxed elementor-section-height-default elementor-section-height-default\" data-id=\"7faff9fa\" data-element_type=\"section\" data-e-type=\"section\">\n\t\t\t\t\t\t<div class=\"elementor-container elementor-column-gap-default\">\n\t\t\t\t\t<div class=\"elementor-column elementor-col-100 elementor-top-column elementor-element elementor-element-3412921f\" data-id=\"3412921f\" data-element_type=\"column\" data-e-type=\"column\">\n\t\t\t<div class=\"elementor-widget-wrap elementor-element-populated\">\n\t\t\t\t\t\t<div class=\"elementor-element elementor-element-12ca264c elementor-widget elementor-widget-text-editor\" data-id=\"12ca264c\" data-element_type=\"widget\" data-e-type=\"widget\" data-widget_type=\"text-editor.default\">\n\t\t\t\t<div class=\"elementor-widget-container\">\n\t\t\t\t\t\t\t\t\t<p><span style=\"font-weight: 400;\">Cela ne fait aucun doute, la<\/span><b> plage de Benicasim<\/b><span style=\"font-weight: 400;\"> est l\u2019un des principaux atouts de cette petite ville. Situ\u00e9e dans la r\u00e9gion de Castell\u00f3n, sur les rives de la M\u00e9diterran\u00e9e, Benicasim a tout pour s\u00e9duire les voyageurs \u00e0 la recherche d\u2019un endroit o\u00f9 le soleil et le sable chaud sont au centre du tableau. Dans cet article, nous allons explorer ces recoins uniques que nous offre la nature pour s\u2019y reposer, nager, prendre le soleil et pour en profiter seuls ou accompagn\u00e9s. Ne le ratez pas\u00a0!<\/span><\/p><h2><strong>Plage Heli\u00f3polis<\/strong><\/h2><p><span style=\"font-weight: 400;\">Longue de trois kilom\u00e8tres et parfaitement situ\u00e9e, la plage Heli\u00f3polis, la principale plage de la r\u00e9gion, longe toute la promenade maritime. Du sable fin et dor\u00e9, des eaux cristallines et un paysage de r\u00eave\u00a0: voil\u00e0 exactement l\u2019endroit o\u00f9 passer quelques jours entre d\u00e9tente et loisirs.<\/span><span style=\"font-weight: 400;\"><br \/><\/span><span style=\"font-weight: 400;\"><br \/><\/span><span style=\"font-weight: 400;\">Elle se distingue \u00e9galement par son offre vari\u00e9e d\u2019activit\u00e9s. Vous pourrez y faire du surf, de la gym, louer des transats et des parasols, profiter de l\u2019animation touristique et m\u00eame assister \u00e0 une s\u00e9ance de cin\u00e9 en plein air pendant les mois d\u2019\u00e9t\u00e9. Elle est tr\u00e8s bien desservie et entour\u00e9e de nombreux \u00e9tablissements r\u00e9cr\u00e9atifs, de restaurants et de bars. Ce n\u2019est d\u2019ailleurs pas par hasard qu\u2019elle a re\u00e7u la r\u00e9compense du drapeau bleu, le Q de la qualit\u00e9 touristique et la certification ISO 14001.<\/span><\/p><h2><strong>Plage Voramar<\/strong><\/h2><p><span style=\"font-weight: 400;\">Ambiance beaucoup plus tranquille et d\u00e9tendue, voici la <\/span><b>plage Voramar<\/b><span style=\"font-weight: 400;\">, situ\u00e9e dans le quartier r\u00e9sidentiel de la ville. En plus d\u2019une agr\u00e9able baignade et d\u2019une promenade sur la plage de sable fin, vous pourrez vous r\u00e9galer \u00e0 observer les majestueuses villas du XXe si\u00e8cle qui peuplent cet endroit. Ces constructions apportent une touche de charme \u00e0 l\u2019ensemble du paysage. Imaginez que vous admirez un coucher de soleil dans ce cadre incomparable\u00a0!<\/span><span style=\"font-weight: 400;\"><br \/><\/span><span style=\"font-weight: 400;\"><br \/><\/span><span style=\"font-weight: 400;\">Tout comme pour la plage Heli\u00f3polis, elle b\u00e9n\u00e9ficie de toutes les distinctions qui attestent que cette plage offre les meilleurs standards de qualit\u00e9.<\/span><\/p><h2><strong>Plage de l\u2019Almadrava<\/strong><\/h2><p><span style=\"font-weight: 400;\">L\u2019Almadrava doit son nom \u00e0 la madrague, un <\/span><b>outil de p\u00eache<\/b><span style=\"font-weight: 400;\"> qui \u00e9tait autrefois install\u00e9 sur cette plage. C\u2019est aujourd\u2019hui un endroit id\u00e9al o\u00f9 profiter du merveilleux climat de Benicasim. Elle est situ\u00e9e \u00e0 c\u00f4t\u00e9 de Voramar dont elle est une prolongation. Vous y trouverez \u00e0 peu pr\u00e8s la m\u00eame ambiance et les m\u00eames prestations. Cependant, certains aspects la distinguent des autres.<\/span><span style=\"font-weight: 400;\"><br \/><\/span><span style=\"font-weight: 400;\"><br \/><\/span><span style=\"font-weight: 400;\">La principale diff\u00e9rence avec les autres plages et <\/span><b>criques de Benicasim<\/b><span style=\"font-weight: 400;\"> est qu\u2019elle est totalement adapt\u00e9e aux personnes en situation de handicap ou \u00e0 mobilit\u00e9 r\u00e9duite qui pourront donc passer un agr\u00e9able moment dans cette enclave. Signalons aussi qu\u2019elle propose des jeux sportifs, des locations nautiques, une \u00e9cole de p\u00eache et m\u00eame une biblioth\u00e8que de la mer.<\/span><\/p>\t\t\t\t\t\t\t\t<\/div>\n\t\t\t\t<\/div>\n\t\t\t\t\t<\/div>\n\t\t<\/div>\n\t\t\t\t\t<\/div>\n\t\t<\/section>\n\t\t\t\t<section class=\"elementor-section elementor-top-section elementor-element elementor-element-c75fa11 elementor-section-boxed elementor-section-height-default elementor-section-height-default\" data-id=\"c75fa11\" data-element_type=\"section\" data-e-type=\"section\">\n\t\t\t\t\t\t<div class=\"elementor-container elementor-column-gap-default\">\n\t\t\t\t\t<div class=\"elementor-column elementor-col-100 elementor-top-column elementor-element elementor-element-5965bce\" data-id=\"5965bce\" data-element_type=\"column\" data-e-type=\"column\">\n\t\t\t<div class=\"elementor-widget-wrap elementor-element-populated\">\n\t\t\t\t\t\t<div class=\"elementor-element elementor-element-27a0a1d elementor-widget elementor-widget-text-editor\" data-id=\"27a0a1d\" data-element_type=\"widget\" data-e-type=\"widget\" data-widget_type=\"text-editor.default\">\n\t\t\t\t<div class=\"elementor-widget-container\">\n\t\t\t\t\t\t\t\t\t<h2><strong>Plage Torre San Vicente<\/strong><\/h2>\t\t\t\t\t\t\t\t<\/div>\n\t\t\t\t<\/div>\n\t\t\t\t\t<\/div>\n\t\t<\/div>\n\t\t\t\t\t<\/div>\n\t\t<\/section>\n\t\t\t\t<section class=\"elementor-section elementor-top-section elementor-element elementor-element-0d68e33 elementor-section-boxed elementor-section-height-default elementor-section-height-default\" data-id=\"0d68e33\" data-element_type=\"section\" data-e-type=\"section\">\n\t\t\t\t\t\t<div class=\"elementor-container elementor-column-gap-default\">\n\t\t\t\t\t<div class=\"elementor-column elementor-col-50 elementor-top-column elementor-element elementor-element-dbcf21a\" data-id=\"dbcf21a\" data-element_type=\"column\" data-e-type=\"column\">\n\t\t\t<div class=\"elementor-widget-wrap elementor-element-populated\">\n\t\t\t\t\t\t<div class=\"elementor-element elementor-element-3e3845e elementor-widget elementor-widget-text-editor\" data-id=\"3e3845e\" data-element_type=\"widget\" data-e-type=\"widget\" data-widget_type=\"text-editor.default\">\n\t\t\t\t<div class=\"elementor-widget-container\">\n\t\t\t\t\t\t\t\t\t<p><span style=\"font-weight: 400;\">Ce bel endroit doit son nom \u00e0 l\u2019ancienne <\/span><b>Tour de garde de San Vicente<\/b><span style=\"font-weight: 400;\">. Cette construction avait \u00e9t\u00e9 \u00e9rig\u00e9e en tant qu\u2019\u00e9l\u00e9ment de d\u00e9fense en raison de l\u2019emplacement strat\u00e9gique de la plage. Alors si vous passez par ici, vous pourrez profiter d\u2019un petit morceau d\u2019histoire.<\/span><span style=\"font-weight: 400;\"><br \/><\/span><span style=\"font-weight: 400;\"><br \/><\/span><span style=\"font-weight: 400;\">Elle s\u2019\u00e9tend sur 650 m\u00e8tres. On pourrait la consid\u00e9rer comme une <\/span><b>petite plage de Benicasim<\/b><span style=\"font-weight: 400;\">. Par ailleurs, ses eaux cristallines et le sable dor\u00e9 en font un endroit parfait pour profiter d\u2019une baignade rafra\u00eechissante ou pour pratiquer diff\u00e9rentes activit\u00e9s ou jeux nautiques. C\u2019est aussi un endroit o\u00f9 se d\u00e9roulent de nombreux \u00e9v\u00e9nements culturels, comme les b\u00fbchers de la <\/span><b>Nuit de la Saint-Jean<\/b><span style=\"font-weight: 400;\"> ou le <\/span><b>Festival de las Habaneras. <\/b><span style=\"font-weight: 400;\"><br \/><\/span><span style=\"font-weight: 400;\"><br \/><\/span><span style=\"font-weight: 400;\">Finalement, il ne faut pas non plus n\u00e9gliger son emplacement\u00a0: pr\u00e8s du centre, c\u2019est pourquoi, chaque ann\u00e9e, elle est la destination pr\u00e9f\u00e9r\u00e9e des baigneurs.<\/span><\/p>\t\t\t\t\t\t\t\t<\/div>\n\t\t\t\t<\/div>\n\t\t\t\t\t<\/div>\n\t\t<\/div>\n\t\t\t\t<div class=\"elementor-column elementor-col-50 elementor-top-column elementor-element elementor-element-9cd5421\" data-id=\"9cd5421\" data-element_type=\"column\" data-e-type=\"column\">\n\t\t\t<div class=\"elementor-widget-wrap elementor-element-populated\">\n\t\t\t\t\t\t<div class=\"elementor-element elementor-element-c3f3511 elementor-widget elementor-widget-image\" data-id=\"c3f3511\" data-element_type=\"widget\" data-e-type=\"widget\" data-widget_type=\"image.default\">\n\t\t\t\t<div class=\"elementor-widget-container\">\n\t\t\t\t\t\t\t\t\t\t\t\t\t\t\t<img fetchpriority=\"high\" decoding=\"async\" width=\"751\" height=\"464\" src=\"https:\/\/www.orangecosta.com\/blog\/wp-content\/uploads\/2023\/01\/playa-torre-san-vicente-benicasim.jpeg\" class=\"attachment-large size-large wp-image-616\" alt=\"\" \/>\t\t\t\t\t\t\t\t\t\t\t\t\t\t\t<\/div>\n\t\t\t\t<\/div>\n\t\t\t\t\t<\/div>\n\t\t<\/div>\n\t\t\t\t\t<\/div>\n\t\t<\/section>\n\t\t\t\t<section class=\"elementor-section elementor-top-section elementor-element elementor-element-1f0cb63 elementor-section-boxed elementor-section-height-default elementor-section-height-default\" data-id=\"1f0cb63\" data-element_type=\"section\" data-e-type=\"section\">\n\t\t\t\t\t\t<div class=\"elementor-container elementor-column-gap-default\">\n\t\t\t\t\t<div class=\"elementor-column elementor-col-100 elementor-top-column elementor-element elementor-element-743666f\" data-id=\"743666f\" data-element_type=\"column\" data-e-type=\"column\">\n\t\t\t<div class=\"elementor-widget-wrap elementor-element-populated\">\n\t\t\t\t\t\t<div class=\"elementor-element elementor-element-364359a elementor-widget elementor-widget-text-editor\" data-id=\"364359a\" data-element_type=\"widget\" data-e-type=\"widget\" data-widget_type=\"text-editor.default\">\n\t\t\t\t<div class=\"elementor-widget-container\">\n\t\t\t\t\t\t\t\t\t<h2><strong>Plage Els Terrers<\/strong><\/h2><p><span style=\"font-weight: 400;\">Finissons notre petit tour d\u2019horizon avec la <\/span><b>plage Els Terrers<\/b><span style=\"font-weight: 400;\"> o\u00f9 vous vivrez une exp\u00e9rience paradisiaque. Le long de ses deux kilom\u00e8tres de longueur, la M\u00e9diterran\u00e9e et le sable fin de la c\u00f4te valencienne se m\u00e9langent d\u00e9licieusement. Tout cela forme un espace de baignade spectaculaire pour les petits et les grands. Vous profiterez non seulement de l\u2019eau, mais aussi d\u2019agr\u00e9ables promenades le long des <\/span><b>passerelles en bois<\/b><span style=\"font-weight: 400;\"> qui se trouvent sur la plage. C\u2019est \u00e0 coup s\u00fbr un programme id\u00e9al, quelle que soit la saison. En \u00e9t\u00e9, on observe un va-et-vient d\u2019activit\u00e9s sportives \u00e0 Els Terrers, on peut m\u00eame assister \u00e0 une s\u00e9ance de cin\u00e9ma en plein air.<\/span><span style=\"font-weight: 400;\"><br \/><\/span><span style=\"font-weight: 400;\"><br \/><\/span><span style=\"font-weight: 400;\">Ce qui rend cette plage particuli\u00e8re, c\u2019est que l\u2019on peut y observer de nombreuses embarcations de la Escola de la Mar. En effet, c\u2019est l\u00e0 que sont dispens\u00e9s tous types de cours et de stages en rapport avec l\u2019enseignement nautique. Imaginez-vous en train d\u2019admirer les voiliers tout en vous promenant sur la plage\u00a0!<\/span><span style=\"font-weight: 400;\"><br \/><\/span><span style=\"font-weight: 400;\"><br \/><\/span><span style=\"font-weight: 400;\">Vous avez enfin choisi votre <\/span><b>plage de Benicasim<\/b><span style=\"font-weight: 400;\"> pr\u00e9f\u00e9r\u00e9e\u00a0? Bien entendu, pour faire le bon choix, vous devrez les visiter personnellement. Pr\u00eat(e) \u00e0 vivre des vacances de r\u00eave dans cette magnifique oasis\u00a0? Chez <\/span><a href=\"https:\/\/www.orangecosta.com\/fr\/location\/locations-benicassim-d139\/\"><b>Orange Costa<\/b><\/a><span style=\"font-weight: 400;\">, nous serions ravis de vous recevoir dans l\u2019un de nos h\u00e9bergements. R\u00e9servez d\u00e8s maintenant et pr\u00e9parez-vous \u00e0 conqu\u00e9rir ces plages dont vous r\u00eavez\u00a0!<\/span><\/p>\t\t\t\t\t\t\t\t<\/div>\n\t\t\t\t<\/div>\n\t\t\t\t\t<\/div>\n\t\t<\/div>\n\t\t\t\t\t<\/div>\n\t\t<\/section>\n\t\t\t\t<\/div>\n\t\t","protected":false},"excerpt":{"rendered":"<p>Cela ne fait aucun doute, la plage de Benicasim est l\u2019un des principaux atouts de cette petite ville. Situ\u00e9e dans&#8230;<\/p>\n","protected":false},"author":3,"featured_media":578,"comment_status":"open","ping_status":"open","sticky":false,"template":"elementor_header_footer","format":"standard","meta":{"footnotes":""},"categories":[58,121,104],"tags":[],"class_list":["post-623","post","type-post","status-publish","format-standard","has-post-thumbnail","hentry","category-benicasim-fr","category-costa-azahar-fr","category-plages-fr"],"yoast_head":"<!-- This site is optimized with the Yoast SEO plugin v27.5 - https:\/\/yoast.com\/product\/yoast-seo-wordpress\/ -->\n<title>Plage de Benicasim : nous faisons le tour des principaux lieux de baignade ici<\/title>\n<meta name=\"description\" content=\"La plage de Benicasim est une escale incontournable durant vos vacances. Mais laquelle choisir ? Voici une liste des principales plages. Ne les ratez pas !\" \/>\n<meta name=\"robots\" content=\"index, follow, max-snippet:-1, max-image-preview:large, max-video-preview:-1\" \/>\n<link rel=\"canonical\" href=\"https:\/\/www.orangecosta.com\/blog\/fr\/plage-de-benicasim\/\" \/>\n<meta property=\"og:locale\" content=\"fr_FR\" \/>\n<meta property=\"og:type\" content=\"article\" \/>\n<meta property=\"og:title\" content=\"Plage de Benicasim : nous faisons le tour des principaux lieux de baignade ici\" \/>\n<meta property=\"og:description\" content=\"La plage de Benicasim est une escale incontournable durant vos vacances. Mais laquelle choisir ? Voici une liste des principales plages. Ne les ratez pas !\" \/>\n<meta property=\"og:url\" content=\"https:\/\/www.orangecosta.com\/blog\/fr\/plage-de-benicasim\/\" \/>\n<meta property=\"og:site_name\" content=\"Blog turismo Orange Costa\" \/>\n<meta property=\"article:published_time\" content=\"2023-01-19T17:24:55+00:00\" \/>\n<meta property=\"article:modified_time\" content=\"2024-06-05T11:12:21+00:00\" \/>\n<meta property=\"og:image\" content=\"https:\/\/www.orangecosta.com\/blog\/wp-content\/uploads\/2022\/12\/ga38d42705cc352e0ef08b12a73975a72f9035193512c853f456a3b7f00eeee6f4cadb770e2f2f32b1351b75d39851e676a8f380697b95a7a61911bc4febe508b_1280.jpg\" \/>\n\t<meta property=\"og:image:width\" content=\"1280\" \/>\n\t<meta property=\"og:image:height\" content=\"720\" \/>\n\t<meta property=\"og:image:type\" content=\"image\/jpeg\" \/>\n<meta name=\"author\" content=\"digitalservices\" \/>\n<meta name=\"twitter:card\" content=\"summary_large_image\" \/>\n<meta name=\"twitter:label1\" content=\"\u00c9crit par\" \/>\n\t<meta name=\"twitter:data1\" content=\"digitalservices\" \/>\n\t<meta name=\"twitter:label2\" content=\"Dur\u00e9e de lecture estim\u00e9e\" \/>\n\t<meta name=\"twitter:data2\" content=\"4 minutes\" \/>\n<script type=\"application\/ld+json\" class=\"yoast-schema-graph\">{\"@context\":\"https:\\\/\\\/schema.org\",\"@graph\":[{\"@type\":\"Article\",\"@id\":\"https:\\\/\\\/www.orangecosta.com\\\/blog\\\/fr\\\/plage-de-benicasim\\\/#article\",\"isPartOf\":{\"@id\":\"https:\\\/\\\/www.orangecosta.com\\\/blog\\\/fr\\\/plage-de-benicasim\\\/\"},\"author\":{\"name\":\"digitalservices\",\"@id\":\"https:\\\/\\\/www.orangecosta.com\\\/blog\\\/fr\\\/#\\\/schema\\\/person\\\/f93ddfccc2f63dd0916fb2c6e908337f\"},\"headline\":\"Quelle est la meilleure plage de Benicasim ?\",\"datePublished\":\"2023-01-19T17:24:55+00:00\",\"dateModified\":\"2024-06-05T11:12:21+00:00\",\"mainEntityOfPage\":{\"@id\":\"https:\\\/\\\/www.orangecosta.com\\\/blog\\\/fr\\\/plage-de-benicasim\\\/\"},\"wordCount\":929,\"commentCount\":0,\"image\":{\"@id\":\"https:\\\/\\\/www.orangecosta.com\\\/blog\\\/fr\\\/plage-de-benicasim\\\/#primaryimage\"},\"thumbnailUrl\":\"https:\\\/\\\/www.orangecosta.com\\\/blog\\\/wp-content\\\/uploads\\\/2022\\\/12\\\/ga38d42705cc352e0ef08b12a73975a72f9035193512c853f456a3b7f00eeee6f4cadb770e2f2f32b1351b75d39851e676a8f380697b95a7a61911bc4febe508b_1280.jpg\",\"articleSection\":[\"Benicasim\",\"Costa Azahar\",\"Plages\"],\"inLanguage\":\"fr-FR\",\"potentialAction\":[{\"@type\":\"CommentAction\",\"name\":\"Comment\",\"target\":[\"https:\\\/\\\/www.orangecosta.com\\\/blog\\\/fr\\\/plage-de-benicasim\\\/#respond\"]}]},{\"@type\":\"WebPage\",\"@id\":\"https:\\\/\\\/www.orangecosta.com\\\/blog\\\/fr\\\/plage-de-benicasim\\\/\",\"url\":\"https:\\\/\\\/www.orangecosta.com\\\/blog\\\/fr\\\/plage-de-benicasim\\\/\",\"name\":\"Plage de Benicasim : nous faisons le tour des principaux lieux de baignade ici\",\"isPartOf\":{\"@id\":\"https:\\\/\\\/www.orangecosta.com\\\/blog\\\/fr\\\/#website\"},\"primaryImageOfPage\":{\"@id\":\"https:\\\/\\\/www.orangecosta.com\\\/blog\\\/fr\\\/plage-de-benicasim\\\/#primaryimage\"},\"image\":{\"@id\":\"https:\\\/\\\/www.orangecosta.com\\\/blog\\\/fr\\\/plage-de-benicasim\\\/#primaryimage\"},\"thumbnailUrl\":\"https:\\\/\\\/www.orangecosta.com\\\/blog\\\/wp-content\\\/uploads\\\/2022\\\/12\\\/ga38d42705cc352e0ef08b12a73975a72f9035193512c853f456a3b7f00eeee6f4cadb770e2f2f32b1351b75d39851e676a8f380697b95a7a61911bc4febe508b_1280.jpg\",\"datePublished\":\"2023-01-19T17:24:55+00:00\",\"dateModified\":\"2024-06-05T11:12:21+00:00\",\"author\":{\"@id\":\"https:\\\/\\\/www.orangecosta.com\\\/blog\\\/fr\\\/#\\\/schema\\\/person\\\/f93ddfccc2f63dd0916fb2c6e908337f\"},\"description\":\"La plage de Benicasim est une escale incontournable durant vos vacances. Mais laquelle choisir ? Voici une liste des principales plages. Ne les ratez pas !\",\"breadcrumb\":{\"@id\":\"https:\\\/\\\/www.orangecosta.com\\\/blog\\\/fr\\\/plage-de-benicasim\\\/#breadcrumb\"},\"inLanguage\":\"fr-FR\",\"potentialAction\":[{\"@type\":\"ReadAction\",\"target\":[\"https:\\\/\\\/www.orangecosta.com\\\/blog\\\/fr\\\/plage-de-benicasim\\\/\"]}]},{\"@type\":\"ImageObject\",\"inLanguage\":\"fr-FR\",\"@id\":\"https:\\\/\\\/www.orangecosta.com\\\/blog\\\/fr\\\/plage-de-benicasim\\\/#primaryimage\",\"url\":\"https:\\\/\\\/www.orangecosta.com\\\/blog\\\/wp-content\\\/uploads\\\/2022\\\/12\\\/ga38d42705cc352e0ef08b12a73975a72f9035193512c853f456a3b7f00eeee6f4cadb770e2f2f32b1351b75d39851e676a8f380697b95a7a61911bc4febe508b_1280.jpg\",\"contentUrl\":\"https:\\\/\\\/www.orangecosta.com\\\/blog\\\/wp-content\\\/uploads\\\/2022\\\/12\\\/ga38d42705cc352e0ef08b12a73975a72f9035193512c853f456a3b7f00eeee6f4cadb770e2f2f32b1351b75d39851e676a8f380697b95a7a61911bc4febe508b_1280.jpg\",\"width\":1280,\"height\":720},{\"@type\":\"BreadcrumbList\",\"@id\":\"https:\\\/\\\/www.orangecosta.com\\\/blog\\\/fr\\\/plage-de-benicasim\\\/#breadcrumb\",\"itemListElement\":[{\"@type\":\"ListItem\",\"position\":1,\"name\":\"Home\",\"item\":\"https:\\\/\\\/www.orangecosta.com\\\/blog\\\/fr\\\/\"},{\"@type\":\"ListItem\",\"position\":2,\"name\":\"Quelle est la meilleure plage de Benicasim ?\"}]},{\"@type\":\"WebSite\",\"@id\":\"https:\\\/\\\/www.orangecosta.com\\\/blog\\\/fr\\\/#website\",\"url\":\"https:\\\/\\\/www.orangecosta.com\\\/blog\\\/fr\\\/\",\"name\":\"Blog turismo Orange Costa\",\"description\":\"Orangecosta\",\"potentialAction\":[{\"@type\":\"SearchAction\",\"target\":{\"@type\":\"EntryPoint\",\"urlTemplate\":\"https:\\\/\\\/www.orangecosta.com\\\/blog\\\/fr\\\/?s={search_term_string}\"},\"query-input\":{\"@type\":\"PropertyValueSpecification\",\"valueRequired\":true,\"valueName\":\"search_term_string\"}}],\"inLanguage\":\"fr-FR\"},{\"@type\":\"Person\",\"@id\":\"https:\\\/\\\/www.orangecosta.com\\\/blog\\\/fr\\\/#\\\/schema\\\/person\\\/f93ddfccc2f63dd0916fb2c6e908337f\",\"name\":\"digitalservices\",\"image\":{\"@type\":\"ImageObject\",\"inLanguage\":\"fr-FR\",\"@id\":\"https:\\\/\\\/secure.gravatar.com\\\/avatar\\\/af30f88a1904294c1f3eb09a9d7903eec4ffa18fa2cf40c28a8681014ecdfc20?s=96&d=mm&r=g\",\"url\":\"https:\\\/\\\/secure.gravatar.com\\\/avatar\\\/af30f88a1904294c1f3eb09a9d7903eec4ffa18fa2cf40c28a8681014ecdfc20?s=96&d=mm&r=g\",\"contentUrl\":\"https:\\\/\\\/secure.gravatar.com\\\/avatar\\\/af30f88a1904294c1f3eb09a9d7903eec4ffa18fa2cf40c28a8681014ecdfc20?s=96&d=mm&r=g\",\"caption\":\"digitalservices\"},\"url\":\"https:\\\/\\\/www.orangecosta.com\\\/blog\\\/fr\\\/author\\\/digitalservices\\\/\"}]}<\/script>\n<!-- \/ Yoast SEO plugin. -->","yoast_head_json":{"title":"Plage de Benicasim : nous faisons le tour des principaux lieux de baignade ici","description":"La plage de Benicasim est une escale incontournable durant vos vacances. Mais laquelle choisir ? Voici une liste des principales plages. Ne les ratez pas !","robots":{"index":"index","follow":"follow","max-snippet":"max-snippet:-1","max-image-preview":"max-image-preview:large","max-video-preview":"max-video-preview:-1"},"canonical":"https:\/\/www.orangecosta.com\/blog\/fr\/plage-de-benicasim\/","og_locale":"fr_FR","og_type":"article","og_title":"Plage de Benicasim : nous faisons le tour des principaux lieux de baignade ici","og_description":"La plage de Benicasim est une escale incontournable durant vos vacances. Mais laquelle choisir ? Voici une liste des principales plages. Ne les ratez pas !","og_url":"https:\/\/www.orangecosta.com\/blog\/fr\/plage-de-benicasim\/","og_site_name":"Blog turismo Orange Costa","article_published_time":"2023-01-19T17:24:55+00:00","article_modified_time":"2024-06-05T11:12:21+00:00","og_image":[{"width":1280,"height":720,"url":"https:\/\/www.orangecosta.com\/blog\/wp-content\/uploads\/2022\/12\/ga38d42705cc352e0ef08b12a73975a72f9035193512c853f456a3b7f00eeee6f4cadb770e2f2f32b1351b75d39851e676a8f380697b95a7a61911bc4febe508b_1280.jpg","type":"image\/jpeg"}],"author":"digitalservices","twitter_card":"summary_large_image","twitter_misc":{"\u00c9crit par":"digitalservices","Dur\u00e9e de lecture estim\u00e9e":"4 minutes"},"schema":{"@context":"https:\/\/schema.org","@graph":[{"@type":"Article","@id":"https:\/\/www.orangecosta.com\/blog\/fr\/plage-de-benicasim\/#article","isPartOf":{"@id":"https:\/\/www.orangecosta.com\/blog\/fr\/plage-de-benicasim\/"},"author":{"name":"digitalservices","@id":"https:\/\/www.orangecosta.com\/blog\/fr\/#\/schema\/person\/f93ddfccc2f63dd0916fb2c6e908337f"},"headline":"Quelle est la meilleure plage de Benicasim ?","datePublished":"2023-01-19T17:24:55+00:00","dateModified":"2024-06-05T11:12:21+00:00","mainEntityOfPage":{"@id":"https:\/\/www.orangecosta.com\/blog\/fr\/plage-de-benicasim\/"},"wordCount":929,"commentCount":0,"image":{"@id":"https:\/\/www.orangecosta.com\/blog\/fr\/plage-de-benicasim\/#primaryimage"},"thumbnailUrl":"https:\/\/www.orangecosta.com\/blog\/wp-content\/uploads\/2022\/12\/ga38d42705cc352e0ef08b12a73975a72f9035193512c853f456a3b7f00eeee6f4cadb770e2f2f32b1351b75d39851e676a8f380697b95a7a61911bc4febe508b_1280.jpg","articleSection":["Benicasim","Costa Azahar","Plages"],"inLanguage":"fr-FR","potentialAction":[{"@type":"CommentAction","name":"Comment","target":["https:\/\/www.orangecosta.com\/blog\/fr\/plage-de-benicasim\/#respond"]}]},{"@type":"WebPage","@id":"https:\/\/www.orangecosta.com\/blog\/fr\/plage-de-benicasim\/","url":"https:\/\/www.orangecosta.com\/blog\/fr\/plage-de-benicasim\/","name":"Plage de Benicasim : nous faisons le tour des principaux lieux de baignade ici","isPartOf":{"@id":"https:\/\/www.orangecosta.com\/blog\/fr\/#website"},"primaryImageOfPage":{"@id":"https:\/\/www.orangecosta.com\/blog\/fr\/plage-de-benicasim\/#primaryimage"},"image":{"@id":"https:\/\/www.orangecosta.com\/blog\/fr\/plage-de-benicasim\/#primaryimage"},"thumbnailUrl":"https:\/\/www.orangecosta.com\/blog\/wp-content\/uploads\/2022\/12\/ga38d42705cc352e0ef08b12a73975a72f9035193512c853f456a3b7f00eeee6f4cadb770e2f2f32b1351b75d39851e676a8f380697b95a7a61911bc4febe508b_1280.jpg","datePublished":"2023-01-19T17:24:55+00:00","dateModified":"2024-06-05T11:12:21+00:00","author":{"@id":"https:\/\/www.orangecosta.com\/blog\/fr\/#\/schema\/person\/f93ddfccc2f63dd0916fb2c6e908337f"},"description":"La plage de Benicasim est une escale incontournable durant vos vacances. Mais laquelle choisir ? Voici une liste des principales plages. Ne les ratez pas !","breadcrumb":{"@id":"https:\/\/www.orangecosta.com\/blog\/fr\/plage-de-benicasim\/#breadcrumb"},"inLanguage":"fr-FR","potentialAction":[{"@type":"ReadAction","target":["https:\/\/www.orangecosta.com\/blog\/fr\/plage-de-benicasim\/"]}]},{"@type":"ImageObject","inLanguage":"fr-FR","@id":"https:\/\/www.orangecosta.com\/blog\/fr\/plage-de-benicasim\/#primaryimage","url":"https:\/\/www.orangecosta.com\/blog\/wp-content\/uploads\/2022\/12\/ga38d42705cc352e0ef08b12a73975a72f9035193512c853f456a3b7f00eeee6f4cadb770e2f2f32b1351b75d39851e676a8f380697b95a7a61911bc4febe508b_1280.jpg","contentUrl":"https:\/\/www.orangecosta.com\/blog\/wp-content\/uploads\/2022\/12\/ga38d42705cc352e0ef08b12a73975a72f9035193512c853f456a3b7f00eeee6f4cadb770e2f2f32b1351b75d39851e676a8f380697b95a7a61911bc4febe508b_1280.jpg","width":1280,"height":720},{"@type":"BreadcrumbList","@id":"https:\/\/www.orangecosta.com\/blog\/fr\/plage-de-benicasim\/#breadcrumb","itemListElement":[{"@type":"ListItem","position":1,"name":"Home","item":"https:\/\/www.orangecosta.com\/blog\/fr\/"},{"@type":"ListItem","position":2,"name":"Quelle est la meilleure plage de Benicasim ?"}]},{"@type":"WebSite","@id":"https:\/\/www.orangecosta.com\/blog\/fr\/#website","url":"https:\/\/www.orangecosta.com\/blog\/fr\/","name":"Blog turismo Orange Costa","description":"Orangecosta","potentialAction":[{"@type":"SearchAction","target":{"@type":"EntryPoint","urlTemplate":"https:\/\/www.orangecosta.com\/blog\/fr\/?s={search_term_string}"},"query-input":{"@type":"PropertyValueSpecification","valueRequired":true,"valueName":"search_term_string"}}],"inLanguage":"fr-FR"},{"@type":"Person","@id":"https:\/\/www.orangecosta.com\/blog\/fr\/#\/schema\/person\/f93ddfccc2f63dd0916fb2c6e908337f","name":"digitalservices","image":{"@type":"ImageObject","inLanguage":"fr-FR","@id":"https:\/\/secure.gravatar.com\/avatar\/af30f88a1904294c1f3eb09a9d7903eec4ffa18fa2cf40c28a8681014ecdfc20?s=96&d=mm&r=g","url":"https:\/\/secure.gravatar.com\/avatar\/af30f88a1904294c1f3eb09a9d7903eec4ffa18fa2cf40c28a8681014ecdfc20?s=96&d=mm&r=g","contentUrl":"https:\/\/secure.gravatar.com\/avatar\/af30f88a1904294c1f3eb09a9d7903eec4ffa18fa2cf40c28a8681014ecdfc20?s=96&d=mm&r=g","caption":"digitalservices"},"url":"https:\/\/www.orangecosta.com\/blog\/fr\/author\/digitalservices\/"}]}},"_links":{"self":[{"href":"https:\/\/www.orangecosta.com\/blog\/fr\/wp-json\/wp\/v2\/posts\/623","targetHints":{"allow":["GET"]}}],"collection":[{"href":"https:\/\/www.orangecosta.com\/blog\/fr\/wp-json\/wp\/v2\/posts"}],"about":[{"href":"https:\/\/www.orangecosta.com\/blog\/fr\/wp-json\/wp\/v2\/types\/post"}],"author":[{"embeddable":true,"href":"https:\/\/www.orangecosta.com\/blog\/fr\/wp-json\/wp\/v2\/users\/3"}],"replies":[{"embeddable":true,"href":"https:\/\/www.orangecosta.com\/blog\/fr\/wp-json\/wp\/v2\/comments?post=623"}],"version-history":[{"count":9,"href":"https:\/\/www.orangecosta.com\/blog\/fr\/wp-json\/wp\/v2\/posts\/623\/revisions"}],"predecessor-version":[{"id":645,"href":"https:\/\/www.orangecosta.com\/blog\/fr\/wp-json\/wp\/v2\/posts\/623\/revisions\/645"}],"wp:featuredmedia":[{"embeddable":true,"href":"https:\/\/www.orangecosta.com\/blog\/fr\/wp-json\/wp\/v2\/media\/578"}],"wp:attachment":[{"href":"https:\/\/www.orangecosta.com\/blog\/fr\/wp-json\/wp\/v2\/media?parent=623"}],"wp:term":[{"taxonomy":"category","embeddable":true,"href":"https:\/\/www.orangecosta.com\/blog\/fr\/wp-json\/wp\/v2\/categories?post=623"},{"taxonomy":"post_tag","embeddable":true,"href":"https:\/\/www.orangecosta.com\/blog\/fr\/wp-json\/wp\/v2\/tags?post=623"}],"curies":[{"name":"wp","href":"https:\/\/api.w.org\/{rel}","templated":true}]}}