{"id":5535,"date":"2025-11-25T15:07:03","date_gmt":"2025-11-25T15:07:03","guid":{"rendered":"https:\/\/www.orangecosta.com\/blog\/chaise-touristique-orange\/"},"modified":"2025-11-25T15:07:04","modified_gmt":"2025-11-25T15:07:04","slug":"chaise-touristique-orange","status":"publish","type":"post","link":"https:\/\/www.orangecosta.com\/blog\/fr\/chaise-touristique-orange\/","title":{"rendered":"La chaise touristique Orange&nbsp;: l\u2019ic\u00f4ne la plus curieuse de la c\u00f4te"},"content":{"rendered":"\t\t<div data-elementor-type=\"wp-post\" data-elementor-id=\"5535\" class=\"elementor elementor-5535 elementor-5487\" data-elementor-post-type=\"post\">\n\t\t\t\t\t\t<section class=\"elementor-section elementor-top-section elementor-element elementor-element-10d0555e elementor-section-boxed elementor-section-height-default elementor-section-height-default\" data-id=\"10d0555e\" data-element_type=\"section\" data-e-type=\"section\">\n\t\t\t\t\t\t<div class=\"elementor-container elementor-column-gap-default\">\n\t\t\t\t\t<div class=\"elementor-column elementor-col-100 elementor-top-column elementor-element elementor-element-21e288fe\" data-id=\"21e288fe\" data-element_type=\"column\" data-e-type=\"column\">\n\t\t\t<div class=\"elementor-widget-wrap elementor-element-populated\">\n\t\t\t\t\t\t<div class=\"elementor-element elementor-element-e0bf9bc elementor-widget elementor-widget-text-editor\" data-id=\"e0bf9bc\" data-element_type=\"widget\" data-e-type=\"widget\" data-widget_type=\"text-editor.default\">\n\t\t\t\t<div class=\"elementor-widget-container\">\n\t\t\t\t\t\t\t\t\t<p style=\"font-weight: 400;\">La chaise touristique Orange est devenue l\u2019un de ces lieux qui commencent \u00e0 circuler sur les r\u00e9seaux et, sans que vous vous en rendiez compte, passent dans votre liste d\u2019endroits \u00e0 voir sur la c\u00f4te m\u00e9diterran\u00e9enne. Et ce n\u2019est pas pour rien. Cette structure \u00e9norme, aussi simple qu\u2019attrayante, est situ\u00e9e pr\u00e8s de Benic\u00e0ssim \u2014&nbsp;\u00e0 Castell\u00f3n&nbsp;\u2014 et est devenue un point de r\u00e9f\u00e9rence pour ceux qui recherchent une photo diff\u00e9rente.  <\/p><p style=\"font-weight: 400;\"><strong>Ce qui est curieux, c\u2019est que, bien qu\u2019il ne s\u2019agisse que d\u2019une chaise g\u00e9ante, elle a quelque chose d\u2019accrocheur&nbsp;: la couleur, le contraste avec le paysage, la perspective et le fait qu\u2019elle soit plac\u00e9e \u00e0 un endroit o\u00f9 la mer et les environs se pr\u00eatent \u00e0 la r\u00e9alisation de photos vraiment cool. <\/strong>C\u2019est pourquoi de plus en plus de personnes la visitent, montent jusqu\u2019\u00e0 elle ou font un d\u00e9tour pour la voir en personne.<\/p><p style=\"font-weight: 400;\">Allez, nous vous racontons tous les d\u00e9tails pour venir la d\u00e9couvrir.<\/p>\t\t\t\t\t\t\t\t<\/div>\n\t\t\t\t<\/div>\n\t\t\t\t\t<\/div>\n\t\t<\/div>\n\t\t\t\t\t<\/div>\n\t\t<\/section>\n\t\t\t\t<section class=\"elementor-section elementor-top-section elementor-element elementor-element-787dd479 elementor-section-boxed elementor-section-height-default elementor-section-height-default\" data-id=\"787dd479\" data-element_type=\"section\" data-e-type=\"section\">\n\t\t\t\t\t\t<div class=\"elementor-container elementor-column-gap-default\">\n\t\t\t\t\t<div class=\"elementor-column elementor-col-100 elementor-top-column elementor-element elementor-element-18c63570\" data-id=\"18c63570\" data-element_type=\"column\" data-e-type=\"column\">\n\t\t\t<div class=\"elementor-widget-wrap elementor-element-populated\">\n\t\t\t\t\t\t<div class=\"elementor-element elementor-element-7b98bce5 elementor-widget elementor-widget-table-of-contents\" data-id=\"7b98bce5\" data-element_type=\"widget\" data-e-type=\"widget\" data-settings=\"{&quot;headings_by_tags&quot;:[&quot;h2&quot;],&quot;exclude_headings_by_selector&quot;:[],&quot;marker_view&quot;:&quot;bullets&quot;,&quot;icon&quot;:{&quot;value&quot;:&quot;&quot;,&quot;library&quot;:&quot;&quot;},&quot;no_headings_message&quot;:&quot;No se ha encontrado ning\\u00fan encabezado en esta p\\u00e1gina.&quot;,&quot;hierarchical_view&quot;:&quot;yes&quot;,&quot;min_height&quot;:{&quot;unit&quot;:&quot;px&quot;,&quot;size&quot;:&quot;&quot;,&quot;sizes&quot;:[]},&quot;min_height_tablet&quot;:{&quot;unit&quot;:&quot;px&quot;,&quot;size&quot;:&quot;&quot;,&quot;sizes&quot;:[]},&quot;min_height_mobile&quot;:{&quot;unit&quot;:&quot;px&quot;,&quot;size&quot;:&quot;&quot;,&quot;sizes&quot;:[]}}\" data-widget_type=\"table-of-contents.default\">\n\t\t\t\t<div class=\"elementor-widget-container\">\n\t\t\t\t\t\t\t\t\t<div class=\"elementor-toc__header\">\n\t\t\t\t\t\t<div class=\"elementor-toc__header-title\">\n\t\t\t\tSOMMAIRE\t\t\t<\/div>\n\t\t\t\t\t\t\t\t<\/div>\n\t\t\t\t<div id=\"elementor-toc__7b98bce5\" class=\"elementor-toc__body\">\n\t\t\t<div class=\"elementor-toc__spinner-container\">\n\t\t\t\t<i class=\"elementor-toc__spinner eicon-animation-spin eicon-loading\" aria-hidden=\"true\"><\/i>\t\t\t<\/div>\n\t\t<\/div>\n\t\t\t\t\t\t<\/div>\n\t\t\t\t<\/div>\n\t\t\t\t\t<\/div>\n\t\t<\/div>\n\t\t\t\t\t<\/div>\n\t\t<\/section>\n\t\t\t\t<section class=\"elementor-section elementor-top-section elementor-element elementor-element-2dbbd5b7 elementor-section-boxed elementor-section-height-default elementor-section-height-default\" data-id=\"2dbbd5b7\" data-element_type=\"section\" data-e-type=\"section\">\n\t\t\t\t\t\t<div class=\"elementor-container elementor-column-gap-default\">\n\t\t\t\t\t<div class=\"elementor-column elementor-col-100 elementor-top-column elementor-element elementor-element-61bb36b9\" data-id=\"61bb36b9\" data-element_type=\"column\" data-e-type=\"column\">\n\t\t\t<div class=\"elementor-widget-wrap elementor-element-populated\">\n\t\t\t\t\t\t<div class=\"elementor-element elementor-element-7a37bc62 elementor-widget elementor-widget-heading\" data-id=\"7a37bc62\" data-element_type=\"widget\" data-e-type=\"widget\" data-widget_type=\"heading.default\">\n\t\t\t\t<div class=\"elementor-widget-container\">\n\t\t\t\t\t<h2 class=\"elementor-heading-title elementor-size-default\">Comment est la chaise touristique Orange&nbsp;? <\/h2>\t\t\t\t<\/div>\n\t\t\t\t<\/div>\n\t\t\t\t<div class=\"elementor-element elementor-element-52ff85a1 elementor-widget elementor-widget-text-editor\" data-id=\"52ff85a1\" data-element_type=\"widget\" data-e-type=\"widget\" data-widget_type=\"text-editor.default\">\n\t\t\t\t<div class=\"elementor-widget-container\">\n\t\t\t\t\t\t\t\t\t<p style=\"font-weight: 400;\"><strong>Elle est g\u00e9ante<\/strong><strong>\u2014<\/strong><strong>quatre m\u00e8tres de haut<\/strong><strong>\u2014<\/strong><strong> et<\/strong> <strong>elle est con\u00e7ue pour que vous puissiez vous asseoir, monter dessus ou simplement l\u2019utiliser comme cadre naturel pour prendre quelques photos<\/strong>. D\u00e8s son installation, elle a commenc\u00e9 \u00e0 devenir virale et \u00e0 appara\u00eetre sur Instagram, TikTok et dans un tas de <g id=\"gid_6\">reels<\/g> de voyageurs qui passaient par Benic\u00e0ssim. Ce n\u2019est pas pour rien, n\u2019est-ce pas&nbsp;?  <\/p><p style=\"font-weight: 400;\">Et si vous regardez bien, son emplacement n\u2019est pas un hasard. <strong>Elle est plac\u00e9e \u00e0 un endroit d\u2019o\u00f9 l\u2019on voit une partie de la c\u00f4te de Benic\u00e0ssim, les chemins proches et certaines des montagnes de l\u2019int\u00e9rieur.<\/strong> C\u2019est-\u00e0-dire un endroit con\u00e7u pour que vous vous arr\u00eatiez, profitiez et, au passage, preniez la photo du voyage.<\/p><p><span style=\"font-weight: 400;\">Et attendez, car la chaise touristique Orange n\u2019est pas n\u00e9e comme un simple \u00e9l\u00e9ment d\u00e9coratif. <strong>Elle fait partie d\u2019un projet visant \u00e0 cr\u00e9er des points photographiques et des belv\u00e9d\u00e8res originaux le long de la c\u00f4te de Castell\u00f3n<\/strong>. L\u2019id\u00e9e de placer une structure grande, facile \u00e0 reconna\u00eetre et avec une couleur qui attire l\u2019attention de loin\u2026 a fonctionn\u00e9. \u00c0 tel point qu\u2019<strong>au total, il y en a sept que vous pouvez visiter<\/strong>&nbsp;: bleue, rouge, rose, jaune, verte et blanche. Ah&nbsp;! Et l\u2019orange, qui est notre pr\u00e9f\u00e9r\u00e9e de la c\u00e9l\u00e8bre \u00ab&nbsp;Route des 7&nbsp;Chaises&nbsp;\u00bb.    <\/span><\/p>\t\t\t\t\t\t\t\t<\/div>\n\t\t\t\t<\/div>\n\t\t\t\t<div class=\"elementor-element elementor-element-8e6f13f elementor-widget elementor-widget-google_maps\" data-id=\"8e6f13f\" data-element_type=\"widget\" data-e-type=\"widget\" data-widget_type=\"google_maps.default\">\n\t\t\t\t<div class=\"elementor-widget-container\">\n\t\t\t\t\t\t\t<div class=\"elementor-custom-embed\">\n\t\t\t<iframe loading=\"lazy\"\n\t\t\t\t\tsrc=\"https:\/\/maps.google.com\/maps?q=silla%20turistica%20naranja&#038;t=m&#038;z=10&#038;output=embed&#038;iwloc=near\"\n\t\t\t\t\ttitle=\"silla turistica naranja\"\n\t\t\t\t\taria-label=\"silla turistica naranja\"\n\t\t\t><\/iframe>\n\t\t<\/div>\n\t\t\t\t\t\t<\/div>\n\t\t\t\t<\/div>\n\t\t\t\t\t<\/div>\n\t\t<\/div>\n\t\t\t\t\t<\/div>\n\t\t<\/section>\n\t\t\t\t<section class=\"elementor-section elementor-top-section elementor-element elementor-element-ededbab elementor-section-boxed elementor-section-height-default elementor-section-height-default\" data-id=\"ededbab\" data-element_type=\"section\" data-e-type=\"section\">\n\t\t\t\t\t\t<div class=\"elementor-container elementor-column-gap-default\">\n\t\t\t\t\t<div class=\"elementor-column elementor-col-100 elementor-top-column elementor-element elementor-element-a46f163\" data-id=\"a46f163\" data-element_type=\"column\" data-e-type=\"column\">\n\t\t\t<div class=\"elementor-widget-wrap elementor-element-populated\">\n\t\t\t\t\t\t<div class=\"elementor-element elementor-element-a741e1d elementor-widget elementor-widget-heading\" data-id=\"a741e1d\" data-element_type=\"widget\" data-e-type=\"widget\" data-widget_type=\"heading.default\">\n\t\t\t\t<div class=\"elementor-widget-container\">\n\t\t\t\t\t<h2 class=\"elementor-heading-title elementor-size-default\">Comment trouver les chaises g\u00e9antes \u00e0 Castell\u00f3n&nbsp;? <\/h2>\t\t\t\t<\/div>\n\t\t\t\t<\/div>\n\t\t\t\t<div class=\"elementor-element elementor-element-b8fb93e elementor-widget elementor-widget-text-editor\" data-id=\"b8fb93e\" data-element_type=\"widget\" data-e-type=\"widget\" data-widget_type=\"text-editor.default\">\n\t\t\t\t<div class=\"elementor-widget-container\">\n\t\t\t\t\t\t\t\t\t<p style=\"font-weight: 400;\">Les c\u00e9l\u00e8bres chaises g\u00e9antes de Castell\u00f3n font partie d\u2019un projet touristique con\u00e7u pour cr\u00e9er des belv\u00e9d\u00e8res attrayants et tr\u00e8s photog\u00e9niques r\u00e9partis dans plusieurs localit\u00e9s de l\u2019int\u00e9rieur et de la c\u00f4te. <strong>Chacune a une couleur, un emplacement diff\u00e9rent et un charme propre.<\/strong><\/p><p style=\"font-weight: 400;\">Voici les sept&nbsp;chaises qui forment la route compl\u00e8te&nbsp;:<\/p><ul><li>Chaise jaune \u00e0 Vall d\u2019Alba<\/li><li>Chaise rouge \u00e0 Vilafam\u00e9s<\/li><li>Chaise rose \u00e0 La Torre d\u2019en Dom\u00e9nec<\/li><li>Chaise blanche \u00e0 Les Coves de Vinrom\u00e0<\/li><li>Chaise bleue \u00e0 Vilanova d\u2019Alcolea<\/li><li>Chaise verte \u00e0 Benlloc<\/li><\/ul><p style=\"font-weight: 400;\">Ah&nbsp;! <strong>Et il manque la protagoniste&nbsp;: la chaise touristique Orange, qui se trouve \u00e0 Cabanes<\/strong>. Et oui, il est tr\u00e8s facile de s\u2019y rendre. Il suffit de prendre la route qui relie Benic\u00e0ssim \u00e0 Cabanes et, en quelques minutes, vous verrez la d\u00e9viation signalis\u00e9e qui vous laisse pratiquement \u00e0 c\u00f4t\u00e9.  <\/p>\t\t\t\t\t\t\t\t<\/div>\n\t\t\t\t<\/div>\n\t\t\t\t<div class=\"elementor-element elementor-element-6b36e60 elementor-widget elementor-widget-image\" data-id=\"6b36e60\" data-element_type=\"widget\" data-e-type=\"widget\" data-widget_type=\"image.default\">\n\t\t\t\t<div class=\"elementor-widget-container\">\n\t\t\t\t\t\t\t\t\t\t\t\t\t\t\t<img fetchpriority=\"high\" decoding=\"async\" width=\"1360\" height=\"766\" src=\"https:\/\/www.orangecosta.com\/blog\/wp-content\/uploads\/2025\/11\/visitar-la-silla-gigante-naranja.webp\" class=\"attachment-full size-full wp-image-5517\" alt=\"visitar-la-silla-gigante-naranja\" srcset=\"https:\/\/www.orangecosta.com\/blog\/wp-content\/uploads\/2025\/11\/visitar-la-silla-gigante-naranja.webp 1360w, https:\/\/www.orangecosta.com\/blog\/wp-content\/uploads\/2025\/11\/visitar-la-silla-gigante-naranja-768x433.webp 768w\" sizes=\"(max-width: 1360px) 100vw, 1360px\" \/>\t\t\t\t\t\t\t\t\t\t\t\t\t\t\t<\/div>\n\t\t\t\t<\/div>\n\t\t\t\t\t<\/div>\n\t\t<\/div>\n\t\t\t\t\t<\/div>\n\t\t<\/section>\n\t\t\t\t<section class=\"elementor-section elementor-top-section elementor-element elementor-element-98f7af7 elementor-section-boxed elementor-section-height-default elementor-section-height-default\" data-id=\"98f7af7\" data-element_type=\"section\" data-e-type=\"section\">\n\t\t\t\t\t\t<div class=\"elementor-container elementor-column-gap-default\">\n\t\t\t\t\t<div class=\"elementor-column elementor-col-100 elementor-top-column elementor-element elementor-element-5d92a91\" data-id=\"5d92a91\" data-element_type=\"column\" data-e-type=\"column\">\n\t\t\t<div class=\"elementor-widget-wrap elementor-element-populated\">\n\t\t\t\t\t\t<div class=\"elementor-element elementor-element-09175b2 elementor-widget elementor-widget-heading\" data-id=\"09175b2\" data-element_type=\"widget\" data-e-type=\"widget\" data-widget_type=\"heading.default\">\n\t\t\t\t<div class=\"elementor-widget-container\">\n\t\t\t\t\t<h2 class=\"elementor-heading-title elementor-size-default\">Conseils pour profiter au maximum de la chaise Orange<\/h2>\t\t\t\t<\/div>\n\t\t\t\t<\/div>\n\t\t\t\t<div class=\"elementor-element elementor-element-92f6602 elementor-widget elementor-widget-text-editor\" data-id=\"92f6602\" data-element_type=\"widget\" data-e-type=\"widget\" data-widget_type=\"text-editor.default\">\n\t\t\t\t<div class=\"elementor-widget-container\">\n\t\t\t\t\t\t\t\t\t<p style=\"font-weight: 400;\">Si vous voulez que votre visite \u00e0 la chaise touristique Orange soit r\u00e9ussie, il y a quelques \u00e9l\u00e9ments \u00e0 prendre en compte. La premi\u00e8re, la lumi\u00e8re. La meilleure p\u00e9riode pour la visiter est le printemps ou l\u2019automne, lorsque le climat est agr\u00e9able, qu\u2019il y a moins de monde et que les couleurs du paysage ressortent beaucoup plus sur les photos. L\u2019\u00e9t\u00e9 est \u00e9galement une bonne id\u00e9e, mais si vous pouvez \u00e9viter les heures centrales de la journ\u00e9e, c\u2019est mieux. Quant au moment<strong>, les premi\u00e8res heures du matin et le coucher du soleil sont les plus photog\u00e9niques.<\/strong>    <\/p><p style=\"font-weight: 400;\">Un autre conseil est de ne pas se contenter de la photo frontale. <strong>D\u00e9placez le cadre, descendez sur le chemin, contournez la structure et essayez sous diff\u00e9rents angles.<\/strong> L\u2019emplacement vous permettra de jouer pas mal avec la perspective et de prendre des photos tr\u00e8s diff\u00e9rentes en quelques minutes.<\/p>\t\t\t\t\t\t\t\t<\/div>\n\t\t\t\t<\/div>\n\t\t\t\t\t<\/div>\n\t\t<\/div>\n\t\t\t\t\t<\/div>\n\t\t<\/section>\n\t\t\t\t<section class=\"elementor-section elementor-top-section elementor-element elementor-element-86cf754 elementor-section-boxed elementor-section-height-default elementor-section-height-default\" data-id=\"86cf754\" data-element_type=\"section\" data-e-type=\"section\">\n\t\t\t\t\t\t<div class=\"elementor-container elementor-column-gap-default\">\n\t\t\t\t\t<div class=\"elementor-column elementor-col-100 elementor-top-column elementor-element elementor-element-c5d8d4c\" data-id=\"c5d8d4c\" data-element_type=\"column\" data-e-type=\"column\">\n\t\t\t<div class=\"elementor-widget-wrap elementor-element-populated\">\n\t\t\t\t\t\t<div class=\"elementor-element elementor-element-8c304e4 elementor-widget elementor-widget-heading\" data-id=\"8c304e4\" data-element_type=\"widget\" data-e-type=\"widget\" data-widget_type=\"heading.default\">\n\t\t\t\t<div class=\"elementor-widget-container\">\n\t\t\t\t\t<h2 class=\"elementor-heading-title elementor-size-default\">Que voir pr\u00e8s de la chaise Orange&nbsp;? <\/h2>\t\t\t\t<\/div>\n\t\t\t\t<\/div>\n\t\t\t\t<div class=\"elementor-element elementor-element-2283576 elementor-widget elementor-widget-text-editor\" data-id=\"2283576\" data-element_type=\"widget\" data-e-type=\"widget\" data-widget_type=\"text-editor.default\">\n\t\t\t\t<div class=\"elementor-widget-container\">\n\t\t\t\t\t\t\t\t\t<p style=\"font-weight: 400;\">La chaise touristique Orange n\u2019est que le d\u00e9but. D\u00e8s que vous aurez fini de prendre votre photo, vous aurez un tas de projets \u00e0 proximit\u00e9 pour continuer \u00e0 profiter de Castell\u00f3n. <\/p><p style=\"font-weight: 400;\"><strong>Si vous avez envie de mer, allez jusqu\u2019\u00e0 la <\/strong><a href=\"https:\/\/www.orangecosta.com\/blog\/fr\/playa-voramar-benicassim-2\/\"><strong>plage de Voramar<\/strong><\/a><strong>. C\u2019est l\u2019une de ces plages vraiment magnifiques<\/strong>&nbsp;; elle poss\u00e8de une promenade maritime, de vieilles maisons donnant sur l\u2019eau et une ambiance des plus relaxantes. Parfaite pour se promener, prendre un verre ou simplement s\u2019asseoir pour \u00e9couter les vagues. <\/p><p style=\"font-weight: 400;\">Vous pr\u00e9f\u00e9rez la nature&nbsp;? Alors choisissez de visiter le <g id=\"gid_0\">d\u00e9sert des Palmiers<\/g>. Il est tr\u00e8s proche et parfait pour faire une randonn\u00e9e facile, monter \u00e0 un belv\u00e9d\u00e8re et profiter de ces vues imprenables sur la c\u00f4te.  <\/p><p style=\"font-weight: 400;\">Si vous avez envie de continuer \u00e0 d\u00e9couvrir la r\u00e9gion, il y a une infinit\u00e9 de choses <a href=\"https:\/\/www.orangecosta.com\/blog\/fr\/visiter-benicassim-nous-vous-devoilons-tous-ses-charmes\/\">\u00e0 voir \u00e0 Benic\u00e0ssim<\/a> qui valent la peine&nbsp;: <strong>la promenade des palmiers sym\u00e9triques \u2014&nbsp;id\u00e9ale pour continuer \u00e0 prendre des photos&nbsp;\u2014, la Route des Villas ou simplement parcourir la promenade maritime avec calme.<\/strong><\/p><p style=\"font-weight: 400;\">Et attendez, car en plus de la chaise touristique Orange, il y a aussi une autre s\u00e9rie de sculptures que vous devez conna\u00eetre&nbsp;: la <strong>\u00ab&nbsp;Route des 7&nbsp;V\u00e9los G\u00e9ants&nbsp;\u00bb, d\u2019autres colosses de plusieurs m\u00e8tres de haut qui vont vous laisser la galerie remplie de photos tr\u00e8s curieuses.<\/strong><\/p><p style=\"font-weight: 400;\">Y avait-il ou non des choses <a href=\"https:\/\/www.orangecosta.com\/blog\/fr\/que-faire-a-benicasim\/\">\u00e0 faire \u00e0 Benic\u00e0ssim<\/a> et pr\u00e8s de la chaise touristique Orange&nbsp;?<\/p>\t\t\t\t\t\t\t\t<\/div>\n\t\t\t\t<\/div>\n\t\t\t\t<div class=\"elementor-element elementor-element-4d6d6f9 elementor-widget elementor-widget-image\" data-id=\"4d6d6f9\" data-element_type=\"widget\" data-e-type=\"widget\" data-widget_type=\"image.default\">\n\t\t\t\t<div class=\"elementor-widget-container\">\n\t\t\t\t\t\t\t\t\t\t\t\t\t\t\t<img decoding=\"async\" width=\"1360\" height=\"766\" src=\"https:\/\/www.orangecosta.com\/blog\/wp-content\/uploads\/2025\/11\/Silla-naranja-gigante.webp\" class=\"attachment-full size-full wp-image-5514\" alt=\"Silla-naranja-gigante\" srcset=\"https:\/\/www.orangecosta.com\/blog\/wp-content\/uploads\/2025\/11\/Silla-naranja-gigante.webp 1360w, https:\/\/www.orangecosta.com\/blog\/wp-content\/uploads\/2025\/11\/Silla-naranja-gigante-768x433.webp 768w\" sizes=\"(max-width: 1360px) 100vw, 1360px\" \/>\t\t\t\t\t\t\t\t\t\t\t\t\t\t\t<\/div>\n\t\t\t\t<\/div>\n\t\t\t\t\t<\/div>\n\t\t<\/div>\n\t\t\t\t\t<\/div>\n\t\t<\/section>\n\t\t\t\t<section class=\"elementor-section elementor-top-section elementor-element elementor-element-54680443 elementor-section-boxed elementor-section-height-default elementor-section-height-default\" data-id=\"54680443\" data-element_type=\"section\" data-e-type=\"section\">\n\t\t\t\t\t\t<div class=\"elementor-container elementor-column-gap-default\">\n\t\t\t\t\t<div class=\"elementor-column elementor-col-100 elementor-top-column elementor-element elementor-element-199f68e2\" data-id=\"199f68e2\" data-element_type=\"column\" data-e-type=\"column\">\n\t\t\t<div class=\"elementor-widget-wrap elementor-element-populated\">\n\t\t\t\t\t\t<div class=\"elementor-element elementor-element-1dff287b elementor-widget elementor-widget-heading\" data-id=\"1dff287b\" data-element_type=\"widget\" data-e-type=\"widget\" data-widget_type=\"heading.default\">\n\t\t\t\t<div class=\"elementor-widget-container\">\n\t\t\t\t\t<h2 class=\"elementor-heading-title elementor-size-default\">O\u00f9 se loger pour d\u00e9couvrir la chaise touristique Orange&nbsp;? <\/h2>\t\t\t\t<\/div>\n\t\t\t\t<\/div>\n\t\t\t\t<div class=\"elementor-element elementor-element-74957170 elementor-widget elementor-widget-text-editor\" data-id=\"74957170\" data-element_type=\"widget\" data-e-type=\"widget\" data-widget_type=\"text-editor.default\">\n\t\t\t\t<div class=\"elementor-widget-container\">\n\t\t\t\t\t\t\t\t\t<p style=\"font-weight: 400;\">Si vous avez envie de venir voir la chaise touristique Orange et que vous voulez en profiter pour faire aussi la route compl\u00e8te \u2014&nbsp;ou m\u00eame celle des v\u00e9los g\u00e9ants&nbsp;\u2014, <strong>le mieux est de se loger dans un point strat\u00e9gique<\/strong>. Cette zone de Castell\u00f3n a beaucoup de choses autour, mais les distances entre les villages peuvent vous faire perdre du temps si vous ne choisissez pas bien o\u00f9 dormir. <\/p><p style=\"font-weight: 400;\"><strong>C\u2019est pourquoi les logements que nous avons chez <\/strong><a href=\"https:\/\/www.orangecosta.com\/\"><strong>Orange Costa<\/strong><\/a><strong> correspondent si bien \u00e0 ce plan.<\/strong> Ils sont \u00e0 Benic\u00e0ssim, \u00e0 deux pas de Cabanes \u2014&nbsp;o\u00f9 se trouve la chaise orange&nbsp;\u2014, pr\u00e8s de la mer et aussi de Vall d\u2019Alba, Vilafam\u00e9s, Benlloc et du reste des communes o\u00f9 se trouvent les autres chaises.<\/p><p style=\"font-weight: 400;\">De plus, ce sont des appartements spacieux, confortables, parfaits pour se reposer apr\u00e8s une journ\u00e9e de visite de ces structures\u2026 ce qui est bien n\u00e9cessaire.<\/p><p style=\"font-weight: 400;\">Alors, venez-vous d\u00e9couvrir en personne la chaise touristique Orange avec <a href=\"https:\/\/www.orangecosta.com\/\">Orange Costa<\/a>&nbsp;?<\/p>\t\t\t\t\t\t\t\t<\/div>\n\t\t\t\t<\/div>\n\t\t\t\t\t<\/div>\n\t\t<\/div>\n\t\t\t\t\t<\/div>\n\t\t<\/section>\n\t\t\t\t<\/div>\n\t\t","protected":false},"excerpt":{"rendered":"<p>La chaise touristique Orange est devenue l\u2019un de ces lieux qui commencent \u00e0 circuler sur les r\u00e9seaux et, sans que&#8230;<\/p>\n","protected":false},"author":6,"featured_media":5520,"comment_status":"open","ping_status":"open","sticky":false,"template":"","format":"standard","meta":{"footnotes":""},"categories":[58],"tags":[],"class_list":["post-5535","post","type-post","status-publish","format-standard","has-post-thumbnail","hentry","category-benicasim-fr"],"yoast_head":"<!-- This site is optimized with the Yoast SEO plugin v27.5 - https:\/\/yoast.com\/product\/yoast-seo-wordpress\/ -->\n<title>La chaise touristique Orange&nbsp;: l\u2019ic\u00f4ne la plus curieuse de la c\u00f4te - Blog turismo Orange Costa<\/title>\n<meta name=\"description\" content=\"D\u00e9couvrez la chaise touristique Orange et la route des 7\u00a0chaises g\u00e9antes \u00e0 Castell\u00f3n, un parcours rempli d\u2019\u00e9normes sculptures qui vont vous surprendre.\" \/>\n<meta name=\"robots\" content=\"index, follow, max-snippet:-1, max-image-preview:large, max-video-preview:-1\" \/>\n<link rel=\"canonical\" href=\"https:\/\/www.orangecosta.com\/blog\/fr\/chaise-touristique-orange\/\" \/>\n<meta property=\"og:locale\" content=\"fr_FR\" \/>\n<meta property=\"og:type\" content=\"article\" \/>\n<meta property=\"og:title\" content=\"La chaise touristique Orange&nbsp;: l\u2019ic\u00f4ne la plus curieuse de la c\u00f4te - Blog turismo Orange Costa\" \/>\n<meta property=\"og:description\" content=\"D\u00e9couvrez la chaise touristique Orange et la route des 7\u00a0chaises g\u00e9antes \u00e0 Castell\u00f3n, un parcours rempli d\u2019\u00e9normes sculptures qui vont vous surprendre.\" \/>\n<meta property=\"og:url\" content=\"https:\/\/www.orangecosta.com\/blog\/fr\/chaise-touristique-orange\/\" \/>\n<meta property=\"og:site_name\" content=\"Blog turismo Orange Costa\" \/>\n<meta property=\"article:published_time\" content=\"2025-11-25T15:07:03+00:00\" \/>\n<meta property=\"article:modified_time\" content=\"2025-11-25T15:07:04+00:00\" \/>\n<meta property=\"og:image\" content=\"https:\/\/www.orangecosta.com\/blog\/wp-content\/uploads\/2025\/11\/Silla-naranja-castellon.webp\" \/>\n\t<meta property=\"og:image:width\" content=\"1360\" \/>\n\t<meta property=\"og:image:height\" content=\"1020\" \/>\n\t<meta property=\"og:image:type\" content=\"image\/webp\" \/>\n<meta name=\"author\" content=\"Laura\" \/>\n<meta name=\"twitter:card\" content=\"summary_large_image\" \/>\n<meta name=\"twitter:label1\" content=\"\u00c9crit par\" \/>\n\t<meta name=\"twitter:data1\" content=\"Laura\" \/>\n\t<meta name=\"twitter:label2\" content=\"Dur\u00e9e de lecture estim\u00e9e\" \/>\n\t<meta name=\"twitter:data2\" content=\"6 minutes\" \/>\n<script type=\"application\/ld+json\" class=\"yoast-schema-graph\">{\"@context\":\"https:\\\/\\\/schema.org\",\"@graph\":[{\"@type\":\"Article\",\"@id\":\"https:\\\/\\\/www.orangecosta.com\\\/blog\\\/fr\\\/chaise-touristique-orange\\\/#article\",\"isPartOf\":{\"@id\":\"https:\\\/\\\/www.orangecosta.com\\\/blog\\\/fr\\\/chaise-touristique-orange\\\/\"},\"author\":{\"name\":\"Laura\",\"@id\":\"https:\\\/\\\/www.orangecosta.com\\\/blog\\\/fr\\\/#\\\/schema\\\/person\\\/a7ca15a09bbee143432bcd80d4eda51b\"},\"headline\":\"La chaise touristique Orange&nbsp;: l\u2019ic\u00f4ne la plus curieuse de la c\u00f4te\",\"datePublished\":\"2025-11-25T15:07:03+00:00\",\"dateModified\":\"2025-11-25T15:07:04+00:00\",\"mainEntityOfPage\":{\"@id\":\"https:\\\/\\\/www.orangecosta.com\\\/blog\\\/fr\\\/chaise-touristique-orange\\\/\"},\"wordCount\":1245,\"commentCount\":0,\"image\":{\"@id\":\"https:\\\/\\\/www.orangecosta.com\\\/blog\\\/fr\\\/chaise-touristique-orange\\\/#primaryimage\"},\"thumbnailUrl\":\"https:\\\/\\\/www.orangecosta.com\\\/blog\\\/wp-content\\\/uploads\\\/2025\\\/11\\\/Silla-naranja-castellon.webp\",\"articleSection\":[\"Benicasim\"],\"inLanguage\":\"fr-FR\",\"potentialAction\":[{\"@type\":\"CommentAction\",\"name\":\"Comment\",\"target\":[\"https:\\\/\\\/www.orangecosta.com\\\/blog\\\/fr\\\/chaise-touristique-orange\\\/#respond\"]}]},{\"@type\":\"WebPage\",\"@id\":\"https:\\\/\\\/www.orangecosta.com\\\/blog\\\/fr\\\/chaise-touristique-orange\\\/\",\"url\":\"https:\\\/\\\/www.orangecosta.com\\\/blog\\\/fr\\\/chaise-touristique-orange\\\/\",\"name\":\"La chaise touristique Orange&nbsp;: l\u2019ic\u00f4ne la plus curieuse de la c\u00f4te - Blog turismo Orange Costa\",\"isPartOf\":{\"@id\":\"https:\\\/\\\/www.orangecosta.com\\\/blog\\\/fr\\\/#website\"},\"primaryImageOfPage\":{\"@id\":\"https:\\\/\\\/www.orangecosta.com\\\/blog\\\/fr\\\/chaise-touristique-orange\\\/#primaryimage\"},\"image\":{\"@id\":\"https:\\\/\\\/www.orangecosta.com\\\/blog\\\/fr\\\/chaise-touristique-orange\\\/#primaryimage\"},\"thumbnailUrl\":\"https:\\\/\\\/www.orangecosta.com\\\/blog\\\/wp-content\\\/uploads\\\/2025\\\/11\\\/Silla-naranja-castellon.webp\",\"datePublished\":\"2025-11-25T15:07:03+00:00\",\"dateModified\":\"2025-11-25T15:07:04+00:00\",\"author\":{\"@id\":\"https:\\\/\\\/www.orangecosta.com\\\/blog\\\/fr\\\/#\\\/schema\\\/person\\\/a7ca15a09bbee143432bcd80d4eda51b\"},\"description\":\"D\u00e9couvrez la chaise touristique Orange et la route des 7\u00a0chaises g\u00e9antes \u00e0 Castell\u00f3n, un parcours rempli d\u2019\u00e9normes sculptures qui vont vous surprendre.\",\"breadcrumb\":{\"@id\":\"https:\\\/\\\/www.orangecosta.com\\\/blog\\\/fr\\\/chaise-touristique-orange\\\/#breadcrumb\"},\"inLanguage\":\"fr-FR\",\"potentialAction\":[{\"@type\":\"ReadAction\",\"target\":[\"https:\\\/\\\/www.orangecosta.com\\\/blog\\\/fr\\\/chaise-touristique-orange\\\/\"]}]},{\"@type\":\"ImageObject\",\"inLanguage\":\"fr-FR\",\"@id\":\"https:\\\/\\\/www.orangecosta.com\\\/blog\\\/fr\\\/chaise-touristique-orange\\\/#primaryimage\",\"url\":\"https:\\\/\\\/www.orangecosta.com\\\/blog\\\/wp-content\\\/uploads\\\/2025\\\/11\\\/Silla-naranja-castellon.webp\",\"contentUrl\":\"https:\\\/\\\/www.orangecosta.com\\\/blog\\\/wp-content\\\/uploads\\\/2025\\\/11\\\/Silla-naranja-castellon.webp\",\"width\":1360,\"height\":1020,\"caption\":\"Silla naranja castellon\"},{\"@type\":\"BreadcrumbList\",\"@id\":\"https:\\\/\\\/www.orangecosta.com\\\/blog\\\/fr\\\/chaise-touristique-orange\\\/#breadcrumb\",\"itemListElement\":[{\"@type\":\"ListItem\",\"position\":1,\"name\":\"Home\",\"item\":\"https:\\\/\\\/www.orangecosta.com\\\/blog\\\/fr\\\/\"},{\"@type\":\"ListItem\",\"position\":2,\"name\":\"La chaise touristique Orange&nbsp;: l\u2019ic\u00f4ne la plus curieuse de la c\u00f4te\"}]},{\"@type\":\"WebSite\",\"@id\":\"https:\\\/\\\/www.orangecosta.com\\\/blog\\\/fr\\\/#website\",\"url\":\"https:\\\/\\\/www.orangecosta.com\\\/blog\\\/fr\\\/\",\"name\":\"Blog turismo Orange Costa\",\"description\":\"Orangecosta\",\"potentialAction\":[{\"@type\":\"SearchAction\",\"target\":{\"@type\":\"EntryPoint\",\"urlTemplate\":\"https:\\\/\\\/www.orangecosta.com\\\/blog\\\/fr\\\/?s={search_term_string}\"},\"query-input\":{\"@type\":\"PropertyValueSpecification\",\"valueRequired\":true,\"valueName\":\"search_term_string\"}}],\"inLanguage\":\"fr-FR\"},{\"@type\":\"Person\",\"@id\":\"https:\\\/\\\/www.orangecosta.com\\\/blog\\\/fr\\\/#\\\/schema\\\/person\\\/a7ca15a09bbee143432bcd80d4eda51b\",\"name\":\"Laura\",\"image\":{\"@type\":\"ImageObject\",\"inLanguage\":\"fr-FR\",\"@id\":\"https:\\\/\\\/secure.gravatar.com\\\/avatar\\\/38b396224481eeb6edadb558d7e4a6d1ff1c8ba1e6abd3951e451527e107c96b?s=96&d=mm&r=g\",\"url\":\"https:\\\/\\\/secure.gravatar.com\\\/avatar\\\/38b396224481eeb6edadb558d7e4a6d1ff1c8ba1e6abd3951e451527e107c96b?s=96&d=mm&r=g\",\"contentUrl\":\"https:\\\/\\\/secure.gravatar.com\\\/avatar\\\/38b396224481eeb6edadb558d7e4a6d1ff1c8ba1e6abd3951e451527e107c96b?s=96&d=mm&r=g\",\"caption\":\"Laura\"},\"url\":\"https:\\\/\\\/www.orangecosta.com\\\/blog\\\/fr\\\/author\\\/laura\\\/\"}]}<\/script>\n<!-- \/ Yoast SEO plugin. -->","yoast_head_json":{"title":"La chaise touristique Orange&nbsp;: l\u2019ic\u00f4ne la plus curieuse de la c\u00f4te - Blog turismo Orange Costa","description":"D\u00e9couvrez la chaise touristique Orange et la route des 7\u00a0chaises g\u00e9antes \u00e0 Castell\u00f3n, un parcours rempli d\u2019\u00e9normes sculptures qui vont vous surprendre.","robots":{"index":"index","follow":"follow","max-snippet":"max-snippet:-1","max-image-preview":"max-image-preview:large","max-video-preview":"max-video-preview:-1"},"canonical":"https:\/\/www.orangecosta.com\/blog\/fr\/chaise-touristique-orange\/","og_locale":"fr_FR","og_type":"article","og_title":"La chaise touristique Orange&nbsp;: l\u2019ic\u00f4ne la plus curieuse de la c\u00f4te - Blog turismo Orange Costa","og_description":"D\u00e9couvrez la chaise touristique Orange et la route des 7\u00a0chaises g\u00e9antes \u00e0 Castell\u00f3n, un parcours rempli d\u2019\u00e9normes sculptures qui vont vous surprendre.","og_url":"https:\/\/www.orangecosta.com\/blog\/fr\/chaise-touristique-orange\/","og_site_name":"Blog turismo Orange Costa","article_published_time":"2025-11-25T15:07:03+00:00","article_modified_time":"2025-11-25T15:07:04+00:00","og_image":[{"width":1360,"height":1020,"url":"https:\/\/www.orangecosta.com\/blog\/wp-content\/uploads\/2025\/11\/Silla-naranja-castellon.webp","type":"image\/webp"}],"author":"Laura","twitter_card":"summary_large_image","twitter_misc":{"\u00c9crit par":"Laura","Dur\u00e9e de lecture estim\u00e9e":"6 minutes"},"schema":{"@context":"https:\/\/schema.org","@graph":[{"@type":"Article","@id":"https:\/\/www.orangecosta.com\/blog\/fr\/chaise-touristique-orange\/#article","isPartOf":{"@id":"https:\/\/www.orangecosta.com\/blog\/fr\/chaise-touristique-orange\/"},"author":{"name":"Laura","@id":"https:\/\/www.orangecosta.com\/blog\/fr\/#\/schema\/person\/a7ca15a09bbee143432bcd80d4eda51b"},"headline":"La chaise touristique Orange&nbsp;: l\u2019ic\u00f4ne la plus curieuse de la c\u00f4te","datePublished":"2025-11-25T15:07:03+00:00","dateModified":"2025-11-25T15:07:04+00:00","mainEntityOfPage":{"@id":"https:\/\/www.orangecosta.com\/blog\/fr\/chaise-touristique-orange\/"},"wordCount":1245,"commentCount":0,"image":{"@id":"https:\/\/www.orangecosta.com\/blog\/fr\/chaise-touristique-orange\/#primaryimage"},"thumbnailUrl":"https:\/\/www.orangecosta.com\/blog\/wp-content\/uploads\/2025\/11\/Silla-naranja-castellon.webp","articleSection":["Benicasim"],"inLanguage":"fr-FR","potentialAction":[{"@type":"CommentAction","name":"Comment","target":["https:\/\/www.orangecosta.com\/blog\/fr\/chaise-touristique-orange\/#respond"]}]},{"@type":"WebPage","@id":"https:\/\/www.orangecosta.com\/blog\/fr\/chaise-touristique-orange\/","url":"https:\/\/www.orangecosta.com\/blog\/fr\/chaise-touristique-orange\/","name":"La chaise touristique Orange&nbsp;: l\u2019ic\u00f4ne la plus curieuse de la c\u00f4te - Blog turismo Orange Costa","isPartOf":{"@id":"https:\/\/www.orangecosta.com\/blog\/fr\/#website"},"primaryImageOfPage":{"@id":"https:\/\/www.orangecosta.com\/blog\/fr\/chaise-touristique-orange\/#primaryimage"},"image":{"@id":"https:\/\/www.orangecosta.com\/blog\/fr\/chaise-touristique-orange\/#primaryimage"},"thumbnailUrl":"https:\/\/www.orangecosta.com\/blog\/wp-content\/uploads\/2025\/11\/Silla-naranja-castellon.webp","datePublished":"2025-11-25T15:07:03+00:00","dateModified":"2025-11-25T15:07:04+00:00","author":{"@id":"https:\/\/www.orangecosta.com\/blog\/fr\/#\/schema\/person\/a7ca15a09bbee143432bcd80d4eda51b"},"description":"D\u00e9couvrez la chaise touristique Orange et la route des 7\u00a0chaises g\u00e9antes \u00e0 Castell\u00f3n, un parcours rempli d\u2019\u00e9normes sculptures qui vont vous surprendre.","breadcrumb":{"@id":"https:\/\/www.orangecosta.com\/blog\/fr\/chaise-touristique-orange\/#breadcrumb"},"inLanguage":"fr-FR","potentialAction":[{"@type":"ReadAction","target":["https:\/\/www.orangecosta.com\/blog\/fr\/chaise-touristique-orange\/"]}]},{"@type":"ImageObject","inLanguage":"fr-FR","@id":"https:\/\/www.orangecosta.com\/blog\/fr\/chaise-touristique-orange\/#primaryimage","url":"https:\/\/www.orangecosta.com\/blog\/wp-content\/uploads\/2025\/11\/Silla-naranja-castellon.webp","contentUrl":"https:\/\/www.orangecosta.com\/blog\/wp-content\/uploads\/2025\/11\/Silla-naranja-castellon.webp","width":1360,"height":1020,"caption":"Silla naranja castellon"},{"@type":"BreadcrumbList","@id":"https:\/\/www.orangecosta.com\/blog\/fr\/chaise-touristique-orange\/#breadcrumb","itemListElement":[{"@type":"ListItem","position":1,"name":"Home","item":"https:\/\/www.orangecosta.com\/blog\/fr\/"},{"@type":"ListItem","position":2,"name":"La chaise touristique Orange&nbsp;: l\u2019ic\u00f4ne la plus curieuse de la c\u00f4te"}]},{"@type":"WebSite","@id":"https:\/\/www.orangecosta.com\/blog\/fr\/#website","url":"https:\/\/www.orangecosta.com\/blog\/fr\/","name":"Blog turismo Orange Costa","description":"Orangecosta","potentialAction":[{"@type":"SearchAction","target":{"@type":"EntryPoint","urlTemplate":"https:\/\/www.orangecosta.com\/blog\/fr\/?s={search_term_string}"},"query-input":{"@type":"PropertyValueSpecification","valueRequired":true,"valueName":"search_term_string"}}],"inLanguage":"fr-FR"},{"@type":"Person","@id":"https:\/\/www.orangecosta.com\/blog\/fr\/#\/schema\/person\/a7ca15a09bbee143432bcd80d4eda51b","name":"Laura","image":{"@type":"ImageObject","inLanguage":"fr-FR","@id":"https:\/\/secure.gravatar.com\/avatar\/38b396224481eeb6edadb558d7e4a6d1ff1c8ba1e6abd3951e451527e107c96b?s=96&d=mm&r=g","url":"https:\/\/secure.gravatar.com\/avatar\/38b396224481eeb6edadb558d7e4a6d1ff1c8ba1e6abd3951e451527e107c96b?s=96&d=mm&r=g","contentUrl":"https:\/\/secure.gravatar.com\/avatar\/38b396224481eeb6edadb558d7e4a6d1ff1c8ba1e6abd3951e451527e107c96b?s=96&d=mm&r=g","caption":"Laura"},"url":"https:\/\/www.orangecosta.com\/blog\/fr\/author\/laura\/"}]}},"_links":{"self":[{"href":"https:\/\/www.orangecosta.com\/blog\/fr\/wp-json\/wp\/v2\/posts\/5535","targetHints":{"allow":["GET"]}}],"collection":[{"href":"https:\/\/www.orangecosta.com\/blog\/fr\/wp-json\/wp\/v2\/posts"}],"about":[{"href":"https:\/\/www.orangecosta.com\/blog\/fr\/wp-json\/wp\/v2\/types\/post"}],"author":[{"embeddable":true,"href":"https:\/\/www.orangecosta.com\/blog\/fr\/wp-json\/wp\/v2\/users\/6"}],"replies":[{"embeddable":true,"href":"https:\/\/www.orangecosta.com\/blog\/fr\/wp-json\/wp\/v2\/comments?post=5535"}],"version-history":[{"count":1,"href":"https:\/\/www.orangecosta.com\/blog\/fr\/wp-json\/wp\/v2\/posts\/5535\/revisions"}],"predecessor-version":[{"id":5536,"href":"https:\/\/www.orangecosta.com\/blog\/fr\/wp-json\/wp\/v2\/posts\/5535\/revisions\/5536"}],"wp:featuredmedia":[{"embeddable":true,"href":"https:\/\/www.orangecosta.com\/blog\/fr\/wp-json\/wp\/v2\/media\/5520"}],"wp:attachment":[{"href":"https:\/\/www.orangecosta.com\/blog\/fr\/wp-json\/wp\/v2\/media?parent=5535"}],"wp:term":[{"taxonomy":"category","embeddable":true,"href":"https:\/\/www.orangecosta.com\/blog\/fr\/wp-json\/wp\/v2\/categories?post=5535"},{"taxonomy":"post_tag","embeddable":true,"href":"https:\/\/www.orangecosta.com\/blog\/fr\/wp-json\/wp\/v2\/tags?post=5535"}],"curies":[{"name":"wp","href":"https:\/\/api.w.org\/{rel}","templated":true}]}}