{"id":1836,"date":"2023-09-13T14:45:45","date_gmt":"2023-09-13T14:45:45","guid":{"rendered":"https:\/\/www.orangecosta.com\/blog\/?p=1836"},"modified":"2024-06-05T11:10:02","modified_gmt":"2024-06-05T11:10:02","slug":"plage-alcossebre","status":"publish","type":"post","link":"https:\/\/www.orangecosta.com\/blog\/fr\/plage-alcossebre\/","title":{"rendered":"D\u00e9couvrez les plages d&rsquo;Alcossebre\u00a0: votre destination id\u00e9ale sur la Costa del Azahar"},"content":{"rendered":"\t\t<div data-elementor-type=\"wp-post\" data-elementor-id=\"1836\" class=\"elementor elementor-1836 elementor-1759\" data-elementor-post-type=\"post\">\n\t\t\t\t\t\t<section class=\"elementor-section elementor-top-section elementor-element elementor-element-4abb74bc elementor-section-boxed elementor-section-height-default elementor-section-height-default\" data-id=\"4abb74bc\" data-element_type=\"section\" data-e-type=\"section\">\n\t\t\t\t\t\t<div class=\"elementor-container elementor-column-gap-default\">\n\t\t\t\t\t<div class=\"elementor-column elementor-col-100 elementor-top-column elementor-element elementor-element-1a87c080\" data-id=\"1a87c080\" data-element_type=\"column\" data-e-type=\"column\">\n\t\t\t<div class=\"elementor-widget-wrap elementor-element-populated\">\n\t\t\t\t\t\t<div class=\"elementor-element elementor-element-cd803b7 elementor-widget elementor-widget-heading\" data-id=\"cd803b7\" data-element_type=\"widget\" data-e-type=\"widget\" data-widget_type=\"heading.default\">\n\t\t\t\t<div class=\"elementor-widget-container\">\n\t\t\t\t\t<h2 class=\"elementor-heading-title elementor-size-default\">Plages d'Alcossebre : plus qu'une simple plage<\/h2>\t\t\t\t<\/div>\n\t\t\t\t<\/div>\n\t\t\t\t<div class=\"elementor-element elementor-element-566e655b elementor-widget elementor-widget-text-editor\" data-id=\"566e655b\" data-element_type=\"widget\" data-e-type=\"widget\" data-widget_type=\"text-editor.default\">\n\t\t\t\t<div class=\"elementor-widget-container\">\n\t\t\t\t\t\t\t\t\t<p><span style=\"font-weight: 400;\">Alcossebre, v\u00e9ritable paradis sur la c\u00f4te espagnole, s\u00e9duit les visiteurs par ses plages de r\u00eave et ses eaux cristallines. Situ\u00e9e dans la r\u00e9gion pittoresque de Castell\u00f3n, cette charmante enclave c\u00f4ti\u00e8re est c\u00e9l\u00e8bre pour son littoral pr\u00e9serv\u00e9 et son atmosph\u00e8re d\u00e9tendue. Avec une vari\u00e9t\u00e9 de plages qui s&rsquo;\u00e9tendent le long de son littoral, Alcossebre offre un \u00e9ventail d\u2019options qui raviront tous les go\u00fbts. Des criques tranquilles et retir\u00e9es aux grandes plages de sable dor\u00e9, chaque recoin de ce joyau m\u00e9diterran\u00e9en promet une exp\u00e9rience unique en bord de mer.<\/span><\/p><p><span style=\"font-weight: 400;\">Vous trouverez ci-dessous les meilleures plages d&rsquo;Alcossebre pour tous les go\u00fbts.<\/span><\/p>\t\t\t\t\t\t\t\t<\/div>\n\t\t\t\t<\/div>\n\t\t\t\t\t<\/div>\n\t\t<\/div>\n\t\t\t\t\t<\/div>\n\t\t<\/section>\n\t\t\t\t<section class=\"elementor-section elementor-top-section elementor-element elementor-element-1d23b1f elementor-section-boxed elementor-section-height-default elementor-section-height-default\" data-id=\"1d23b1f\" data-element_type=\"section\" data-e-type=\"section\">\n\t\t\t\t\t\t<div class=\"elementor-container elementor-column-gap-default\">\n\t\t\t\t\t<div class=\"elementor-column elementor-col-100 elementor-top-column elementor-element elementor-element-6b014c2\" data-id=\"6b014c2\" data-element_type=\"column\" data-e-type=\"column\">\n\t\t\t<div class=\"elementor-widget-wrap elementor-element-populated\">\n\t\t\t\t\t\t<div class=\"elementor-element elementor-element-b4ae605 elementor-widget elementor-widget-heading\" data-id=\"b4ae605\" data-element_type=\"widget\" data-e-type=\"widget\" data-widget_type=\"heading.default\">\n\t\t\t\t<div class=\"elementor-widget-container\">\n\t\t\t\t\t<h2 class=\"elementor-heading-title elementor-size-default\">La plage de Las Fuentes<\/h2>\t\t\t\t<\/div>\n\t\t\t\t<\/div>\n\t\t\t\t\t<\/div>\n\t\t<\/div>\n\t\t\t\t\t<\/div>\n\t\t<\/section>\n\t\t\t\t<section class=\"elementor-section elementor-top-section elementor-element elementor-element-54d80f0 elementor-section-boxed elementor-section-height-default elementor-section-height-default\" data-id=\"54d80f0\" data-element_type=\"section\" data-e-type=\"section\">\n\t\t\t\t\t\t<div class=\"elementor-container elementor-column-gap-default\">\n\t\t\t\t\t<div class=\"elementor-column elementor-col-50 elementor-top-column elementor-element elementor-element-9c7bdb4\" data-id=\"9c7bdb4\" data-element_type=\"column\" data-e-type=\"column\">\n\t\t\t<div class=\"elementor-widget-wrap elementor-element-populated\">\n\t\t\t\t\t\t<div class=\"elementor-element elementor-element-3b52793 elementor-widget elementor-widget-text-editor\" data-id=\"3b52793\" data-element_type=\"widget\" data-e-type=\"widget\" data-widget_type=\"text-editor.default\">\n\t\t\t\t<div class=\"elementor-widget-container\">\n\t\t\t\t\t\t\t\t\t<p><span style=\"font-weight: 400;\">Elle tient son nom des nombreuses sources d&rsquo;eau douce qui jaillissent directement du sable et qui ont donn\u00e9 naissance \u00e0 une magnifique <\/span><b>palmeraie <\/b><span style=\"font-weight: 400;\">que l&rsquo;on peut encore appr\u00e9cier aujourd&rsquo;hui.<\/span><\/p><p><span style=\"background-color: transparent;\">Situ\u00e9e \u00e0 seulement deux kilom\u00e8tres du centre d&rsquo;Alcossebre, cette plage est r\u00e9put\u00e9e pour son <\/span><b style=\"background-color: transparent;\">sable fin et dor\u00e9<\/b><span style=\"background-color: transparent;\">, ainsi que pour ses eaux cristallines et calmes, parfaites pour la baignade et la pratique de sports nautiques. Elle est longue d&rsquo;environ 500\u00a0m\u00e8tres et est certifi\u00e9e Pavillon Bleu.<\/span><\/p>\t\t\t\t\t\t\t\t<\/div>\n\t\t\t\t<\/div>\n\t\t\t\t\t<\/div>\n\t\t<\/div>\n\t\t\t\t<div class=\"elementor-column elementor-col-50 elementor-top-column elementor-element elementor-element-4f6f8ed\" data-id=\"4f6f8ed\" data-element_type=\"column\" data-e-type=\"column\">\n\t\t\t<div class=\"elementor-widget-wrap elementor-element-populated\">\n\t\t\t\t\t\t<div class=\"elementor-element elementor-element-307c39e elementor-widget elementor-widget-image\" data-id=\"307c39e\" data-element_type=\"widget\" data-e-type=\"widget\" data-widget_type=\"image.default\">\n\t\t\t\t<div class=\"elementor-widget-container\">\n\t\t\t\t\t\t\t\t\t\t\t\t\t\t\t<img fetchpriority=\"high\" decoding=\"async\" width=\"723\" height=\"430\" src=\"https:\/\/www.orangecosta.com\/blog\/wp-content\/uploads\/2023\/09\/Playa-de-las-Fuentes-723x430.jpg\" class=\"attachment-post size-post wp-image-1783\" alt=\"Playa de las Fuentes\" \/>\t\t\t\t\t\t\t\t\t\t\t\t\t\t\t<\/div>\n\t\t\t\t<\/div>\n\t\t\t\t\t<\/div>\n\t\t<\/div>\n\t\t\t\t\t<\/div>\n\t\t<\/section>\n\t\t\t\t<section class=\"elementor-section elementor-top-section elementor-element elementor-element-83e9a38 elementor-section-boxed elementor-section-height-default elementor-section-height-default\" data-id=\"83e9a38\" data-element_type=\"section\" data-e-type=\"section\">\n\t\t\t\t\t\t<div class=\"elementor-container elementor-column-gap-default\">\n\t\t\t\t\t<div class=\"elementor-column elementor-col-100 elementor-top-column elementor-element elementor-element-c39f01b\" data-id=\"c39f01b\" data-element_type=\"column\" data-e-type=\"column\">\n\t\t\t<div class=\"elementor-widget-wrap elementor-element-populated\">\n\t\t\t\t\t\t<div class=\"elementor-element elementor-element-b4d105e elementor-widget elementor-widget-heading\" data-id=\"b4d105e\" data-element_type=\"widget\" data-e-type=\"widget\" data-widget_type=\"heading.default\">\n\t\t\t\t<div class=\"elementor-widget-container\">\n\t\t\t\t\t<h2 class=\"elementor-heading-title elementor-size-default\">La plage del Carregador<\/h2>\t\t\t\t<\/div>\n\t\t\t\t<\/div>\n\t\t\t\t<div class=\"elementor-element elementor-element-8177a1e elementor-widget elementor-widget-text-editor\" data-id=\"8177a1e\" data-element_type=\"widget\" data-e-type=\"widget\" data-widget_type=\"text-editor.default\">\n\t\t\t\t<div class=\"elementor-widget-container\">\n\t\t\t\t\t\t\t\t\t<p><span style=\"font-weight: 400;\">Cette <\/span><b>plage urbaine<\/b><span style=\"font-weight: 400;\">, la plus grande et la plus populaire, est le point de d\u00e9part de la merveilleuse route des plages du coin. D&rsquo;une longueur de plus de 800\u00a0m\u00e8tres, c&rsquo;est l&rsquo;endroit id\u00e9al si vous aimez les longues promenades en bord de mer.<\/span><\/p>\t\t\t\t\t\t\t\t<\/div>\n\t\t\t\t<\/div>\n\t\t\t\t\t<\/div>\n\t\t<\/div>\n\t\t\t\t\t<\/div>\n\t\t<\/section>\n\t\t\t\t<section class=\"elementor-section elementor-top-section elementor-element elementor-element-856720c elementor-section-boxed elementor-section-height-default elementor-section-height-default\" data-id=\"856720c\" data-element_type=\"section\" data-e-type=\"section\">\n\t\t\t\t\t\t<div class=\"elementor-container elementor-column-gap-default\">\n\t\t\t\t\t<div class=\"elementor-column elementor-col-50 elementor-top-column elementor-element elementor-element-5b96c68\" data-id=\"5b96c68\" data-element_type=\"column\" data-e-type=\"column\">\n\t\t\t<div class=\"elementor-widget-wrap elementor-element-populated\">\n\t\t\t\t\t\t<div class=\"elementor-element elementor-element-bf6788e elementor-widget elementor-widget-text-editor\" data-id=\"bf6788e\" data-element_type=\"widget\" data-e-type=\"widget\" data-widget_type=\"text-editor.default\">\n\t\t\t\t<div class=\"elementor-widget-container\">\n\t\t\t\t\t\t\t\t\t<p><span style=\"font-weight: 400;\">Son nom cache une curieuse histoire. \u00ab&nbsp;<\/span><i><span style=\"font-weight: 400;\">Carregador<\/span><\/i><span style=\"font-weight: 400;\">&nbsp;\u00bb<\/span> <span style=\"font-weight: 400;\">signifie \u00ab&nbsp;chargeur&nbsp;\u00bb en valencien, et ce nom fait r\u00e9f\u00e9rence \u00e0 son pass\u00e9 historique. Dans l&rsquo;Antiquit\u00e9, c&rsquo;est ici que <\/span><b>les navires chargeaient le pr\u00e9cieux caroube<\/b><span style=\"font-weight: 400;\">, un produit local qui \u00e9tait export\u00e9 vers d&rsquo;autres r\u00e9gions d&rsquo;Espagne et \u00e0 l&rsquo;\u00e9tranger. Bien que ces op\u00e9rations n&rsquo;aient plus lieu aujourd&rsquo;hui, le nom perdure comme un rappel de son pass\u00e9 remarquable.<\/span><\/p><p><span style=\"background-color: transparent;\">Outre son histoire, cette plage comporte <\/span><b style=\"background-color: transparent;\">d&rsquo;excellentes installations<\/b><span style=\"background-color: transparent;\">, des services de location de chaises longues et de parasols, un acc\u00e8s pour les personnes \u00e0 mobilit\u00e9 r\u00e9duite, des douches et des toilettes.<\/span><\/p>\t\t\t\t\t\t\t\t<\/div>\n\t\t\t\t<\/div>\n\t\t\t\t\t<\/div>\n\t\t<\/div>\n\t\t\t\t<div class=\"elementor-column elementor-col-50 elementor-top-column elementor-element elementor-element-bb62dc0\" data-id=\"bb62dc0\" data-element_type=\"column\" data-e-type=\"column\">\n\t\t\t<div class=\"elementor-widget-wrap elementor-element-populated\">\n\t\t\t\t\t\t<div class=\"elementor-element elementor-element-28808e2 elementor-widget elementor-widget-image\" data-id=\"28808e2\" data-element_type=\"widget\" data-e-type=\"widget\" data-widget_type=\"image.default\">\n\t\t\t\t<div class=\"elementor-widget-container\">\n\t\t\t\t\t\t\t\t\t\t\t\t\t\t\t<img decoding=\"async\" width=\"724\" height=\"430\" src=\"https:\/\/www.orangecosta.com\/blog\/wp-content\/uploads\/2023\/09\/Playa-del-Carregador-724x430.jpg\" class=\"attachment-post size-post wp-image-1786\" alt=\"Playa del Carregador\" \/>\t\t\t\t\t\t\t\t\t\t\t\t\t\t\t<\/div>\n\t\t\t\t<\/div>\n\t\t\t\t\t<\/div>\n\t\t<\/div>\n\t\t\t\t\t<\/div>\n\t\t<\/section>\n\t\t\t\t<section class=\"elementor-section elementor-top-section elementor-element elementor-element-de1ae32 elementor-section-boxed elementor-section-height-default elementor-section-height-default\" data-id=\"de1ae32\" data-element_type=\"section\" data-e-type=\"section\">\n\t\t\t\t\t\t<div class=\"elementor-container elementor-column-gap-default\">\n\t\t\t\t\t<div class=\"elementor-column elementor-col-100 elementor-top-column elementor-element elementor-element-f7b3e99\" data-id=\"f7b3e99\" data-element_type=\"column\" data-e-type=\"column\">\n\t\t\t<div class=\"elementor-widget-wrap elementor-element-populated\">\n\t\t\t\t\t\t<div class=\"elementor-element elementor-element-6d6f8a8 elementor-widget elementor-widget-heading\" data-id=\"6d6f8a8\" data-element_type=\"widget\" data-e-type=\"widget\" data-widget_type=\"heading.default\">\n\t\t\t\t<div class=\"elementor-widget-container\">\n\t\t\t\t\t<h2 class=\"elementor-heading-title elementor-size-default\">La plage Romana\n<\/h2>\t\t\t\t<\/div>\n\t\t\t\t<\/div>\n\t\t\t\t\t<\/div>\n\t\t<\/div>\n\t\t\t\t\t<\/div>\n\t\t<\/section>\n\t\t\t\t<section class=\"elementor-section elementor-top-section elementor-element elementor-element-16a4700 elementor-section-boxed elementor-section-height-default elementor-section-height-default\" data-id=\"16a4700\" data-element_type=\"section\" data-e-type=\"section\">\n\t\t\t\t\t\t<div class=\"elementor-container elementor-column-gap-default\">\n\t\t\t\t\t<div class=\"elementor-column elementor-col-50 elementor-top-column elementor-element elementor-element-73fbcd9\" data-id=\"73fbcd9\" data-element_type=\"column\" data-e-type=\"column\">\n\t\t\t<div class=\"elementor-widget-wrap elementor-element-populated\">\n\t\t\t\t\t\t<div class=\"elementor-element elementor-element-ac962ef elementor-widget elementor-widget-text-editor\" data-id=\"ac962ef\" data-element_type=\"widget\" data-e-type=\"widget\" data-widget_type=\"text-editor.default\">\n\t\t\t\t<div class=\"elementor-widget-container\">\n\t\t\t\t\t\t\t\t\t<p><span style=\"font-weight: 400;\">Elle tire son nom d&rsquo;une ancienne villa romaine dont les vestiges arch\u00e9ologiques ont \u00e9t\u00e9 d\u00e9couverts dans ses environs, ajoutant une touche d&rsquo;histoire \u00e0 sa beaut\u00e9 naturelle. Le long de la <\/span><b>plage Romana d&rsquo;Alcossebre<\/b><span style=\"font-weight: 400;\">, vous trouverez des promenades en bord de mer bord\u00e9es de palmiers offrant une vue incroyable.<\/span><\/p>\n<p><span style=\"font-weight: 400;\">Situ\u00e9e \u00e0 un peu plus d&rsquo;un kilom\u00e8tre du centre-ville, cette plage se d\u00e9marque par <\/span><b>son charme naturel et son atmosph\u00e8re paisible<\/b><span style=\"font-weight: 400;\">, ce qui en fait l&rsquo;endroit id\u00e9al pour \u00e9chapper \u00e0 l&rsquo;agitation et se d\u00e9tendre au bord de la mer. Elle est, d\u2019autre part, tr\u00e8s spacieuse gr\u00e2ce \u00e0 ses 600&nbsp;m\u00e8tres de long et ses 40&nbsp;m\u00e8tres de large en moyenne.<\/span><\/p>\t\t\t\t\t\t\t\t<\/div>\n\t\t\t\t<\/div>\n\t\t\t\t\t<\/div>\n\t\t<\/div>\n\t\t\t\t<div class=\"elementor-column elementor-col-50 elementor-top-column elementor-element elementor-element-2a165dd\" data-id=\"2a165dd\" data-element_type=\"column\" data-e-type=\"column\">\n\t\t\t<div class=\"elementor-widget-wrap elementor-element-populated\">\n\t\t\t\t\t\t<div class=\"elementor-element elementor-element-d3a0c96 elementor-widget elementor-widget-image\" data-id=\"d3a0c96\" data-element_type=\"widget\" data-e-type=\"widget\" data-widget_type=\"image.default\">\n\t\t\t\t<div class=\"elementor-widget-container\">\n\t\t\t\t\t\t\t\t\t\t\t\t\t\t\t<img decoding=\"async\" width=\"724\" height=\"430\" src=\"https:\/\/www.orangecosta.com\/blog\/wp-content\/uploads\/2023\/09\/Playa-Romana-724x430.jpg\" class=\"attachment-post size-post wp-image-1795\" alt=\"Playa Romana\" \/>\t\t\t\t\t\t\t\t\t\t\t\t\t\t\t<\/div>\n\t\t\t\t<\/div>\n\t\t\t\t\t<\/div>\n\t\t<\/div>\n\t\t\t\t\t<\/div>\n\t\t<\/section>\n\t\t\t\t<section class=\"elementor-section elementor-top-section elementor-element elementor-element-573b91f elementor-section-boxed elementor-section-height-default elementor-section-height-default\" data-id=\"573b91f\" data-element_type=\"section\" data-e-type=\"section\">\n\t\t\t\t\t\t<div class=\"elementor-container elementor-column-gap-default\">\n\t\t\t\t\t<div class=\"elementor-column elementor-col-100 elementor-top-column elementor-element elementor-element-1d19004\" data-id=\"1d19004\" data-element_type=\"column\" data-e-type=\"column\">\n\t\t\t<div class=\"elementor-widget-wrap elementor-element-populated\">\n\t\t\t\t\t\t<div class=\"elementor-element elementor-element-c8318b0 elementor-widget elementor-widget-heading\" data-id=\"c8318b0\" data-element_type=\"widget\" data-e-type=\"widget\" data-widget_type=\"heading.default\">\n\t\t\t\t<div class=\"elementor-widget-container\">\n\t\t\t\t\t<h2 class=\"elementor-heading-title elementor-size-default\">La plage del Moro<\/h2>\t\t\t\t<\/div>\n\t\t\t\t<\/div>\n\t\t\t\t\t<\/div>\n\t\t<\/div>\n\t\t\t\t\t<\/div>\n\t\t<\/section>\n\t\t\t\t<section class=\"elementor-section elementor-top-section elementor-element elementor-element-78ed6d1 elementor-section-boxed elementor-section-height-default elementor-section-height-default\" data-id=\"78ed6d1\" data-element_type=\"section\" data-e-type=\"section\">\n\t\t\t\t\t\t<div class=\"elementor-container elementor-column-gap-default\">\n\t\t\t\t\t<div class=\"elementor-column elementor-col-50 elementor-top-column elementor-element elementor-element-b5a96e9\" data-id=\"b5a96e9\" data-element_type=\"column\" data-e-type=\"column\">\n\t\t\t<div class=\"elementor-widget-wrap elementor-element-populated\">\n\t\t\t\t\t\t<div class=\"elementor-element elementor-element-de5b048 elementor-widget elementor-widget-text-editor\" data-id=\"de5b048\" data-element_type=\"widget\" data-e-type=\"widget\" data-widget_type=\"text-editor.default\">\n\t\t\t\t<div class=\"elementor-widget-container\">\n\t\t\t\t\t\t\t\t\t<p><span style=\"font-weight: 400;\">Situ\u00e9e entre la plage Romana et la plage Tropicana, ce beau tron\u00e7on de c\u00f4te se distingue par son atmosph\u00e8re sereine et sa vue imprenable sur la mer. Avec son sable dor\u00e9 et ses 200&nbsp;m\u00e8tres de long, elle est r\u00e9put\u00e9e pour ses <\/span><b>eaux cristallines<\/b><span style=\"font-weight: 400;\">, ce qui en fait un excellent endroit pour se baigner et faire du <\/span><i><span style=\"font-weight: 400;\">snorkeling<\/span><\/i><span style=\"font-weight: 400;\">.<\/span><\/p>\n<p><span style=\"font-weight: 400;\">De plus, la plage del Moro se trouve \u00e0 quelques minutes de marche de certains des points d&rsquo;int\u00e9r\u00eat les plus importants d&rsquo;Alcossebre, comme le <\/span><b>phare d&rsquo;Alcossebre<\/b><span style=\"font-weight: 400;\"> et le <\/span><b>parc naturel de la Sierra de Irta<\/b><span style=\"font-weight: 400;\">.<\/span><\/p>\t\t\t\t\t\t\t\t<\/div>\n\t\t\t\t<\/div>\n\t\t\t\t\t<\/div>\n\t\t<\/div>\n\t\t\t\t<div class=\"elementor-column elementor-col-50 elementor-top-column elementor-element elementor-element-044fe02\" data-id=\"044fe02\" data-element_type=\"column\" data-e-type=\"column\">\n\t\t\t<div class=\"elementor-widget-wrap elementor-element-populated\">\n\t\t\t\t\t\t<div class=\"elementor-element elementor-element-f5b69e9 elementor-widget elementor-widget-image\" data-id=\"f5b69e9\" data-element_type=\"widget\" data-e-type=\"widget\" data-widget_type=\"image.default\">\n\t\t\t\t<div class=\"elementor-widget-container\">\n\t\t\t\t\t\t\t\t\t\t\t\t\t\t\t<img loading=\"lazy\" decoding=\"async\" width=\"700\" height=\"400\" src=\"https:\/\/www.orangecosta.com\/blog\/wp-content\/uploads\/2023\/09\/Playa-del-Moro.jpg\" class=\"attachment-post size-post wp-image-1789\" alt=\"Playa del Moro\" \/>\t\t\t\t\t\t\t\t\t\t\t\t\t\t\t<\/div>\n\t\t\t\t<\/div>\n\t\t\t\t\t<\/div>\n\t\t<\/div>\n\t\t\t\t\t<\/div>\n\t\t<\/section>\n\t\t\t\t<section class=\"elementor-section elementor-top-section elementor-element elementor-element-80b320c elementor-section-boxed elementor-section-height-default elementor-section-height-default\" data-id=\"80b320c\" data-element_type=\"section\" data-e-type=\"section\">\n\t\t\t\t\t\t<div class=\"elementor-container elementor-column-gap-default\">\n\t\t\t\t\t<div class=\"elementor-column elementor-col-100 elementor-top-column elementor-element elementor-element-e5760e8\" data-id=\"e5760e8\" data-element_type=\"column\" data-e-type=\"column\">\n\t\t\t<div class=\"elementor-widget-wrap elementor-element-populated\">\n\t\t\t\t\t\t<div class=\"elementor-element elementor-element-9d9baff elementor-widget elementor-widget-heading\" data-id=\"9d9baff\" data-element_type=\"widget\" data-e-type=\"widget\" data-widget_type=\"heading.default\">\n\t\t\t\t<div class=\"elementor-widget-container\">\n\t\t\t\t\t<h2 class=\"elementor-heading-title elementor-size-default\">La plage del Tropicana\n<\/h2>\t\t\t\t<\/div>\n\t\t\t\t<\/div>\n\t\t\t\t\t<\/div>\n\t\t<\/div>\n\t\t\t\t\t<\/div>\n\t\t<\/section>\n\t\t\t\t<section class=\"elementor-section elementor-top-section elementor-element elementor-element-a953009 elementor-section-boxed elementor-section-height-default elementor-section-height-default\" data-id=\"a953009\" data-element_type=\"section\" data-e-type=\"section\">\n\t\t\t\t\t\t<div class=\"elementor-container elementor-column-gap-default\">\n\t\t\t\t\t<div class=\"elementor-column elementor-col-50 elementor-top-column elementor-element elementor-element-43a14a4\" data-id=\"43a14a4\" data-element_type=\"column\" data-e-type=\"column\">\n\t\t\t<div class=\"elementor-widget-wrap elementor-element-populated\">\n\t\t\t\t\t\t<div class=\"elementor-element elementor-element-c18fbf7 elementor-widget elementor-widget-text-editor\" data-id=\"c18fbf7\" data-element_type=\"widget\" data-e-type=\"widget\" data-widget_type=\"text-editor.default\">\n\t\t\t\t<div class=\"elementor-widget-container\">\n\t\t\t\t\t\t\t\t\t<p><span style=\"font-weight: 400;\">Cette plage <\/span><b>semi-urbaine<\/b><span style=\"font-weight: 400;\">, situ\u00e9e dans la zone sud d&rsquo;Alcossebre, permet de s\u2019\u00e9vader pleinement. Si vous souhaitez profiter d&rsquo;une plage plus calme et moins fr\u00e9quent\u00e9e, c&rsquo;est la meilleure option.<\/span><\/p>\n<p><span style=\"font-weight: 400;\">Elle mesure environ 700&nbsp;m\u00e8tres de long et se d\u00e9marque entre autre par son environnement naturel. La plage est entour\u00e9e de verdure et se trouve pr\u00e8s de <\/span><b>l&#8217;embouchure de la rivi\u00e8re San Miguel,<\/b><span style=\"font-weight: 400;\"> ce qui cr\u00e9e un paysage vraiment idyllique. Si vous aimez profiter de la nature, vous trouverez \u00e0 proximit\u00e9 un ensemble de sentiers qui vous permettront d&rsquo;explorer la faune et la flore locales.<\/span><\/p>\t\t\t\t\t\t\t\t<\/div>\n\t\t\t\t<\/div>\n\t\t\t\t\t<\/div>\n\t\t<\/div>\n\t\t\t\t<div class=\"elementor-column elementor-col-50 elementor-top-column elementor-element elementor-element-cc49987\" data-id=\"cc49987\" data-element_type=\"column\" data-e-type=\"column\">\n\t\t\t<div class=\"elementor-widget-wrap elementor-element-populated\">\n\t\t\t\t\t\t<div class=\"elementor-element elementor-element-a9e8c32 elementor-widget elementor-widget-image\" data-id=\"a9e8c32\" data-element_type=\"widget\" data-e-type=\"widget\" data-widget_type=\"image.default\">\n\t\t\t\t<div class=\"elementor-widget-container\">\n\t\t\t\t\t\t\t\t\t\t\t\t\t\t\t<img loading=\"lazy\" decoding=\"async\" width=\"700\" height=\"400\" src=\"https:\/\/www.orangecosta.com\/blog\/wp-content\/uploads\/2023\/09\/Playa-del-Tropicana.jpg\" class=\"attachment-large size-large wp-image-1792\" alt=\"Playa del Tropicana\" \/>\t\t\t\t\t\t\t\t\t\t\t\t\t\t\t<\/div>\n\t\t\t\t<\/div>\n\t\t\t\t\t<\/div>\n\t\t<\/div>\n\t\t\t\t\t<\/div>\n\t\t<\/section>\n\t\t\t\t<section class=\"elementor-section elementor-top-section elementor-element elementor-element-c0a932a elementor-section-boxed elementor-section-height-default elementor-section-height-default\" data-id=\"c0a932a\" data-element_type=\"section\" data-e-type=\"section\">\n\t\t\t\t\t\t<div class=\"elementor-container elementor-column-gap-default\">\n\t\t\t\t\t<div class=\"elementor-column elementor-col-100 elementor-top-column elementor-element elementor-element-ba29da7\" data-id=\"ba29da7\" data-element_type=\"column\" data-e-type=\"column\">\n\t\t\t<div class=\"elementor-widget-wrap elementor-element-populated\">\n\t\t\t\t\t\t<div class=\"elementor-element elementor-element-43dee47 elementor-widget elementor-widget-heading\" data-id=\"43dee47\" data-element_type=\"widget\" data-e-type=\"widget\" data-widget_type=\"heading.default\">\n\t\t\t\t<div class=\"elementor-widget-container\">\n\t\t\t\t\t<h2 class=\"elementor-heading-title elementor-size-default\">Activit\u00e9s des places d\u2019Alcossebre\n<\/h2>\t\t\t\t<\/div>\n\t\t\t\t<\/div>\n\t\t\t\t<div class=\"elementor-element elementor-element-1076a5d elementor-widget elementor-widget-text-editor\" data-id=\"1076a5d\" data-element_type=\"widget\" data-e-type=\"widget\" data-widget_type=\"text-editor.default\">\n\t\t\t\t<div class=\"elementor-widget-container\">\n\t\t\t\t\t\t\t\t\t<p><span style=\"font-weight: 400;\">Les <\/span><b>plages d&rsquo;Alcossebre<\/b><span style=\"font-weight: 400;\"> offrent une grande vari\u00e9t\u00e9 d&rsquo;exp\u00e9riences et d&rsquo;activit\u00e9s qui rendront votre visite inoubliable&nbsp;:<\/span><\/p>\n<ul>\n<li style=\"font-weight: 400;\" aria-level=\"1\"><b>Sports aquatiques et activit\u00e9s \u00e0 la plage&nbsp;:<\/b><span style=\"font-weight: 400;\"> Du paddle surf, du kayak et de la voile \u00e0 la plage del Carregador jusqu\u2019\u00e0 la plong\u00e9e et au <\/span><i><span style=\"font-weight: 400;\">snorkeling <\/span><\/i><span style=\"font-weight: 400;\">\u00e0 la plage del Moro.<\/span><\/li>\n<li style=\"font-weight: 400;\" aria-level=\"1\"><b>Observation de la faune marine<\/b><span style=\"font-weight: 400;\">&nbsp;: Ses eaux abritent de nombreuses esp\u00e8ces de poissons que vous pourrez observer si vous d\u00e9cidez de faire du <\/span><i><span style=\"font-weight: 400;\">snorkeling <\/span><\/i><span style=\"font-weight: 400;\">ou de la plong\u00e9e. Il est, par ailleurs, possible d\u2019observer diverses esp\u00e8ces d\u2019oiseaux \u00e0 l&#8217;embouchure de la rivi\u00e8re San Miguel, situ\u00e9e \u00e0 proximit\u00e9.<\/span><\/li>\n<li style=\"font-weight: 400;\" aria-level=\"1\"><b>Itin\u00e9raires de randonn\u00e9e sur la c\u00f4te&nbsp;:<\/b><span style=\"font-weight: 400;\"> Cette ville poss\u00e8de non seulement de grandes plages, mais aussi de charmants recoins plus intimes, comme la <\/span><b>Cala Blanca d\u2019Alcossebre<\/b><span style=\"font-weight: 400;\">. D\u2019autre part, le parc naturel de la Sierra de Irta propose des itin\u00e9raires avec une vue spectaculaire sur la mer.<\/span><\/li>\n<\/ul>\t\t\t\t\t\t\t\t<\/div>\n\t\t\t\t<\/div>\n\t\t\t\t\t<\/div>\n\t\t<\/div>\n\t\t\t\t\t<\/div>\n\t\t<\/section>\n\t\t\t\t<section class=\"elementor-section elementor-top-section elementor-element elementor-element-7345775 elementor-section-boxed elementor-section-height-default elementor-section-height-default\" data-id=\"7345775\" data-element_type=\"section\" data-e-type=\"section\">\n\t\t\t\t\t\t<div class=\"elementor-container elementor-column-gap-default\">\n\t\t\t\t\t<div class=\"elementor-column elementor-col-100 elementor-top-column elementor-element elementor-element-b9cb511\" data-id=\"b9cb511\" data-element_type=\"column\" data-e-type=\"column\">\n\t\t\t<div class=\"elementor-widget-wrap elementor-element-populated\">\n\t\t\t\t\t\t<div class=\"elementor-element elementor-element-81c64ea elementor-widget elementor-widget-image\" data-id=\"81c64ea\" data-element_type=\"widget\" data-e-type=\"widget\" data-widget_type=\"image.default\">\n\t\t\t\t<div class=\"elementor-widget-container\">\n\t\t\t\t\t\t\t\t\t\t\t\t\t\t\t<img loading=\"lazy\" decoding=\"async\" width=\"751\" height=\"246\" src=\"https:\/\/www.orangecosta.com\/blog\/wp-content\/uploads\/2023\/09\/experiencias-alcossebre-en-la-playa-1920x630.jpg\" class=\"attachment-large size-large wp-image-1801\" alt=\"experiencias-alcossebre-en-la-playa\" \/>\t\t\t\t\t\t\t\t\t\t\t\t\t\t\t<\/div>\n\t\t\t\t<\/div>\n\t\t\t\t\t<\/div>\n\t\t<\/div>\n\t\t\t\t\t<\/div>\n\t\t<\/section>\n\t\t\t\t<section class=\"elementor-section elementor-top-section elementor-element elementor-element-edadf8f elementor-section-boxed elementor-section-height-default elementor-section-height-default\" data-id=\"edadf8f\" data-element_type=\"section\" data-e-type=\"section\">\n\t\t\t\t\t\t<div class=\"elementor-container elementor-column-gap-default\">\n\t\t\t\t\t<div class=\"elementor-column elementor-col-100 elementor-top-column elementor-element elementor-element-13bc9c5\" data-id=\"13bc9c5\" data-element_type=\"column\" data-e-type=\"column\">\n\t\t\t<div class=\"elementor-widget-wrap elementor-element-populated\">\n\t\t\t\t\t\t<div class=\"elementor-element elementor-element-663f553 elementor-widget elementor-widget-heading\" data-id=\"663f553\" data-element_type=\"widget\" data-e-type=\"widget\" data-widget_type=\"heading.default\">\n\t\t\t\t<div class=\"elementor-widget-container\">\n\t\t\t\t\t<h2 class=\"elementor-heading-title elementor-size-default\">Plages d\u2019Alcossebre : votre prochaine destination m\u00e9diterran\u00e9enne\n<\/h2>\t\t\t\t<\/div>\n\t\t\t\t<\/div>\n\t\t\t\t<div class=\"elementor-element elementor-element-498bbe7 elementor-widget elementor-widget-text-editor\" data-id=\"498bbe7\" data-element_type=\"widget\" data-e-type=\"widget\" data-widget_type=\"text-editor.default\">\n\t\t\t\t<div class=\"elementor-widget-container\">\n\t\t\t\t\t\t\t\t\t<p><span style=\"font-weight: 400;\">Un joyau de la<\/span><a href=\"https:\/\/www.orangecosta.com\/blog\/costa-azahar\/\"><span style=\"font-weight: 400;\"> Costa del Azahar<\/span><\/a><span style=\"font-weight: 400;\"> qui ne demande qu\u2019\u00e0 \u00eatre d\u00e9couvert. Se rendre sur une plage ou une <\/span><b>crique \u00e0 Alcossebre <\/b><span style=\"font-weight: 400;\">est une exp\u00e9rience \u00e0 ne pas manquer. Son atmosph\u00e8re paisible et familiale ainsi que la grande vari\u00e9t\u00e9 d&rsquo;activit\u00e9s propos\u00e9es font de cette ville une destination id\u00e9ale pour tous les types de voyageurs.<\/span><\/p>\n<p><span style=\"font-weight: 400;\">N\u2019h\u00e9sitez plus, <\/span><a href=\"https:\/\/www.orangecosta.com\/alquiler\/alquileres-alcoceber-alcossebre-d100\/\/\"><span style=\"font-weight: 400;\">r\u00e9servez votre logement d\u00e8s maintenant<\/span><\/a><span style=\"font-weight: 400;\"> et venez profiter de tout ce qu&rsquo;une <\/span><b>plage d&rsquo;Alcossebre<\/b><span style=\"font-weight: 400;\"> peut vous offrir. Chez Orange Costa, nous sommes convaincus que cette exp\u00e9rience restera grav\u00e9e \u00e0 jamais dans votre c\u0153ur.<\/span><\/p>\t\t\t\t\t\t\t\t<\/div>\n\t\t\t\t<\/div>\n\t\t\t\t\t<\/div>\n\t\t<\/div>\n\t\t\t\t\t<\/div>\n\t\t<\/section>\n\t\t\t\t<section class=\"elementor-section elementor-top-section elementor-element elementor-element-2a8d1a1f elementor-section-boxed elementor-section-height-default elementor-section-height-default\" data-id=\"2a8d1a1f\" data-element_type=\"section\" data-e-type=\"section\">\n\t\t\t\t\t\t<div class=\"elementor-container elementor-column-gap-default\">\n\t\t\t\t\t<div class=\"elementor-column elementor-col-50 elementor-top-column elementor-element elementor-element-35b7f721\" data-id=\"35b7f721\" data-element_type=\"column\" data-e-type=\"column\">\n\t\t\t<div class=\"elementor-widget-wrap elementor-element-populated\">\n\t\t\t\t\t\t<div class=\"elementor-element elementor-element-18c829c5 elementor-align-center elementor-widget elementor-widget-button\" data-id=\"18c829c5\" data-element_type=\"widget\" data-e-type=\"widget\" data-widget_type=\"button.default\">\n\t\t\t\t<div class=\"elementor-widget-container\">\n\t\t\t\t\t\t\t\t\t<div class=\"elementor-button-wrapper\">\n\t\t\t\t\t<a class=\"elementor-button elementor-button-link elementor-size-sm\" href=\"https:\/\/www.orangecosta.com\/fr\/location\/locations-alcocebre-alcossebre-d100\/\">\n\t\t\t\t\t\t<span class=\"elementor-button-content-wrapper\">\n\t\t\t\t\t\t\t\t\t<span class=\"elementor-button-text\">H\u00c9BERGEMENT \u00c0 ALCOSSEBRE<\/span>\n\t\t\t\t\t<\/span>\n\t\t\t\t\t<\/a>\n\t\t\t\t<\/div>\n\t\t\t\t\t\t\t\t<\/div>\n\t\t\t\t<\/div>\n\t\t\t\t\t<\/div>\n\t\t<\/div>\n\t\t\t\t<div class=\"elementor-column elementor-col-50 elementor-top-column elementor-element elementor-element-1302e08\" data-id=\"1302e08\" data-element_type=\"column\" data-e-type=\"column\">\n\t\t\t<div class=\"elementor-widget-wrap elementor-element-populated\">\n\t\t\t\t\t\t<div class=\"elementor-element elementor-element-1eac34e4 elementor-align-center elementor-widget elementor-widget-button\" data-id=\"1eac34e4\" data-element_type=\"widget\" data-e-type=\"widget\" data-widget_type=\"button.default\">\n\t\t\t\t<div class=\"elementor-widget-container\">\n\t\t\t\t\t\t\t\t\t<div class=\"elementor-button-wrapper\">\n\t\t\t\t\t<a class=\"elementor-button elementor-button-link elementor-size-sm\" href=\"https:\/\/www.orangecosta.com\/fr\/location\/appartements-alcocebre-alcossebre-c1d100\/\">\n\t\t\t\t\t\t<span class=\"elementor-button-content-wrapper\">\n\t\t\t\t\t\t\t\t\t<span class=\"elementor-button-text\">APPARTEMENTS \u00c0 ALCOSSEBRE<\/span>\n\t\t\t\t\t<\/span>\n\t\t\t\t\t<\/a>\n\t\t\t\t<\/div>\n\t\t\t\t\t\t\t\t<\/div>\n\t\t\t\t<\/div>\n\t\t\t\t\t<\/div>\n\t\t<\/div>\n\t\t\t\t\t<\/div>\n\t\t<\/section>\n\t\t\t\t<\/div>\n\t\t","protected":false},"excerpt":{"rendered":"<p>Plages d&rsquo;Alcossebre : plus qu&rsquo;une simple plage Alcossebre, v\u00e9ritable paradis sur la c\u00f4te espagnole, s\u00e9duit les visiteurs par ses plages&#8230;<\/p>\n","protected":false},"author":3,"featured_media":1798,"comment_status":"open","ping_status":"open","sticky":false,"template":"","format":"standard","meta":{"footnotes":""},"categories":[100,121,104],"tags":[],"class_list":["post-1836","post","type-post","status-publish","format-standard","has-post-thumbnail","hentry","category-alcocebre-fr","category-costa-azahar-fr","category-plages-fr"],"yoast_head":"<!-- This site is optimized with the Yoast SEO plugin v27.6 - https:\/\/yoast.com\/product\/yoast-seo-wordpress\/ -->\n<title>Plage d\u2019Alcossebre : 5 lieux de r\u00eave<\/title>\n<meta name=\"description\" content=\"D\u00e9couvrez la plage d&#039;Alcossebre, un joyau de la Costa del Azahar. Vivez des exp\u00e9riences uniques et faites des activit\u00e9s incroyables.\" \/>\n<meta name=\"robots\" content=\"index, follow, max-snippet:-1, max-image-preview:large, max-video-preview:-1\" \/>\n<link rel=\"canonical\" href=\"https:\/\/www.orangecosta.com\/blog\/fr\/plage-alcossebre\/\" \/>\n<meta property=\"og:locale\" content=\"fr_FR\" \/>\n<meta property=\"og:type\" content=\"article\" \/>\n<meta property=\"og:title\" content=\"Plage d\u2019Alcossebre : 5 lieux de r\u00eave\" \/>\n<meta property=\"og:description\" content=\"D\u00e9couvrez la plage d&#039;Alcossebre, un joyau de la Costa del Azahar. Vivez des exp\u00e9riences uniques et faites des activit\u00e9s incroyables.\" \/>\n<meta property=\"og:url\" content=\"https:\/\/www.orangecosta.com\/blog\/fr\/plage-alcossebre\/\" \/>\n<meta property=\"og:site_name\" content=\"Blog turismo Orange Costa\" \/>\n<meta property=\"article:published_time\" content=\"2023-09-13T14:45:45+00:00\" \/>\n<meta property=\"article:modified_time\" content=\"2024-06-05T11:10:02+00:00\" \/>\n<meta property=\"og:image\" content=\"https:\/\/www.orangecosta.com\/blog\/wp-content\/uploads\/2023\/09\/Playas-alcossebre.jpg\" \/>\n\t<meta property=\"og:image:width\" content=\"1920\" \/>\n\t<meta property=\"og:image:height\" content=\"500\" \/>\n\t<meta property=\"og:image:type\" content=\"image\/jpeg\" \/>\n<meta name=\"author\" content=\"digitalservices\" \/>\n<meta name=\"twitter:card\" content=\"summary_large_image\" \/>\n<meta name=\"twitter:label1\" content=\"\u00c9crit par\" \/>\n\t<meta name=\"twitter:data1\" content=\"digitalservices\" \/>\n\t<meta name=\"twitter:label2\" content=\"Dur\u00e9e de lecture estim\u00e9e\" \/>\n\t<meta name=\"twitter:data2\" content=\"6 minutes\" \/>\n<script type=\"application\/ld+json\" class=\"yoast-schema-graph\">{\"@context\":\"https:\\\/\\\/schema.org\",\"@graph\":[{\"@type\":\"Article\",\"@id\":\"https:\\\/\\\/www.orangecosta.com\\\/blog\\\/fr\\\/plage-alcossebre\\\/#article\",\"isPartOf\":{\"@id\":\"https:\\\/\\\/www.orangecosta.com\\\/blog\\\/fr\\\/plage-alcossebre\\\/\"},\"author\":{\"name\":\"digitalservices\",\"@id\":\"https:\\\/\\\/www.orangecosta.com\\\/blog\\\/fr\\\/#\\\/schema\\\/person\\\/f93ddfccc2f63dd0916fb2c6e908337f\"},\"headline\":\"D\u00e9couvrez les plages d&rsquo;Alcossebre\u00a0: votre destination id\u00e9ale sur la Costa del Azahar\",\"datePublished\":\"2023-09-13T14:45:45+00:00\",\"dateModified\":\"2024-06-05T11:10:02+00:00\",\"mainEntityOfPage\":{\"@id\":\"https:\\\/\\\/www.orangecosta.com\\\/blog\\\/fr\\\/plage-alcossebre\\\/\"},\"wordCount\":1029,\"commentCount\":0,\"image\":{\"@id\":\"https:\\\/\\\/www.orangecosta.com\\\/blog\\\/fr\\\/plage-alcossebre\\\/#primaryimage\"},\"thumbnailUrl\":\"https:\\\/\\\/www.orangecosta.com\\\/blog\\\/wp-content\\\/uploads\\\/2023\\\/09\\\/Playas-alcossebre.jpg\",\"articleSection\":[\"Alcocebre\",\"Costa Azahar\",\"Plages\"],\"inLanguage\":\"fr-FR\",\"potentialAction\":[{\"@type\":\"CommentAction\",\"name\":\"Comment\",\"target\":[\"https:\\\/\\\/www.orangecosta.com\\\/blog\\\/fr\\\/plage-alcossebre\\\/#respond\"]}]},{\"@type\":\"WebPage\",\"@id\":\"https:\\\/\\\/www.orangecosta.com\\\/blog\\\/fr\\\/plage-alcossebre\\\/\",\"url\":\"https:\\\/\\\/www.orangecosta.com\\\/blog\\\/fr\\\/plage-alcossebre\\\/\",\"name\":\"Plage d\u2019Alcossebre : 5 lieux de r\u00eave\",\"isPartOf\":{\"@id\":\"https:\\\/\\\/www.orangecosta.com\\\/blog\\\/fr\\\/#website\"},\"primaryImageOfPage\":{\"@id\":\"https:\\\/\\\/www.orangecosta.com\\\/blog\\\/fr\\\/plage-alcossebre\\\/#primaryimage\"},\"image\":{\"@id\":\"https:\\\/\\\/www.orangecosta.com\\\/blog\\\/fr\\\/plage-alcossebre\\\/#primaryimage\"},\"thumbnailUrl\":\"https:\\\/\\\/www.orangecosta.com\\\/blog\\\/wp-content\\\/uploads\\\/2023\\\/09\\\/Playas-alcossebre.jpg\",\"datePublished\":\"2023-09-13T14:45:45+00:00\",\"dateModified\":\"2024-06-05T11:10:02+00:00\",\"author\":{\"@id\":\"https:\\\/\\\/www.orangecosta.com\\\/blog\\\/fr\\\/#\\\/schema\\\/person\\\/f93ddfccc2f63dd0916fb2c6e908337f\"},\"description\":\"D\u00e9couvrez la plage d'Alcossebre, un joyau de la Costa del Azahar. Vivez des exp\u00e9riences uniques et faites des activit\u00e9s incroyables.\",\"breadcrumb\":{\"@id\":\"https:\\\/\\\/www.orangecosta.com\\\/blog\\\/fr\\\/plage-alcossebre\\\/#breadcrumb\"},\"inLanguage\":\"fr-FR\",\"potentialAction\":[{\"@type\":\"ReadAction\",\"target\":[\"https:\\\/\\\/www.orangecosta.com\\\/blog\\\/fr\\\/plage-alcossebre\\\/\"]}]},{\"@type\":\"ImageObject\",\"inLanguage\":\"fr-FR\",\"@id\":\"https:\\\/\\\/www.orangecosta.com\\\/blog\\\/fr\\\/plage-alcossebre\\\/#primaryimage\",\"url\":\"https:\\\/\\\/www.orangecosta.com\\\/blog\\\/wp-content\\\/uploads\\\/2023\\\/09\\\/Playas-alcossebre.jpg\",\"contentUrl\":\"https:\\\/\\\/www.orangecosta.com\\\/blog\\\/wp-content\\\/uploads\\\/2023\\\/09\\\/Playas-alcossebre.jpg\",\"width\":1920,\"height\":500,\"caption\":\"Playas alcossebre\"},{\"@type\":\"BreadcrumbList\",\"@id\":\"https:\\\/\\\/www.orangecosta.com\\\/blog\\\/fr\\\/plage-alcossebre\\\/#breadcrumb\",\"itemListElement\":[{\"@type\":\"ListItem\",\"position\":1,\"name\":\"Home\",\"item\":\"https:\\\/\\\/www.orangecosta.com\\\/blog\\\/fr\\\/\"},{\"@type\":\"ListItem\",\"position\":2,\"name\":\"D\u00e9couvrez les plages d&#8217;Alcossebre\u00a0: votre destination id\u00e9ale sur la Costa del Azahar\"}]},{\"@type\":\"WebSite\",\"@id\":\"https:\\\/\\\/www.orangecosta.com\\\/blog\\\/fr\\\/#website\",\"url\":\"https:\\\/\\\/www.orangecosta.com\\\/blog\\\/fr\\\/\",\"name\":\"Blog turismo Orange Costa\",\"description\":\"Orangecosta\",\"potentialAction\":[{\"@type\":\"SearchAction\",\"target\":{\"@type\":\"EntryPoint\",\"urlTemplate\":\"https:\\\/\\\/www.orangecosta.com\\\/blog\\\/fr\\\/?s={search_term_string}\"},\"query-input\":{\"@type\":\"PropertyValueSpecification\",\"valueRequired\":true,\"valueName\":\"search_term_string\"}}],\"inLanguage\":\"fr-FR\"},{\"@type\":\"Person\",\"@id\":\"https:\\\/\\\/www.orangecosta.com\\\/blog\\\/fr\\\/#\\\/schema\\\/person\\\/f93ddfccc2f63dd0916fb2c6e908337f\",\"name\":\"digitalservices\",\"image\":{\"@type\":\"ImageObject\",\"inLanguage\":\"fr-FR\",\"@id\":\"https:\\\/\\\/secure.gravatar.com\\\/avatar\\\/af30f88a1904294c1f3eb09a9d7903eec4ffa18fa2cf40c28a8681014ecdfc20?s=96&d=mm&r=g\",\"url\":\"https:\\\/\\\/secure.gravatar.com\\\/avatar\\\/af30f88a1904294c1f3eb09a9d7903eec4ffa18fa2cf40c28a8681014ecdfc20?s=96&d=mm&r=g\",\"contentUrl\":\"https:\\\/\\\/secure.gravatar.com\\\/avatar\\\/af30f88a1904294c1f3eb09a9d7903eec4ffa18fa2cf40c28a8681014ecdfc20?s=96&d=mm&r=g\",\"caption\":\"digitalservices\"},\"url\":\"https:\\\/\\\/www.orangecosta.com\\\/blog\\\/fr\\\/author\\\/digitalservices\\\/\"}]}<\/script>\n<!-- \/ Yoast SEO plugin. -->","yoast_head_json":{"title":"Plage d\u2019Alcossebre : 5 lieux de r\u00eave","description":"D\u00e9couvrez la plage d'Alcossebre, un joyau de la Costa del Azahar. Vivez des exp\u00e9riences uniques et faites des activit\u00e9s incroyables.","robots":{"index":"index","follow":"follow","max-snippet":"max-snippet:-1","max-image-preview":"max-image-preview:large","max-video-preview":"max-video-preview:-1"},"canonical":"https:\/\/www.orangecosta.com\/blog\/fr\/plage-alcossebre\/","og_locale":"fr_FR","og_type":"article","og_title":"Plage d\u2019Alcossebre : 5 lieux de r\u00eave","og_description":"D\u00e9couvrez la plage d'Alcossebre, un joyau de la Costa del Azahar. Vivez des exp\u00e9riences uniques et faites des activit\u00e9s incroyables.","og_url":"https:\/\/www.orangecosta.com\/blog\/fr\/plage-alcossebre\/","og_site_name":"Blog turismo Orange Costa","article_published_time":"2023-09-13T14:45:45+00:00","article_modified_time":"2024-06-05T11:10:02+00:00","og_image":[{"width":1920,"height":500,"url":"https:\/\/www.orangecosta.com\/blog\/wp-content\/uploads\/2023\/09\/Playas-alcossebre.jpg","type":"image\/jpeg"}],"author":"digitalservices","twitter_card":"summary_large_image","twitter_misc":{"\u00c9crit par":"digitalservices","Dur\u00e9e de lecture estim\u00e9e":"6 minutes"},"schema":{"@context":"https:\/\/schema.org","@graph":[{"@type":"Article","@id":"https:\/\/www.orangecosta.com\/blog\/fr\/plage-alcossebre\/#article","isPartOf":{"@id":"https:\/\/www.orangecosta.com\/blog\/fr\/plage-alcossebre\/"},"author":{"name":"digitalservices","@id":"https:\/\/www.orangecosta.com\/blog\/fr\/#\/schema\/person\/f93ddfccc2f63dd0916fb2c6e908337f"},"headline":"D\u00e9couvrez les plages d&rsquo;Alcossebre\u00a0: votre destination id\u00e9ale sur la Costa del Azahar","datePublished":"2023-09-13T14:45:45+00:00","dateModified":"2024-06-05T11:10:02+00:00","mainEntityOfPage":{"@id":"https:\/\/www.orangecosta.com\/blog\/fr\/plage-alcossebre\/"},"wordCount":1029,"commentCount":0,"image":{"@id":"https:\/\/www.orangecosta.com\/blog\/fr\/plage-alcossebre\/#primaryimage"},"thumbnailUrl":"https:\/\/www.orangecosta.com\/blog\/wp-content\/uploads\/2023\/09\/Playas-alcossebre.jpg","articleSection":["Alcocebre","Costa Azahar","Plages"],"inLanguage":"fr-FR","potentialAction":[{"@type":"CommentAction","name":"Comment","target":["https:\/\/www.orangecosta.com\/blog\/fr\/plage-alcossebre\/#respond"]}]},{"@type":"WebPage","@id":"https:\/\/www.orangecosta.com\/blog\/fr\/plage-alcossebre\/","url":"https:\/\/www.orangecosta.com\/blog\/fr\/plage-alcossebre\/","name":"Plage d\u2019Alcossebre : 5 lieux de r\u00eave","isPartOf":{"@id":"https:\/\/www.orangecosta.com\/blog\/fr\/#website"},"primaryImageOfPage":{"@id":"https:\/\/www.orangecosta.com\/blog\/fr\/plage-alcossebre\/#primaryimage"},"image":{"@id":"https:\/\/www.orangecosta.com\/blog\/fr\/plage-alcossebre\/#primaryimage"},"thumbnailUrl":"https:\/\/www.orangecosta.com\/blog\/wp-content\/uploads\/2023\/09\/Playas-alcossebre.jpg","datePublished":"2023-09-13T14:45:45+00:00","dateModified":"2024-06-05T11:10:02+00:00","author":{"@id":"https:\/\/www.orangecosta.com\/blog\/fr\/#\/schema\/person\/f93ddfccc2f63dd0916fb2c6e908337f"},"description":"D\u00e9couvrez la plage d'Alcossebre, un joyau de la Costa del Azahar. Vivez des exp\u00e9riences uniques et faites des activit\u00e9s incroyables.","breadcrumb":{"@id":"https:\/\/www.orangecosta.com\/blog\/fr\/plage-alcossebre\/#breadcrumb"},"inLanguage":"fr-FR","potentialAction":[{"@type":"ReadAction","target":["https:\/\/www.orangecosta.com\/blog\/fr\/plage-alcossebre\/"]}]},{"@type":"ImageObject","inLanguage":"fr-FR","@id":"https:\/\/www.orangecosta.com\/blog\/fr\/plage-alcossebre\/#primaryimage","url":"https:\/\/www.orangecosta.com\/blog\/wp-content\/uploads\/2023\/09\/Playas-alcossebre.jpg","contentUrl":"https:\/\/www.orangecosta.com\/blog\/wp-content\/uploads\/2023\/09\/Playas-alcossebre.jpg","width":1920,"height":500,"caption":"Playas alcossebre"},{"@type":"BreadcrumbList","@id":"https:\/\/www.orangecosta.com\/blog\/fr\/plage-alcossebre\/#breadcrumb","itemListElement":[{"@type":"ListItem","position":1,"name":"Home","item":"https:\/\/www.orangecosta.com\/blog\/fr\/"},{"@type":"ListItem","position":2,"name":"D\u00e9couvrez les plages d&#8217;Alcossebre\u00a0: votre destination id\u00e9ale sur la Costa del Azahar"}]},{"@type":"WebSite","@id":"https:\/\/www.orangecosta.com\/blog\/fr\/#website","url":"https:\/\/www.orangecosta.com\/blog\/fr\/","name":"Blog turismo Orange Costa","description":"Orangecosta","potentialAction":[{"@type":"SearchAction","target":{"@type":"EntryPoint","urlTemplate":"https:\/\/www.orangecosta.com\/blog\/fr\/?s={search_term_string}"},"query-input":{"@type":"PropertyValueSpecification","valueRequired":true,"valueName":"search_term_string"}}],"inLanguage":"fr-FR"},{"@type":"Person","@id":"https:\/\/www.orangecosta.com\/blog\/fr\/#\/schema\/person\/f93ddfccc2f63dd0916fb2c6e908337f","name":"digitalservices","image":{"@type":"ImageObject","inLanguage":"fr-FR","@id":"https:\/\/secure.gravatar.com\/avatar\/af30f88a1904294c1f3eb09a9d7903eec4ffa18fa2cf40c28a8681014ecdfc20?s=96&d=mm&r=g","url":"https:\/\/secure.gravatar.com\/avatar\/af30f88a1904294c1f3eb09a9d7903eec4ffa18fa2cf40c28a8681014ecdfc20?s=96&d=mm&r=g","contentUrl":"https:\/\/secure.gravatar.com\/avatar\/af30f88a1904294c1f3eb09a9d7903eec4ffa18fa2cf40c28a8681014ecdfc20?s=96&d=mm&r=g","caption":"digitalservices"},"url":"https:\/\/www.orangecosta.com\/blog\/fr\/author\/digitalservices\/"}]}},"_links":{"self":[{"href":"https:\/\/www.orangecosta.com\/blog\/fr\/wp-json\/wp\/v2\/posts\/1836","targetHints":{"allow":["GET"]}}],"collection":[{"href":"https:\/\/www.orangecosta.com\/blog\/fr\/wp-json\/wp\/v2\/posts"}],"about":[{"href":"https:\/\/www.orangecosta.com\/blog\/fr\/wp-json\/wp\/v2\/types\/post"}],"author":[{"embeddable":true,"href":"https:\/\/www.orangecosta.com\/blog\/fr\/wp-json\/wp\/v2\/users\/3"}],"replies":[{"embeddable":true,"href":"https:\/\/www.orangecosta.com\/blog\/fr\/wp-json\/wp\/v2\/comments?post=1836"}],"version-history":[{"count":7,"href":"https:\/\/www.orangecosta.com\/blog\/fr\/wp-json\/wp\/v2\/posts\/1836\/revisions"}],"predecessor-version":[{"id":1848,"href":"https:\/\/www.orangecosta.com\/blog\/fr\/wp-json\/wp\/v2\/posts\/1836\/revisions\/1848"}],"wp:featuredmedia":[{"embeddable":true,"href":"https:\/\/www.orangecosta.com\/blog\/fr\/wp-json\/wp\/v2\/media\/1798"}],"wp:attachment":[{"href":"https:\/\/www.orangecosta.com\/blog\/fr\/wp-json\/wp\/v2\/media?parent=1836"}],"wp:term":[{"taxonomy":"category","embeddable":true,"href":"https:\/\/www.orangecosta.com\/blog\/fr\/wp-json\/wp\/v2\/categories?post=1836"},{"taxonomy":"post_tag","embeddable":true,"href":"https:\/\/www.orangecosta.com\/blog\/fr\/wp-json\/wp\/v2\/tags?post=1836"}],"curies":[{"name":"wp","href":"https:\/\/api.w.org\/{rel}","templated":true}]}}