{"id":1204,"date":"2023-06-22T14:26:46","date_gmt":"2023-06-22T14:26:46","guid":{"rendered":"https:\/\/www.orangecosta.com\/blog\/?p=1204"},"modified":"2024-06-05T11:11:22","modified_gmt":"2024-06-05T11:11:22","slug":"costa-azahar-que-faire","status":"publish","type":"post","link":"https:\/\/www.orangecosta.com\/blog\/fr\/costa-azahar-que-faire\/","title":{"rendered":"Costa del Azahar\u00a0: la M\u00e9diterran\u00e9e avec un charme unique"},"content":{"rendered":"\t\t<div data-elementor-type=\"wp-post\" data-elementor-id=\"1204\" class=\"elementor elementor-1204 elementor-1096\" data-elementor-post-type=\"post\">\n\t\t\t\t\t\t<section class=\"elementor-section elementor-top-section elementor-element elementor-element-cc52f71 elementor-section-boxed elementor-section-height-default elementor-section-height-default\" data-id=\"cc52f71\" data-element_type=\"section\" data-e-type=\"section\">\n\t\t\t\t\t\t<div class=\"elementor-container elementor-column-gap-default\">\n\t\t\t\t\t<div class=\"elementor-column elementor-col-100 elementor-top-column elementor-element elementor-element-add2aba\" data-id=\"add2aba\" data-element_type=\"column\" data-e-type=\"column\">\n\t\t\t<div class=\"elementor-widget-wrap elementor-element-populated\">\n\t\t\t\t\t\t<div class=\"elementor-element elementor-element-f74b192 elementor-widget elementor-widget-text-editor\" data-id=\"f74b192\" data-element_type=\"widget\" data-e-type=\"widget\" data-widget_type=\"text-editor.default\">\n\t\t\t\t<div class=\"elementor-widget-container\">\n\t\t\t\t\t\t\t\t\t<p><b>La Costa del Azahar <\/b><span style=\"font-weight: 400;\">compte 130 kilom\u00e8tres de c\u00f4tes, form\u00e9es de longues et belles plages bord\u00e9es de promenades anim\u00e9es. La r\u00e9gion est \u00e9galement connue pour ses incroyables criques cach\u00e9es et ses plages pleines de charme. Vous n\u2019y croyez pas\u00a0? En voici la preuve par l\u2019exemple.<\/span><\/p>\t\t\t\t\t\t\t\t<\/div>\n\t\t\t\t<\/div>\n\t\t\t\t\t<\/div>\n\t\t<\/div>\n\t\t\t\t\t<\/div>\n\t\t<\/section>\n\t\t\t\t<section class=\"elementor-section elementor-top-section elementor-element elementor-element-51636f36 elementor-section-boxed elementor-section-height-default elementor-section-height-default\" data-id=\"51636f36\" data-element_type=\"section\" data-e-type=\"section\">\n\t\t\t\t\t\t<div class=\"elementor-container elementor-column-gap-default\">\n\t\t\t\t\t<div class=\"elementor-column elementor-col-100 elementor-top-column elementor-element elementor-element-79f76769\" data-id=\"79f76769\" data-element_type=\"column\" data-e-type=\"column\">\n\t\t\t<div class=\"elementor-widget-wrap elementor-element-populated\">\n\t\t\t\t\t\t<div class=\"elementor-element elementor-element-765bad8f elementor-widget elementor-widget-heading\" data-id=\"765bad8f\" data-element_type=\"widget\" data-e-type=\"widget\" data-widget_type=\"heading.default\">\n\t\t\t\t<div class=\"elementor-widget-container\">\n\t\t\t\t\t<h2 class=\"elementor-heading-title elementor-size-default\">Costa del Azahar : o\u00f9 se trouve-t-elle, pourquoi s\u2019appelle-t-elle ainsi et quelle est sa haute saison ?<\/h2>\t\t\t\t<\/div>\n\t\t\t\t<\/div>\n\t\t\t\t<div class=\"elementor-element elementor-element-4002a19 elementor-widget elementor-widget-text-editor\" data-id=\"4002a19\" data-element_type=\"widget\" data-e-type=\"widget\" data-widget_type=\"text-editor.default\">\n\t\t\t\t<div class=\"elementor-widget-container\">\n\t\t\t\t\t\t\t\t\t<p><span style=\"font-weight: 400;\">La <\/span><b>Costa del Azahar <\/b><span style=\"font-weight: 400;\">est situ\u00e9e dans l\u2019est de l\u2019Espagne, aux abords de la mer des Bal\u00e9ares. Elle se trouve dans la <\/span><b>province de Castell\u00f3n<\/b><span style=\"font-weight: 400;\"> et comprend un grand nombre de belles communes au charme maritime incomparable.\u00a0<\/span><\/p><p><span style=\"background-color: transparent;\">Historiquement, cette r\u00e9gion espagnole du Levant se caract\u00e9rise par son climat m\u00e9diterran\u00e9en et jouit d\u2019hivers doux et d\u2019\u00e9t\u00e9s chauds. Il s\u2019agit d\u2019une r\u00e9gion peu pluvieuse, avec des pr\u00e9cipitations annuelles d\u2019environ 500\u00a0millim\u00e8tres et une temp\u00e9rature moyenne annuelle de 17 \u00baC.\u00a0<\/span><\/p><p><span style=\"background-color: transparent;\">Elle est situ\u00e9e <\/span><b style=\"background-color: transparent;\">entre la Costa Dorada et la Costa de Valencia<\/b><span style=\"background-color: transparent;\">, dans une enclave naturelle qui lui conf\u00e8re charme, beaut\u00e9 et s\u00e9r\u00e9nit\u00e9. Son nom vient de la fleur des orangers, qui sont cultiv\u00e9es en abondance dans la r\u00e9gion.<\/span><\/p><p><span style=\"background-color: transparent;\">C\u2019est lors de la <\/span><b style=\"background-color: transparent;\">saison estivale <\/b><span style=\"background-color: transparent;\">que la demande d\u2019h\u00e9bergement et le nombre de visiteurs sont les plus \u00e9lev\u00e9s. Il s\u2019agit de la haute saison sur le <\/span><b style=\"background-color: transparent;\">littoral de Castell\u00f3n, <\/b><span style=\"background-color: transparent;\">en particulier pendant la premi\u00e8re quinzaine d\u2019ao\u00fbt.<\/span><\/p>\t\t\t\t\t\t\t\t<\/div>\n\t\t\t\t<\/div>\n\t\t\t\t\t<\/div>\n\t\t<\/div>\n\t\t\t\t\t<\/div>\n\t\t<\/section>\n\t\t\t\t<section class=\"elementor-section elementor-top-section elementor-element elementor-element-2443c6b elementor-section-boxed elementor-section-height-default elementor-section-height-default\" data-id=\"2443c6b\" data-element_type=\"section\" data-e-type=\"section\">\n\t\t\t\t\t\t<div class=\"elementor-container elementor-column-gap-default\">\n\t\t\t\t\t<div class=\"elementor-column elementor-col-100 elementor-top-column elementor-element elementor-element-cff1d04\" data-id=\"cff1d04\" data-element_type=\"column\" data-e-type=\"column\">\n\t\t\t<div class=\"elementor-widget-wrap elementor-element-populated\">\n\t\t\t\t\t\t<div class=\"elementor-element elementor-element-da605c6 elementor-widget elementor-widget-heading\" data-id=\"da605c6\" data-element_type=\"widget\" data-e-type=\"widget\" data-widget_type=\"heading.default\">\n\t\t\t\t<div class=\"elementor-widget-container\">\n\t\t\t\t\t<h2 class=\"elementor-heading-title elementor-size-default\">Origine et histoire de la Costa del Azahar<\/h2>\t\t\t\t<\/div>\n\t\t\t\t<\/div>\n\t\t\t\t<div class=\"elementor-element elementor-element-0cefff7 elementor-widget elementor-widget-text-editor\" data-id=\"0cefff7\" data-element_type=\"widget\" data-e-type=\"widget\" data-widget_type=\"text-editor.default\">\n\t\t\t\t<div class=\"elementor-widget-container\">\n\t\t\t\t\t\t\t\t\t<p><span style=\"font-weight: 400;\">La Costa Azahar est une mosa\u00efque de cultures qui vivent dans la r\u00e9gion depuis des si\u00e8cles. Aujourd\u2019hui encore, on peut y voir les vestiges des civilisations romaine et arabe.<\/span><\/p>\t\t\t\t\t\t\t\t<\/div>\n\t\t\t\t<\/div>\n\t\t\t\t\t<\/div>\n\t\t<\/div>\n\t\t\t\t\t<\/div>\n\t\t<\/section>\n\t\t\t\t<section class=\"elementor-section elementor-top-section elementor-element elementor-element-1c6a1db elementor-section-boxed elementor-section-height-default elementor-section-height-default\" data-id=\"1c6a1db\" data-element_type=\"section\" data-e-type=\"section\">\n\t\t\t\t\t\t<div class=\"elementor-container elementor-column-gap-default\">\n\t\t\t\t\t<div class=\"elementor-column elementor-col-50 elementor-top-column elementor-element elementor-element-2c7e2c2\" data-id=\"2c7e2c2\" data-element_type=\"column\" data-e-type=\"column\">\n\t\t\t<div class=\"elementor-widget-wrap elementor-element-populated\">\n\t\t\t\t\t\t<div class=\"elementor-element elementor-element-bcff953 elementor-widget elementor-widget-text-editor\" data-id=\"bcff953\" data-element_type=\"widget\" data-e-type=\"widget\" data-widget_type=\"text-editor.default\">\n\t\t\t\t<div class=\"elementor-widget-container\">\n\t\t\t\t\t\t\t\t\t<p><span style=\"font-weight: 400;\">En effet, les Romains se sont install\u00e9s sur la Costa del Azahar entre le IIIe si\u00e8cle avant J\u00e9sus-Christ et le Ve si\u00e8cle apr\u00e8s J\u00e9sus-Christ. Aujourd\u2019hui, on y trouve des vestiges, tels que des villas romaines, des restes de fortifications c\u00f4ti\u00e8res, et m\u00eame des sites arch\u00e9ologiques, tels que celui de La Vilavella.<\/span><\/p><p><span style=\"font-weight: 400;\">Entre le VIIIe et le XIIIe si\u00e8cle, la Costa del Azahar a \u00e9t\u00e9 <\/span><b>domin\u00e9e par les musulmans<\/b><span style=\"font-weight: 400;\">, jusqu\u2019\u00e0 ce que le roi de la couronne d\u2019Aragon, Jacques\u00a0Ier, la conqui\u00e8re en 1322. Depuis lors, elle a progressivement pris la forme que nous lui connaissons aujourd\u2019hui et est devenue l\u2019une des destinations touristiques les plus pris\u00e9es d\u2019Espagne.<\/span><\/p>\t\t\t\t\t\t\t\t<\/div>\n\t\t\t\t<\/div>\n\t\t\t\t\t<\/div>\n\t\t<\/div>\n\t\t\t\t<div class=\"elementor-column elementor-col-50 elementor-top-column elementor-element elementor-element-150a936\" data-id=\"150a936\" data-element_type=\"column\" data-e-type=\"column\">\n\t\t\t<div class=\"elementor-widget-wrap elementor-element-populated\">\n\t\t\t\t\t\t<div class=\"elementor-element elementor-element-4b19762 elementor-widget elementor-widget-image\" data-id=\"4b19762\" data-element_type=\"widget\" data-e-type=\"widget\" data-widget_type=\"image.default\">\n\t\t\t\t<div class=\"elementor-widget-container\">\n\t\t\t\t\t\t\t\t\t\t\t\t\t\t\t<img decoding=\"async\" src=\"https:\/\/www.orangecosta.com\/blog\/wp-content\/uploads\/elementor\/thumbs\/Peniscola-Costa-de-Azahar-q7wdpmk5lispqvnlzxv9vxdbeappvlkx13iqlaeiss.jpg\" title=\"Pe\u00f1\u00edscola Costa de Azahar\" alt=\"Pe\u00f1\u00edscola Costa de Azahar\" loading=\"lazy\" \/>\t\t\t\t\t\t\t\t\t\t\t\t\t\t\t<\/div>\n\t\t\t\t<\/div>\n\t\t\t\t<div class=\"elementor-element elementor-element-37d7994 elementor-widget elementor-widget-text-editor\" data-id=\"37d7994\" data-element_type=\"widget\" data-e-type=\"widget\" data-widget_type=\"text-editor.default\">\n\t\t\t\t<div class=\"elementor-widget-container\">\n\t\t\t\t\t\t\t\t\t<p style=\"text-align: right;\">Pe\u00f1\u00edscola, Costa de Azahar<\/p>\t\t\t\t\t\t\t\t<\/div>\n\t\t\t\t<\/div>\n\t\t\t\t\t<\/div>\n\t\t<\/div>\n\t\t\t\t\t<\/div>\n\t\t<\/section>\n\t\t\t\t<section class=\"elementor-section elementor-top-section elementor-element elementor-element-26c962d elementor-section-boxed elementor-section-height-default elementor-section-height-default\" data-id=\"26c962d\" data-element_type=\"section\" data-e-type=\"section\">\n\t\t\t\t\t\t<div class=\"elementor-container elementor-column-gap-default\">\n\t\t\t\t\t<div class=\"elementor-column elementor-col-100 elementor-top-column elementor-element elementor-element-58791dd\" data-id=\"58791dd\" data-element_type=\"column\" data-e-type=\"column\">\n\t\t\t<div class=\"elementor-widget-wrap elementor-element-populated\">\n\t\t\t\t\t\t<div class=\"elementor-element elementor-element-25744eb elementor-widget elementor-widget-heading\" data-id=\"25744eb\" data-element_type=\"widget\" data-e-type=\"widget\" data-widget_type=\"heading.default\">\n\t\t\t\t<div class=\"elementor-widget-container\">\n\t\t\t\t\t<h2 class=\"elementor-heading-title elementor-size-default\">Principaux villages du village de la province de Castell\u00f3n<\/h2>\t\t\t\t<\/div>\n\t\t\t\t<\/div>\n\t\t\t\t\t<\/div>\n\t\t<\/div>\n\t\t\t\t\t<\/div>\n\t\t<\/section>\n\t\t\t\t<section class=\"elementor-section elementor-top-section elementor-element elementor-element-5ee37639 elementor-section-boxed elementor-section-height-default elementor-section-height-default\" data-id=\"5ee37639\" data-element_type=\"section\" data-e-type=\"section\">\n\t\t\t\t\t\t<div class=\"elementor-container elementor-column-gap-default\">\n\t\t\t\t\t<div class=\"elementor-column elementor-col-100 elementor-top-column elementor-element elementor-element-59862e20\" data-id=\"59862e20\" data-element_type=\"column\" data-e-type=\"column\">\n\t\t\t<div class=\"elementor-widget-wrap elementor-element-populated\">\n\t\t\t\t\t\t<div class=\"elementor-element elementor-element-7c56085b elementor-widget elementor-widget-text-editor\" data-id=\"7c56085b\" data-element_type=\"widget\" data-e-type=\"widget\" data-widget_type=\"text-editor.default\">\n\t\t\t\t<div class=\"elementor-widget-container\">\n\t\t\t\t\t\t\t\t\t<p><span style=\"font-weight: 400;\">L\u2019abondance de villages anim\u00e9s sur la <\/span><b>Costa del Azahar<\/b><span style=\"font-weight: 400;\"> lui donne un caract\u00e8re particulier qui ne manque jamais de surprendre ses visiteurs. Nous avons s\u00e9lectionn\u00e9, pour vous, quelques-uns des villages les plus r\u00e9put\u00e9s ou recommand\u00e9s. Cependant, le mieux est de <\/span><a href=\"https:\/\/www.orangecosta.com\/alquiler\/alquileres-castellon-costa-azahar-z15\/\"><span style=\"font-weight: 400;\">choisir un bon h\u00e9bergement<\/span><\/a><span style=\"font-weight: 400;\"> dans la r\u00e9gion, et de profiter de l\u2019occasion pour explorer et d\u00e9couvrir le plus grand nombre de village possible.<\/span><\/p>\t\t\t\t\t\t\t\t<\/div>\n\t\t\t\t<\/div>\n\t\t\t\t\t<\/div>\n\t\t<\/div>\n\t\t\t\t\t<\/div>\n\t\t<\/section>\n\t\t\t\t<section class=\"elementor-section elementor-top-section elementor-element elementor-element-ffe1b3c elementor-section-boxed elementor-section-height-default elementor-section-height-default\" data-id=\"ffe1b3c\" data-element_type=\"section\" data-e-type=\"section\">\n\t\t\t\t\t\t<div class=\"elementor-container elementor-column-gap-default\">\n\t\t\t\t\t<div class=\"elementor-column elementor-col-50 elementor-top-column elementor-element elementor-element-23ee1f6\" data-id=\"23ee1f6\" data-element_type=\"column\" data-e-type=\"column\">\n\t\t\t<div class=\"elementor-widget-wrap elementor-element-populated\">\n\t\t\t\t\t\t<div class=\"elementor-element elementor-element-47b5f613 elementor-widget elementor-widget-heading\" data-id=\"47b5f613\" data-element_type=\"widget\" data-e-type=\"widget\" data-widget_type=\"heading.default\">\n\t\t\t\t<div class=\"elementor-widget-container\">\n\t\t\t\t\t<h3 class=\"elementor-heading-title elementor-size-default\">Pe\u00f1\u00edscola<\/h3>\t\t\t\t<\/div>\n\t\t\t\t<\/div>\n\t\t\t\t<div class=\"elementor-element elementor-element-44c75e0a elementor-widget elementor-widget-text-editor\" data-id=\"44c75e0a\" data-element_type=\"widget\" data-e-type=\"widget\" data-widget_type=\"text-editor.default\">\n\t\t\t\t<div class=\"elementor-widget-container\">\n\t\t\t\t\t\t\t\t\t<p><span style=\"font-weight: 400;\">Ce village est consid\u00e9r\u00e9 comme<\/span><b> l\u2019un des plus beaux villages d\u2019Espagne<\/b><span style=\"font-weight: 400;\">. Son littoral accueille un rocher charismatique couronn\u00e9 par le <\/span><b>ch\u00e2teau de Pe\u00f1\u00edscola<\/b><span style=\"font-weight: 400;\">.\u00a0 La Casa de las Conchas, la vieille ville, le march\u00e9 nocturne et les jardins du parc de l\u2019Artillerie sont autant d\u2019endroits inoubliables. \u00a0 Il en va de m\u00eame pour ses plages et la Sierra de Irta, qui a servi de d\u00e9cor \u00e0 certaines s\u00e9quences de <\/span><i><span style=\"font-weight: 400;\">Game of Thrones<\/span><\/i><span style=\"font-weight: 400;\">. <\/span><\/p>\t\t\t\t\t\t\t\t<\/div>\n\t\t\t\t<\/div>\n\t\t\t\t\t<\/div>\n\t\t<\/div>\n\t\t\t\t<div class=\"elementor-column elementor-col-50 elementor-top-column elementor-element elementor-element-b1f2c33\" data-id=\"b1f2c33\" data-element_type=\"column\" data-e-type=\"column\">\n\t\t\t<div class=\"elementor-widget-wrap elementor-element-populated\">\n\t\t\t\t\t\t<div class=\"elementor-element elementor-element-2b6aa17 elementor-widget elementor-widget-heading\" data-id=\"2b6aa17\" data-element_type=\"widget\" data-e-type=\"widget\" data-widget_type=\"heading.default\">\n\t\t\t\t<div class=\"elementor-widget-container\">\n\t\t\t\t\t<h3 class=\"elementor-heading-title elementor-size-default\">Benicasim<\/h3>\t\t\t\t<\/div>\n\t\t\t\t<\/div>\n\t\t\t\t<div class=\"elementor-element elementor-element-ed66367 elementor-widget elementor-widget-text-editor\" data-id=\"ed66367\" data-element_type=\"widget\" data-e-type=\"widget\" data-widget_type=\"text-editor.default\">\n\t\t\t\t<div class=\"elementor-widget-container\">\n\t\t\t\t\t\t\t\t\t<p><span style=\"font-weight: 400;\">Cette ville c\u00f4ti\u00e8re arbore des plages de sable dor\u00e9, dont les eaux calmes sont id\u00e9ales pour les <\/span><b>sports nautiques,<\/b><span style=\"font-weight: 400;\"> tels que la voile et la planche \u00e0 voile. Connue pour sa relation avec la musique, ce village accueille des <\/span><b>festivals de grande envergure et charg\u00e9s d\u2019histoire<\/b><span style=\"font-weight: 400;\">, comme le Festival international de Benicasim. En outre, la zone appel\u00e9e \u00ab\u00a0D\u00e9sert des Palmiers \u00bb offre de tr\u00e8s charmants itin\u00e9raires de randonn\u00e9e.<\/span><\/p>\t\t\t\t\t\t\t\t<\/div>\n\t\t\t\t<\/div>\n\t\t\t\t\t<\/div>\n\t\t<\/div>\n\t\t\t\t\t<\/div>\n\t\t<\/section>\n\t\t\t\t<section class=\"elementor-section elementor-top-section elementor-element elementor-element-a441ae7 elementor-section-boxed elementor-section-height-default elementor-section-height-default\" data-id=\"a441ae7\" data-element_type=\"section\" data-e-type=\"section\">\n\t\t\t\t\t\t<div class=\"elementor-container elementor-column-gap-default\">\n\t\t\t\t\t<div class=\"elementor-column elementor-col-100 elementor-top-column elementor-element elementor-element-d1d34a0\" data-id=\"d1d34a0\" data-element_type=\"column\" data-e-type=\"column\">\n\t\t\t<div class=\"elementor-widget-wrap elementor-element-populated\">\n\t\t\t\t\t\t<div class=\"elementor-element elementor-element-3a399f3 elementor-widget elementor-widget-heading\" data-id=\"3a399f3\" data-element_type=\"widget\" data-e-type=\"widget\" data-widget_type=\"heading.default\">\n\t\t\t\t<div class=\"elementor-widget-container\">\n\t\t\t\t\t<h3 class=\"elementor-heading-title elementor-size-default\">Alcoceber<\/h3>\t\t\t\t<\/div>\n\t\t\t\t<\/div>\n\t\t\t\t<div class=\"elementor-element elementor-element-ea52e34 elementor-widget elementor-widget-text-editor\" data-id=\"ea52e34\" data-element_type=\"widget\" data-e-type=\"widget\" data-widget_type=\"text-editor.default\">\n\t\t\t\t<div class=\"elementor-widget-container\">\n\t\t\t\t\t\t\t\t\t<p><span style=\"font-weight: 400;\">Ce village, qui appartient \u00e0 la municipalit\u00e9 d\u2019Alc\u00e1la de Xivert, offre une combinaison saisissante de montagne et de plage. Il se trouve \u00e0 proximit\u00e9 du <\/span><b>parc naturel de la Sierra de Irta<\/b><span style=\"font-weight: 400;\">, une zone prot\u00e9g\u00e9e qui offre de nombreuses possibilit\u00e9s de profiter de la nature. Si vous recherchez la mer et le calme, vous avez trouv\u00e9 votre destination.<\/span><\/p>\t\t\t\t\t\t\t\t<\/div>\n\t\t\t\t<\/div>\n\t\t\t\t\t<\/div>\n\t\t<\/div>\n\t\t\t\t\t<\/div>\n\t\t<\/section>\n\t\t\t\t<section class=\"elementor-section elementor-top-section elementor-element elementor-element-cf7aa0d elementor-section-boxed elementor-section-height-default elementor-section-height-default\" data-id=\"cf7aa0d\" data-element_type=\"section\" data-e-type=\"section\">\n\t\t\t\t\t\t<div class=\"elementor-container elementor-column-gap-default\">\n\t\t\t\t\t<div class=\"elementor-column elementor-col-33 elementor-top-column elementor-element elementor-element-01a2486\" data-id=\"01a2486\" data-element_type=\"column\" data-e-type=\"column\">\n\t\t\t<div class=\"elementor-widget-wrap elementor-element-populated\">\n\t\t\t\t\t\t<div class=\"elementor-element elementor-element-eb4bc7c elementor-cta--skin-cover elementor-animated-content elementor-bg-transform elementor-bg-transform-zoom-in elementor-widget elementor-widget-call-to-action\" data-id=\"eb4bc7c\" data-element_type=\"widget\" data-e-type=\"widget\" data-widget_type=\"call-to-action.default\">\n\t\t\t\t<div class=\"elementor-widget-container\">\n\t\t\t\t\t\t\t<div class=\"elementor-cta\">\n\t\t\t\t\t<div class=\"elementor-cta__bg-wrapper\">\n\t\t\t\t<div class=\"elementor-cta__bg elementor-bg\" style=\"background-image: url(https:\/\/www.orangecosta.com\/blog\/wp-content\/uploads\/2023\/06\/Peniscola-975x630.png);\" role=\"img\" aria-label=\"Apartamento Pe\u00f1iscola Playa escapada junto al casco antiguo\"><\/div>\n\t\t\t\t<div class=\"elementor-cta__bg-overlay\"><\/div>\n\t\t\t<\/div>\n\t\t\t\t\t\t\t<div class=\"elementor-cta__content\">\n\t\t\t\t\n\t\t\t\t\n\t\t\t\t\n\t\t\t\t\t\t\t\t\t<div class=\"elementor-cta__button-wrapper elementor-cta__content-item elementor-content-item elementor-animated-item--grow\">\n\t\t\t\t\t<a class=\"elementor-cta__button elementor-button elementor-size-md\" href=\"https:\/\/www.orangecosta.com\/fr\/location\/locations-peniscola-d400\/\">\n\t\t\t\t\t\tH\u00c9BERGEMENT PE\u00d1\u00cdSCOLA\t\t\t\t\t<\/a>\n\t\t\t\t\t<\/div>\n\t\t\t\t\t\t\t<\/div>\n\t\t\t\t\t\t<\/div>\n\t\t\t\t\t\t<\/div>\n\t\t\t\t<\/div>\n\t\t\t\t\t<\/div>\n\t\t<\/div>\n\t\t\t\t<div class=\"elementor-column elementor-col-33 elementor-top-column elementor-element elementor-element-d00b8f5\" data-id=\"d00b8f5\" data-element_type=\"column\" data-e-type=\"column\">\n\t\t\t<div class=\"elementor-widget-wrap elementor-element-populated\">\n\t\t\t\t\t\t<div class=\"elementor-element elementor-element-663d9dd elementor-cta--skin-cover elementor-animated-content elementor-bg-transform elementor-bg-transform-zoom-in elementor-widget elementor-widget-call-to-action\" data-id=\"663d9dd\" data-element_type=\"widget\" data-e-type=\"widget\" data-widget_type=\"call-to-action.default\">\n\t\t\t\t<div class=\"elementor-widget-container\">\n\t\t\t\t\t\t\t<div class=\"elementor-cta\">\n\t\t\t\t\t<div class=\"elementor-cta__bg-wrapper\">\n\t\t\t\t<div class=\"elementor-cta__bg elementor-bg\" style=\"background-image: url(https:\/\/www.orangecosta.com\/blog\/wp-content\/uploads\/2023\/06\/Benicassim-1022x630.png);\" role=\"img\" aria-label=\"Benicassim\"><\/div>\n\t\t\t\t<div class=\"elementor-cta__bg-overlay\"><\/div>\n\t\t\t<\/div>\n\t\t\t\t\t\t\t<div class=\"elementor-cta__content\">\n\t\t\t\t\n\t\t\t\t\n\t\t\t\t\n\t\t\t\t\t\t\t\t\t<div class=\"elementor-cta__button-wrapper elementor-cta__content-item elementor-content-item elementor-animated-item--grow\">\n\t\t\t\t\t<a class=\"elementor-cta__button elementor-button elementor-size-md\" href=\"https:\/\/www.orangecosta.com\/fr\/location\/appartements-peniscola-c1d400\/\">\n\t\t\t\t\t\tH\u00c9BERGEMENT BENICASSIM\t\t\t\t\t<\/a>\n\t\t\t\t\t<\/div>\n\t\t\t\t\t\t\t<\/div>\n\t\t\t\t\t\t<\/div>\n\t\t\t\t\t\t<\/div>\n\t\t\t\t<\/div>\n\t\t\t\t\t<\/div>\n\t\t<\/div>\n\t\t\t\t<div class=\"elementor-column elementor-col-33 elementor-top-column elementor-element elementor-element-1c9dc24\" data-id=\"1c9dc24\" data-element_type=\"column\" data-e-type=\"column\">\n\t\t\t<div class=\"elementor-widget-wrap elementor-element-populated\">\n\t\t\t\t\t\t<div class=\"elementor-element elementor-element-8f52506 elementor-cta--skin-cover elementor-animated-content elementor-bg-transform elementor-bg-transform-zoom-in elementor-widget elementor-widget-call-to-action\" data-id=\"8f52506\" data-element_type=\"widget\" data-e-type=\"widget\" data-widget_type=\"call-to-action.default\">\n\t\t\t\t<div class=\"elementor-widget-container\">\n\t\t\t\t\t\t\t<div class=\"elementor-cta\">\n\t\t\t\t\t<div class=\"elementor-cta__bg-wrapper\">\n\t\t\t\t<div class=\"elementor-cta__bg elementor-bg\" style=\"background-image: url(https:\/\/www.orangecosta.com\/blog\/wp-content\/uploads\/2023\/06\/Alcossebre-1101x630.png);\" role=\"img\" aria-label=\"Alcossebre\"><\/div>\n\t\t\t\t<div class=\"elementor-cta__bg-overlay\"><\/div>\n\t\t\t<\/div>\n\t\t\t\t\t\t\t<div class=\"elementor-cta__content\">\n\t\t\t\t\n\t\t\t\t\n\t\t\t\t\n\t\t\t\t\t\t\t\t\t<div class=\"elementor-cta__button-wrapper elementor-cta__content-item elementor-content-item elementor-animated-item--grow\">\n\t\t\t\t\t<a class=\"elementor-cta__button elementor-button elementor-size-md\" href=\"https:\/\/www.orangecosta.com\/fr\/location\/locations-alcocebre-alcossebre-d100\/\">\n\t\t\t\t\t\tH\u00c9BERGEMENT AALCOSSEBRE\t\t\t\t\t<\/a>\n\t\t\t\t\t<\/div>\n\t\t\t\t\t\t\t<\/div>\n\t\t\t\t\t\t<\/div>\n\t\t\t\t\t\t<\/div>\n\t\t\t\t<\/div>\n\t\t\t\t\t<\/div>\n\t\t<\/div>\n\t\t\t\t\t<\/div>\n\t\t<\/section>\n\t\t\t\t<section class=\"elementor-section elementor-top-section elementor-element elementor-element-6800466 elementor-section-boxed elementor-section-height-default elementor-section-height-default\" data-id=\"6800466\" data-element_type=\"section\" data-e-type=\"section\">\n\t\t\t\t\t\t<div class=\"elementor-container elementor-column-gap-default\">\n\t\t\t\t\t<div class=\"elementor-column elementor-col-50 elementor-top-column elementor-element elementor-element-62a02f3\" data-id=\"62a02f3\" data-element_type=\"column\" data-e-type=\"column\">\n\t\t\t<div class=\"elementor-widget-wrap elementor-element-populated\">\n\t\t\t\t\t\t<div class=\"elementor-element elementor-element-dafe4b7 elementor-widget elementor-widget-heading\" data-id=\"dafe4b7\" data-element_type=\"widget\" data-e-type=\"widget\" data-widget_type=\"heading.default\">\n\t\t\t\t<div class=\"elementor-widget-container\">\n\t\t\t\t\t<h3 class=\"elementor-heading-title elementor-size-default\">Oropesa del Mar\n<\/h3>\t\t\t\t<\/div>\n\t\t\t\t<\/div>\n\t\t\t\t<div class=\"elementor-element elementor-element-7bed48a elementor-widget elementor-widget-text-editor\" data-id=\"7bed48a\" data-element_type=\"widget\" data-e-type=\"widget\" data-widget_type=\"text-editor.default\">\n\t\t\t\t<div class=\"elementor-widget-container\">\n\t\t\t\t\t\t\t\t\t<p><span style=\"font-weight: 400;\">Cette zone touristique de Castell\u00f3n compte douze kilom\u00e8tres de c\u00f4te et sept plages. Sa vieille ville renferme un patrimoine tr\u00e8s riche, mais elle dispose \u00e9galement d\u2019un port de plaisance que les amateurs de sports nautiques appr\u00e9cient beaucoup. Si vous aimez faire du v\u00e9lo ou du quad entour\u00e9 de paysages magnifiques, ce village est fait pour vous. Cette commune abrite aussi l\u2019un des complexes touristiques les plus importants de l\u2019histoire de l\u2019Espagne\u00a0: <\/span><b>Marina d\u2019Or<\/b><span style=\"font-weight: 400;\">. Cette ville de vacances par excellence est un choix id\u00e9al pour des vacances en famille \u00e0 la plage.<\/span><\/p>\t\t\t\t\t\t\t\t<\/div>\n\t\t\t\t<\/div>\n\t\t\t\t\t<\/div>\n\t\t<\/div>\n\t\t\t\t<div class=\"elementor-column elementor-col-50 elementor-top-column elementor-element elementor-element-c62b263\" data-id=\"c62b263\" data-element_type=\"column\" data-e-type=\"column\">\n\t\t\t<div class=\"elementor-widget-wrap elementor-element-populated\">\n\t\t\t\t\t\t<div class=\"elementor-element elementor-element-ef259b3 elementor-widget elementor-widget-heading\" data-id=\"ef259b3\" data-element_type=\"widget\" data-e-type=\"widget\" data-widget_type=\"heading.default\">\n\t\t\t\t<div class=\"elementor-widget-container\">\n\t\t\t\t\t<h3 class=\"elementor-heading-title elementor-size-default\">Vinaroz\n<\/h3>\t\t\t\t<\/div>\n\t\t\t\t<\/div>\n\t\t\t\t<div class=\"elementor-element elementor-element-2ec36c2 elementor-widget elementor-widget-text-editor\" data-id=\"2ec36c2\" data-element_type=\"widget\" data-e-type=\"widget\" data-widget_type=\"text-editor.default\">\n\t\t\t\t<div class=\"elementor-widget-container\">\n\t\t\t\t\t\t\t\t\t<p><span style=\"font-weight: 400;\">Commune la plus septentrionale du littoral de Castell\u00f3n, cette destination, incontournable pour bien conna\u00eetre cette r\u00e9gion, est un v\u00e9ritable paradis pour les amateurs de crevettes. Outre une promenade anim\u00e9e en bord de mer, elle poss\u00e8de des quartiers urbains agr\u00e9ables, parmi lesquels on peut citer le Parc de Llangost\u00ed, le March\u00e9, ou encore l\u2019\u00e9glise-forteresse de La Asunci\u00f3n.<\/span><\/p><p><span style=\"font-weight: 400;\">Si vous avez l\u2019occasion de visiter Vinaroz, nous vous recommandons d\u2019assister au carnaval en f\u00e9vrier, lorsque la ville est en liesse et que tout le monde se d\u00e9guise dans des costumes dignes des carnavals br\u00e9siliens. Une pure merveille\u00a0!<\/span><\/p>\t\t\t\t\t\t\t\t<\/div>\n\t\t\t\t<\/div>\n\t\t\t\t\t<\/div>\n\t\t<\/div>\n\t\t\t\t\t<\/div>\n\t\t<\/section>\n\t\t\t\t<section class=\"elementor-section elementor-top-section elementor-element elementor-element-67810120 elementor-section-boxed elementor-section-height-default elementor-section-height-default\" data-id=\"67810120\" data-element_type=\"section\" data-e-type=\"section\">\n\t\t\t\t\t\t<div class=\"elementor-container elementor-column-gap-default\">\n\t\t\t\t\t<div class=\"elementor-column elementor-col-100 elementor-top-column elementor-element elementor-element-29e31808\" data-id=\"29e31808\" data-element_type=\"column\" data-e-type=\"column\">\n\t\t\t<div class=\"elementor-widget-wrap elementor-element-populated\">\n\t\t\t\t\t\t<div class=\"elementor-element elementor-element-1c752df7 elementor-widget elementor-widget-heading\" data-id=\"1c752df7\" data-element_type=\"widget\" data-e-type=\"widget\" data-widget_type=\"heading.default\">\n\t\t\t\t<div class=\"elementor-widget-container\">\n\t\t\t\t\t<h2 class=\"elementor-heading-title elementor-size-default\">Les choses \u00e0 faire sur la Costa Azahar<\/h2>\t\t\t\t<\/div>\n\t\t\t\t<\/div>\n\t\t\t\t\t<\/div>\n\t\t<\/div>\n\t\t\t\t\t<\/div>\n\t\t<\/section>\n\t\t\t\t<section class=\"elementor-section elementor-top-section elementor-element elementor-element-edb762d elementor-section-boxed elementor-section-height-default elementor-section-height-default\" data-id=\"edb762d\" data-element_type=\"section\" data-e-type=\"section\">\n\t\t\t\t\t\t<div class=\"elementor-container elementor-column-gap-default\">\n\t\t\t\t\t<div class=\"elementor-column elementor-col-50 elementor-top-column elementor-element elementor-element-81db0a3\" data-id=\"81db0a3\" data-element_type=\"column\" data-e-type=\"column\">\n\t\t\t<div class=\"elementor-widget-wrap elementor-element-populated\">\n\t\t\t\t\t\t<div class=\"elementor-element elementor-element-92d981f elementor-widget elementor-widget-text-editor\" data-id=\"92d981f\" data-element_type=\"widget\" data-e-type=\"widget\" data-widget_type=\"text-editor.default\">\n\t\t\t\t<div class=\"elementor-widget-container\">\n\t\t\t\t\t\t\t\t\t<p><b>Sur la Costa del Azahar,<\/b><span style=\"font-weight: 400;\"> il y a beaucoup de <\/span><b>choses<\/b> <b>\u00e0 faire, \u00e0 go\u00fbter et \u00e0 savourer.<\/b><span style=\"font-weight: 400;\"> Outre la natation, les sports nautiques, la randonn\u00e9e, le cyclisme et le quad, il existe d\u2019autres alternatives. Vous pouvez par exemple savourer sa <\/span><b>riche gastronomie<\/b><span style=\"font-weight: 400;\">, centr\u00e9e autour du riz, de la viande de porc et des agrumes. Un vrai d\u00e9lice pour les papilles !<\/span><\/p><p><span style=\"font-weight: 400;\">La visite des <\/span><b>centres-villes historiques<\/b><span style=\"font-weight: 400;\"> et de leur h\u00e9ritage culturel saisissant est une autre activit\u00e9 incontournable. Vous pourrez \u00e9galement vous laisser envo\u00fbter par ses mus\u00e9es, parfois tr\u00e8s originaux, ses f\u00eates traditionnelles, et ses sites naturels, tels que la <\/span><b>r\u00e9serve naturelle de Columbretes<\/b><span style=\"font-weight: 400;\">. Enfin, les soir\u00e9es et sorties nocturnes, tr\u00e8s anim\u00e9es, sont propices aux nouvelles rencontres.<\/span><\/p>\t\t\t\t\t\t\t\t<\/div>\n\t\t\t\t<\/div>\n\t\t\t\t\t<\/div>\n\t\t<\/div>\n\t\t\t\t<div class=\"elementor-column elementor-col-50 elementor-top-column elementor-element elementor-element-1ce2fa3\" data-id=\"1ce2fa3\" data-element_type=\"column\" data-e-type=\"column\">\n\t\t\t<div class=\"elementor-widget-wrap elementor-element-populated\">\n\t\t\t\t\t\t<div class=\"elementor-element elementor-element-66d9cd4 elementor-widget elementor-widget-image\" data-id=\"66d9cd4\" data-element_type=\"widget\" data-e-type=\"widget\" data-widget_type=\"image.default\">\n\t\t\t\t<div class=\"elementor-widget-container\">\n\t\t\t\t\t\t\t\t\t\t\t\t\t\t\t<img fetchpriority=\"high\" decoding=\"async\" width=\"700\" height=\"400\" src=\"https:\/\/www.orangecosta.com\/blog\/wp-content\/uploads\/2023\/06\/Benicassim-Costa-Azahar.jpg\" class=\"attachment-large size-large wp-image-1160\" alt=\"Benicassim Costa Azahar\" \/>\t\t\t\t\t\t\t\t\t\t\t\t\t\t\t<\/div>\n\t\t\t\t<\/div>\n\t\t\t\t<div class=\"elementor-element elementor-element-0b42269 elementor-widget elementor-widget-text-editor\" data-id=\"0b42269\" data-element_type=\"widget\" data-e-type=\"widget\" data-widget_type=\"text-editor.default\">\n\t\t\t\t<div class=\"elementor-widget-container\">\n\t\t\t\t\t\t\t\t\t<p style=\"text-align: right;\">Benicassim, Costa de Azahar<\/p>\t\t\t\t\t\t\t\t<\/div>\n\t\t\t\t<\/div>\n\t\t\t\t\t<\/div>\n\t\t<\/div>\n\t\t\t\t\t<\/div>\n\t\t<\/section>\n\t\t\t\t<section class=\"elementor-section elementor-top-section elementor-element elementor-element-81060fb elementor-section-boxed elementor-section-height-default elementor-section-height-default\" data-id=\"81060fb\" data-element_type=\"section\" data-e-type=\"section\">\n\t\t\t\t\t\t<div class=\"elementor-container elementor-column-gap-default\">\n\t\t\t\t\t<div class=\"elementor-column elementor-col-100 elementor-top-column elementor-element elementor-element-68d6fb9\" data-id=\"68d6fb9\" data-element_type=\"column\" data-e-type=\"column\">\n\t\t\t<div class=\"elementor-widget-wrap elementor-element-populated\">\n\t\t\t\t\t\t<div class=\"elementor-element elementor-element-8be364c elementor-widget elementor-widget-heading\" data-id=\"8be364c\" data-element_type=\"widget\" data-e-type=\"widget\" data-widget_type=\"heading.default\">\n\t\t\t\t<div class=\"elementor-widget-container\">\n\t\t\t\t\t<h2 class=\"elementor-heading-title elementor-size-default\">Quand venir sur la Costa del Azahar ?<\/h2>\t\t\t\t<\/div>\n\t\t\t\t<\/div>\n\t\t\t\t\t<\/div>\n\t\t<\/div>\n\t\t\t\t\t<\/div>\n\t\t<\/section>\n\t\t\t\t<section class=\"elementor-section elementor-top-section elementor-element elementor-element-57942bf8 elementor-section-boxed elementor-section-height-default elementor-section-height-default\" data-id=\"57942bf8\" data-element_type=\"section\" data-e-type=\"section\">\n\t\t\t\t\t\t<div class=\"elementor-container elementor-column-gap-default\">\n\t\t\t\t\t<div class=\"elementor-column elementor-col-100 elementor-top-column elementor-element elementor-element-151bde98\" data-id=\"151bde98\" data-element_type=\"column\" data-e-type=\"column\">\n\t\t\t<div class=\"elementor-widget-wrap elementor-element-populated\">\n\t\t\t\t\t\t<div class=\"elementor-element elementor-element-4d15f45 elementor-widget elementor-widget-text-editor\" data-id=\"4d15f45\" data-element_type=\"widget\" data-e-type=\"widget\" data-widget_type=\"text-editor.default\">\n\t\t\t\t<div class=\"elementor-widget-container\">\n\t\t\t\t\t\t\t\t\t<p><b>Plages, divertissement, gastronomie, beaut\u00e9, nature et services de qualit\u00e9,<\/b><span style=\"font-weight: 400;\"> cette partie du littoral de la province de Castell\u00f3n a tout ce que l\u2019on peut attendre d\u2019une destination de vacances de r\u00eave. Couples amoureux, familles, voyageurs solitaires et groupes d\u2019amis\u00a0: tous trouveront leur bonheur sur cette r\u00e9gion c\u00f4ti\u00e8re. Surtout si vous louez votre logement \u00e0 <\/span><a href=\"https:\/\/www.orangecosta.com\/\"><span style=\"font-weight: 400;\">Orange Costa<\/span><\/a><span style=\"font-weight: 400;\">. Que diriez-vous d\u2019un <\/span><a href=\"https:\/\/www.orangecosta.com\/alquiler\/estudio-benicassim-estoril-blq-1-317822.html\"><span style=\"font-weight: 400;\">charmant studio<\/span><\/a><span style=\"font-weight: 400;\"> ou d\u2019un <\/span><a href=\"https:\/\/www.orangecosta.com\/alquiler\/apartamento-peniscola-peniscola-playa-320538.html\"><span style=\"font-weight: 400;\">appartement en plein centre<\/span><\/a><span style=\"font-weight: 400;\">, dans les meilleurs quartiers de la<\/span><b> Costa del Azahar<\/b><span style=\"font-weight: 400;\"> ? N\u2019attendez plus\u00a0!<\/span><\/p>\t\t\t\t\t\t\t\t<\/div>\n\t\t\t\t<\/div>\n\t\t\t\t\t<\/div>\n\t\t<\/div>\n\t\t\t\t\t<\/div>\n\t\t<\/section>\n\t\t\t\t<section class=\"elementor-section elementor-top-section elementor-element elementor-element-adecc3b elementor-section-boxed elementor-section-height-default elementor-section-height-default\" data-id=\"adecc3b\" data-element_type=\"section\" data-e-type=\"section\">\n\t\t\t\t\t\t<div class=\"elementor-container elementor-column-gap-default\">\n\t\t\t\t\t<div class=\"elementor-column elementor-col-33 elementor-top-column elementor-element elementor-element-e2aabdf\" data-id=\"e2aabdf\" data-element_type=\"column\" data-e-type=\"column\">\n\t\t\t<div class=\"elementor-widget-wrap elementor-element-populated\">\n\t\t\t\t\t\t<div class=\"elementor-element elementor-element-a983b5c elementor-align-center elementor-widget elementor-widget-button\" data-id=\"a983b5c\" data-element_type=\"widget\" data-e-type=\"widget\" data-widget_type=\"button.default\">\n\t\t\t\t<div class=\"elementor-widget-container\">\n\t\t\t\t\t\t\t\t\t<div class=\"elementor-button-wrapper\">\n\t\t\t\t\t<a class=\"elementor-button elementor-button-link elementor-size-sm\" href=\"https:\/\/www.orangecosta.com\/fr\/location\/appartements-peniscola-c1d400\/\">\n\t\t\t\t\t\t<span class=\"elementor-button-content-wrapper\">\n\t\t\t\t\t\t\t\t\t<span class=\"elementor-button-text\">APPARTEMENT  PE\u00d1\u00cdSCOLA<\/span>\n\t\t\t\t\t<\/span>\n\t\t\t\t\t<\/a>\n\t\t\t\t<\/div>\n\t\t\t\t\t\t\t\t<\/div>\n\t\t\t\t<\/div>\n\t\t\t\t\t<\/div>\n\t\t<\/div>\n\t\t\t\t<div class=\"elementor-column elementor-col-33 elementor-top-column elementor-element elementor-element-5733a03\" data-id=\"5733a03\" data-element_type=\"column\" data-e-type=\"column\">\n\t\t\t<div class=\"elementor-widget-wrap elementor-element-populated\">\n\t\t\t\t\t\t<div class=\"elementor-element elementor-element-7aa0d10 elementor-align-center elementor-widget elementor-widget-button\" data-id=\"7aa0d10\" data-element_type=\"widget\" data-e-type=\"widget\" data-widget_type=\"button.default\">\n\t\t\t\t<div class=\"elementor-widget-container\">\n\t\t\t\t\t\t\t\t\t<div class=\"elementor-button-wrapper\">\n\t\t\t\t\t<a class=\"elementor-button elementor-button-link elementor-size-sm\" href=\"https:\/\/www.orangecosta.com\/alquiler\/apartamentos-benicassim-c1d139\/\">\n\t\t\t\t\t\t<span class=\"elementor-button-content-wrapper\">\n\t\t\t\t\t\t\t\t\t<span class=\"elementor-button-text\">APPARTEMENT  BENICASSIM<\/span>\n\t\t\t\t\t<\/span>\n\t\t\t\t\t<\/a>\n\t\t\t\t<\/div>\n\t\t\t\t\t\t\t\t<\/div>\n\t\t\t\t<\/div>\n\t\t\t\t\t<\/div>\n\t\t<\/div>\n\t\t\t\t<div class=\"elementor-column elementor-col-33 elementor-top-column elementor-element elementor-element-2d10f20\" data-id=\"2d10f20\" data-element_type=\"column\" data-e-type=\"column\">\n\t\t\t<div class=\"elementor-widget-wrap elementor-element-populated\">\n\t\t\t\t\t\t<div class=\"elementor-element elementor-element-7d658e5 elementor-align-center elementor-widget elementor-widget-button\" data-id=\"7d658e5\" data-element_type=\"widget\" data-e-type=\"widget\" data-widget_type=\"button.default\">\n\t\t\t\t<div class=\"elementor-widget-container\">\n\t\t\t\t\t\t\t\t\t<div class=\"elementor-button-wrapper\">\n\t\t\t\t\t<a class=\"elementor-button elementor-button-link elementor-size-sm\" href=\"https:\/\/www.orangecosta.com\/fr\/location\/appartements-alcocebre-alcossebre-c1d100\/\">\n\t\t\t\t\t\t<span class=\"elementor-button-content-wrapper\">\n\t\t\t\t\t\t\t\t\t<span class=\"elementor-button-text\">APPARTEMENT  ALCOSSEBRE<\/span>\n\t\t\t\t\t<\/span>\n\t\t\t\t\t<\/a>\n\t\t\t\t<\/div>\n\t\t\t\t\t\t\t\t<\/div>\n\t\t\t\t<\/div>\n\t\t\t\t\t<\/div>\n\t\t<\/div>\n\t\t\t\t\t<\/div>\n\t\t<\/section>\n\t\t\t\t<\/div>\n\t\t","protected":false},"excerpt":{"rendered":"<p>La Costa del Azahar compte 130 kilom\u00e8tres de c\u00f4tes, form\u00e9es de longues et belles plages bord\u00e9es de promenades anim\u00e9es. La&#8230;<\/p>\n","protected":false},"author":3,"featured_media":1163,"comment_status":"open","ping_status":"open","sticky":false,"template":"","format":"standard","meta":{"footnotes":""},"categories":[121,103],"tags":[],"class_list":["post-1204","post","type-post","status-publish","format-standard","has-post-thumbnail","hentry","category-costa-azahar-fr","category-tourisme"],"yoast_head":"<!-- This site is optimized with the Yoast SEO plugin v27.5 - https:\/\/yoast.com\/product\/yoast-seo-wordpress\/ -->\n<title>Costa Azahar : que faire dans cette r\u00e9gion exceptionnelle ?<\/title>\n<meta name=\"description\" content=\"La Costa Azahar, c\u2019est bien plus que des plages et de superbes paysages. C\u2019est une destination de vacances id\u00e9ale pour tous les publics.\" \/>\n<meta name=\"robots\" content=\"index, follow, max-snippet:-1, max-image-preview:large, max-video-preview:-1\" \/>\n<link rel=\"canonical\" href=\"https:\/\/www.orangecosta.com\/blog\/fr\/costa-azahar-que-faire\/\" \/>\n<meta property=\"og:locale\" content=\"fr_FR\" \/>\n<meta property=\"og:type\" content=\"article\" \/>\n<meta property=\"og:title\" content=\"Costa Azahar : que faire dans cette r\u00e9gion exceptionnelle ?\" \/>\n<meta property=\"og:description\" content=\"La Costa Azahar, c\u2019est bien plus que des plages et de superbes paysages. C\u2019est une destination de vacances id\u00e9ale pour tous les publics.\" \/>\n<meta property=\"og:url\" content=\"https:\/\/www.orangecosta.com\/blog\/fr\/costa-azahar-que-faire\/\" \/>\n<meta property=\"og:site_name\" content=\"Blog turismo Orange Costa\" \/>\n<meta property=\"article:published_time\" content=\"2023-06-22T14:26:46+00:00\" \/>\n<meta property=\"article:modified_time\" content=\"2024-06-05T11:11:22+00:00\" \/>\n<meta property=\"og:image\" content=\"https:\/\/www.orangecosta.com\/blog\/wp-content\/uploads\/2023\/06\/Costa-de-Azahar.jpg\" \/>\n\t<meta property=\"og:image:width\" content=\"1920\" \/>\n\t<meta property=\"og:image:height\" content=\"750\" \/>\n\t<meta property=\"og:image:type\" content=\"image\/jpeg\" \/>\n<meta name=\"author\" content=\"digitalservices\" \/>\n<meta name=\"twitter:card\" content=\"summary_large_image\" \/>\n<meta name=\"twitter:label1\" content=\"\u00c9crit par\" \/>\n\t<meta name=\"twitter:data1\" content=\"digitalservices\" \/>\n\t<meta name=\"twitter:label2\" content=\"Dur\u00e9e de lecture estim\u00e9e\" \/>\n\t<meta name=\"twitter:data2\" content=\"6 minutes\" \/>\n<script type=\"application\/ld+json\" class=\"yoast-schema-graph\">{\"@context\":\"https:\\\/\\\/schema.org\",\"@graph\":[{\"@type\":\"Article\",\"@id\":\"https:\\\/\\\/www.orangecosta.com\\\/blog\\\/fr\\\/costa-azahar-que-faire\\\/#article\",\"isPartOf\":{\"@id\":\"https:\\\/\\\/www.orangecosta.com\\\/blog\\\/fr\\\/costa-azahar-que-faire\\\/\"},\"author\":{\"name\":\"digitalservices\",\"@id\":\"https:\\\/\\\/www.orangecosta.com\\\/blog\\\/fr\\\/#\\\/schema\\\/person\\\/f93ddfccc2f63dd0916fb2c6e908337f\"},\"headline\":\"Costa del Azahar\u00a0: la M\u00e9diterran\u00e9e avec un charme unique\",\"datePublished\":\"2023-06-22T14:26:46+00:00\",\"dateModified\":\"2024-06-05T11:11:22+00:00\",\"mainEntityOfPage\":{\"@id\":\"https:\\\/\\\/www.orangecosta.com\\\/blog\\\/fr\\\/costa-azahar-que-faire\\\/\"},\"wordCount\":1216,\"commentCount\":0,\"image\":{\"@id\":\"https:\\\/\\\/www.orangecosta.com\\\/blog\\\/fr\\\/costa-azahar-que-faire\\\/#primaryimage\"},\"thumbnailUrl\":\"https:\\\/\\\/www.orangecosta.com\\\/blog\\\/wp-content\\\/uploads\\\/2023\\\/06\\\/Costa-de-Azahar.jpg\",\"articleSection\":[\"Costa Azahar\",\"Tourisme\"],\"inLanguage\":\"fr-FR\",\"potentialAction\":[{\"@type\":\"CommentAction\",\"name\":\"Comment\",\"target\":[\"https:\\\/\\\/www.orangecosta.com\\\/blog\\\/fr\\\/costa-azahar-que-faire\\\/#respond\"]}]},{\"@type\":\"WebPage\",\"@id\":\"https:\\\/\\\/www.orangecosta.com\\\/blog\\\/fr\\\/costa-azahar-que-faire\\\/\",\"url\":\"https:\\\/\\\/www.orangecosta.com\\\/blog\\\/fr\\\/costa-azahar-que-faire\\\/\",\"name\":\"Costa Azahar : que faire dans cette r\u00e9gion exceptionnelle ?\",\"isPartOf\":{\"@id\":\"https:\\\/\\\/www.orangecosta.com\\\/blog\\\/fr\\\/#website\"},\"primaryImageOfPage\":{\"@id\":\"https:\\\/\\\/www.orangecosta.com\\\/blog\\\/fr\\\/costa-azahar-que-faire\\\/#primaryimage\"},\"image\":{\"@id\":\"https:\\\/\\\/www.orangecosta.com\\\/blog\\\/fr\\\/costa-azahar-que-faire\\\/#primaryimage\"},\"thumbnailUrl\":\"https:\\\/\\\/www.orangecosta.com\\\/blog\\\/wp-content\\\/uploads\\\/2023\\\/06\\\/Costa-de-Azahar.jpg\",\"datePublished\":\"2023-06-22T14:26:46+00:00\",\"dateModified\":\"2024-06-05T11:11:22+00:00\",\"author\":{\"@id\":\"https:\\\/\\\/www.orangecosta.com\\\/blog\\\/fr\\\/#\\\/schema\\\/person\\\/f93ddfccc2f63dd0916fb2c6e908337f\"},\"description\":\"La Costa Azahar, c\u2019est bien plus que des plages et de superbes paysages. C\u2019est une destination de vacances id\u00e9ale pour tous les publics.\",\"breadcrumb\":{\"@id\":\"https:\\\/\\\/www.orangecosta.com\\\/blog\\\/fr\\\/costa-azahar-que-faire\\\/#breadcrumb\"},\"inLanguage\":\"fr-FR\",\"potentialAction\":[{\"@type\":\"ReadAction\",\"target\":[\"https:\\\/\\\/www.orangecosta.com\\\/blog\\\/fr\\\/costa-azahar-que-faire\\\/\"]}]},{\"@type\":\"ImageObject\",\"inLanguage\":\"fr-FR\",\"@id\":\"https:\\\/\\\/www.orangecosta.com\\\/blog\\\/fr\\\/costa-azahar-que-faire\\\/#primaryimage\",\"url\":\"https:\\\/\\\/www.orangecosta.com\\\/blog\\\/wp-content\\\/uploads\\\/2023\\\/06\\\/Costa-de-Azahar.jpg\",\"contentUrl\":\"https:\\\/\\\/www.orangecosta.com\\\/blog\\\/wp-content\\\/uploads\\\/2023\\\/06\\\/Costa-de-Azahar.jpg\",\"width\":1920,\"height\":750,\"caption\":\"Costa de Azahar\"},{\"@type\":\"BreadcrumbList\",\"@id\":\"https:\\\/\\\/www.orangecosta.com\\\/blog\\\/fr\\\/costa-azahar-que-faire\\\/#breadcrumb\",\"itemListElement\":[{\"@type\":\"ListItem\",\"position\":1,\"name\":\"Home\",\"item\":\"https:\\\/\\\/www.orangecosta.com\\\/blog\\\/fr\\\/\"},{\"@type\":\"ListItem\",\"position\":2,\"name\":\"Costa del Azahar\u00a0: la M\u00e9diterran\u00e9e avec un charme unique\"}]},{\"@type\":\"WebSite\",\"@id\":\"https:\\\/\\\/www.orangecosta.com\\\/blog\\\/fr\\\/#website\",\"url\":\"https:\\\/\\\/www.orangecosta.com\\\/blog\\\/fr\\\/\",\"name\":\"Blog turismo Orange Costa\",\"description\":\"Orangecosta\",\"potentialAction\":[{\"@type\":\"SearchAction\",\"target\":{\"@type\":\"EntryPoint\",\"urlTemplate\":\"https:\\\/\\\/www.orangecosta.com\\\/blog\\\/fr\\\/?s={search_term_string}\"},\"query-input\":{\"@type\":\"PropertyValueSpecification\",\"valueRequired\":true,\"valueName\":\"search_term_string\"}}],\"inLanguage\":\"fr-FR\"},{\"@type\":\"Person\",\"@id\":\"https:\\\/\\\/www.orangecosta.com\\\/blog\\\/fr\\\/#\\\/schema\\\/person\\\/f93ddfccc2f63dd0916fb2c6e908337f\",\"name\":\"digitalservices\",\"image\":{\"@type\":\"ImageObject\",\"inLanguage\":\"fr-FR\",\"@id\":\"https:\\\/\\\/secure.gravatar.com\\\/avatar\\\/af30f88a1904294c1f3eb09a9d7903eec4ffa18fa2cf40c28a8681014ecdfc20?s=96&d=mm&r=g\",\"url\":\"https:\\\/\\\/secure.gravatar.com\\\/avatar\\\/af30f88a1904294c1f3eb09a9d7903eec4ffa18fa2cf40c28a8681014ecdfc20?s=96&d=mm&r=g\",\"contentUrl\":\"https:\\\/\\\/secure.gravatar.com\\\/avatar\\\/af30f88a1904294c1f3eb09a9d7903eec4ffa18fa2cf40c28a8681014ecdfc20?s=96&d=mm&r=g\",\"caption\":\"digitalservices\"},\"url\":\"https:\\\/\\\/www.orangecosta.com\\\/blog\\\/fr\\\/author\\\/digitalservices\\\/\"}]}<\/script>\n<!-- \/ Yoast SEO plugin. -->","yoast_head_json":{"title":"Costa Azahar : que faire dans cette r\u00e9gion exceptionnelle ?","description":"La Costa Azahar, c\u2019est bien plus que des plages et de superbes paysages. C\u2019est une destination de vacances id\u00e9ale pour tous les publics.","robots":{"index":"index","follow":"follow","max-snippet":"max-snippet:-1","max-image-preview":"max-image-preview:large","max-video-preview":"max-video-preview:-1"},"canonical":"https:\/\/www.orangecosta.com\/blog\/fr\/costa-azahar-que-faire\/","og_locale":"fr_FR","og_type":"article","og_title":"Costa Azahar : que faire dans cette r\u00e9gion exceptionnelle ?","og_description":"La Costa Azahar, c\u2019est bien plus que des plages et de superbes paysages. C\u2019est une destination de vacances id\u00e9ale pour tous les publics.","og_url":"https:\/\/www.orangecosta.com\/blog\/fr\/costa-azahar-que-faire\/","og_site_name":"Blog turismo Orange Costa","article_published_time":"2023-06-22T14:26:46+00:00","article_modified_time":"2024-06-05T11:11:22+00:00","og_image":[{"width":1920,"height":750,"url":"https:\/\/www.orangecosta.com\/blog\/wp-content\/uploads\/2023\/06\/Costa-de-Azahar.jpg","type":"image\/jpeg"}],"author":"digitalservices","twitter_card":"summary_large_image","twitter_misc":{"\u00c9crit par":"digitalservices","Dur\u00e9e de lecture estim\u00e9e":"6 minutes"},"schema":{"@context":"https:\/\/schema.org","@graph":[{"@type":"Article","@id":"https:\/\/www.orangecosta.com\/blog\/fr\/costa-azahar-que-faire\/#article","isPartOf":{"@id":"https:\/\/www.orangecosta.com\/blog\/fr\/costa-azahar-que-faire\/"},"author":{"name":"digitalservices","@id":"https:\/\/www.orangecosta.com\/blog\/fr\/#\/schema\/person\/f93ddfccc2f63dd0916fb2c6e908337f"},"headline":"Costa del Azahar\u00a0: la M\u00e9diterran\u00e9e avec un charme unique","datePublished":"2023-06-22T14:26:46+00:00","dateModified":"2024-06-05T11:11:22+00:00","mainEntityOfPage":{"@id":"https:\/\/www.orangecosta.com\/blog\/fr\/costa-azahar-que-faire\/"},"wordCount":1216,"commentCount":0,"image":{"@id":"https:\/\/www.orangecosta.com\/blog\/fr\/costa-azahar-que-faire\/#primaryimage"},"thumbnailUrl":"https:\/\/www.orangecosta.com\/blog\/wp-content\/uploads\/2023\/06\/Costa-de-Azahar.jpg","articleSection":["Costa Azahar","Tourisme"],"inLanguage":"fr-FR","potentialAction":[{"@type":"CommentAction","name":"Comment","target":["https:\/\/www.orangecosta.com\/blog\/fr\/costa-azahar-que-faire\/#respond"]}]},{"@type":"WebPage","@id":"https:\/\/www.orangecosta.com\/blog\/fr\/costa-azahar-que-faire\/","url":"https:\/\/www.orangecosta.com\/blog\/fr\/costa-azahar-que-faire\/","name":"Costa Azahar : que faire dans cette r\u00e9gion exceptionnelle ?","isPartOf":{"@id":"https:\/\/www.orangecosta.com\/blog\/fr\/#website"},"primaryImageOfPage":{"@id":"https:\/\/www.orangecosta.com\/blog\/fr\/costa-azahar-que-faire\/#primaryimage"},"image":{"@id":"https:\/\/www.orangecosta.com\/blog\/fr\/costa-azahar-que-faire\/#primaryimage"},"thumbnailUrl":"https:\/\/www.orangecosta.com\/blog\/wp-content\/uploads\/2023\/06\/Costa-de-Azahar.jpg","datePublished":"2023-06-22T14:26:46+00:00","dateModified":"2024-06-05T11:11:22+00:00","author":{"@id":"https:\/\/www.orangecosta.com\/blog\/fr\/#\/schema\/person\/f93ddfccc2f63dd0916fb2c6e908337f"},"description":"La Costa Azahar, c\u2019est bien plus que des plages et de superbes paysages. C\u2019est une destination de vacances id\u00e9ale pour tous les publics.","breadcrumb":{"@id":"https:\/\/www.orangecosta.com\/blog\/fr\/costa-azahar-que-faire\/#breadcrumb"},"inLanguage":"fr-FR","potentialAction":[{"@type":"ReadAction","target":["https:\/\/www.orangecosta.com\/blog\/fr\/costa-azahar-que-faire\/"]}]},{"@type":"ImageObject","inLanguage":"fr-FR","@id":"https:\/\/www.orangecosta.com\/blog\/fr\/costa-azahar-que-faire\/#primaryimage","url":"https:\/\/www.orangecosta.com\/blog\/wp-content\/uploads\/2023\/06\/Costa-de-Azahar.jpg","contentUrl":"https:\/\/www.orangecosta.com\/blog\/wp-content\/uploads\/2023\/06\/Costa-de-Azahar.jpg","width":1920,"height":750,"caption":"Costa de Azahar"},{"@type":"BreadcrumbList","@id":"https:\/\/www.orangecosta.com\/blog\/fr\/costa-azahar-que-faire\/#breadcrumb","itemListElement":[{"@type":"ListItem","position":1,"name":"Home","item":"https:\/\/www.orangecosta.com\/blog\/fr\/"},{"@type":"ListItem","position":2,"name":"Costa del Azahar\u00a0: la M\u00e9diterran\u00e9e avec un charme unique"}]},{"@type":"WebSite","@id":"https:\/\/www.orangecosta.com\/blog\/fr\/#website","url":"https:\/\/www.orangecosta.com\/blog\/fr\/","name":"Blog turismo Orange Costa","description":"Orangecosta","potentialAction":[{"@type":"SearchAction","target":{"@type":"EntryPoint","urlTemplate":"https:\/\/www.orangecosta.com\/blog\/fr\/?s={search_term_string}"},"query-input":{"@type":"PropertyValueSpecification","valueRequired":true,"valueName":"search_term_string"}}],"inLanguage":"fr-FR"},{"@type":"Person","@id":"https:\/\/www.orangecosta.com\/blog\/fr\/#\/schema\/person\/f93ddfccc2f63dd0916fb2c6e908337f","name":"digitalservices","image":{"@type":"ImageObject","inLanguage":"fr-FR","@id":"https:\/\/secure.gravatar.com\/avatar\/af30f88a1904294c1f3eb09a9d7903eec4ffa18fa2cf40c28a8681014ecdfc20?s=96&d=mm&r=g","url":"https:\/\/secure.gravatar.com\/avatar\/af30f88a1904294c1f3eb09a9d7903eec4ffa18fa2cf40c28a8681014ecdfc20?s=96&d=mm&r=g","contentUrl":"https:\/\/secure.gravatar.com\/avatar\/af30f88a1904294c1f3eb09a9d7903eec4ffa18fa2cf40c28a8681014ecdfc20?s=96&d=mm&r=g","caption":"digitalservices"},"url":"https:\/\/www.orangecosta.com\/blog\/fr\/author\/digitalservices\/"}]}},"_links":{"self":[{"href":"https:\/\/www.orangecosta.com\/blog\/fr\/wp-json\/wp\/v2\/posts\/1204","targetHints":{"allow":["GET"]}}],"collection":[{"href":"https:\/\/www.orangecosta.com\/blog\/fr\/wp-json\/wp\/v2\/posts"}],"about":[{"href":"https:\/\/www.orangecosta.com\/blog\/fr\/wp-json\/wp\/v2\/types\/post"}],"author":[{"embeddable":true,"href":"https:\/\/www.orangecosta.com\/blog\/fr\/wp-json\/wp\/v2\/users\/3"}],"replies":[{"embeddable":true,"href":"https:\/\/www.orangecosta.com\/blog\/fr\/wp-json\/wp\/v2\/comments?post=1204"}],"version-history":[{"count":5,"href":"https:\/\/www.orangecosta.com\/blog\/fr\/wp-json\/wp\/v2\/posts\/1204\/revisions"}],"predecessor-version":[{"id":1503,"href":"https:\/\/www.orangecosta.com\/blog\/fr\/wp-json\/wp\/v2\/posts\/1204\/revisions\/1503"}],"wp:featuredmedia":[{"embeddable":true,"href":"https:\/\/www.orangecosta.com\/blog\/fr\/wp-json\/wp\/v2\/media\/1163"}],"wp:attachment":[{"href":"https:\/\/www.orangecosta.com\/blog\/fr\/wp-json\/wp\/v2\/media?parent=1204"}],"wp:term":[{"taxonomy":"category","embeddable":true,"href":"https:\/\/www.orangecosta.com\/blog\/fr\/wp-json\/wp\/v2\/categories?post=1204"},{"taxonomy":"post_tag","embeddable":true,"href":"https:\/\/www.orangecosta.com\/blog\/fr\/wp-json\/wp\/v2\/tags?post=1204"}],"curies":[{"name":"wp","href":"https:\/\/api.w.org\/{rel}","templated":true}]}}