{"id":5686,"date":"2026-01-27T12:36:58","date_gmt":"2026-01-27T12:36:58","guid":{"rendered":"https:\/\/www.orangecosta.com\/blog\/natural-park-castellon\/"},"modified":"2026-01-27T12:36:59","modified_gmt":"2026-01-27T12:36:59","slug":"natural-park-castellon","status":"publish","type":"post","link":"https:\/\/www.orangecosta.com\/blog\/en\/natural-park-castellon\/","title":{"rendered":"Natural parks of Castell\u00f3n that you should know"},"content":{"rendered":"\t\t<div data-elementor-type=\"wp-post\" data-elementor-id=\"5686\" class=\"elementor elementor-5686 elementor-5607\" data-elementor-post-type=\"post\">\n\t\t\t\t\t\t<section class=\"elementor-section elementor-top-section elementor-element elementor-element-442b89f6 elementor-section-boxed elementor-section-height-default elementor-section-height-default\" data-id=\"442b89f6\" data-element_type=\"section\" data-e-type=\"section\">\n\t\t\t\t\t\t<div class=\"elementor-container elementor-column-gap-default\">\n\t\t\t\t\t<div class=\"elementor-column elementor-col-100 elementor-top-column elementor-element elementor-element-2fc53c5a\" data-id=\"2fc53c5a\" data-element_type=\"column\" data-e-type=\"column\">\n\t\t\t<div class=\"elementor-widget-wrap elementor-element-populated\">\n\t\t\t\t\t\t<div class=\"elementor-element elementor-element-4608a4cf elementor-widget elementor-widget-text-editor\" data-id=\"4608a4cf\" data-element_type=\"widget\" data-e-type=\"widget\" data-widget_type=\"text-editor.default\">\n\t\t\t\t<div class=\"elementor-widget-container\">\n\t\t\t\t\t\t\t\t\t<p style=\"font-weight: 400;\">To talk about natural parks in Castell\u00f3n is to talk about a surprising province with no less than <strong>eight different natural spaces<\/strong>.<\/p><p style=\"font-weight: 400;\">Here you can go from the sea to the mountains in just a few kilometers, walk through wetlands full of birds, get lost in mountain ranges covered with forests, or even sail to a volcanic archipelago in the middle of the Mediterranean. And all without moving too far, which is a great point in its favor. <\/p><p style=\"font-weight: 400;\"><strong>Most have marked trails, interpretation centers, and very easy-to-follow routes<\/strong>, so you don&#8217;t have to be an expert in mountaineering to enjoy them.<\/p><p style=\"font-weight: 400;\">And to make it even better, thanks to the Mediterranean climate, these natural spaces can be visited practically throughout the year. Now, let&#8217;s get to know them one by one. <\/p>\t\t\t\t\t\t\t\t<\/div>\n\t\t\t\t<\/div>\n\t\t\t\t\t<\/div>\n\t\t<\/div>\n\t\t\t\t\t<\/div>\n\t\t<\/section>\n\t\t\t\t<section class=\"elementor-section elementor-top-section elementor-element elementor-element-5e4e8735 elementor-section-boxed elementor-section-height-default elementor-section-height-default\" data-id=\"5e4e8735\" data-element_type=\"section\" data-e-type=\"section\">\n\t\t\t\t\t\t<div class=\"elementor-container elementor-column-gap-default\">\n\t\t\t\t\t<div class=\"elementor-column elementor-col-100 elementor-top-column elementor-element elementor-element-19530c64\" data-id=\"19530c64\" data-element_type=\"column\" data-e-type=\"column\">\n\t\t\t<div class=\"elementor-widget-wrap elementor-element-populated\">\n\t\t\t\t\t\t<div class=\"elementor-element elementor-element-43e5b9eb elementor-widget elementor-widget-table-of-contents\" data-id=\"43e5b9eb\" data-element_type=\"widget\" data-e-type=\"widget\" data-settings=\"{&quot;headings_by_tags&quot;:[&quot;h2&quot;],&quot;exclude_headings_by_selector&quot;:[],&quot;marker_view&quot;:&quot;bullets&quot;,&quot;icon&quot;:{&quot;value&quot;:&quot;&quot;,&quot;library&quot;:&quot;&quot;},&quot;no_headings_message&quot;:&quot;No se ha encontrado ning\\u00fan encabezado en esta p\\u00e1gina.&quot;,&quot;hierarchical_view&quot;:&quot;yes&quot;,&quot;min_height&quot;:{&quot;unit&quot;:&quot;px&quot;,&quot;size&quot;:&quot;&quot;,&quot;sizes&quot;:[]},&quot;min_height_tablet&quot;:{&quot;unit&quot;:&quot;px&quot;,&quot;size&quot;:&quot;&quot;,&quot;sizes&quot;:[]},&quot;min_height_mobile&quot;:{&quot;unit&quot;:&quot;px&quot;,&quot;size&quot;:&quot;&quot;,&quot;sizes&quot;:[]}}\" data-widget_type=\"table-of-contents.default\">\n\t\t\t\t<div class=\"elementor-widget-container\">\n\t\t\t\t\t\t\t\t\t<div class=\"elementor-toc__header\">\n\t\t\t\t\t\t<div class=\"elementor-toc__header-title\">\n\t\t\t\tINDEX\t\t\t<\/div>\n\t\t\t\t\t\t\t\t<\/div>\n\t\t\t\t<div id=\"elementor-toc__43e5b9eb\" class=\"elementor-toc__body\">\n\t\t\t<div class=\"elementor-toc__spinner-container\">\n\t\t\t\t<i class=\"elementor-toc__spinner eicon-animation-spin eicon-loading\" aria-hidden=\"true\"><\/i>\t\t\t<\/div>\n\t\t<\/div>\n\t\t\t\t\t\t<\/div>\n\t\t\t\t<\/div>\n\t\t\t\t\t<\/div>\n\t\t<\/div>\n\t\t\t\t\t<\/div>\n\t\t<\/section>\n\t\t\t\t<section class=\"elementor-section elementor-top-section elementor-element elementor-element-2cd664d1 elementor-section-boxed elementor-section-height-default elementor-section-height-default\" data-id=\"2cd664d1\" data-element_type=\"section\" data-e-type=\"section\">\n\t\t\t\t\t\t<div class=\"elementor-container elementor-column-gap-default\">\n\t\t\t\t\t<div class=\"elementor-column elementor-col-100 elementor-top-column elementor-element elementor-element-4ef459b9\" data-id=\"4ef459b9\" data-element_type=\"column\" data-e-type=\"column\">\n\t\t\t<div class=\"elementor-widget-wrap elementor-element-populated\">\n\t\t\t\t\t\t<div class=\"elementor-element elementor-element-408eb1af elementor-widget elementor-widget-heading\" data-id=\"408eb1af\" data-element_type=\"widget\" data-e-type=\"widget\" data-widget_type=\"heading.default\">\n\t\t\t\t<div class=\"elementor-widget-container\">\n\t\t\t\t\t<h2 class=\"elementor-heading-title elementor-size-default\">#1 Serra d\u2019Irta Natural Park <\/h2>\t\t\t\t<\/div>\n\t\t\t\t<\/div>\n\t\t\t\t<div class=\"elementor-element elementor-element-16521260 elementor-widget elementor-widget-text-editor\" data-id=\"16521260\" data-element_type=\"widget\" data-e-type=\"widget\" data-widget_type=\"text-editor.default\">\n\t\t\t\t<div class=\"elementor-widget-container\">\n\t\t\t\t\t\t\t\t\t<p style=\"font-weight: 400;\">The <a href=\"https:\/\/www.orangecosta.com\/blog\/en\/natural-park-sierra-irta\/\">Serra d\u2019Irta Natural Park<\/a> is one of those places that hardly exist anymore on the Mediterranean coast. It is a protected, undeveloped coastal mountain range <strong>located between Pe\u00f1\u00edscola, Alcal\u00e0 de Xivert, and Alcossebre<\/strong>. Along its kilometers of coastline, cliffs of white rock, coves, and beaches such as <a href=\"https:\/\/www.orangecosta.com\/blog\/en\/beach-pebret\/\">El Pebret<\/a> alternate with small stretches of path with constant views of the sea.  <\/p><p style=\"font-weight: 400;\">Its vegetation is typical of the dry Mediterranean climate: pine forests, rosemary, palmetto, and plants adapted to salinity such as sea fennel.<\/p><p style=\"font-weight: 400;\">In addition, <strong>the park preserves an interesting historical heritage such as the<\/strong> <a href=\"https:\/\/www.orangecosta.com\/blog\/en\/castle-santa-magdalena-pulpis\/\"><strong>Castle of Santa Magdalena de Pulpis<\/strong><\/a><strong>, the<\/strong> <a href=\"https:\/\/www.orangecosta.com\/blog\/castillo-alcala-de-xivert\/\"><strong>Castle of Alcal\u00e1 de Xivert<\/strong><\/a><strong>, and coastal watch posts such as the<\/strong> <a href=\"https:\/\/www.orangecosta.com\/blog\/en\/torre-badum\/\"><strong>Torre Badum<\/strong><\/a><strong>.<\/strong><\/p><p style=\"font-weight: 400;\">It is an ideal park for hiking, biking, and also for visiting with the idea of enjoying its most hidden and lesser-known coves such as <a href=\"https:\/\/www.orangecosta.com\/blog\/en\/cala-argilaga\/\">Cala Argilaga<\/a>.<\/p>\t\t\t\t\t\t\t\t<\/div>\n\t\t\t\t<\/div>\n\t\t\t\t<div class=\"elementor-element elementor-element-76e15b7 elementor-widget elementor-widget-image\" data-id=\"76e15b7\" data-element_type=\"widget\" data-e-type=\"widget\" data-widget_type=\"image.default\">\n\t\t\t\t<div class=\"elementor-widget-container\">\n\t\t\t\t\t\t\t\t\t\t\t\t\t\t\t<img decoding=\"async\" src=\"https:\/\/www.orangecosta.com\/blog\/wp-content\/uploads\/elementor\/thumbs\/Sierra-irta-qb8avtc1fuhn67ic66pegtf4wv6kc655mynswudq40.jpg\" title=\"Sierra irta\" alt=\"Sierra irta\" loading=\"lazy\" \/>\t\t\t\t\t\t\t\t\t\t\t\t\t\t\t<\/div>\n\t\t\t\t<\/div>\n\t\t\t\t\t<\/div>\n\t\t<\/div>\n\t\t\t\t\t<\/div>\n\t\t<\/section>\n\t\t\t\t<section class=\"elementor-section elementor-top-section elementor-element elementor-element-185838c elementor-section-boxed elementor-section-height-default elementor-section-height-default\" data-id=\"185838c\" data-element_type=\"section\" data-e-type=\"section\">\n\t\t\t\t\t\t<div class=\"elementor-container elementor-column-gap-default\">\n\t\t\t\t\t<div class=\"elementor-column elementor-col-100 elementor-top-column elementor-element elementor-element-9054d9f\" data-id=\"9054d9f\" data-element_type=\"column\" data-e-type=\"column\">\n\t\t\t<div class=\"elementor-widget-wrap elementor-element-populated\">\n\t\t\t\t\t\t<div class=\"elementor-element elementor-element-d421237 elementor-widget elementor-widget-heading\" data-id=\"d421237\" data-element_type=\"widget\" data-e-type=\"widget\" data-widget_type=\"heading.default\">\n\t\t\t\t<div class=\"elementor-widget-container\">\n\t\t\t\t\t<h2 class=\"elementor-heading-title elementor-size-default\">#2 Desierto de las Palmas Natural Park <\/h2>\t\t\t\t<\/div>\n\t\t\t\t<\/div>\n\t\t\t\t<div class=\"elementor-element elementor-element-470fdb6 elementor-widget elementor-widget-text-editor\" data-id=\"470fdb6\" data-element_type=\"widget\" data-e-type=\"widget\" data-widget_type=\"text-editor.default\">\n\t\t\t\t<div class=\"elementor-widget-container\">\n\t\t\t\t\t\t\t\t\t<p style=\"font-weight: 400;\">Very close to the coast and the city of Castell\u00f3n is the <a href=\"https:\/\/www.orangecosta.com\/blog\/desierto-de-las-palmas-benicassim\/\">Desierto de las Palmas<\/a>, a park that, despite its name, <strong>is not arid at all<\/strong>. The term &#8220;desierto&#8221; (desert) refers to the isolation sought by the Carmelites years ago, and &#8220;Las Palmas&#8221; to the abundant palmetto that grows in the area. You didn&#8217;t expect that, did you?  <\/p><p style=\"font-weight: 400;\"><strong>Its proximity to the sea generates fogs and microclimates that favor very particular vegetation, and although the park is still in the process of regeneration after the great fire it suffered in 1992, it is well worth visiting.<\/strong><\/p><p style=\"font-weight: 400;\">It is a perfect place to do some of the <a href=\"https:\/\/www.orangecosta.com\/blog\/en\/hiking-trail-castellon\/\">best hiking routes in Castell\u00f3n<\/a>.<\/p>\t\t\t\t\t\t\t\t<\/div>\n\t\t\t\t<\/div>\n\t\t\t\t<div class=\"elementor-element elementor-element-a5ffe4c elementor-widget elementor-widget-image\" data-id=\"a5ffe4c\" data-element_type=\"widget\" data-e-type=\"widget\" data-widget_type=\"image.default\">\n\t\t\t\t<div class=\"elementor-widget-container\">\n\t\t\t\t\t\t\t\t\t\t\t\t\t\t\t<img fetchpriority=\"high\" decoding=\"async\" width=\"1200\" height=\"678\" src=\"https:\/\/www.orangecosta.com\/blog\/wp-content\/uploads\/2023\/11\/rutas-desierto-de-las-palmas-benicassim.jpeg\" class=\"attachment-full size-full wp-image-2061\" alt=\"rutas desierto de las palmas benicassim\" srcset=\"https:\/\/www.orangecosta.com\/blog\/wp-content\/uploads\/2023\/11\/rutas-desierto-de-las-palmas-benicassim.jpeg 1200w, https:\/\/www.orangecosta.com\/blog\/wp-content\/uploads\/2023\/11\/rutas-desierto-de-las-palmas-benicassim-768x434.jpeg 768w\" sizes=\"(max-width: 1200px) 100vw, 1200px\" \/>\t\t\t\t\t\t\t\t\t\t\t\t\t\t\t<\/div>\n\t\t\t\t<\/div>\n\t\t\t\t\t<\/div>\n\t\t<\/div>\n\t\t\t\t\t<\/div>\n\t\t<\/section>\n\t\t\t\t<section class=\"elementor-section elementor-top-section elementor-element elementor-element-cdc5178 elementor-section-boxed elementor-section-height-default elementor-section-height-default\" data-id=\"cdc5178\" data-element_type=\"section\" data-e-type=\"section\">\n\t\t\t\t\t\t<div class=\"elementor-container elementor-column-gap-default\">\n\t\t\t\t\t<div class=\"elementor-column elementor-col-100 elementor-top-column elementor-element elementor-element-5f70f18\" data-id=\"5f70f18\" data-element_type=\"column\" data-e-type=\"column\">\n\t\t\t<div class=\"elementor-widget-wrap elementor-element-populated\">\n\t\t\t\t\t\t<div class=\"elementor-element elementor-element-0c9abdc elementor-widget elementor-widget-heading\" data-id=\"0c9abdc\" data-element_type=\"widget\" data-e-type=\"widget\" data-widget_type=\"heading.default\">\n\t\t\t\t<div class=\"elementor-widget-container\">\n\t\t\t\t\t<h2 class=\"elementor-heading-title elementor-size-default\">#3 Penyagolosa Natural Park<\/h2>\t\t\t\t<\/div>\n\t\t\t\t<\/div>\n\t\t\t\t<div class=\"elementor-element elementor-element-ee6d507 elementor-widget elementor-widget-text-editor\" data-id=\"ee6d507\" data-element_type=\"widget\" data-e-type=\"widget\" data-widget_type=\"text-editor.default\">\n\t\t\t\t<div class=\"elementor-widget-container\">\n\t\t\t\t\t\t\t\t\t<p style=\"font-weight: 400;\">Penyagolosa is the great icon of the interior of Castell\u00f3n. With its <strong>1,814 meters of altitude<\/strong>, it is one of the highest peaks in the Valencian Community. <\/p><p style=\"font-weight: 400;\">Here, pine, holm oak, oak, and maple forests dominate, and <strong>it is common to find mountain goats, wild cats, and numerous birds of prey flying over the massif<\/strong>.<\/p><p style=\"font-weight: 400;\">At the foot of the mountain is the Sanctuary of San Juan Bautista de Penyagolosa, a place that for centuries has been a meeting point for pilgrims and hikers.<\/p>\t\t\t\t\t\t\t\t<\/div>\n\t\t\t\t<\/div>\n\t\t\t\t<div class=\"elementor-element elementor-element-02302e1 elementor-widget elementor-widget-image\" data-id=\"02302e1\" data-element_type=\"widget\" data-e-type=\"widget\" data-widget_type=\"image.default\">\n\t\t\t\t<div class=\"elementor-widget-container\">\n\t\t\t\t\t\t\t\t\t\t\t\t\t\t\t<img decoding=\"async\" width=\"1254\" height=\"627\" src=\"https:\/\/www.orangecosta.com\/blog\/wp-content\/uploads\/2026\/01\/Penyagolosa.jpg\" class=\"attachment-full size-full wp-image-5639\" alt=\"Penyagolosa.jpg\" srcset=\"https:\/\/www.orangecosta.com\/blog\/wp-content\/uploads\/2026\/01\/Penyagolosa.jpg 1254w, https:\/\/www.orangecosta.com\/blog\/wp-content\/uploads\/2026\/01\/Penyagolosa-768x384.jpg 768w\" sizes=\"(max-width: 1254px) 100vw, 1254px\" \/>\t\t\t\t\t\t\t\t\t\t\t\t\t\t\t<\/div>\n\t\t\t\t<\/div>\n\t\t\t\t\t<\/div>\n\t\t<\/div>\n\t\t\t\t\t<\/div>\n\t\t<\/section>\n\t\t\t\t<section class=\"elementor-section elementor-top-section elementor-element elementor-element-84f7422 elementor-section-boxed elementor-section-height-default elementor-section-height-default\" data-id=\"84f7422\" data-element_type=\"section\" data-e-type=\"section\">\n\t\t\t\t\t\t<div class=\"elementor-container elementor-column-gap-default\">\n\t\t\t\t\t<div class=\"elementor-column elementor-col-100 elementor-top-column elementor-element elementor-element-659cb58\" data-id=\"659cb58\" data-element_type=\"column\" data-e-type=\"column\">\n\t\t\t<div class=\"elementor-widget-wrap elementor-element-populated\">\n\t\t\t\t\t\t<div class=\"elementor-element elementor-element-08c823d elementor-widget elementor-widget-heading\" data-id=\"08c823d\" data-element_type=\"widget\" data-e-type=\"widget\" data-widget_type=\"heading.default\">\n\t\t\t\t<div class=\"elementor-widget-container\">\n\t\t\t\t\t<h2 class=\"elementor-heading-title elementor-size-default\">#4 Islas Columbretes Natural Park<\/h2>\t\t\t\t<\/div>\n\t\t\t\t<\/div>\n\t\t\t\t<div class=\"elementor-element elementor-element-f201a34 elementor-widget elementor-widget-text-editor\" data-id=\"f201a34\" data-element_type=\"widget\" data-e-type=\"widget\" data-widget_type=\"text-editor.default\">\n\t\t\t\t<div class=\"elementor-widget-container\">\n\t\t\t\t\t\t\t\t\t<p style=\"font-weight: 400;\">Offshore is one of the most special natural parks in the province of Castell\u00f3n in the Mediterranean: the Islas Columbretes. <strong>It is a small archipelago of volcanic origin with enormous ecological value, both terrestrial and marine.<\/strong><\/p><p style=\"font-weight: 400;\">Unique species of flora and fauna are protected here; also underwater, so one of the coolest activities you can do is diving.<\/p><p style=\"font-weight: 400;\"><strong>Between Illa Grossa, La Ferrera, La Foradada, and El Carallot, the archipelago has an approximate area of 19 hectares. Small area, but with many surprises! <\/strong><\/p><p style=\"font-weight: 400;\">Visits are highly regulated to protect the environment, but if you organize yourself with time, you can sign up for a boat trip.<\/p>\t\t\t\t\t\t\t\t<\/div>\n\t\t\t\t<\/div>\n\t\t\t\t<div class=\"elementor-element elementor-element-c4bb743 elementor-widget elementor-widget-image\" data-id=\"c4bb743\" data-element_type=\"widget\" data-e-type=\"widget\" data-widget_type=\"image.default\">\n\t\t\t\t<div class=\"elementor-widget-container\">\n\t\t\t\t\t\t\t\t\t\t\t\t\t\t\t<img decoding=\"async\" width=\"1252\" height=\"625\" src=\"https:\/\/www.orangecosta.com\/blog\/wp-content\/uploads\/2026\/01\/parque-islas-columbrete.jpg\" class=\"attachment-full size-full wp-image-5642\" alt=\"parque-islas-columbrete.jpg\" srcset=\"https:\/\/www.orangecosta.com\/blog\/wp-content\/uploads\/2026\/01\/parque-islas-columbrete.jpg 1252w, https:\/\/www.orangecosta.com\/blog\/wp-content\/uploads\/2026\/01\/parque-islas-columbrete-768x383.jpg 768w\" sizes=\"(max-width: 1252px) 100vw, 1252px\" \/>\t\t\t\t\t\t\t\t\t\t\t\t\t\t\t<\/div>\n\t\t\t\t<\/div>\n\t\t\t\t\t<\/div>\n\t\t<\/div>\n\t\t\t\t\t<\/div>\n\t\t<\/section>\n\t\t\t\t<section class=\"elementor-section elementor-top-section elementor-element elementor-element-6ecaa5e elementor-section-boxed elementor-section-height-default elementor-section-height-default\" data-id=\"6ecaa5e\" data-element_type=\"section\" data-e-type=\"section\">\n\t\t\t\t\t\t<div class=\"elementor-container elementor-column-gap-default\">\n\t\t\t\t\t<div class=\"elementor-column elementor-col-100 elementor-top-column elementor-element elementor-element-2fbf03a\" data-id=\"2fbf03a\" data-element_type=\"column\" data-e-type=\"column\">\n\t\t\t<div class=\"elementor-widget-wrap elementor-element-populated\">\n\t\t\t\t\t\t<div class=\"elementor-element elementor-element-2e67cae elementor-widget elementor-widget-heading\" data-id=\"2e67cae\" data-element_type=\"widget\" data-e-type=\"widget\" data-widget_type=\"heading.default\">\n\t\t\t\t<div class=\"elementor-widget-container\">\n\t\t\t\t\t<h2 class=\"elementor-heading-title elementor-size-default\">#5 Tinen\u00e7a de Benifass\u00e0 Natural Park <\/h2>\t\t\t\t<\/div>\n\t\t\t\t<\/div>\n\t\t\t\t<div class=\"elementor-element elementor-element-4eec311 elementor-widget elementor-widget-text-editor\" data-id=\"4eec311\" data-element_type=\"widget\" data-e-type=\"widget\" data-widget_type=\"text-editor.default\">\n\t\t\t\t<div class=\"elementor-widget-container\">\n\t\t\t\t\t\t\t\t\t<p style=\"font-weight: 400;\">In the extreme north of the province is one of the wildest spaces in Castell\u00f3n: the Tinen\u00e7a de Benifass\u00e0.<\/p><p style=\"font-weight: 400;\">Here the landscape changes completely \u2014compared to what we have been telling you\u2014 and gives way to <strong>well-preserved forests, full of ravines, holm oak groves, and gall oak groves.<\/strong> Many species such as mountain goats, roe deer, vultures, and golden eagles find refuge here.<\/p><p style=\"font-weight: 400;\">In addition, this park hides <strong>cave paintings declared a World Heritage Site and the Royal Convent of Santa Mar\u00eda de Benifass\u00e0<\/strong>, one of the oldest historical complexes in the Valencian Community.<\/p>\t\t\t\t\t\t\t\t<\/div>\n\t\t\t\t<\/div>\n\t\t\t\t<div class=\"elementor-element elementor-element-8034676 elementor-widget elementor-widget-image\" data-id=\"8034676\" data-element_type=\"widget\" data-e-type=\"widget\" data-widget_type=\"image.default\">\n\t\t\t\t<div class=\"elementor-widget-container\">\n\t\t\t\t\t\t\t\t\t\t\t\t\t\t\t<img loading=\"lazy\" decoding=\"async\" width=\"1254\" height=\"627\" src=\"https:\/\/www.orangecosta.com\/blog\/wp-content\/uploads\/2026\/01\/Parque-Natural-de-la-Tinenca-de-Benifassa.jpg\" class=\"attachment-full size-full wp-image-5645\" alt=\"Parque-Natural-de-la-Tinenca-de-Benifassa.jpg\" srcset=\"https:\/\/www.orangecosta.com\/blog\/wp-content\/uploads\/2026\/01\/Parque-Natural-de-la-Tinenca-de-Benifassa.jpg 1254w, https:\/\/www.orangecosta.com\/blog\/wp-content\/uploads\/2026\/01\/Parque-Natural-de-la-Tinenca-de-Benifassa-768x384.jpg 768w\" sizes=\"(max-width: 1254px) 100vw, 1254px\" \/>\t\t\t\t\t\t\t\t\t\t\t\t\t\t\t<\/div>\n\t\t\t\t<\/div>\n\t\t\t\t\t<\/div>\n\t\t<\/div>\n\t\t\t\t\t<\/div>\n\t\t<\/section>\n\t\t\t\t<section class=\"elementor-section elementor-top-section elementor-element elementor-element-54ee427 elementor-section-boxed elementor-section-height-default elementor-section-height-default\" data-id=\"54ee427\" data-element_type=\"section\" data-e-type=\"section\">\n\t\t\t\t\t\t<div class=\"elementor-container elementor-column-gap-default\">\n\t\t\t\t\t<div class=\"elementor-column elementor-col-100 elementor-top-column elementor-element elementor-element-55662fb\" data-id=\"55662fb\" data-element_type=\"column\" data-e-type=\"column\">\n\t\t\t<div class=\"elementor-widget-wrap elementor-element-populated\">\n\t\t\t\t\t\t<div class=\"elementor-element elementor-element-397bd9f elementor-widget elementor-widget-heading\" data-id=\"397bd9f\" data-element_type=\"widget\" data-e-type=\"widget\" data-widget_type=\"heading.default\">\n\t\t\t\t<div class=\"elementor-widget-container\">\n\t\t\t\t\t<h2 class=\"elementor-heading-title elementor-size-default\">#6 Prat de Cabanes-Torreblanca Natural Park <\/h2>\t\t\t\t<\/div>\n\t\t\t\t<\/div>\n\t\t\t\t<div class=\"elementor-element elementor-element-fa63afa elementor-widget elementor-widget-text-editor\" data-id=\"fa63afa\" data-element_type=\"widget\" data-e-type=\"widget\" data-widget_type=\"text-editor.default\">\n\t\t\t\t<div class=\"elementor-widget-container\">\n\t\t\t\t\t\t\t\t\t<p style=\"font-weight: 400;\">The Prat de Cabanes-Torreblanca is a coastal strip of marshes and wetlands of great ecological value. <strong>Here, the protagonist is biodiversity!<\/strong><\/p><p style=\"font-weight: 400;\">It is home to protected species such as the <em>fartet<\/em> \u2014a rather curious fish\u2014 and the samarugo \u2014the tadpole of the frog\u2014, as well as a great variety of aquatic birds. <strong>It also houses very rare plants and endemisms exclusive to the Valencian Community.<\/strong> An ideal place to observe fauna and flora and take some scandalous photos.<\/p>\t\t\t\t\t\t\t\t<\/div>\n\t\t\t\t<\/div>\n\t\t\t\t<div class=\"elementor-element elementor-element-2715ac2 elementor-widget elementor-widget-image\" data-id=\"2715ac2\" data-element_type=\"widget\" data-e-type=\"widget\" data-widget_type=\"image.default\">\n\t\t\t\t<div class=\"elementor-widget-container\">\n\t\t\t\t\t\t\t\t\t\t\t\t\t\t\t<img decoding=\"async\" src=\"https:\/\/www.orangecosta.com\/blog\/wp-content\/uploads\/elementor\/thumbs\/Parque-Natural-del-Prat-de-Cabanes-Torreblanca-ri2stmfwknaxwpgeu2f4dzu5l146f9h0bg94lvscxc.jpg\" title=\"Mountain landscape\" alt=\"Mountain landscape with clear sky and few clouds in the Jump of Poveda, Guadalajara, Spain.\" loading=\"lazy\" \/>\t\t\t\t\t\t\t\t\t\t\t\t\t\t\t<\/div>\n\t\t\t\t<\/div>\n\t\t\t\t\t<\/div>\n\t\t<\/div>\n\t\t\t\t\t<\/div>\n\t\t<\/section>\n\t\t\t\t<section class=\"elementor-section elementor-top-section elementor-element elementor-element-6b18654 elementor-section-boxed elementor-section-height-default elementor-section-height-default\" data-id=\"6b18654\" data-element_type=\"section\" data-e-type=\"section\">\n\t\t\t\t\t\t<div class=\"elementor-container elementor-column-gap-default\">\n\t\t\t\t\t<div class=\"elementor-column elementor-col-100 elementor-top-column elementor-element elementor-element-8fef690\" data-id=\"8fef690\" data-element_type=\"column\" data-e-type=\"column\">\n\t\t\t<div class=\"elementor-widget-wrap elementor-element-populated\">\n\t\t\t\t\t\t<div class=\"elementor-element elementor-element-7cd0797 elementor-widget elementor-widget-heading\" data-id=\"7cd0797\" data-element_type=\"widget\" data-e-type=\"widget\" data-widget_type=\"heading.default\">\n\t\t\t\t<div class=\"elementor-widget-container\">\n\t\t\t\t\t<h2 class=\"elementor-heading-title elementor-size-default\">#7 Sierra de Espad\u00e1n Natural Park<\/h2>\t\t\t\t<\/div>\n\t\t\t\t<\/div>\n\t\t\t\t<div class=\"elementor-element elementor-element-6c30376 elementor-widget elementor-widget-text-editor\" data-id=\"6c30376\" data-element_type=\"widget\" data-e-type=\"widget\" data-widget_type=\"text-editor.default\">\n\t\t\t\t<div class=\"elementor-widget-container\">\n\t\t\t\t\t\t\t\t\t<p style=\"font-weight: 400;\"><strong>The Sierra de Espad\u00e1n stands out for housing the largest mass of cork oaks in the Valencian Community.<\/strong> Its relief is abrupt with ravines, fountains, and towns that conserve a very well-preserved medieval structure.<\/p><p style=\"font-weight: 400;\">It is an ideal park for doing <a href=\"https:\/\/parquesnaturales.gva.es\/es\/web\/pn-serra-d-espada\/rutas-del-parque-natural\">low-medium difficulty mountain routes<\/a> and, incidentally, visiting charming towns such as L\u2019Alc\u00fadia de Veo.<\/p>\t\t\t\t\t\t\t\t<\/div>\n\t\t\t\t<\/div>\n\t\t\t\t<div class=\"elementor-element elementor-element-5a8bab7 elementor-widget elementor-widget-image\" data-id=\"5a8bab7\" data-element_type=\"widget\" data-e-type=\"widget\" data-widget_type=\"image.default\">\n\t\t\t\t<div class=\"elementor-widget-container\">\n\t\t\t\t\t\t\t\t\t\t\t\t\t\t\t<img decoding=\"async\" src=\"https:\/\/www.orangecosta.com\/blog\/wp-content\/uploads\/elementor\/thumbs\/Parque-Natural-de-la-Sierra-de-Espadan-ri2swjptu3b2117hrbxc599s46padd2y1xbicvg9kg.webp\" title=\"Parque-Natural-de-la-Sierra-de-Espadan\" alt=\"Parque-Natural-de-la-Sierra-de-Espadan.webp\" loading=\"lazy\" \/>\t\t\t\t\t\t\t\t\t\t\t\t\t\t\t<\/div>\n\t\t\t\t<\/div>\n\t\t\t\t\t<\/div>\n\t\t<\/div>\n\t\t\t\t\t<\/div>\n\t\t<\/section>\n\t\t\t\t<section class=\"elementor-section elementor-top-section elementor-element elementor-element-ca65fc5 elementor-section-boxed elementor-section-height-default elementor-section-height-default\" data-id=\"ca65fc5\" data-element_type=\"section\" data-e-type=\"section\">\n\t\t\t\t\t\t<div class=\"elementor-container elementor-column-gap-default\">\n\t\t\t\t\t<div class=\"elementor-column elementor-col-100 elementor-top-column elementor-element elementor-element-80bc897\" data-id=\"80bc897\" data-element_type=\"column\" data-e-type=\"column\">\n\t\t\t<div class=\"elementor-widget-wrap elementor-element-populated\">\n\t\t\t\t\t\t<div class=\"elementor-element elementor-element-8ac8c52 elementor-widget elementor-widget-heading\" data-id=\"8ac8c52\" data-element_type=\"widget\" data-e-type=\"widget\" data-widget_type=\"heading.default\">\n\t\t\t\t<div class=\"elementor-widget-container\">\n\t\t\t\t\t<h2 class=\"elementor-heading-title elementor-size-default\">#8 Sierra Calderona Natural Park <\/h2>\t\t\t\t<\/div>\n\t\t\t\t<\/div>\n\t\t\t\t<div class=\"elementor-element elementor-element-3db8b8f elementor-widget elementor-widget-text-editor\" data-id=\"3db8b8f\" data-element_type=\"widget\" data-e-type=\"widget\" data-widget_type=\"text-editor.default\">\n\t\t\t\t<div class=\"elementor-widget-container\">\n\t\t\t\t\t\t\t\t\t<p style=\"font-weight: 400;\">This natural park in Castell\u00f3n has a trick, and that is that it is shared with the province of Valencia. Even if it is a little further away, you have to pay it a visit. <\/p><p style=\"font-weight: 400;\"><strong>The Sierra Calderona has pine forests, holm oaks, and a very diverse fauna, but its strong point is the views.<\/strong> From the Mirador del Garb\u00ed you will enjoy spectacular panoramic views.<\/p><p style=\"font-weight: 400;\">It also stands out for its historical heritage, with Carthusian monasteries, monasteries, and Iberian sites scattered throughout the park.<\/p>\t\t\t\t\t\t\t\t<\/div>\n\t\t\t\t<\/div>\n\t\t\t\t<div class=\"elementor-element elementor-element-0f9d7ce elementor-widget elementor-widget-image\" data-id=\"0f9d7ce\" data-element_type=\"widget\" data-e-type=\"widget\" data-widget_type=\"image.default\">\n\t\t\t\t<div class=\"elementor-widget-container\">\n\t\t\t\t\t\t\t\t\t\t\t\t\t\t\t<img loading=\"lazy\" decoding=\"async\" width=\"1360\" height=\"765\" src=\"https:\/\/www.orangecosta.com\/blog\/wp-content\/uploads\/2026\/01\/Parque-Natural-de-la-Sierra-Calderona.webp\" class=\"attachment-full size-full wp-image-5654\" alt=\"Parque-Natural-de-la-Sierra-Calderona.webp\" srcset=\"https:\/\/www.orangecosta.com\/blog\/wp-content\/uploads\/2026\/01\/Parque-Natural-de-la-Sierra-Calderona.webp 1360w, https:\/\/www.orangecosta.com\/blog\/wp-content\/uploads\/2026\/01\/Parque-Natural-de-la-Sierra-Calderona-768x432.webp 768w\" sizes=\"(max-width: 1360px) 100vw, 1360px\" \/>\t\t\t\t\t\t\t\t\t\t\t\t\t\t\t<\/div>\n\t\t\t\t<\/div>\n\t\t\t\t\t<\/div>\n\t\t<\/div>\n\t\t\t\t\t<\/div>\n\t\t<\/section>\n\t\t<div class=\"elementor-element elementor-element-20341c9 e-flex e-con-boxed e-con e-parent\" data-id=\"20341c9\" data-element_type=\"container\" data-e-type=\"container\">\n\t\t\t\t\t<div class=\"e-con-inner\">\n\t\t\t\t<div class=\"elementor-element elementor-element-e65b29c elementor-widget elementor-widget-html\" data-id=\"e65b29c\" data-element_type=\"widget\" data-e-type=\"widget\" data-widget_type=\"html.default\">\n\t\t\t\t<div class=\"elementor-widget-container\">\n\t\t\t\t\t<iframe src=\"https:\/\/www.google.com\/maps\/d\/u\/0\/embed?mid=1Ueiw75-jhhv_ZZYnbzAC4puWXvZMcyg&amp;ehbc=2E312F&amp;noprof=1\" width=\"640\" height=\"480\"><\/iframe>\t\t\t\t<\/div>\n\t\t\t\t<\/div>\n\t\t\t\t\t<\/div>\n\t\t\t\t<\/div>\n\t\t\t\t<section class=\"elementor-section elementor-top-section elementor-element elementor-element-6391072e elementor-section-boxed elementor-section-height-default elementor-section-height-default\" data-id=\"6391072e\" data-element_type=\"section\" data-e-type=\"section\">\n\t\t\t\t\t\t<div class=\"elementor-container elementor-column-gap-default\">\n\t\t\t\t\t<div class=\"elementor-column elementor-col-100 elementor-top-column elementor-element elementor-element-6b438ba1\" data-id=\"6b438ba1\" data-element_type=\"column\" data-e-type=\"column\">\n\t\t\t<div class=\"elementor-widget-wrap elementor-element-populated\">\n\t\t\t\t\t\t<div class=\"elementor-element elementor-element-6507e765 elementor-widget elementor-widget-heading\" data-id=\"6507e765\" data-element_type=\"widget\" data-e-type=\"widget\" data-widget_type=\"heading.default\">\n\t\t\t\t<div class=\"elementor-widget-container\">\n\t\t\t\t\t<h2 class=\"elementor-heading-title elementor-size-default\">Are you coming to see all the natural parks of Castell\u00f3n?<\/h2>\t\t\t\t<\/div>\n\t\t\t\t<\/div>\n\t\t\t\t<div class=\"elementor-element elementor-element-78d648ee elementor-widget elementor-widget-text-editor\" data-id=\"78d648ee\" data-element_type=\"widget\" data-e-type=\"widget\" data-widget_type=\"text-editor.default\">\n\t\t\t\t<div class=\"elementor-widget-container\">\n\t\t\t\t\t\t\t\t\t<p style=\"font-weight: 400;\">With the descriptions of these eight natural parks of Castell\u00f3n, you can already get an idea that it is one of the <strong>most mountainous and diverse provinces in Spain<\/strong>. And the best of all is that they all allow locals and travelers alike to enjoy nature for almost the entire year. <\/p><p style=\"font-weight: 400;\">Now you just have to book accommodation nearby with <a href=\"https:\/\/www.orangecosta.com\/\">Orange Costa<\/a> and set out to discover all the natural parks of Castell\u00f3n. What are you waiting for? <\/p>\t\t\t\t\t\t\t\t<\/div>\n\t\t\t\t<\/div>\n\t\t\t\t\t<\/div>\n\t\t<\/div>\n\t\t\t\t\t<\/div>\n\t\t<\/section>\n\t\t\t\t<section class=\"elementor-section elementor-top-section elementor-element elementor-element-1dedfd8 elementor-section-boxed elementor-section-height-default elementor-section-height-default\" data-id=\"1dedfd8\" data-element_type=\"section\" data-e-type=\"section\">\n\t\t\t\t\t\t<div class=\"elementor-container elementor-column-gap-default\">\n\t\t\t\t\t<div class=\"elementor-column elementor-col-100 elementor-top-column elementor-element elementor-element-1cbcb672\" data-id=\"1cbcb672\" data-element_type=\"column\" data-e-type=\"column\">\n\t\t\t<div class=\"elementor-widget-wrap elementor-element-populated\">\n\t\t\t\t\t\t<div class=\"elementor-element elementor-element-3f2cd32f elementor-widget elementor-widget-shortcode\" data-id=\"3f2cd32f\" data-element_type=\"widget\" data-e-type=\"widget\" data-widget_type=\"shortcode.default\">\n\t\t\t\t<div class=\"elementor-widget-container\">\n\t\t\t\t\t\t\t<div class=\"elementor-shortcode\">\t\t<div data-elementor-type=\"section\" data-elementor-id=\"1105\" class=\"elementor elementor-1105\" data-elementor-post-type=\"elementor_library\">\n\t\t\t\t\t<section class=\"elementor-section elementor-top-section elementor-element elementor-element-4a08aa5a elementor-section-boxed elementor-section-height-default elementor-section-height-default\" data-id=\"4a08aa5a\" data-element_type=\"section\" data-e-type=\"section\">\n\t\t\t\t\t\t<div class=\"elementor-container elementor-column-gap-default\">\n\t\t\t\t\t<div class=\"elementor-column elementor-col-33 elementor-top-column elementor-element elementor-element-414dac85\" data-id=\"414dac85\" data-element_type=\"column\" data-e-type=\"column\">\n\t\t\t<div class=\"elementor-widget-wrap elementor-element-populated\">\n\t\t\t\t\t\t<div class=\"elementor-element elementor-element-24d0545 elementor-align-center elementor-widget elementor-widget-button\" data-id=\"24d0545\" data-element_type=\"widget\" data-e-type=\"widget\" data-widget_type=\"button.default\">\n\t\t\t\t<div class=\"elementor-widget-container\">\n\t\t\t\t\t\t\t\t\t<div class=\"elementor-button-wrapper\">\n\t\t\t\t\t<a class=\"elementor-button elementor-button-link elementor-size-sm\" href=\"https:\/\/www.orangecosta.com\/alquiler\/alquileres-peniscola-d400\/\">\n\t\t\t\t\t\t<span class=\"elementor-button-content-wrapper\">\n\t\t\t\t\t\t\t\t\t<span class=\"elementor-button-text\">ALOJAMIENTOS PE\u00d1\u00cdSCOLA<\/span>\n\t\t\t\t\t<\/span>\n\t\t\t\t\t<\/a>\n\t\t\t\t<\/div>\n\t\t\t\t\t\t\t\t<\/div>\n\t\t\t\t<\/div>\n\t\t\t\t\t<\/div>\n\t\t<\/div>\n\t\t\t\t<div class=\"elementor-column elementor-col-33 elementor-top-column elementor-element elementor-element-240c45bd\" data-id=\"240c45bd\" data-element_type=\"column\" data-e-type=\"column\">\n\t\t\t<div class=\"elementor-widget-wrap elementor-element-populated\">\n\t\t\t\t\t\t<div class=\"elementor-element elementor-element-22e02692 elementor-align-center elementor-widget elementor-widget-button\" data-id=\"22e02692\" data-element_type=\"widget\" data-e-type=\"widget\" data-widget_type=\"button.default\">\n\t\t\t\t<div class=\"elementor-widget-container\">\n\t\t\t\t\t\t\t\t\t<div class=\"elementor-button-wrapper\">\n\t\t\t\t\t<a class=\"elementor-button elementor-button-link elementor-size-sm\" href=\"https:\/\/www.orangecosta.com\/alquiler\/alquileres-benicassim-d139\/\">\n\t\t\t\t\t\t<span class=\"elementor-button-content-wrapper\">\n\t\t\t\t\t\t\t\t\t<span class=\"elementor-button-text\">ALOJAMIENTOS BENICASSIM<\/span>\n\t\t\t\t\t<\/span>\n\t\t\t\t\t<\/a>\n\t\t\t\t<\/div>\n\t\t\t\t\t\t\t\t<\/div>\n\t\t\t\t<\/div>\n\t\t\t\t\t<\/div>\n\t\t<\/div>\n\t\t\t\t<div class=\"elementor-column elementor-col-33 elementor-top-column elementor-element elementor-element-505ec5e4\" data-id=\"505ec5e4\" data-element_type=\"column\" data-e-type=\"column\">\n\t\t\t<div class=\"elementor-widget-wrap elementor-element-populated\">\n\t\t\t\t\t\t<div class=\"elementor-element elementor-element-7420ef3d elementor-align-center elementor-widget elementor-widget-button\" data-id=\"7420ef3d\" data-element_type=\"widget\" data-e-type=\"widget\" data-widget_type=\"button.default\">\n\t\t\t\t<div class=\"elementor-widget-container\">\n\t\t\t\t\t\t\t\t\t<div class=\"elementor-button-wrapper\">\n\t\t\t\t\t<a class=\"elementor-button elementor-button-link elementor-size-sm\" href=\"https:\/\/www.orangecosta.com\/alquiler\/alquileres-alcoceber-alcossebre-d100\/\">\n\t\t\t\t\t\t<span class=\"elementor-button-content-wrapper\">\n\t\t\t\t\t\t\t\t\t<span class=\"elementor-button-text\">ALOJAMIENTOS ALCOSSEBRE<\/span>\n\t\t\t\t\t<\/span>\n\t\t\t\t\t<\/a>\n\t\t\t\t<\/div>\n\t\t\t\t\t\t\t\t<\/div>\n\t\t\t\t<\/div>\n\t\t\t\t\t<\/div>\n\t\t<\/div>\n\t\t\t\t\t<\/div>\n\t\t<\/section>\n\t\t\t\t<\/div>\n\t\t<\/div>\n\t\t\t\t\t\t<\/div>\n\t\t\t\t<\/div>\n\t\t\t\t\t<\/div>\n\t\t<\/div>\n\t\t\t\t\t<\/div>\n\t\t<\/section>\n\t\t\t\t<\/div>\n\t\t","protected":false},"excerpt":{"rendered":"<p>To talk about natural parks in Castell\u00f3n is to talk about a surprising province with no less than eight different&#8230;<\/p>\n","protected":false},"author":6,"featured_media":5657,"comment_status":"open","ping_status":"open","sticky":false,"template":"","format":"standard","meta":{"footnotes":""},"categories":[138],"tags":[170],"class_list":["post-5686","post","type-post","status-publish","format-standard","has-post-thumbnail","hentry","category-costa-azahar-en","tag-no-template"],"yoast_head":"<!-- This site is optimized with the Yoast SEO plugin v27.5 - https:\/\/yoast.com\/product\/yoast-seo-wordpress\/ -->\n<title>Golf in La Costa Azahar - Orange Costa<\/title>\n<meta name=\"description\" content=\"Discover all the natural parks of Castell\u00f3n: mountain ranges, wetlands, coves, volcanic islands, and routes to enjoy nature.\" \/>\n<meta name=\"robots\" content=\"index, follow, max-snippet:-1, max-image-preview:large, max-video-preview:-1\" \/>\n<link rel=\"canonical\" href=\"https:\/\/www.orangecosta.com\/blog\/en\/natural-park-castellon\/\" \/>\n<meta property=\"og:locale\" content=\"en_US\" \/>\n<meta property=\"og:type\" content=\"article\" \/>\n<meta property=\"og:title\" content=\"Golf in La Costa Azahar - Orange Costa\" \/>\n<meta property=\"og:description\" content=\"Discover all the natural parks of Castell\u00f3n: mountain ranges, wetlands, coves, volcanic islands, and routes to enjoy nature.\" \/>\n<meta property=\"og:url\" content=\"https:\/\/www.orangecosta.com\/blog\/en\/natural-park-castellon\/\" \/>\n<meta property=\"og:site_name\" content=\"Blog turismo Orange Costa\" \/>\n<meta property=\"article:published_time\" content=\"2026-01-27T12:36:58+00:00\" \/>\n<meta property=\"article:modified_time\" content=\"2026-01-27T12:36:59+00:00\" \/>\n<meta property=\"og:image\" content=\"https:\/\/www.orangecosta.com\/blog\/wp-content\/uploads\/2026\/01\/parques-naturales-castellon.jpg\" \/>\n\t<meta property=\"og:image:width\" content=\"2120\" \/>\n\t<meta property=\"og:image:height\" content=\"707\" \/>\n\t<meta property=\"og:image:type\" content=\"image\/jpeg\" \/>\n<meta name=\"author\" content=\"Laura\" \/>\n<meta name=\"twitter:card\" content=\"summary_large_image\" \/>\n<meta name=\"twitter:label1\" content=\"Written by\" \/>\n\t<meta name=\"twitter:data1\" content=\"Laura\" \/>\n\t<meta name=\"twitter:label2\" content=\"Est. reading time\" \/>\n\t<meta name=\"twitter:data2\" content=\"5 minutes\" \/>\n<script type=\"application\/ld+json\" class=\"yoast-schema-graph\">{\"@context\":\"https:\\\/\\\/schema.org\",\"@graph\":[{\"@type\":\"Article\",\"@id\":\"https:\\\/\\\/www.orangecosta.com\\\/blog\\\/en\\\/natural-park-castellon\\\/#article\",\"isPartOf\":{\"@id\":\"https:\\\/\\\/www.orangecosta.com\\\/blog\\\/en\\\/natural-park-castellon\\\/\"},\"author\":{\"name\":\"Laura\",\"@id\":\"https:\\\/\\\/www.orangecosta.com\\\/blog\\\/en\\\/#\\\/schema\\\/person\\\/a7ca15a09bbee143432bcd80d4eda51b\"},\"headline\":\"Natural parks of Castell\u00f3n that you should know\",\"datePublished\":\"2026-01-27T12:36:58+00:00\",\"dateModified\":\"2026-01-27T12:36:59+00:00\",\"mainEntityOfPage\":{\"@id\":\"https:\\\/\\\/www.orangecosta.com\\\/blog\\\/en\\\/natural-park-castellon\\\/\"},\"wordCount\":1046,\"commentCount\":0,\"image\":{\"@id\":\"https:\\\/\\\/www.orangecosta.com\\\/blog\\\/en\\\/natural-park-castellon\\\/#primaryimage\"},\"thumbnailUrl\":\"https:\\\/\\\/www.orangecosta.com\\\/blog\\\/wp-content\\\/uploads\\\/2026\\\/01\\\/parques-naturales-castellon.jpg\",\"keywords\":[\"no template\"],\"articleSection\":[\"Costa Azahar\"],\"inLanguage\":\"en-US\",\"potentialAction\":[{\"@type\":\"CommentAction\",\"name\":\"Comment\",\"target\":[\"https:\\\/\\\/www.orangecosta.com\\\/blog\\\/en\\\/natural-park-castellon\\\/#respond\"]}]},{\"@type\":\"WebPage\",\"@id\":\"https:\\\/\\\/www.orangecosta.com\\\/blog\\\/en\\\/natural-park-castellon\\\/\",\"url\":\"https:\\\/\\\/www.orangecosta.com\\\/blog\\\/en\\\/natural-park-castellon\\\/\",\"name\":\"Golf in La Costa Azahar - Orange Costa\",\"isPartOf\":{\"@id\":\"https:\\\/\\\/www.orangecosta.com\\\/blog\\\/en\\\/#website\"},\"primaryImageOfPage\":{\"@id\":\"https:\\\/\\\/www.orangecosta.com\\\/blog\\\/en\\\/natural-park-castellon\\\/#primaryimage\"},\"image\":{\"@id\":\"https:\\\/\\\/www.orangecosta.com\\\/blog\\\/en\\\/natural-park-castellon\\\/#primaryimage\"},\"thumbnailUrl\":\"https:\\\/\\\/www.orangecosta.com\\\/blog\\\/wp-content\\\/uploads\\\/2026\\\/01\\\/parques-naturales-castellon.jpg\",\"datePublished\":\"2026-01-27T12:36:58+00:00\",\"dateModified\":\"2026-01-27T12:36:59+00:00\",\"author\":{\"@id\":\"https:\\\/\\\/www.orangecosta.com\\\/blog\\\/en\\\/#\\\/schema\\\/person\\\/a7ca15a09bbee143432bcd80d4eda51b\"},\"description\":\"Discover all the natural parks of Castell\u00f3n: mountain ranges, wetlands, coves, volcanic islands, and routes to enjoy nature.\",\"breadcrumb\":{\"@id\":\"https:\\\/\\\/www.orangecosta.com\\\/blog\\\/en\\\/natural-park-castellon\\\/#breadcrumb\"},\"inLanguage\":\"en-US\",\"potentialAction\":[{\"@type\":\"ReadAction\",\"target\":[\"https:\\\/\\\/www.orangecosta.com\\\/blog\\\/en\\\/natural-park-castellon\\\/\"]}]},{\"@type\":\"ImageObject\",\"inLanguage\":\"en-US\",\"@id\":\"https:\\\/\\\/www.orangecosta.com\\\/blog\\\/en\\\/natural-park-castellon\\\/#primaryimage\",\"url\":\"https:\\\/\\\/www.orangecosta.com\\\/blog\\\/wp-content\\\/uploads\\\/2026\\\/01\\\/parques-naturales-castellon.jpg\",\"contentUrl\":\"https:\\\/\\\/www.orangecosta.com\\\/blog\\\/wp-content\\\/uploads\\\/2026\\\/01\\\/parques-naturales-castellon.jpg\",\"width\":2120,\"height\":707,\"caption\":\"Pine and Cork tree forest in the Sierra de Espadan Natural Park, Region of Valencia, Spain.\"},{\"@type\":\"BreadcrumbList\",\"@id\":\"https:\\\/\\\/www.orangecosta.com\\\/blog\\\/en\\\/natural-park-castellon\\\/#breadcrumb\",\"itemListElement\":[{\"@type\":\"ListItem\",\"position\":1,\"name\":\"Home\",\"item\":\"https:\\\/\\\/www.orangecosta.com\\\/blog\\\/en\\\/\"},{\"@type\":\"ListItem\",\"position\":2,\"name\":\"Natural parks of Castell\u00f3n that you should know\"}]},{\"@type\":\"WebSite\",\"@id\":\"https:\\\/\\\/www.orangecosta.com\\\/blog\\\/en\\\/#website\",\"url\":\"https:\\\/\\\/www.orangecosta.com\\\/blog\\\/en\\\/\",\"name\":\"Blog turismo Orange Costa\",\"description\":\"Orangecosta\",\"potentialAction\":[{\"@type\":\"SearchAction\",\"target\":{\"@type\":\"EntryPoint\",\"urlTemplate\":\"https:\\\/\\\/www.orangecosta.com\\\/blog\\\/en\\\/?s={search_term_string}\"},\"query-input\":{\"@type\":\"PropertyValueSpecification\",\"valueRequired\":true,\"valueName\":\"search_term_string\"}}],\"inLanguage\":\"en-US\"},{\"@type\":\"Person\",\"@id\":\"https:\\\/\\\/www.orangecosta.com\\\/blog\\\/en\\\/#\\\/schema\\\/person\\\/a7ca15a09bbee143432bcd80d4eda51b\",\"name\":\"Laura\",\"image\":{\"@type\":\"ImageObject\",\"inLanguage\":\"en-US\",\"@id\":\"https:\\\/\\\/secure.gravatar.com\\\/avatar\\\/38b396224481eeb6edadb558d7e4a6d1ff1c8ba1e6abd3951e451527e107c96b?s=96&d=mm&r=g\",\"url\":\"https:\\\/\\\/secure.gravatar.com\\\/avatar\\\/38b396224481eeb6edadb558d7e4a6d1ff1c8ba1e6abd3951e451527e107c96b?s=96&d=mm&r=g\",\"contentUrl\":\"https:\\\/\\\/secure.gravatar.com\\\/avatar\\\/38b396224481eeb6edadb558d7e4a6d1ff1c8ba1e6abd3951e451527e107c96b?s=96&d=mm&r=g\",\"caption\":\"Laura\"},\"url\":\"https:\\\/\\\/www.orangecosta.com\\\/blog\\\/en\\\/author\\\/laura\\\/\"}]}<\/script>\n<!-- \/ Yoast SEO plugin. -->","yoast_head_json":{"title":"Golf in La Costa Azahar - Orange Costa","description":"Discover all the natural parks of Castell\u00f3n: mountain ranges, wetlands, coves, volcanic islands, and routes to enjoy nature.","robots":{"index":"index","follow":"follow","max-snippet":"max-snippet:-1","max-image-preview":"max-image-preview:large","max-video-preview":"max-video-preview:-1"},"canonical":"https:\/\/www.orangecosta.com\/blog\/en\/natural-park-castellon\/","og_locale":"en_US","og_type":"article","og_title":"Golf in La Costa Azahar - Orange Costa","og_description":"Discover all the natural parks of Castell\u00f3n: mountain ranges, wetlands, coves, volcanic islands, and routes to enjoy nature.","og_url":"https:\/\/www.orangecosta.com\/blog\/en\/natural-park-castellon\/","og_site_name":"Blog turismo Orange Costa","article_published_time":"2026-01-27T12:36:58+00:00","article_modified_time":"2026-01-27T12:36:59+00:00","og_image":[{"width":2120,"height":707,"url":"https:\/\/www.orangecosta.com\/blog\/wp-content\/uploads\/2026\/01\/parques-naturales-castellon.jpg","type":"image\/jpeg"}],"author":"Laura","twitter_card":"summary_large_image","twitter_misc":{"Written by":"Laura","Est. reading time":"5 minutes"},"schema":{"@context":"https:\/\/schema.org","@graph":[{"@type":"Article","@id":"https:\/\/www.orangecosta.com\/blog\/en\/natural-park-castellon\/#article","isPartOf":{"@id":"https:\/\/www.orangecosta.com\/blog\/en\/natural-park-castellon\/"},"author":{"name":"Laura","@id":"https:\/\/www.orangecosta.com\/blog\/en\/#\/schema\/person\/a7ca15a09bbee143432bcd80d4eda51b"},"headline":"Natural parks of Castell\u00f3n that you should know","datePublished":"2026-01-27T12:36:58+00:00","dateModified":"2026-01-27T12:36:59+00:00","mainEntityOfPage":{"@id":"https:\/\/www.orangecosta.com\/blog\/en\/natural-park-castellon\/"},"wordCount":1046,"commentCount":0,"image":{"@id":"https:\/\/www.orangecosta.com\/blog\/en\/natural-park-castellon\/#primaryimage"},"thumbnailUrl":"https:\/\/www.orangecosta.com\/blog\/wp-content\/uploads\/2026\/01\/parques-naturales-castellon.jpg","keywords":["no template"],"articleSection":["Costa Azahar"],"inLanguage":"en-US","potentialAction":[{"@type":"CommentAction","name":"Comment","target":["https:\/\/www.orangecosta.com\/blog\/en\/natural-park-castellon\/#respond"]}]},{"@type":"WebPage","@id":"https:\/\/www.orangecosta.com\/blog\/en\/natural-park-castellon\/","url":"https:\/\/www.orangecosta.com\/blog\/en\/natural-park-castellon\/","name":"Golf in La Costa Azahar - Orange Costa","isPartOf":{"@id":"https:\/\/www.orangecosta.com\/blog\/en\/#website"},"primaryImageOfPage":{"@id":"https:\/\/www.orangecosta.com\/blog\/en\/natural-park-castellon\/#primaryimage"},"image":{"@id":"https:\/\/www.orangecosta.com\/blog\/en\/natural-park-castellon\/#primaryimage"},"thumbnailUrl":"https:\/\/www.orangecosta.com\/blog\/wp-content\/uploads\/2026\/01\/parques-naturales-castellon.jpg","datePublished":"2026-01-27T12:36:58+00:00","dateModified":"2026-01-27T12:36:59+00:00","author":{"@id":"https:\/\/www.orangecosta.com\/blog\/en\/#\/schema\/person\/a7ca15a09bbee143432bcd80d4eda51b"},"description":"Discover all the natural parks of Castell\u00f3n: mountain ranges, wetlands, coves, volcanic islands, and routes to enjoy nature.","breadcrumb":{"@id":"https:\/\/www.orangecosta.com\/blog\/en\/natural-park-castellon\/#breadcrumb"},"inLanguage":"en-US","potentialAction":[{"@type":"ReadAction","target":["https:\/\/www.orangecosta.com\/blog\/en\/natural-park-castellon\/"]}]},{"@type":"ImageObject","inLanguage":"en-US","@id":"https:\/\/www.orangecosta.com\/blog\/en\/natural-park-castellon\/#primaryimage","url":"https:\/\/www.orangecosta.com\/blog\/wp-content\/uploads\/2026\/01\/parques-naturales-castellon.jpg","contentUrl":"https:\/\/www.orangecosta.com\/blog\/wp-content\/uploads\/2026\/01\/parques-naturales-castellon.jpg","width":2120,"height":707,"caption":"Pine and Cork tree forest in the Sierra de Espadan Natural Park, Region of Valencia, Spain."},{"@type":"BreadcrumbList","@id":"https:\/\/www.orangecosta.com\/blog\/en\/natural-park-castellon\/#breadcrumb","itemListElement":[{"@type":"ListItem","position":1,"name":"Home","item":"https:\/\/www.orangecosta.com\/blog\/en\/"},{"@type":"ListItem","position":2,"name":"Natural parks of Castell\u00f3n that you should know"}]},{"@type":"WebSite","@id":"https:\/\/www.orangecosta.com\/blog\/en\/#website","url":"https:\/\/www.orangecosta.com\/blog\/en\/","name":"Blog turismo Orange Costa","description":"Orangecosta","potentialAction":[{"@type":"SearchAction","target":{"@type":"EntryPoint","urlTemplate":"https:\/\/www.orangecosta.com\/blog\/en\/?s={search_term_string}"},"query-input":{"@type":"PropertyValueSpecification","valueRequired":true,"valueName":"search_term_string"}}],"inLanguage":"en-US"},{"@type":"Person","@id":"https:\/\/www.orangecosta.com\/blog\/en\/#\/schema\/person\/a7ca15a09bbee143432bcd80d4eda51b","name":"Laura","image":{"@type":"ImageObject","inLanguage":"en-US","@id":"https:\/\/secure.gravatar.com\/avatar\/38b396224481eeb6edadb558d7e4a6d1ff1c8ba1e6abd3951e451527e107c96b?s=96&d=mm&r=g","url":"https:\/\/secure.gravatar.com\/avatar\/38b396224481eeb6edadb558d7e4a6d1ff1c8ba1e6abd3951e451527e107c96b?s=96&d=mm&r=g","contentUrl":"https:\/\/secure.gravatar.com\/avatar\/38b396224481eeb6edadb558d7e4a6d1ff1c8ba1e6abd3951e451527e107c96b?s=96&d=mm&r=g","caption":"Laura"},"url":"https:\/\/www.orangecosta.com\/blog\/en\/author\/laura\/"}]}},"_links":{"self":[{"href":"https:\/\/www.orangecosta.com\/blog\/en\/wp-json\/wp\/v2\/posts\/5686","targetHints":{"allow":["GET"]}}],"collection":[{"href":"https:\/\/www.orangecosta.com\/blog\/en\/wp-json\/wp\/v2\/posts"}],"about":[{"href":"https:\/\/www.orangecosta.com\/blog\/en\/wp-json\/wp\/v2\/types\/post"}],"author":[{"embeddable":true,"href":"https:\/\/www.orangecosta.com\/blog\/en\/wp-json\/wp\/v2\/users\/6"}],"replies":[{"embeddable":true,"href":"https:\/\/www.orangecosta.com\/blog\/en\/wp-json\/wp\/v2\/comments?post=5686"}],"version-history":[{"count":1,"href":"https:\/\/www.orangecosta.com\/blog\/en\/wp-json\/wp\/v2\/posts\/5686\/revisions"}],"predecessor-version":[{"id":5687,"href":"https:\/\/www.orangecosta.com\/blog\/en\/wp-json\/wp\/v2\/posts\/5686\/revisions\/5687"}],"wp:featuredmedia":[{"embeddable":true,"href":"https:\/\/www.orangecosta.com\/blog\/en\/wp-json\/wp\/v2\/media\/5657"}],"wp:attachment":[{"href":"https:\/\/www.orangecosta.com\/blog\/en\/wp-json\/wp\/v2\/media?parent=5686"}],"wp:term":[{"taxonomy":"category","embeddable":true,"href":"https:\/\/www.orangecosta.com\/blog\/en\/wp-json\/wp\/v2\/categories?post=5686"},{"taxonomy":"post_tag","embeddable":true,"href":"https:\/\/www.orangecosta.com\/blog\/en\/wp-json\/wp\/v2\/tags?post=5686"}],"curies":[{"name":"wp","href":"https:\/\/api.w.org\/{rel}","templated":true}]}}